{"id":54756,"date":"2011-12-22T16:40:34","date_gmt":"2011-12-22T15:40:34","guid":{"rendered":"http:\/\/www.visit-ulcinj.com\/blog\/?p=54756"},"modified":"2011-12-22T16:40:34","modified_gmt":"2011-12-22T15:40:34","slug":"morsko-dobro-povecajte-cijenu-kvadrata-na-adi-bojani","status":"publish","type":"post","link":"https:\/\/www.visit-ulcinj.com\/blog\/2011\/12\/22\/morsko-dobro-povecajte-cijenu-kvadrata-na-adi-bojani\/","title":{"rendered":"Morsko dobro: Pove\u0107ajte cijenu kvadrata na Adi Bojani"},"content":{"rendered":"<p><a href=\"http:\/\/www.visit-ulcinj.com\/blog\/wp-content\/uploads\/2011\/12\/Ada-BOJANA_ULCINJ_MONTENEGRO.jpg\"><img loading=\"lazy\" class=\"alignleft size-full wp-image-54757\" title=\"Ada-BOJANA_ULCINJ_MONTENEGRO\" src=\"http:\/\/www.visit-ulcinj.com\/blog\/wp-content\/uploads\/2011\/12\/Ada-BOJANA_ULCINJ_MONTENEGRO.jpg\" alt=\"\" width=\"508\" height=\"380\" \/><\/a>Predstavnici JP Morsko dobro predlo\u017eili su Vladi da se pove\u0107a zakup za kori\u0161\u0107enje privremenih objekata na obalama Bojane i Ade, kao i da se sa dosada\u0161njim zakupcima obnove ugovori za sljede\u0107u godinu.<\/p>\n<p>Iz tog javnog preduze\u0107a, predlo\u017eili su da obra\u010dun za objekte do 30 kvadrata pla\u0107a 10 eura po kvadratu.<\/p>\n<p>Objekti od 30 do 60 kvadrata obra\u010dunavali bi se po 20 eura kvadratu, kvadrat objekata veli\u010dine od 60 do 100 ko\u0161ta\u0107e 40 eura, dok \u0107e se svaki kvadrat za objekte ve\u0107e od 100 kvadrata ko\u0161tati 50 eura.<\/p>\n<p>U informaciji o privremenim objektima na Adi i Bojani, koju je razmatrala Vlada, pi\u0161e da je pro\u0161le godine, u cilju za\u0161tite lokalnog stanovni\u0161ta i ribara, cijena godi\u0161nje zakupnine utvr\u0111ena razli\u010dito u zavisnosti od kategorije privremenog objekta, odnosno da li je privremeni objekat prepoznat kao vikendica ili ribarska ku\u0107i\u0107a.<\/p>\n<p>Prosje\u010dna cijena iznosila je 19.00 eura po kvadratu: \u201cAli je za ribarske ku\u0107e do 30 kvadrata godi\u0161nja zakupnina iznosila 150.00 eura godi\u0161nje, a preko 30 kvadrata, uve\u0107avala se za 5.00 eura po metru kvadratnom. Za vikendice do 30 m\u00b2, godi\u0161nja zakupnina je iznosila 1.000 eura, a preko zakupnina se uve\u0107avala za 30.00 eura po kvadratu\u201d.<\/p>\n<p>U tekstu pi\u0161e da su, a\u017euriranom evidencijom iz januara 2010. godine, registrovana 442 izgra\u0111ena ili zapo\u010deta monta\u017ena objekta od drveta (ribarske ku\u0107ice, vikend ku\u0107e, platforme i pomo\u0107ni objekti), kao i i ostali sadr\u017eaji, kao \u0161to su auto prikolice i sl. sa stanjem na dan 31. 01. 2010. godine. Navedenom broju, kako se navodi, treba dodati 12 monta\u017enih ugostiteljskih objekata \u2013restorana, od kojih 10 na desnoj obali Bojane i dva na lijevoj obali.<\/p>\n<p>Dodaje se da je pro\u0161le godine Javno preduze\u0107e zaklju\u010dilo 384 ugovora o kori\u0161\u0107enju lokacija za evidentirane privremene objekte na obalama Bojane, od \u010dega je inkasirano ne\u0161to vi\u0161e od 500.000 eura.<\/p>\n<p><a href=\"http:\/\/www.vijesti.me\/vijesti\/morsko-dobro-povecajte-cijenu-kvadrata-adi-bojani-clanak-52837\" target=\"_blank\"><strong>Danilo Mihajlovi\u0107<\/strong><br \/>\n<strong> VIJESTI<\/strong><\/a><\/p>\n<!--YouTube Error: bad URL entered-->\n","protected":false},"excerpt":{"rendered":"<p>Predstavnici JP Morsko dobro predlo\u017eili su Vladi da se pove\u0107a zakup za kori\u0161\u0107enje privremenih objekata na obalama Bojane i Ade, kao i da se sa dosada\u0161njim zakupcima obnove ugovori za sljede\u0107u godinu. Iz tog javnog preduze\u0107a, predlo\u017eili su da obra\u010dun za objekte do 30 kvadrata pla\u0107a 10 eura po kvadratu. Objekti od 30 do 60 [&hellip;]<\/p>\n","protected":false},"author":1,"featured_media":0,"comment_status":"closed","ping_status":"closed","sticky":false,"template":"","format":"standard","meta":{"spay_email":"","jetpack_publicize_message":"","jetpack_is_tweetstorm":false,"jetpack_publicize_feature_enabled":true},"categories":[8337],"tags":[138,2725,19],"jetpack_publicize_connections":[],"yoast_head":"<!-- This site is optimized with the Yoast SEO plugin v19.1 - https:\/\/yoast.com\/wordpress\/plugins\/seo\/ -->\n<title>Morsko dobro: Pove\u0107ajte cijenu kvadrata na Adi Bojani - Lajme nga Ulqini<\/title>\n<meta name=\"description\" content=\"Predstavnici JP Morsko dobro predlo\u017eili su Vladi da se pove\u0107a zakup za kori\u0161\u0107enje privremenih objekata na obalama Bojane i Ade, kao i da se sa dosada\u0161njim\" \/>\n<meta name=\"robots\" content=\"index, follow, max-snippet:-1, max-image-preview:large, max-video-preview:-1\" \/>\n<link rel=\"canonical\" href=\"https:\/\/www.visit-ulcinj.com\/blog\/2011\/12\/22\/morsko-dobro-povecajte-cijenu-kvadrata-na-adi-bojani\/\" \/>\n<meta property=\"og:locale\" content=\"en_US\" \/>\n<meta property=\"og:type\" content=\"article\" \/>\n<meta property=\"og:title\" content=\"Morsko dobro: Pove\u0107ajte cijenu kvadrata na Adi Bojani - Lajme nga Ulqini\" \/>\n<meta property=\"og:description\" content=\"Predstavnici JP Morsko dobro predlo\u017eili su Vladi da se pove\u0107a zakup za kori\u0161\u0107enje privremenih objekata na obalama Bojane i Ade, kao i da se sa dosada\u0161njim\" \/>\n<meta property=\"og:url\" content=\"https:\/\/www.visit-ulcinj.com\/blog\/2011\/12\/22\/morsko-dobro-povecajte-cijenu-kvadrata-na-adi-bojani\/\" \/>\n<meta property=\"og:site_name\" content=\"Lajme nga Ulqini\" \/>\n<meta property=\"article:published_time\" content=\"2011-12-22T15:40:34+00:00\" \/>\n<meta property=\"og:image\" content=\"http:\/\/www.visit-ulcinj.com\/blog\/wp-content\/uploads\/2011\/12\/Ada-BOJANA_ULCINJ_MONTENEGRO.jpg\" \/>\n<meta name=\"twitter:label1\" content=\"Written by\" \/>\n\t<meta name=\"twitter:data1\" content=\"ulqini\" \/>\n\t<meta name=\"twitter:label2\" content=\"Est. reading time\" \/>\n\t<meta name=\"twitter:data2\" content=\"2 minutes\" \/>\n<script type=\"application\/ld+json\" class=\"yoast-schema-graph\">{\"@context\":\"https:\/\/schema.org\",\"@graph\":[{\"@type\":\"WebSite\",\"@id\":\"https:\/\/www.visit-ulcinj.com\/blog\/#website\",\"url\":\"https:\/\/www.visit-ulcinj.com\/blog\/\",\"name\":\"Lajme nga Ulqini\",\"description\":\"Lajme,Vijesti,Ulqini,Ulqin,Crna Gora,Mali i Zi\",\"potentialAction\":[{\"@type\":\"SearchAction\",\"target\":{\"@type\":\"EntryPoint\",\"urlTemplate\":\"https:\/\/www.visit-ulcinj.com\/blog\/?s={search_term_string}\"},\"query-input\":\"required name=search_term_string\"}],\"inLanguage\":\"en-US\"},{\"@type\":\"ImageObject\",\"inLanguage\":\"en-US\",\"@id\":\"https:\/\/www.visit-ulcinj.com\/blog\/2011\/12\/22\/morsko-dobro-povecajte-cijenu-kvadrata-na-adi-bojani\/#primaryimage\",\"url\":\"https:\/\/www.visit-ulcinj.com\/blog\/wp-content\/uploads\/2011\/12\/Ada-BOJANA_ULCINJ_MONTENEGRO.jpg\",\"contentUrl\":\"https:\/\/www.visit-ulcinj.com\/blog\/wp-content\/uploads\/2011\/12\/Ada-BOJANA_ULCINJ_MONTENEGRO.jpg\",\"width\":\"965\",\"height\":\"513\"},{\"@type\":\"WebPage\",\"@id\":\"https:\/\/www.visit-ulcinj.com\/blog\/2011\/12\/22\/morsko-dobro-povecajte-cijenu-kvadrata-na-adi-bojani\/#webpage\",\"url\":\"https:\/\/www.visit-ulcinj.com\/blog\/2011\/12\/22\/morsko-dobro-povecajte-cijenu-kvadrata-na-adi-bojani\/\",\"name\":\"Morsko dobro: Pove\u0107ajte cijenu kvadrata na Adi Bojani - Lajme nga Ulqini\",\"isPartOf\":{\"@id\":\"https:\/\/www.visit-ulcinj.com\/blog\/#website\"},\"primaryImageOfPage\":{\"@id\":\"https:\/\/www.visit-ulcinj.com\/blog\/2011\/12\/22\/morsko-dobro-povecajte-cijenu-kvadrata-na-adi-bojani\/#primaryimage\"},\"datePublished\":\"2011-12-22T15:40:34+00:00\",\"dateModified\":\"2011-12-22T15:40:34+00:00\",\"author\":{\"@id\":\"https:\/\/www.visit-ulcinj.com\/blog\/#\/schema\/person\/dcab619c614d3038751c63bc2aadc06d\"},\"description\":\"Predstavnici JP Morsko dobro predlo\u017eili su Vladi da se pove\u0107a zakup za kori\u0161\u0107enje privremenih objekata na obalama Bojane i Ade, kao i da se sa dosada\u0161njim\",\"breadcrumb\":{\"@id\":\"https:\/\/www.visit-ulcinj.com\/blog\/2011\/12\/22\/morsko-dobro-povecajte-cijenu-kvadrata-na-adi-bojani\/#breadcrumb\"},\"inLanguage\":\"en-US\",\"potentialAction\":[{\"@type\":\"ReadAction\",\"target\":[\"https:\/\/www.visit-ulcinj.com\/blog\/2011\/12\/22\/morsko-dobro-povecajte-cijenu-kvadrata-na-adi-bojani\/\"]}]},{\"@type\":\"BreadcrumbList\",\"@id\":\"https:\/\/www.visit-ulcinj.com\/blog\/2011\/12\/22\/morsko-dobro-povecajte-cijenu-kvadrata-na-adi-bojani\/#breadcrumb\",\"itemListElement\":[{\"@type\":\"ListItem\",\"position\":1,\"name\":\"Morsko dobro: Pove\u0107ajte cijenu kvadrata na Adi Bojani\"}]},{\"@type\":\"Person\",\"@id\":\"https:\/\/www.visit-ulcinj.com\/blog\/#\/schema\/person\/dcab619c614d3038751c63bc2aadc06d\",\"name\":\"ulqini\",\"sameAs\":[\"http:\/\/www.visit-ulcinj.com\"],\"url\":\"https:\/\/www.visit-ulcinj.com\/blog\/author\/admin\/\"}]}<\/script>\n<!-- \/ Yoast SEO plugin. -->","yoast_head_json":{"title":"Morsko dobro: Pove\u0107ajte cijenu kvadrata na Adi Bojani - Lajme nga Ulqini","description":"Predstavnici JP Morsko dobro predlo\u017eili su Vladi da se pove\u0107a zakup za kori\u0161\u0107enje privremenih objekata na obalama Bojane i Ade, kao i da se sa dosada\u0161njim","robots":{"index":"index","follow":"follow","max-snippet":"max-snippet:-1","max-image-preview":"max-image-preview:large","max-video-preview":"max-video-preview:-1"},"canonical":"https:\/\/www.visit-ulcinj.com\/blog\/2011\/12\/22\/morsko-dobro-povecajte-cijenu-kvadrata-na-adi-bojani\/","og_locale":"en_US","og_type":"article","og_title":"Morsko dobro: Pove\u0107ajte cijenu kvadrata na Adi Bojani - Lajme nga Ulqini","og_description":"Predstavnici JP Morsko dobro predlo\u017eili su Vladi da se pove\u0107a zakup za kori\u0161\u0107enje privremenih objekata na obalama Bojane i Ade, kao i da se sa dosada\u0161njim","og_url":"https:\/\/www.visit-ulcinj.com\/blog\/2011\/12\/22\/morsko-dobro-povecajte-cijenu-kvadrata-na-adi-bojani\/","og_site_name":"Lajme nga Ulqini","article_published_time":"2011-12-22T15:40:34+00:00","og_image":[{"url":"http:\/\/www.visit-ulcinj.com\/blog\/wp-content\/uploads\/2011\/12\/Ada-BOJANA_ULCINJ_MONTENEGRO.jpg"}],"twitter_misc":{"Written by":"ulqini","Est. reading time":"2 minutes"},"schema":{"@context":"https:\/\/schema.org","@graph":[{"@type":"WebSite","@id":"https:\/\/www.visit-ulcinj.com\/blog\/#website","url":"https:\/\/www.visit-ulcinj.com\/blog\/","name":"Lajme nga Ulqini","description":"Lajme,Vijesti,Ulqini,Ulqin,Crna Gora,Mali i Zi","potentialAction":[{"@type":"SearchAction","target":{"@type":"EntryPoint","urlTemplate":"https:\/\/www.visit-ulcinj.com\/blog\/?s={search_term_string}"},"query-input":"required name=search_term_string"}],"inLanguage":"en-US"},{"@type":"ImageObject","inLanguage":"en-US","@id":"https:\/\/www.visit-ulcinj.com\/blog\/2011\/12\/22\/morsko-dobro-povecajte-cijenu-kvadrata-na-adi-bojani\/#primaryimage","url":"https:\/\/www.visit-ulcinj.com\/blog\/wp-content\/uploads\/2011\/12\/Ada-BOJANA_ULCINJ_MONTENEGRO.jpg","contentUrl":"https:\/\/www.visit-ulcinj.com\/blog\/wp-content\/uploads\/2011\/12\/Ada-BOJANA_ULCINJ_MONTENEGRO.jpg","width":"965","height":"513"},{"@type":"WebPage","@id":"https:\/\/www.visit-ulcinj.com\/blog\/2011\/12\/22\/morsko-dobro-povecajte-cijenu-kvadrata-na-adi-bojani\/#webpage","url":"https:\/\/www.visit-ulcinj.com\/blog\/2011\/12\/22\/morsko-dobro-povecajte-cijenu-kvadrata-na-adi-bojani\/","name":"Morsko dobro: Pove\u0107ajte cijenu kvadrata na Adi Bojani - Lajme nga Ulqini","isPartOf":{"@id":"https:\/\/www.visit-ulcinj.com\/blog\/#website"},"primaryImageOfPage":{"@id":"https:\/\/www.visit-ulcinj.com\/blog\/2011\/12\/22\/morsko-dobro-povecajte-cijenu-kvadrata-na-adi-bojani\/#primaryimage"},"datePublished":"2011-12-22T15:40:34+00:00","dateModified":"2011-12-22T15:40:34+00:00","author":{"@id":"https:\/\/www.visit-ulcinj.com\/blog\/#\/schema\/person\/dcab619c614d3038751c63bc2aadc06d"},"description":"Predstavnici JP Morsko dobro predlo\u017eili su Vladi da se pove\u0107a zakup za kori\u0161\u0107enje privremenih objekata na obalama Bojane i Ade, kao i da se sa dosada\u0161njim","breadcrumb":{"@id":"https:\/\/www.visit-ulcinj.com\/blog\/2011\/12\/22\/morsko-dobro-povecajte-cijenu-kvadrata-na-adi-bojani\/#breadcrumb"},"inLanguage":"en-US","potentialAction":[{"@type":"ReadAction","target":["https:\/\/www.visit-ulcinj.com\/blog\/2011\/12\/22\/morsko-dobro-povecajte-cijenu-kvadrata-na-adi-bojani\/"]}]},{"@type":"BreadcrumbList","@id":"https:\/\/www.visit-ulcinj.com\/blog\/2011\/12\/22\/morsko-dobro-povecajte-cijenu-kvadrata-na-adi-bojani\/#breadcrumb","itemListElement":[{"@type":"ListItem","position":1,"name":"Morsko dobro: Pove\u0107ajte cijenu kvadrata na Adi Bojani"}]},{"@type":"Person","@id":"https:\/\/www.visit-ulcinj.com\/blog\/#\/schema\/person\/dcab619c614d3038751c63bc2aadc06d","name":"ulqini","sameAs":["http:\/\/www.visit-ulcinj.com"],"url":"https:\/\/www.visit-ulcinj.com\/blog\/author\/admin\/"}]}},"jetpack_featured_media_url":"","jetpack_sharing_enabled":true,"jetpack_shortlink":"https:\/\/wp.me\/pe6lTn-efa","_links":{"self":[{"href":"https:\/\/www.visit-ulcinj.com\/blog\/wp-json\/wp\/v2\/posts\/54756"}],"collection":[{"href":"https:\/\/www.visit-ulcinj.com\/blog\/wp-json\/wp\/v2\/posts"}],"about":[{"href":"https:\/\/www.visit-ulcinj.com\/blog\/wp-json\/wp\/v2\/types\/post"}],"author":[{"embeddable":true,"href":"https:\/\/www.visit-ulcinj.com\/blog\/wp-json\/wp\/v2\/users\/1"}],"replies":[{"embeddable":true,"href":"https:\/\/www.visit-ulcinj.com\/blog\/wp-json\/wp\/v2\/comments?post=54756"}],"version-history":[{"count":1,"href":"https:\/\/www.visit-ulcinj.com\/blog\/wp-json\/wp\/v2\/posts\/54756\/revisions"}],"predecessor-version":[{"id":54758,"href":"https:\/\/www.visit-ulcinj.com\/blog\/wp-json\/wp\/v2\/posts\/54756\/revisions\/54758"}],"wp:attachment":[{"href":"https:\/\/www.visit-ulcinj.com\/blog\/wp-json\/wp\/v2\/media?parent=54756"}],"wp:term":[{"taxonomy":"category","embeddable":true,"href":"https:\/\/www.visit-ulcinj.com\/blog\/wp-json\/wp\/v2\/categories?post=54756"},{"taxonomy":"post_tag","embeddable":true,"href":"https:\/\/www.visit-ulcinj.com\/blog\/wp-json\/wp\/v2\/tags?post=54756"}],"curies":[{"name":"wp","href":"https:\/\/api.w.org\/{rel}","templated":true}]}}