{"id":54761,"date":"2011-12-22T18:33:41","date_gmt":"2011-12-22T17:33:41","guid":{"rendered":"http:\/\/www.visit-ulcinj.com\/blog\/?p=54761"},"modified":"2011-12-22T19:57:05","modified_gmt":"2011-12-22T18:57:05","slug":"malesia-proteston-per-flamur-%e2%80%93-protesten-e-perkrahin-faktoret-politik","status":"publish","type":"post","link":"https:\/\/www.visit-ulcinj.com\/blog\/2011\/12\/22\/malesia-proteston-per-flamur-%e2%80%93-protesten-e-perkrahin-faktoret-politik\/","title":{"rendered":"Mal\u00ebsia proteston p\u00ebr flamur \u2013 Protest\u00ebn e p\u00ebrkrahin faktor\u00ebt politik"},"content":{"rendered":"<p><a href=\"http:\/\/www.visit-ulcinj.com\/blog\/wp-content\/uploads\/2011\/12\/Mal%C3%ABsia-proteston-p%C3%ABr-flamur.jpg\"><img loading=\"lazy\" class=\"alignleft size-full wp-image-54762\" title=\"Mal\u00ebsia proteston p\u00ebr flamur\" src=\"http:\/\/www.visit-ulcinj.com\/blog\/wp-content\/uploads\/2011\/12\/Mal%C3%ABsia-proteston-p%C3%ABr-flamur.jpg\" alt=\"\" width=\"508\" height=\"380\" \/><\/a>Forumi Demokratik p\u00ebr Integrim i shqiptar\u00ebve n\u00eb Mal t\u00eb Zi ka paralajm\u00ebrur nj\u00eb protest\u00eb paq\u00ebsore me 28 dhjetor n\u00eb ora 14 n\u00eb qend\u00ebr t\u00eb Tuzit, p\u00ebr shkak t\u00eb pak\u00ebnaq\u00ebsis\u00eb me gjendjen politike, ekonomike dhe sociale t\u00eb shqiptareve n\u00eb Mal t\u00eb Zi.<\/p>\n<p>\u201cFtoj t\u00eb gjith\u00eb qytetar\u00ebt, pa dallim feje, krahine, bindjesh politike, q\u00eb t\u00eb ngrisim z\u00ebrin t\u00eb gjith\u00eb s\u00eb bashku n\u00eb dat\u00ebn 28 dhjetor, q\u00eb t\u00eb marrim at\u00eb \u00e7far\u00eb na takon; t\u00eb fitojm\u00eb t\u00eb drejt\u00ebn n\u00eb vet\u00ebqeverisje lokale \u2013 Komun\u00ebn e Plot\u00eb t\u00eb Mal\u00ebsis\u00eb, t\u00eb vendosim ne p\u00ebr fatin ton\u00eb; t\u00eb zhvillojm\u00eb sektorin ekonomik i cili \u00ebsht\u00eb po aq i d\u00ebshiruesh\u00ebm p\u00ebr qytetar\u00ebt dhe i domosdosh\u00ebm, t\u00eb mbrojm\u00eb simbolet tona komb\u00ebtare, t\u00eb mbrojm\u00eb resurset nga pla\u00e7kitjet si\u00e7 jan\u00eb: toka n\u00eb Vuksanlekaj, vreshtaria, toka n\u00eb Milesh, toka n\u00eb Dhe t\u00eb Zi, Valdanosi, Kriporja n\u00eb Ulqin si e vetmja n\u00eb t\u00eb gjith\u00eb Malin e Zi, t\u00eb mbrojm\u00eb t\u00eb drejtat e pun\u00ebmarr\u00ebsve, etj. Nuk mund t\u00eb ket\u00eb shtet demokratik, n\u00ebse n\u00eb gurthemelin e tij, nuk q\u00ebndrojn\u00eb t\u00eb drejtat dhe lirit\u00eb themelore t\u00eb njeriut\u201d, thuhet n\u00eb shkrimin e disa dit\u00ebv\u00eb m\u00eb par\u00eb t\u00eb kryetarit t\u00eb k\u00ebtij forumi Anton Lulgjuraj.<\/p>\n<h2><a href=\"http:\/\/www.ulqini-online.com\/\" target=\"_blank\"><strong>Lexo m\u00eb shum\u00eb &lt;&lt; Ulqini-Online &gt;&gt;<\/strong><\/a><\/h2>\n<p><span style=\"color: #ffffff;\">Protesta e paralajm\u00ebruar ka hasur edhe n\u00eb p\u00ebrkrahje t\u00eb faktor\u00ebve t\u00eb r\u00ebnd\u00ebsish\u00ebm politik q\u00eb veprojn\u00eb n\u00eb KU t\u00eb Tuzit.<\/span><br \/>\n<span style=\"color: #ffffff;\"> \u201cCili do q\u00eb organizon protest p\u00ebr p\u00ebrdorimin e simbloeve nacionale dhe rreth fitimit t\u00eb drejtave n\u00eb qeverisje lokale e ndiej si nj\u00eb detyrim moral q\u00eb t\u00eb jem prezent aty\u201c, thot\u00eb k\u00ebshilltari i LD n\u00eb MZ n\u00eb kuvendin e komun\u00ebs s\u00eb urbane t\u00eb Tuzit Nikoll\u00eb Camaj.<\/span><\/p>\n<p><span style=\"color: #ffffff;\">Edhe k\u00ebshilltari i Iniciativ\u00ebs Qytetare n\u00eb kuvendin e KU t\u00eb Tuzit Smail \u00c7unmulaj p\u00ebrkrah protest\u00ebn paq\u00ebsore.<\/span><br \/>\n<span style=\"color: #ffffff;\"> \u201cN\u00ebse protesta do t\u00eb organizohet n\u00eb m\u00ebnyr\u00eb demokratike, do ta mb\u00ebshtes dhe do marr\u00eb pjes\u00eb si qytetar\u00eb i Mal\u00ebsis\u00eb\u201c, ka th\u00ebn\u00eb \u00c7unmulaj, shkruan Dan.<\/span><\/p>\n<p><span style=\"color: #ffffff;\">Poashtu p\u00ebrkrahje p\u00ebr protest\u00ebn e paralajm\u00ebruar n\u00eb m\u00ebnyr\u00eb indirekte ka dh\u00ebn\u00eb edhe Kol\u00eb Lulgjuraj, k\u00ebshilltar i PPS n\u00eb kuvendit e Podgoric\u00ebs duke th\u00ebn\u00eb se akoma nuk \u00ebsht\u00eb vendosur n\u00eb nivel partiak se a do jen\u00eb prezent n\u00eb protest\u00eb dhe a do e mb\u00ebshtesin.<\/span><br \/>\n<span style=\"color: #ffffff;\"> \u201cFlamuri i Malit t\u00eb Zi duhet t\u00eb respektohet, por edhe flamujt e pakicave komb\u00ebtare. N\u00eb vendet ku popujt pakic\u00eb jan\u00eb n\u00eb shumic\u00eb duhet q\u00eb p\u00ebrve\u00e7 flamurit malazias t\u00eb lejohet edhe ai shqiptar dhe t\u00eb tjer\u00eb. PPS akoma nuk ka vendosur se a do marrim pjes\u00eb n\u00eb protest\u00eb dhe a do e mb\u00ebshtesim\u201c, ka th\u00ebn\u00eb Lulgjuraj. <strong>\/Ulqini Online\/<\/strong><\/span><\/p>\n","protected":false},"excerpt":{"rendered":"<p>Forumi Demokratik p\u00ebr Integrim i shqiptar\u00ebve n\u00eb Mal t\u00eb Zi ka paralajm\u00ebrur nj\u00eb protest\u00eb paq\u00ebsore me 28 dhjetor n\u00eb ora 14 n\u00eb qend\u00ebr t\u00eb Tuzit, p\u00ebr shkak t\u00eb pak\u00ebnaq\u00ebsis\u00eb me gjendjen politike, ekonomike dhe sociale t\u00eb shqiptareve n\u00eb Mal t\u00eb Zi. \u201cFtoj t\u00eb gjith\u00eb qytetar\u00ebt, pa dallim feje, krahine, bindjesh politike, q\u00eb t\u00eb ngrisim z\u00ebrin [&hellip;]<\/p>\n","protected":false},"author":1,"featured_media":0,"comment_status":"closed","ping_status":"closed","sticky":false,"template":"","format":"standard","meta":{"spay_email":"","jetpack_publicize_message":"","jetpack_is_tweetstorm":false,"jetpack_publicize_feature_enabled":true},"categories":[14],"tags":[19670,3909,14351,19655,19654,17828,17834,18370,17811,14352,17831,18362,15136,14353,17808,17401,14354,12340,14355,17840,17839,18363,17835,17814,17810,17816,14356,17071,17807,3516,14652,3511,15139,17837,13701,10529,17827,10203,14358,19663,222,17802,17812,17803,17820,17825,17817,16249,17805,22011,305,17823,17832,14359,3506,17818,3499,214,17680,14360,14361,16210,17402,14362,19541,14363,18371,19501,3507,49,17800,498,3717,3500,1762,4625,115,14364,19667,22008,19544,17799,3327,15140,17841,17826,15213,18236,13230,3512,17806,11648,18289,17838,19653,130,95,3945,17813,17804,14365,15141,17836,14366,19666,19669,79,17073,18294,118,18368,18369,19652,4642,19650,1653,19668,19661,19662,19660,19664,1909,14367,4857,16984,2354,17801,18360,19658,19659,19665,19543,17822,14368,14369,19542,17824,14370,18291,10472,2083,3231,14371,41,3617,3946,15143,14372,14373,14374,17844,17821,5589,18372,17830,17077,2800,18295,14375,17833,17829,899,5882,201,200,18,479,561,17819,19671,17809,4265,14376],"jetpack_publicize_connections":[],"yoast_head":"<!-- This site is optimized with the Yoast SEO plugin v19.1 - https:\/\/yoast.com\/wordpress\/plugins\/seo\/ -->\n<title>Mal\u00ebsia proteston p\u00ebr flamur \u2013 Protest\u00ebn e p\u00ebrkrahin faktor\u00ebt politik - Lajme nga Ulqini<\/title>\n<meta name=\"description\" content=\"Forumi Demokratik p\u00ebr Integrim i shqiptar\u00ebve n\u00eb Mal t\u00eb Zi ka paralajm\u00ebrur nj\u00eb protest\u00eb paq\u00ebsore me 28 dhjetor n\u00eb ora 14 n\u00eb qend\u00ebr t\u00eb Tuzit, p\u00ebr shkak t\u00eb\" \/>\n<meta name=\"robots\" content=\"index, follow, max-snippet:-1, max-image-preview:large, max-video-preview:-1\" \/>\n<link rel=\"canonical\" href=\"https:\/\/www.visit-ulcinj.com\/blog\/2011\/12\/22\/malesia-proteston-per-flamur-\u2013-protesten-e-perkrahin-faktoret-politik\/\" \/>\n<meta property=\"og:locale\" content=\"en_US\" \/>\n<meta property=\"og:type\" content=\"article\" \/>\n<meta property=\"og:title\" content=\"Mal\u00ebsia proteston p\u00ebr flamur \u2013 Protest\u00ebn e p\u00ebrkrahin faktor\u00ebt politik - Lajme nga Ulqini\" \/>\n<meta property=\"og:description\" content=\"Forumi Demokratik p\u00ebr Integrim i shqiptar\u00ebve n\u00eb Mal t\u00eb Zi ka paralajm\u00ebrur nj\u00eb protest\u00eb paq\u00ebsore me 28 dhjetor n\u00eb ora 14 n\u00eb qend\u00ebr t\u00eb Tuzit, p\u00ebr shkak t\u00eb\" \/>\n<meta property=\"og:url\" content=\"https:\/\/www.visit-ulcinj.com\/blog\/2011\/12\/22\/malesia-proteston-per-flamur-\u2013-protesten-e-perkrahin-faktoret-politik\/\" \/>\n<meta property=\"og:site_name\" content=\"Lajme nga Ulqini\" \/>\n<meta property=\"article:published_time\" content=\"2011-12-22T17:33:41+00:00\" \/>\n<meta property=\"article:modified_time\" content=\"2011-12-22T18:57:05+00:00\" \/>\n<meta property=\"og:image\" content=\"http:\/\/www.visit-ulcinj.com\/blog\/wp-content\/uploads\/2011\/12\/Mal%C3%ABsia-proteston-p%C3%ABr-flamur.jpg\" \/>\n<meta name=\"twitter:label1\" content=\"Written by\" \/>\n\t<meta name=\"twitter:data1\" content=\"ulqini\" \/>\n\t<meta name=\"twitter:label2\" content=\"Est. reading time\" \/>\n\t<meta name=\"twitter:data2\" content=\"2 minutes\" \/>\n<script type=\"application\/ld+json\" class=\"yoast-schema-graph\">{\"@context\":\"https:\/\/schema.org\",\"@graph\":[{\"@type\":\"WebSite\",\"@id\":\"https:\/\/www.visit-ulcinj.com\/blog\/#website\",\"url\":\"https:\/\/www.visit-ulcinj.com\/blog\/\",\"name\":\"Lajme nga Ulqini\",\"description\":\"Lajme,Vijesti,Ulqini,Ulqin,Crna Gora,Mali i Zi\",\"potentialAction\":[{\"@type\":\"SearchAction\",\"target\":{\"@type\":\"EntryPoint\",\"urlTemplate\":\"https:\/\/www.visit-ulcinj.com\/blog\/?s={search_term_string}\"},\"query-input\":\"required name=search_term_string\"}],\"inLanguage\":\"en-US\"},{\"@type\":\"ImageObject\",\"inLanguage\":\"en-US\",\"@id\":\"https:\/\/www.visit-ulcinj.com\/blog\/2011\/12\/22\/malesia-proteston-per-flamur-%e2%80%93-protesten-e-perkrahin-faktoret-politik\/#primaryimage\",\"url\":\"http:\/\/www.visit-ulcinj.com\/blog\/wp-content\/uploads\/2011\/12\/Mal%C3%ABsia-proteston-p%C3%ABr-flamur.jpg\",\"contentUrl\":\"http:\/\/www.visit-ulcinj.com\/blog\/wp-content\/uploads\/2011\/12\/Mal%C3%ABsia-proteston-p%C3%ABr-flamur.jpg\"},{\"@type\":\"WebPage\",\"@id\":\"https:\/\/www.visit-ulcinj.com\/blog\/2011\/12\/22\/malesia-proteston-per-flamur-%e2%80%93-protesten-e-perkrahin-faktoret-politik\/#webpage\",\"url\":\"https:\/\/www.visit-ulcinj.com\/blog\/2011\/12\/22\/malesia-proteston-per-flamur-%e2%80%93-protesten-e-perkrahin-faktoret-politik\/\",\"name\":\"Mal\u00ebsia proteston p\u00ebr flamur \u2013 Protest\u00ebn e p\u00ebrkrahin faktor\u00ebt politik - Lajme nga Ulqini\",\"isPartOf\":{\"@id\":\"https:\/\/www.visit-ulcinj.com\/blog\/#website\"},\"primaryImageOfPage\":{\"@id\":\"https:\/\/www.visit-ulcinj.com\/blog\/2011\/12\/22\/malesia-proteston-per-flamur-%e2%80%93-protesten-e-perkrahin-faktoret-politik\/#primaryimage\"},\"datePublished\":\"2011-12-22T17:33:41+00:00\",\"dateModified\":\"2011-12-22T18:57:05+00:00\",\"author\":{\"@id\":\"https:\/\/www.visit-ulcinj.com\/blog\/#\/schema\/person\/dcab619c614d3038751c63bc2aadc06d\"},\"description\":\"Forumi Demokratik p\u00ebr Integrim i shqiptar\u00ebve n\u00eb Mal t\u00eb Zi ka paralajm\u00ebrur nj\u00eb protest\u00eb paq\u00ebsore me 28 dhjetor n\u00eb ora 14 n\u00eb qend\u00ebr t\u00eb Tuzit, p\u00ebr shkak t\u00eb\",\"breadcrumb\":{\"@id\":\"https:\/\/www.visit-ulcinj.com\/blog\/2011\/12\/22\/malesia-proteston-per-flamur-%e2%80%93-protesten-e-perkrahin-faktoret-politik\/#breadcrumb\"},\"inLanguage\":\"en-US\",\"potentialAction\":[{\"@type\":\"ReadAction\",\"target\":[\"https:\/\/www.visit-ulcinj.com\/blog\/2011\/12\/22\/malesia-proteston-per-flamur-%e2%80%93-protesten-e-perkrahin-faktoret-politik\/\"]}]},{\"@type\":\"BreadcrumbList\",\"@id\":\"https:\/\/www.visit-ulcinj.com\/blog\/2011\/12\/22\/malesia-proteston-per-flamur-%e2%80%93-protesten-e-perkrahin-faktoret-politik\/#breadcrumb\",\"itemListElement\":[{\"@type\":\"ListItem\",\"position\":1,\"name\":\"Mal\u00ebsia proteston p\u00ebr flamur \u2013 Protest\u00ebn e p\u00ebrkrahin faktor\u00ebt politik\"}]},{\"@type\":\"Person\",\"@id\":\"https:\/\/www.visit-ulcinj.com\/blog\/#\/schema\/person\/dcab619c614d3038751c63bc2aadc06d\",\"name\":\"ulqini\",\"sameAs\":[\"http:\/\/www.visit-ulcinj.com\"],\"url\":\"https:\/\/www.visit-ulcinj.com\/blog\/author\/admin\/\"}]}<\/script>\n<!-- \/ Yoast SEO plugin. -->","yoast_head_json":{"title":"Mal\u00ebsia proteston p\u00ebr flamur \u2013 Protest\u00ebn e p\u00ebrkrahin faktor\u00ebt politik - Lajme nga Ulqini","description":"Forumi Demokratik p\u00ebr Integrim i shqiptar\u00ebve n\u00eb Mal t\u00eb Zi ka paralajm\u00ebrur nj\u00eb protest\u00eb paq\u00ebsore me 28 dhjetor n\u00eb ora 14 n\u00eb qend\u00ebr t\u00eb Tuzit, p\u00ebr shkak t\u00eb","robots":{"index":"index","follow":"follow","max-snippet":"max-snippet:-1","max-image-preview":"max-image-preview:large","max-video-preview":"max-video-preview:-1"},"canonical":"https:\/\/www.visit-ulcinj.com\/blog\/2011\/12\/22\/malesia-proteston-per-flamur-\u2013-protesten-e-perkrahin-faktoret-politik\/","og_locale":"en_US","og_type":"article","og_title":"Mal\u00ebsia proteston p\u00ebr flamur \u2013 Protest\u00ebn e p\u00ebrkrahin faktor\u00ebt politik - Lajme nga Ulqini","og_description":"Forumi Demokratik p\u00ebr Integrim i shqiptar\u00ebve n\u00eb Mal t\u00eb Zi ka paralajm\u00ebrur nj\u00eb protest\u00eb paq\u00ebsore me 28 dhjetor n\u00eb ora 14 n\u00eb qend\u00ebr t\u00eb Tuzit, p\u00ebr shkak t\u00eb","og_url":"https:\/\/www.visit-ulcinj.com\/blog\/2011\/12\/22\/malesia-proteston-per-flamur-\u2013-protesten-e-perkrahin-faktoret-politik\/","og_site_name":"Lajme nga Ulqini","article_published_time":"2011-12-22T17:33:41+00:00","article_modified_time":"2011-12-22T18:57:05+00:00","og_image":[{"url":"http:\/\/www.visit-ulcinj.com\/blog\/wp-content\/uploads\/2011\/12\/Mal%C3%ABsia-proteston-p%C3%ABr-flamur.jpg"}],"twitter_misc":{"Written by":"ulqini","Est. reading time":"2 minutes"},"schema":{"@context":"https:\/\/schema.org","@graph":[{"@type":"WebSite","@id":"https:\/\/www.visit-ulcinj.com\/blog\/#website","url":"https:\/\/www.visit-ulcinj.com\/blog\/","name":"Lajme nga Ulqini","description":"Lajme,Vijesti,Ulqini,Ulqin,Crna Gora,Mali i Zi","potentialAction":[{"@type":"SearchAction","target":{"@type":"EntryPoint","urlTemplate":"https:\/\/www.visit-ulcinj.com\/blog\/?s={search_term_string}"},"query-input":"required name=search_term_string"}],"inLanguage":"en-US"},{"@type":"ImageObject","inLanguage":"en-US","@id":"https:\/\/www.visit-ulcinj.com\/blog\/2011\/12\/22\/malesia-proteston-per-flamur-%e2%80%93-protesten-e-perkrahin-faktoret-politik\/#primaryimage","url":"http:\/\/www.visit-ulcinj.com\/blog\/wp-content\/uploads\/2011\/12\/Mal%C3%ABsia-proteston-p%C3%ABr-flamur.jpg","contentUrl":"http:\/\/www.visit-ulcinj.com\/blog\/wp-content\/uploads\/2011\/12\/Mal%C3%ABsia-proteston-p%C3%ABr-flamur.jpg"},{"@type":"WebPage","@id":"https:\/\/www.visit-ulcinj.com\/blog\/2011\/12\/22\/malesia-proteston-per-flamur-%e2%80%93-protesten-e-perkrahin-faktoret-politik\/#webpage","url":"https:\/\/www.visit-ulcinj.com\/blog\/2011\/12\/22\/malesia-proteston-per-flamur-%e2%80%93-protesten-e-perkrahin-faktoret-politik\/","name":"Mal\u00ebsia proteston p\u00ebr flamur \u2013 Protest\u00ebn e p\u00ebrkrahin faktor\u00ebt politik - Lajme nga Ulqini","isPartOf":{"@id":"https:\/\/www.visit-ulcinj.com\/blog\/#website"},"primaryImageOfPage":{"@id":"https:\/\/www.visit-ulcinj.com\/blog\/2011\/12\/22\/malesia-proteston-per-flamur-%e2%80%93-protesten-e-perkrahin-faktoret-politik\/#primaryimage"},"datePublished":"2011-12-22T17:33:41+00:00","dateModified":"2011-12-22T18:57:05+00:00","author":{"@id":"https:\/\/www.visit-ulcinj.com\/blog\/#\/schema\/person\/dcab619c614d3038751c63bc2aadc06d"},"description":"Forumi Demokratik p\u00ebr Integrim i shqiptar\u00ebve n\u00eb Mal t\u00eb Zi ka paralajm\u00ebrur nj\u00eb protest\u00eb paq\u00ebsore me 28 dhjetor n\u00eb ora 14 n\u00eb qend\u00ebr t\u00eb Tuzit, p\u00ebr shkak t\u00eb","breadcrumb":{"@id":"https:\/\/www.visit-ulcinj.com\/blog\/2011\/12\/22\/malesia-proteston-per-flamur-%e2%80%93-protesten-e-perkrahin-faktoret-politik\/#breadcrumb"},"inLanguage":"en-US","potentialAction":[{"@type":"ReadAction","target":["https:\/\/www.visit-ulcinj.com\/blog\/2011\/12\/22\/malesia-proteston-per-flamur-%e2%80%93-protesten-e-perkrahin-faktoret-politik\/"]}]},{"@type":"BreadcrumbList","@id":"https:\/\/www.visit-ulcinj.com\/blog\/2011\/12\/22\/malesia-proteston-per-flamur-%e2%80%93-protesten-e-perkrahin-faktoret-politik\/#breadcrumb","itemListElement":[{"@type":"ListItem","position":1,"name":"Mal\u00ebsia proteston p\u00ebr flamur \u2013 Protest\u00ebn e p\u00ebrkrahin faktor\u00ebt politik"}]},{"@type":"Person","@id":"https:\/\/www.visit-ulcinj.com\/blog\/#\/schema\/person\/dcab619c614d3038751c63bc2aadc06d","name":"ulqini","sameAs":["http:\/\/www.visit-ulcinj.com"],"url":"https:\/\/www.visit-ulcinj.com\/blog\/author\/admin\/"}]}},"jetpack_featured_media_url":"","jetpack_sharing_enabled":true,"jetpack_shortlink":"https:\/\/wp.me\/pe6lTn-eff","_links":{"self":[{"href":"https:\/\/www.visit-ulcinj.com\/blog\/wp-json\/wp\/v2\/posts\/54761"}],"collection":[{"href":"https:\/\/www.visit-ulcinj.com\/blog\/wp-json\/wp\/v2\/posts"}],"about":[{"href":"https:\/\/www.visit-ulcinj.com\/blog\/wp-json\/wp\/v2\/types\/post"}],"author":[{"embeddable":true,"href":"https:\/\/www.visit-ulcinj.com\/blog\/wp-json\/wp\/v2\/users\/1"}],"replies":[{"embeddable":true,"href":"https:\/\/www.visit-ulcinj.com\/blog\/wp-json\/wp\/v2\/comments?post=54761"}],"version-history":[{"count":5,"href":"https:\/\/www.visit-ulcinj.com\/blog\/wp-json\/wp\/v2\/posts\/54761\/revisions"}],"predecessor-version":[{"id":54768,"href":"https:\/\/www.visit-ulcinj.com\/blog\/wp-json\/wp\/v2\/posts\/54761\/revisions\/54768"}],"wp:attachment":[{"href":"https:\/\/www.visit-ulcinj.com\/blog\/wp-json\/wp\/v2\/media?parent=54761"}],"wp:term":[{"taxonomy":"category","embeddable":true,"href":"https:\/\/www.visit-ulcinj.com\/blog\/wp-json\/wp\/v2\/categories?post=54761"},{"taxonomy":"post_tag","embeddable":true,"href":"https:\/\/www.visit-ulcinj.com\/blog\/wp-json\/wp\/v2\/tags?post=54761"}],"curies":[{"name":"wp","href":"https:\/\/api.w.org\/{rel}","templated":true}]}}