{"id":54781,"date":"2011-12-23T18:54:52","date_gmt":"2011-12-23T17:54:52","guid":{"rendered":"http:\/\/www.visit-ulcinj.com\/blog\/?p=54781"},"modified":"2011-12-25T15:51:20","modified_gmt":"2011-12-25T14:51:20","slug":"vlada-glavni-krivac-za-propast-solane","status":"publish","type":"post","link":"https:\/\/www.visit-ulcinj.com\/blog\/2011\/12\/23\/vlada-glavni-krivac-za-propast-solane\/","title":{"rendered":"Vlada glavni krivac za propast Solane"},"content":{"rendered":"<p><a href=\"http:\/\/www.visit-ulcinj.com\/blog\/wp-content\/uploads\/2011\/12\/Solana_Bajo-Sekulic_Ulcinj_Crna-Gora.jpg\"><img loading=\"lazy\" class=\"alignleft size-full wp-image-54782\" title=\"Solana_Bajo-Sekulic_Ulcinj_Crna-Gora\" src=\"http:\/\/www.visit-ulcinj.com\/blog\/wp-content\/uploads\/2011\/12\/Solana_Bajo-Sekulic_Ulcinj_Crna-Gora.jpg\" alt=\"\" width=\"508\" height=\"380\" \/><\/a>Vlada Crne Gore najodgovornija za stanje u ulcinjskoj Solani jer je ona rukovodila procesom prodaje, ocjena je nevladinih organizacija iz Ulcinja.<\/p>\n<p>NVO Mogul smatra , da je Vlada je &#8220;ubila i ra\u0161\u010dere\u010dila&#8221; Solanu jer nije zaustavila uni\u0161tavanje jedine regionalne fabrike morske soli.<\/p>\n<p>Predstavnici civilnog sektora pozvali nadle\u017ene da se uklju\u010de u spa\u0161avanje Solane.<\/p>\n<p>Nevladina organizacija Mogul iz Ulcinja, optu\u017eila je Vladu da je Solanu &#8220;Bajo Sekuli\u0107&#8221; Vladu Crne Gore privatizovala na netransparentan na\u010din.<\/p>\n<p>&#8220;Problem Solane je jo\u0161 samo jedan dokaz kako se kroz poku\u0161aj zamagljivanja o\u010diju gra\u0111ana Crne Gore, posebno Ulcinja, \u017eeli prikazati tranzicioni proces, odnosno prelazak iz jedne namjenske privrede u tr\u017ei\u0161nu&#8221;, ocijenio je Predsjednik NVO Mogul, <strong>Dritan Abazovi\u0107.<\/strong><\/p>\n<table width=\"100%\" border=\"0\" cellspacing=\"0\" cellpadding=\"0\">\n<tbody>\n<tr>\n<td><\/td>\n<\/tr>\n<\/tbody>\n<\/table>\n<p>On je ponovio da je prodaja obavljena uz brojne \u0161pekulacije, u vremenu kada su fondovi dominirali tr\u017ei\u0161tem.<\/p>\n<p>Komentari\u0161u\u0107i izjavu premijera <strong>Igora Luk\u0161i\u0107a<\/strong>, da je mogu\u0107e da je do\u0161lo do preknji\u017eenja zemlji\u0161ta, Abazovi\u0107e je pozvao nadle\u017ene organe da ispitaju \u0161ta se desilo, kao i lokalnu vlast da preduzme sve mjere kako bi se do\u0161lo do odgovora.<\/p>\n<p>Iz te nevladine organizacije su naveli da u istoriji Solane, dugoj preko 70 godina, postoji nekoliko stepenika koji su je doveli u trenutno stanje.<\/p>\n<p>Prvi se dogodio 90-ih godina, kada je po\u010deo \u0161verc soli pod pokroviteljstvom dr\u017eave. Tad su se mnogi bogatili, a Solana siroma\u0161ila. Drugi je ulazak <strong>Veselina Barovi\u0107a<\/strong> u Upravni odbor Solane, a izbacivanje eksperata. I tre\u0107i je \u0107utanje o svemu tome, ali i o Prostornom planu Crne Gore.<\/p>\n<p><a href=\"http:\/\/www.cafemontenegro.com\/index.php?group=25&amp;news=219763\" target=\"_blank\"><strong>Izvor: CdM\/Dnevne novine<\/strong><\/a><\/p>\n<!--YouTube Error: bad URL entered-->\n","protected":false},"excerpt":{"rendered":"<p>Vlada Crne Gore najodgovornija za stanje u ulcinjskoj Solani jer je ona rukovodila procesom prodaje, ocjena je nevladinih organizacija iz Ulcinja. NVO Mogul smatra , da je Vlada je &#8220;ubila i ra\u0161\u010dere\u010dila&#8221; Solanu jer nije zaustavila uni\u0161tavanje jedine regionalne fabrike morske soli. Predstavnici civilnog sektora pozvali nadle\u017ene da se uklju\u010de u spa\u0161avanje Solane. Nevladina organizacija [&hellip;]<\/p>\n","protected":false},"author":1,"featured_media":0,"comment_status":"open","ping_status":"closed","sticky":false,"template":"","format":"standard","meta":{"spay_email":"","jetpack_publicize_message":"","jetpack_is_tweetstorm":false,"jetpack_publicize_feature_enabled":true},"categories":[8337],"tags":[4575,19],"jetpack_publicize_connections":[],"yoast_head":"<!-- This site is optimized with the Yoast SEO plugin v19.1 - https:\/\/yoast.com\/wordpress\/plugins\/seo\/ -->\n<title>Vlada glavni krivac za propast Solane - Lajme nga Ulqini<\/title>\n<meta name=\"description\" content=\"Vlada Crne Gore najodgovornija za stanje u ulcinjskoj Solani jer je ona rukovodila procesom prodaje, ocjena je nevladinih organizacija iz Ulcinja. NVO\" \/>\n<meta name=\"robots\" content=\"index, follow, max-snippet:-1, max-image-preview:large, max-video-preview:-1\" \/>\n<link rel=\"canonical\" href=\"https:\/\/www.visit-ulcinj.com\/blog\/2011\/12\/23\/vlada-glavni-krivac-za-propast-solane\/\" \/>\n<meta property=\"og:locale\" content=\"en_US\" \/>\n<meta property=\"og:type\" content=\"article\" \/>\n<meta property=\"og:title\" content=\"Vlada glavni krivac za propast Solane - Lajme nga Ulqini\" \/>\n<meta property=\"og:description\" content=\"Vlada Crne Gore najodgovornija za stanje u ulcinjskoj Solani jer je ona rukovodila procesom prodaje, ocjena je nevladinih organizacija iz Ulcinja. NVO\" \/>\n<meta property=\"og:url\" content=\"https:\/\/www.visit-ulcinj.com\/blog\/2011\/12\/23\/vlada-glavni-krivac-za-propast-solane\/\" \/>\n<meta property=\"og:site_name\" content=\"Lajme nga Ulqini\" \/>\n<meta property=\"article:published_time\" content=\"2011-12-23T17:54:52+00:00\" \/>\n<meta property=\"article:modified_time\" content=\"2011-12-25T14:51:20+00:00\" \/>\n<meta property=\"og:image\" content=\"http:\/\/www.visit-ulcinj.com\/blog\/wp-content\/uploads\/2011\/12\/Solana_Bajo-Sekulic_Ulcinj_Crna-Gora.jpg\" \/>\n<meta name=\"twitter:label1\" content=\"Written by\" \/>\n\t<meta name=\"twitter:data1\" content=\"ulqini\" \/>\n\t<meta name=\"twitter:label2\" content=\"Est. reading time\" \/>\n\t<meta name=\"twitter:data2\" content=\"1 minute\" \/>\n<script type=\"application\/ld+json\" class=\"yoast-schema-graph\">{\"@context\":\"https:\/\/schema.org\",\"@graph\":[{\"@type\":\"WebSite\",\"@id\":\"https:\/\/www.visit-ulcinj.com\/blog\/#website\",\"url\":\"https:\/\/www.visit-ulcinj.com\/blog\/\",\"name\":\"Lajme nga Ulqini\",\"description\":\"Lajme,Vijesti,Ulqini,Ulqin,Crna Gora,Mali i Zi\",\"potentialAction\":[{\"@type\":\"SearchAction\",\"target\":{\"@type\":\"EntryPoint\",\"urlTemplate\":\"https:\/\/www.visit-ulcinj.com\/blog\/?s={search_term_string}\"},\"query-input\":\"required name=search_term_string\"}],\"inLanguage\":\"en-US\"},{\"@type\":\"ImageObject\",\"inLanguage\":\"en-US\",\"@id\":\"https:\/\/www.visit-ulcinj.com\/blog\/2011\/12\/23\/vlada-glavni-krivac-za-propast-solane\/#primaryimage\",\"url\":\"https:\/\/www.visit-ulcinj.com\/blog\/wp-content\/uploads\/2011\/12\/Solana_Bajo-Sekulic_Ulcinj_Crna-Gora.jpg\",\"contentUrl\":\"https:\/\/www.visit-ulcinj.com\/blog\/wp-content\/uploads\/2011\/12\/Solana_Bajo-Sekulic_Ulcinj_Crna-Gora.jpg\",\"width\":\"1064\",\"height\":\"633\"},{\"@type\":\"WebPage\",\"@id\":\"https:\/\/www.visit-ulcinj.com\/blog\/2011\/12\/23\/vlada-glavni-krivac-za-propast-solane\/#webpage\",\"url\":\"https:\/\/www.visit-ulcinj.com\/blog\/2011\/12\/23\/vlada-glavni-krivac-za-propast-solane\/\",\"name\":\"Vlada glavni krivac za propast Solane - Lajme nga Ulqini\",\"isPartOf\":{\"@id\":\"https:\/\/www.visit-ulcinj.com\/blog\/#website\"},\"primaryImageOfPage\":{\"@id\":\"https:\/\/www.visit-ulcinj.com\/blog\/2011\/12\/23\/vlada-glavni-krivac-za-propast-solane\/#primaryimage\"},\"datePublished\":\"2011-12-23T17:54:52+00:00\",\"dateModified\":\"2011-12-25T14:51:20+00:00\",\"author\":{\"@id\":\"https:\/\/www.visit-ulcinj.com\/blog\/#\/schema\/person\/dcab619c614d3038751c63bc2aadc06d\"},\"description\":\"Vlada Crne Gore najodgovornija za stanje u ulcinjskoj Solani jer je ona rukovodila procesom prodaje, ocjena je nevladinih organizacija iz Ulcinja. NVO\",\"breadcrumb\":{\"@id\":\"https:\/\/www.visit-ulcinj.com\/blog\/2011\/12\/23\/vlada-glavni-krivac-za-propast-solane\/#breadcrumb\"},\"inLanguage\":\"en-US\",\"potentialAction\":[{\"@type\":\"ReadAction\",\"target\":[\"https:\/\/www.visit-ulcinj.com\/blog\/2011\/12\/23\/vlada-glavni-krivac-za-propast-solane\/\"]}]},{\"@type\":\"BreadcrumbList\",\"@id\":\"https:\/\/www.visit-ulcinj.com\/blog\/2011\/12\/23\/vlada-glavni-krivac-za-propast-solane\/#breadcrumb\",\"itemListElement\":[{\"@type\":\"ListItem\",\"position\":1,\"name\":\"Vlada glavni krivac za propast Solane\"}]},{\"@type\":\"Person\",\"@id\":\"https:\/\/www.visit-ulcinj.com\/blog\/#\/schema\/person\/dcab619c614d3038751c63bc2aadc06d\",\"name\":\"ulqini\",\"sameAs\":[\"http:\/\/www.visit-ulcinj.com\"],\"url\":\"https:\/\/www.visit-ulcinj.com\/blog\/author\/admin\/\"}]}<\/script>\n<!-- \/ Yoast SEO plugin. -->","yoast_head_json":{"title":"Vlada glavni krivac za propast Solane - Lajme nga Ulqini","description":"Vlada Crne Gore najodgovornija za stanje u ulcinjskoj Solani jer je ona rukovodila procesom prodaje, ocjena je nevladinih organizacija iz Ulcinja. NVO","robots":{"index":"index","follow":"follow","max-snippet":"max-snippet:-1","max-image-preview":"max-image-preview:large","max-video-preview":"max-video-preview:-1"},"canonical":"https:\/\/www.visit-ulcinj.com\/blog\/2011\/12\/23\/vlada-glavni-krivac-za-propast-solane\/","og_locale":"en_US","og_type":"article","og_title":"Vlada glavni krivac za propast Solane - Lajme nga Ulqini","og_description":"Vlada Crne Gore najodgovornija za stanje u ulcinjskoj Solani jer je ona rukovodila procesom prodaje, ocjena je nevladinih organizacija iz Ulcinja. NVO","og_url":"https:\/\/www.visit-ulcinj.com\/blog\/2011\/12\/23\/vlada-glavni-krivac-za-propast-solane\/","og_site_name":"Lajme nga Ulqini","article_published_time":"2011-12-23T17:54:52+00:00","article_modified_time":"2011-12-25T14:51:20+00:00","og_image":[{"url":"http:\/\/www.visit-ulcinj.com\/blog\/wp-content\/uploads\/2011\/12\/Solana_Bajo-Sekulic_Ulcinj_Crna-Gora.jpg"}],"twitter_misc":{"Written by":"ulqini","Est. reading time":"1 minute"},"schema":{"@context":"https:\/\/schema.org","@graph":[{"@type":"WebSite","@id":"https:\/\/www.visit-ulcinj.com\/blog\/#website","url":"https:\/\/www.visit-ulcinj.com\/blog\/","name":"Lajme nga Ulqini","description":"Lajme,Vijesti,Ulqini,Ulqin,Crna Gora,Mali i Zi","potentialAction":[{"@type":"SearchAction","target":{"@type":"EntryPoint","urlTemplate":"https:\/\/www.visit-ulcinj.com\/blog\/?s={search_term_string}"},"query-input":"required name=search_term_string"}],"inLanguage":"en-US"},{"@type":"ImageObject","inLanguage":"en-US","@id":"https:\/\/www.visit-ulcinj.com\/blog\/2011\/12\/23\/vlada-glavni-krivac-za-propast-solane\/#primaryimage","url":"https:\/\/www.visit-ulcinj.com\/blog\/wp-content\/uploads\/2011\/12\/Solana_Bajo-Sekulic_Ulcinj_Crna-Gora.jpg","contentUrl":"https:\/\/www.visit-ulcinj.com\/blog\/wp-content\/uploads\/2011\/12\/Solana_Bajo-Sekulic_Ulcinj_Crna-Gora.jpg","width":"1064","height":"633"},{"@type":"WebPage","@id":"https:\/\/www.visit-ulcinj.com\/blog\/2011\/12\/23\/vlada-glavni-krivac-za-propast-solane\/#webpage","url":"https:\/\/www.visit-ulcinj.com\/blog\/2011\/12\/23\/vlada-glavni-krivac-za-propast-solane\/","name":"Vlada glavni krivac za propast Solane - Lajme nga Ulqini","isPartOf":{"@id":"https:\/\/www.visit-ulcinj.com\/blog\/#website"},"primaryImageOfPage":{"@id":"https:\/\/www.visit-ulcinj.com\/blog\/2011\/12\/23\/vlada-glavni-krivac-za-propast-solane\/#primaryimage"},"datePublished":"2011-12-23T17:54:52+00:00","dateModified":"2011-12-25T14:51:20+00:00","author":{"@id":"https:\/\/www.visit-ulcinj.com\/blog\/#\/schema\/person\/dcab619c614d3038751c63bc2aadc06d"},"description":"Vlada Crne Gore najodgovornija za stanje u ulcinjskoj Solani jer je ona rukovodila procesom prodaje, ocjena je nevladinih organizacija iz Ulcinja. NVO","breadcrumb":{"@id":"https:\/\/www.visit-ulcinj.com\/blog\/2011\/12\/23\/vlada-glavni-krivac-za-propast-solane\/#breadcrumb"},"inLanguage":"en-US","potentialAction":[{"@type":"ReadAction","target":["https:\/\/www.visit-ulcinj.com\/blog\/2011\/12\/23\/vlada-glavni-krivac-za-propast-solane\/"]}]},{"@type":"BreadcrumbList","@id":"https:\/\/www.visit-ulcinj.com\/blog\/2011\/12\/23\/vlada-glavni-krivac-za-propast-solane\/#breadcrumb","itemListElement":[{"@type":"ListItem","position":1,"name":"Vlada glavni krivac za propast Solane"}]},{"@type":"Person","@id":"https:\/\/www.visit-ulcinj.com\/blog\/#\/schema\/person\/dcab619c614d3038751c63bc2aadc06d","name":"ulqini","sameAs":["http:\/\/www.visit-ulcinj.com"],"url":"https:\/\/www.visit-ulcinj.com\/blog\/author\/admin\/"}]}},"jetpack_featured_media_url":"","jetpack_sharing_enabled":true,"jetpack_shortlink":"https:\/\/wp.me\/pe6lTn-efz","_links":{"self":[{"href":"https:\/\/www.visit-ulcinj.com\/blog\/wp-json\/wp\/v2\/posts\/54781"}],"collection":[{"href":"https:\/\/www.visit-ulcinj.com\/blog\/wp-json\/wp\/v2\/posts"}],"about":[{"href":"https:\/\/www.visit-ulcinj.com\/blog\/wp-json\/wp\/v2\/types\/post"}],"author":[{"embeddable":true,"href":"https:\/\/www.visit-ulcinj.com\/blog\/wp-json\/wp\/v2\/users\/1"}],"replies":[{"embeddable":true,"href":"https:\/\/www.visit-ulcinj.com\/blog\/wp-json\/wp\/v2\/comments?post=54781"}],"version-history":[{"count":4,"href":"https:\/\/www.visit-ulcinj.com\/blog\/wp-json\/wp\/v2\/posts\/54781\/revisions"}],"predecessor-version":[{"id":54896,"href":"https:\/\/www.visit-ulcinj.com\/blog\/wp-json\/wp\/v2\/posts\/54781\/revisions\/54896"}],"wp:attachment":[{"href":"https:\/\/www.visit-ulcinj.com\/blog\/wp-json\/wp\/v2\/media?parent=54781"}],"wp:term":[{"taxonomy":"category","embeddable":true,"href":"https:\/\/www.visit-ulcinj.com\/blog\/wp-json\/wp\/v2\/categories?post=54781"},{"taxonomy":"post_tag","embeddable":true,"href":"https:\/\/www.visit-ulcinj.com\/blog\/wp-json\/wp\/v2\/tags?post=54781"}],"curies":[{"name":"wp","href":"https:\/\/api.w.org\/{rel}","templated":true}]}}