{"id":54789,"date":"2011-12-23T19:38:19","date_gmt":"2011-12-23T18:38:19","guid":{"rendered":"http:\/\/www.visit-ulcinj.com\/blog\/?p=54789"},"modified":"2011-12-23T19:38:19","modified_gmt":"2011-12-23T18:38:19","slug":"albanski-poslanici-jos-vagaju-hoce-li-na-protest-28-decembra","status":"publish","type":"post","link":"https:\/\/www.visit-ulcinj.com\/blog\/2011\/12\/23\/albanski-poslanici-jos-vagaju-hoce-li-na-protest-28-decembra\/","title":{"rendered":"Albanski poslanici jo\u0161 vagaju ho\u0107e li na protest 28. decembra"},"content":{"rendered":"<p><a href=\"http:\/\/www.visit-ulcinj.com\/blog\/wp-content\/uploads\/2011\/12\/Mehmet-Bardhi_Meto-Zenka_Vasel-Sinistaj_Genci-Nimanbegu_.jpg\"><img loading=\"lazy\" class=\"alignleft size-full wp-image-54790\" title=\"Mehmet-Bardhi_Meto-Zenka_Vasel-Sinistaj_Genci-Nimanbegu_\" src=\"http:\/\/www.visit-ulcinj.com\/blog\/wp-content\/uploads\/2011\/12\/Mehmet-Bardhi_Meto-Zenka_Vasel-Sinistaj_Genci-Nimanbegu_.jpg\" alt=\"\" width=\"508\" height=\"377\" \/><\/a>Poslanici Kluba albanskih partija, makar za sada, ne\u0107e podr\u017eati najvljeni skup Demokratskog foruma Albanaca DFA, koji je najavljen za 28. decembar u Tuzima.<\/p>\n<p>Albanski predstavnici u Parlamentu su kao glavni razlog svoje uzdr\u017eane podr\u0161ke istakli nedovoljno poznavanje organizatora protesta.<\/p>\n<p><strong>Vaselj Camaj<\/strong> iz Demokratskog foruma pozvao je na protest sve gra\u0111ane koji su nezadovoljni re\u017eimom.<\/p>\n<p>Poslanik Demokratskog saveza DS <strong>Mehmet Bardhi <\/strong>rekao je njegova partija ima ogranak u Malesiji koji niko nije kontaktirao.<\/p>\n<p><a href=\"http:\/\/www.cafemontenegro.com\/index.php?group=23&amp;news=219764\" target=\"_blank\"><strong>Izvor: CdM\/Dnevne novine<\/strong><\/a><\/p>\n<p>On je ocijenio da su protesti legitimni, ali i da nije informisan ko ih organizuje.<\/p>\n<p>Njegov kolega u Parlamentu, poslanik Force <strong>Genci Nimanbegu<\/strong> smatra da gra\u0111ani Malesije te\u0161ko \u017eive i da je protest legitiman na\u010din iskazivanja nezadovoljstvo tim stanjem.<\/p>\n<p>Nimanbegu \u0107e ipak dobro razmisliti da li \u0107e dati podr\u0161ku Demokratskom forumu.<\/p>\n","protected":false},"excerpt":{"rendered":"<p>Poslanici Kluba albanskih partija, makar za sada, ne\u0107e podr\u017eati najvljeni skup Demokratskog foruma Albanaca DFA, koji je najavljen za 28. decembar u Tuzima. Albanski predstavnici u Parlamentu su kao glavni razlog svoje uzdr\u017eane podr\u0161ke istakli nedovoljno poznavanje organizatora protesta. Vaselj Camaj iz Demokratskog foruma pozvao je na protest sve gra\u0111ane koji su nezadovoljni re\u017eimom. Poslanik [&hellip;]<\/p>\n","protected":false},"author":1,"featured_media":0,"comment_status":"open","ping_status":"closed","sticky":false,"template":"","format":"standard","meta":{"spay_email":"","jetpack_publicize_message":"","jetpack_is_tweetstorm":false,"jetpack_publicize_feature_enabled":true},"categories":[8337],"tags":[19673,19],"jetpack_publicize_connections":[],"yoast_head":"<!-- This site is optimized with the Yoast SEO plugin v19.1 - https:\/\/yoast.com\/wordpress\/plugins\/seo\/ -->\n<title>Albanski poslanici jo\u0161 vagaju ho\u0107e li na protest 28. decembra - Lajme nga Ulqini<\/title>\n<meta name=\"description\" content=\"Poslanici Kluba albanskih partija, makar za sada, ne\u0107e podr\u017eati najvljeni skup Demokratskog foruma Albanaca DFA, koji je najavljen za 28. decembar u\" \/>\n<meta name=\"robots\" content=\"index, follow, max-snippet:-1, max-image-preview:large, max-video-preview:-1\" \/>\n<link rel=\"canonical\" href=\"https:\/\/www.visit-ulcinj.com\/blog\/2011\/12\/23\/albanski-poslanici-jos-vagaju-hoce-li-na-protest-28-decembra\/\" \/>\n<meta property=\"og:locale\" content=\"en_US\" \/>\n<meta property=\"og:type\" content=\"article\" \/>\n<meta property=\"og:title\" content=\"Albanski poslanici jo\u0161 vagaju ho\u0107e li na protest 28. decembra - Lajme nga Ulqini\" \/>\n<meta property=\"og:description\" content=\"Poslanici Kluba albanskih partija, makar za sada, ne\u0107e podr\u017eati najvljeni skup Demokratskog foruma Albanaca DFA, koji je najavljen za 28. decembar u\" \/>\n<meta property=\"og:url\" content=\"https:\/\/www.visit-ulcinj.com\/blog\/2011\/12\/23\/albanski-poslanici-jos-vagaju-hoce-li-na-protest-28-decembra\/\" \/>\n<meta property=\"og:site_name\" content=\"Lajme nga Ulqini\" \/>\n<meta property=\"article:published_time\" content=\"2011-12-23T18:38:19+00:00\" \/>\n<meta property=\"og:image\" content=\"http:\/\/www.visit-ulcinj.com\/blog\/wp-content\/uploads\/2011\/12\/Mehmet-Bardhi_Meto-Zenka_Vasel-Sinistaj_Genci-Nimanbegu_.jpg\" \/>\n<meta name=\"twitter:label1\" content=\"Written by\" \/>\n\t<meta name=\"twitter:data1\" content=\"ulqini\" \/>\n\t<meta name=\"twitter:label2\" content=\"Est. reading time\" \/>\n\t<meta name=\"twitter:data2\" content=\"1 minute\" \/>\n<script type=\"application\/ld+json\" class=\"yoast-schema-graph\">{\"@context\":\"https:\/\/schema.org\",\"@graph\":[{\"@type\":\"WebSite\",\"@id\":\"https:\/\/www.visit-ulcinj.com\/blog\/#website\",\"url\":\"https:\/\/www.visit-ulcinj.com\/blog\/\",\"name\":\"Lajme nga Ulqini\",\"description\":\"Lajme,Vijesti,Ulqini,Ulqin,Crna Gora,Mali i Zi\",\"potentialAction\":[{\"@type\":\"SearchAction\",\"target\":{\"@type\":\"EntryPoint\",\"urlTemplate\":\"https:\/\/www.visit-ulcinj.com\/blog\/?s={search_term_string}\"},\"query-input\":\"required name=search_term_string\"}],\"inLanguage\":\"en-US\"},{\"@type\":\"ImageObject\",\"inLanguage\":\"en-US\",\"@id\":\"https:\/\/www.visit-ulcinj.com\/blog\/2011\/12\/23\/albanski-poslanici-jos-vagaju-hoce-li-na-protest-28-decembra\/#primaryimage\",\"url\":\"https:\/\/www.visit-ulcinj.com\/blog\/wp-content\/uploads\/2011\/12\/Mehmet-Bardhi_Meto-Zenka_Vasel-Sinistaj_Genci-Nimanbegu_.jpg\",\"contentUrl\":\"https:\/\/www.visit-ulcinj.com\/blog\/wp-content\/uploads\/2011\/12\/Mehmet-Bardhi_Meto-Zenka_Vasel-Sinistaj_Genci-Nimanbegu_.jpg\",\"width\":\"1000\",\"height\":\"677\"},{\"@type\":\"WebPage\",\"@id\":\"https:\/\/www.visit-ulcinj.com\/blog\/2011\/12\/23\/albanski-poslanici-jos-vagaju-hoce-li-na-protest-28-decembra\/#webpage\",\"url\":\"https:\/\/www.visit-ulcinj.com\/blog\/2011\/12\/23\/albanski-poslanici-jos-vagaju-hoce-li-na-protest-28-decembra\/\",\"name\":\"Albanski poslanici jo\u0161 vagaju ho\u0107e li na protest 28. decembra - Lajme nga Ulqini\",\"isPartOf\":{\"@id\":\"https:\/\/www.visit-ulcinj.com\/blog\/#website\"},\"primaryImageOfPage\":{\"@id\":\"https:\/\/www.visit-ulcinj.com\/blog\/2011\/12\/23\/albanski-poslanici-jos-vagaju-hoce-li-na-protest-28-decembra\/#primaryimage\"},\"datePublished\":\"2011-12-23T18:38:19+00:00\",\"dateModified\":\"2011-12-23T18:38:19+00:00\",\"author\":{\"@id\":\"https:\/\/www.visit-ulcinj.com\/blog\/#\/schema\/person\/dcab619c614d3038751c63bc2aadc06d\"},\"description\":\"Poslanici Kluba albanskih partija, makar za sada, ne\u0107e podr\u017eati najvljeni skup Demokratskog foruma Albanaca DFA, koji je najavljen za 28. decembar u\",\"breadcrumb\":{\"@id\":\"https:\/\/www.visit-ulcinj.com\/blog\/2011\/12\/23\/albanski-poslanici-jos-vagaju-hoce-li-na-protest-28-decembra\/#breadcrumb\"},\"inLanguage\":\"en-US\",\"potentialAction\":[{\"@type\":\"ReadAction\",\"target\":[\"https:\/\/www.visit-ulcinj.com\/blog\/2011\/12\/23\/albanski-poslanici-jos-vagaju-hoce-li-na-protest-28-decembra\/\"]}]},{\"@type\":\"BreadcrumbList\",\"@id\":\"https:\/\/www.visit-ulcinj.com\/blog\/2011\/12\/23\/albanski-poslanici-jos-vagaju-hoce-li-na-protest-28-decembra\/#breadcrumb\",\"itemListElement\":[{\"@type\":\"ListItem\",\"position\":1,\"name\":\"Albanski poslanici jo\u0161 vagaju ho\u0107e li na protest 28. decembra\"}]},{\"@type\":\"Person\",\"@id\":\"https:\/\/www.visit-ulcinj.com\/blog\/#\/schema\/person\/dcab619c614d3038751c63bc2aadc06d\",\"name\":\"ulqini\",\"sameAs\":[\"http:\/\/www.visit-ulcinj.com\"],\"url\":\"https:\/\/www.visit-ulcinj.com\/blog\/author\/admin\/\"}]}<\/script>\n<!-- \/ Yoast SEO plugin. -->","yoast_head_json":{"title":"Albanski poslanici jo\u0161 vagaju ho\u0107e li na protest 28. decembra - Lajme nga Ulqini","description":"Poslanici Kluba albanskih partija, makar za sada, ne\u0107e podr\u017eati najvljeni skup Demokratskog foruma Albanaca DFA, koji je najavljen za 28. decembar u","robots":{"index":"index","follow":"follow","max-snippet":"max-snippet:-1","max-image-preview":"max-image-preview:large","max-video-preview":"max-video-preview:-1"},"canonical":"https:\/\/www.visit-ulcinj.com\/blog\/2011\/12\/23\/albanski-poslanici-jos-vagaju-hoce-li-na-protest-28-decembra\/","og_locale":"en_US","og_type":"article","og_title":"Albanski poslanici jo\u0161 vagaju ho\u0107e li na protest 28. decembra - Lajme nga Ulqini","og_description":"Poslanici Kluba albanskih partija, makar za sada, ne\u0107e podr\u017eati najvljeni skup Demokratskog foruma Albanaca DFA, koji je najavljen za 28. decembar u","og_url":"https:\/\/www.visit-ulcinj.com\/blog\/2011\/12\/23\/albanski-poslanici-jos-vagaju-hoce-li-na-protest-28-decembra\/","og_site_name":"Lajme nga Ulqini","article_published_time":"2011-12-23T18:38:19+00:00","og_image":[{"url":"http:\/\/www.visit-ulcinj.com\/blog\/wp-content\/uploads\/2011\/12\/Mehmet-Bardhi_Meto-Zenka_Vasel-Sinistaj_Genci-Nimanbegu_.jpg"}],"twitter_misc":{"Written by":"ulqini","Est. reading time":"1 minute"},"schema":{"@context":"https:\/\/schema.org","@graph":[{"@type":"WebSite","@id":"https:\/\/www.visit-ulcinj.com\/blog\/#website","url":"https:\/\/www.visit-ulcinj.com\/blog\/","name":"Lajme nga Ulqini","description":"Lajme,Vijesti,Ulqini,Ulqin,Crna Gora,Mali i Zi","potentialAction":[{"@type":"SearchAction","target":{"@type":"EntryPoint","urlTemplate":"https:\/\/www.visit-ulcinj.com\/blog\/?s={search_term_string}"},"query-input":"required name=search_term_string"}],"inLanguage":"en-US"},{"@type":"ImageObject","inLanguage":"en-US","@id":"https:\/\/www.visit-ulcinj.com\/blog\/2011\/12\/23\/albanski-poslanici-jos-vagaju-hoce-li-na-protest-28-decembra\/#primaryimage","url":"https:\/\/www.visit-ulcinj.com\/blog\/wp-content\/uploads\/2011\/12\/Mehmet-Bardhi_Meto-Zenka_Vasel-Sinistaj_Genci-Nimanbegu_.jpg","contentUrl":"https:\/\/www.visit-ulcinj.com\/blog\/wp-content\/uploads\/2011\/12\/Mehmet-Bardhi_Meto-Zenka_Vasel-Sinistaj_Genci-Nimanbegu_.jpg","width":"1000","height":"677"},{"@type":"WebPage","@id":"https:\/\/www.visit-ulcinj.com\/blog\/2011\/12\/23\/albanski-poslanici-jos-vagaju-hoce-li-na-protest-28-decembra\/#webpage","url":"https:\/\/www.visit-ulcinj.com\/blog\/2011\/12\/23\/albanski-poslanici-jos-vagaju-hoce-li-na-protest-28-decembra\/","name":"Albanski poslanici jo\u0161 vagaju ho\u0107e li na protest 28. decembra - Lajme nga Ulqini","isPartOf":{"@id":"https:\/\/www.visit-ulcinj.com\/blog\/#website"},"primaryImageOfPage":{"@id":"https:\/\/www.visit-ulcinj.com\/blog\/2011\/12\/23\/albanski-poslanici-jos-vagaju-hoce-li-na-protest-28-decembra\/#primaryimage"},"datePublished":"2011-12-23T18:38:19+00:00","dateModified":"2011-12-23T18:38:19+00:00","author":{"@id":"https:\/\/www.visit-ulcinj.com\/blog\/#\/schema\/person\/dcab619c614d3038751c63bc2aadc06d"},"description":"Poslanici Kluba albanskih partija, makar za sada, ne\u0107e podr\u017eati najvljeni skup Demokratskog foruma Albanaca DFA, koji je najavljen za 28. decembar u","breadcrumb":{"@id":"https:\/\/www.visit-ulcinj.com\/blog\/2011\/12\/23\/albanski-poslanici-jos-vagaju-hoce-li-na-protest-28-decembra\/#breadcrumb"},"inLanguage":"en-US","potentialAction":[{"@type":"ReadAction","target":["https:\/\/www.visit-ulcinj.com\/blog\/2011\/12\/23\/albanski-poslanici-jos-vagaju-hoce-li-na-protest-28-decembra\/"]}]},{"@type":"BreadcrumbList","@id":"https:\/\/www.visit-ulcinj.com\/blog\/2011\/12\/23\/albanski-poslanici-jos-vagaju-hoce-li-na-protest-28-decembra\/#breadcrumb","itemListElement":[{"@type":"ListItem","position":1,"name":"Albanski poslanici jo\u0161 vagaju ho\u0107e li na protest 28. decembra"}]},{"@type":"Person","@id":"https:\/\/www.visit-ulcinj.com\/blog\/#\/schema\/person\/dcab619c614d3038751c63bc2aadc06d","name":"ulqini","sameAs":["http:\/\/www.visit-ulcinj.com"],"url":"https:\/\/www.visit-ulcinj.com\/blog\/author\/admin\/"}]}},"jetpack_featured_media_url":"","jetpack_sharing_enabled":true,"jetpack_shortlink":"https:\/\/wp.me\/pe6lTn-efH","_links":{"self":[{"href":"https:\/\/www.visit-ulcinj.com\/blog\/wp-json\/wp\/v2\/posts\/54789"}],"collection":[{"href":"https:\/\/www.visit-ulcinj.com\/blog\/wp-json\/wp\/v2\/posts"}],"about":[{"href":"https:\/\/www.visit-ulcinj.com\/blog\/wp-json\/wp\/v2\/types\/post"}],"author":[{"embeddable":true,"href":"https:\/\/www.visit-ulcinj.com\/blog\/wp-json\/wp\/v2\/users\/1"}],"replies":[{"embeddable":true,"href":"https:\/\/www.visit-ulcinj.com\/blog\/wp-json\/wp\/v2\/comments?post=54789"}],"version-history":[{"count":2,"href":"https:\/\/www.visit-ulcinj.com\/blog\/wp-json\/wp\/v2\/posts\/54789\/revisions"}],"predecessor-version":[{"id":54792,"href":"https:\/\/www.visit-ulcinj.com\/blog\/wp-json\/wp\/v2\/posts\/54789\/revisions\/54792"}],"wp:attachment":[{"href":"https:\/\/www.visit-ulcinj.com\/blog\/wp-json\/wp\/v2\/media?parent=54789"}],"wp:term":[{"taxonomy":"category","embeddable":true,"href":"https:\/\/www.visit-ulcinj.com\/blog\/wp-json\/wp\/v2\/categories?post=54789"},{"taxonomy":"post_tag","embeddable":true,"href":"https:\/\/www.visit-ulcinj.com\/blog\/wp-json\/wp\/v2\/tags?post=54789"}],"curies":[{"name":"wp","href":"https:\/\/api.w.org\/{rel}","templated":true}]}}