{"id":548,"date":"2008-02-17T07:51:12","date_gmt":"2008-02-17T12:51:12","guid":{"rendered":"http:\/\/www.visit-ulcinj.com\/blog\/2008\/02\/17\/kosova-sot-lind-shteti-i-ri-kuvendi-seance-te-jashtezakonshme-ne-1500\/"},"modified":"2008-02-17T12:29:15","modified_gmt":"2008-02-17T17:29:15","slug":"kosova-sot-lind-shteti-i-ri-kuvendi-seance-te-jashtezakonshme-ne-1500","status":"publish","type":"post","link":"https:\/\/www.visit-ulcinj.com\/blog\/2008\/02\/17\/kosova-sot-lind-shteti-i-ri-kuvendi-seance-te-jashtezakonshme-ne-1500\/","title":{"rendered":"Kosova shpall pavaresine. parlamenti miraton simbolet e shtetit"},"content":{"rendered":"<p><a rel=\"lightbox[pics548]\" href=\"http:\/\/www.visit-ulcinj.com\/blog\/wp-content\/uploads\/2008\/02\/1203252619.jpeg\" title=\"kosova\"><img loading=\"lazy\" align=\"left\" width=\"159\" src=\"http:\/\/www.visit-ulcinj.com\/blog\/wp-content\/uploads\/2008\/02\/1203252619.jpeg\" alt=\"kosova\" height=\"122\" \/><\/a><font size=\"2\"><strong>Fillon seanca e jashtezakonshme e Kuvendit te Kosoves<\/strong><\/font><font size=\"2\"><strong>Ora 15:10<\/strong> Ka nisur seanca e Kuvendit te Kosoves ku ne rend te dites jane shpallja e deklarates se pavaresise dhe miratimi i simboleve shteterore. Kuvendi eshte hapur me fjalen e kreut te tij Jakup Krisniqi i cili e quajti kete dite historike per kombin. Ai beri nje pershendetje te vecante per perfaqesuesin e familjes Jashari si perfaqesues te te gjitha flijimeve te familjeve te popullit shqiptar. &#8220;Zotimi im solemn per Kosoven shtet demokratik eshte premtimi per vlera me te perparuara e themeltare te shoqerise se sotme njerezore. Kosova asnjehere n ejeten e saj nuk ka patur miq sa ka patur sot&#8221; tha Krasniqi.<\/p>\n<p><strong>Thaci:<\/strong> Sot dite historike per Kosoven. Angazhohemi per respektimin e te drejtave te komuniteteve<\/p>\n<p><strong>Ora 15:25<\/strong> Kryeministri Thaci ne fjaken e tij ne kuvend e ka quajtur diten e sotme nje dite historike per popullin e Kosoves. &#8220;Ka qene rruge e gjate e veshtire e sakrificave per te ardhur tek dita e sotme. Shpresat tona nuk kane qene asnjehere me te medha, populli nuk ka qene asnjehere me i bashkuar, Kosova asnjehere nuk ka pasur mbehtetjen me te madhe nderkombetare. Sot e gjithe bota eshte me ne dhe ne po behemi pjese e barabarte e botes demokratike ka thene Thaci duke vene theksin se shteti i ri i Kosoves shenon shperberjen perfundimtare te ish- Jugosllavise. Duke vleresuar rendesine e kesaj dite kreu i qeverise se Kosoves nuk la jashte vemendjes sfidat e htetit me te ri te botes si ato ne ekonomi, arsim, shendetesi apo rrugen drejt integrimit europian. Thaci rikonfirmoi me tej gatishmerine e qeverise se tij per respektimin e te drejtave te te gjithe komuniteve ndersa shprehu mbeshtetjen per misionin e ri te BE ne Kosove.<\/p>\n<p><strong>Deklarata e pavaresise e lexuar nga kryeministri Thaci<\/strong><\/p>\n<p><strong>Ora 15:45<\/strong> &#8220;Ne e shpallim Kosov\u00ebn republik\u00eb demokratike dhe laike. Shum\u00eb shpejt do t\u00eb miratohet kushtetuta e Kosov\u00ebs, q\u00eb do t\u00eb respektoj\u00eb t\u00eb drejtat e t\u00eb gjith\u00ebve. Kjo kushtetut\u00eb do t\u00eb respektoj\u00eb t\u00eb gjitha parimet e dokumentit t\u00eb Ahtisaarit. Kosova e pavarur do t\u00eb jet\u00eb e p\u00ebrkushtuar ndaj paqes dhe stabilitetit. Kosova mir\u00ebpret pranin\u00eb nd\u00ebrkomb\u00ebtare civile dhe ushtarake n\u00eb Kosov\u00eb. Me pavar\u00ebsin\u00eb, Kosova i merr p\u00ebrsip\u00ebr p\u00ebrgjegj\u00ebsit\u00eb nd\u00ebrkomb\u00ebtare, i garanton kufijt\u00eb e fqinj\u00ebve t\u00eb saj dhe p\u00ebrmbahet nga dhuna si mjet p\u00ebr zgjidhjen e mosmarr\u00ebveshjeve. Kosova e deklaron vullnetin e saj p\u00ebr marr\u00ebdh\u00ebnie t\u00eb mira me fqinj\u00ebt e saj. Kosova e pavarur gjithashtu garanton trash\u00ebgimin\u00eb kulturore dhe fetare n\u00eb territorin e saj&#8221;.<\/p>\n<p><strong>Ora 15:50<\/strong> Kuvendi i Kosoves ka shpallur Kosoven Shtet. Ne seancen e jashtezakonshme te mbajtur nga Kuvendi i Kosoves, parlamentaret kane miratuar njezeri deklaraten e Pavaresise e cila u lexua nga kryeministri Thaci . Permes kesaj deklarate zyrtaret e Kosoves zotohen te zbatojne planin e Ahtisarit, te respektojne fqinjesine e mire me shtetet e tjera, per paqe dhe stabilitet. Deklarata e Pavaresise eshte duke u firmosur nga te gjithe deputetet e pranishem ne parlament.<\/p>\n<p>Me miratimin e deklarates se pavaresise Kosova sot shpallet shteti me i ri i Ballkanit, Europes dhe Botes. Kosovaret, te cilet kane realizuar keshtu endrren e tyre shekullore plote sakrifica e mund, kane nisur festimet ne cdo rruge te Kosoves.<\/p>\n<p>Sot Kosova u nda pergjithmone nga Serbia dhe dita e sotme do te nise punen ne bashkerendim me misionin nderkombetar te akredituar atje. Nga sot Kosova do te kete kufijte e saj, flamurin dhe stemen e saj shteterore.<\/p>\n<p>Pas miratimit Deklarat\u00ebs s\u00eb Pavar\u00ebsis\u00eb p\u00ebr Kosov\u00ebn shtet t\u00eb pavarur, sovran dhe demokratik, deputet\u00ebt do t\u00eb miratojn\u00eb edhe simbolet shtet\u00ebrore, flamurin dhe stem\u00ebn.<\/p>\n<p><strong>Ora 16:10<\/strong> Menjehere pas shpalljes se pavaresise se Kosoves ka reaguar Belgradi. Presidenti serb Tadic ka theksuar se vendi I tij nuk do ta njohe kurre pavaresine. Sipa tij Beogradi &#8220;ka reaguar dhe do te reagoje me te gjitha mjetet paqesore, diplomatike dhe ligjore per te anulluar kete akt te institucioneve te Kosoves&#8221;. Nderkaq per kryeministrin serb Koshtunica &#8220;ka lidur ilegalisht nje shtet falls&#8221;.<\/p>\n<p><strong>Ora 16:25 Shqiperia dhe Britania pershendesin pavaresine e Kosoves<\/strong><\/p>\n<p>Deklarata e pavaresise se Kosoves, menjehere pas miratimit te saj eshte pershendetur nga kryeministri i Shqiperise Sali Berisha. Sipas kreut te kabinetit shqiptar me miratimin e kesaj deklarate deputetet kosovare votuan per pavaresine e vendit te tyre,qe perjetoi regjimin me te eger ne Ballkan. &#8220;Perulemi para vepres se Rugoves&#8221; tha Berisha duke pershendetur me tej udheheqjen e Kosoves.<\/p>\n<p>Nderkaq sipas agjencise se lajmeve AFP shpallja e pavaresise se Kosoves eshte pershendetur dhe nga Britania. &#8220;Shpallja e pavar\u00ebsis\u00eb nga parlamenti kosovar \u00ebsht\u00eb nj\u00eb &#8220;zhvillim i r\u00ebnd\u00ebsish\u00ebm&#8221; p\u00ebr Kosov\u00ebn&#8221; deklaroi sot nj\u00eb z\u00ebdh\u00ebn\u00ebs i Foreign Office-it duke shtuar se nj\u00eb deklarat\u00eb zyrtare pritet t\u00eb b\u00ebhet nes\u00ebr pas takimit t\u00eb ministrave te jashtem te BE ne Bruksel.<\/p>\n<p><strong>Ora 16:45 Bllokohen ne Merdare nje turme serbesh me uniforme, kerkonin te inskenonin protesta<\/strong><\/p>\n<p>Disa qindra serbe me uniforme nuk jane lene te hyjne sot ne Kosove. Veteranet e luftes se viteve 1998-1999 jane lejuar ne fakt nga policia serbe te kalojne piken kufitare ne Merdare, por jane bllokuar ne kufirin e kontrolluar nga shqiptaret. Ka patur disa kundershtime, por me pas ish luftetaret serbe te cilet kerkonin te inskenonin nje proteste kunder pavaresise se Koosves, kane hequr dore.<\/p>\n<p><strong>Ora 16: 50 Moska kunder pavaresise se Kosoves, kerkon mbledhje te jashtezakonshme te KS<\/strong><\/p>\n<p>Pas miratimit te Deklarates se pavaresise nga Kuvendi i Kosoves, Rusia ka kerkuar nje mbledhje urgjente te Keshillit te Sigurimit te OKB qe pritet te zhvillohet ne oren 19:00. Ajo do te kerkoje ne kete mbledhje nje veprim te &#8220;menjehershem&#8221; per anullimin e deklarates se pavaresise se Kosoves. Nga ana tjeter NATO ka deklaruar se do te vazhdoje te garantoje sigurine ne Kosoves, si dhe u ka bere thirrje paleve te veprojne me shume kujdes.<\/p>\n<p><strong>Ora 17:02 Parlamenti i Kosoves miraton me unimitet simbolet shteterore te Kosoves. Flamuri i Kosoves ka fush\u00ebn blu, me hart\u00ebn e Kosov\u00ebs, ngjyr\u00eb ari dhe gjasht\u00eb yje t\u00eb bardh\u00eb siper hartes<\/strong><\/p>\n<p><strong>Ora 17:25 Pavaresia, Topi: U korrigjuan gabimet e se kaluares<\/strong><\/p>\n<p>Shpallja e Pavarsis\u00eb s\u00eb Kosov\u00ebs \u00ebsht\u00eb p\u00ebrsh\u00ebndetur nga presidenti shqiptar Bamir Topi. N\u00eb konferenc\u00ebn p\u00ebr shtyp presidenti shqiptar ka theksuar se tashm\u00eb u korigjuan gabimet e s\u00eb kaluar\u00ebs dhe nj\u00eb rol t\u00eb madh n\u00eb<\/p>\n<p>t\u00eb gjith\u00eb k\u00ebt\u00eb sip\u00ebrmarrje e kan\u00eb nd\u00ebrkomb\u00ebtaret t\u00eb cil\u00ebt i mb\u00ebshtet\u00ebn politikan\u00ebt kosovar\u00eb p\u00ebr t\u00eb sh\u00ebnuar nj\u00eb dit\u00eb t\u00eb re n\u00eb t\u00eb ardhmen e Kosov\u00ebs<\/p>\n<p><strong>Sejdiu mesazh pakicave: Mos kini droje, do respektohen plotesisht te drejtat tuaja<\/strong><\/p>\n<p><strong>Ora 18:15<\/strong>-Presidenti Fatmir Sejdiu ka pershendetur sot shpalljen e pavaresise. Ne nje konference per shtyp mes te tjerash, Presidenti Sejdiu ka qetesuar pakicat ne Kosove duke u garantuar atyre se do te jetojne ne nje shtet, ku te respektohen te drejtat e tyre te plota. &#8220;E pranoj se sot eshte dita e drojes, por sot dhe ne te ardhmen do te respektoheni. Do te respektohet tradita dhe pasuria juaj, gjuha dhe kultura jua. Ju ftoj qe te jetoni ne Kosoven e pavarur&#8221;, tha Sejdiu.<\/p>\n<p>Kreu i shtetit kosovar i beri ftese shteteve te botes qe te fitojne nje raport te ri me Kosoven. &#8220;Ftoj shtete e botes qe te fitojne raport me ne. E ftoj dhe Serbine me te cilen do te ndajme marredhenie te mira. Ftoj popullin e Kosoves qe te festoje ne qetesi, diten historike.<\/p>\n<p><\/font><\/p>\n","protected":false},"excerpt":{"rendered":"<p><img loading=\"lazy\" src=\"http:\/\/www.visit-ulcinj.com\/blog\/wp-content\/uploads\/2008\/02\/1203252619.jpeg\" alt=\"kosova\" height=\"140\" width=\"140\" \/><\/p>\n","protected":false},"author":1,"featured_media":0,"comment_status":"open","ping_status":"closed","sticky":false,"template":"","format":"standard","meta":{"spay_email":"","jetpack_publicize_message":"","jetpack_is_tweetstorm":false,"jetpack_publicize_feature_enabled":true},"categories":[14],"tags":[1403,1565,87,1408,1556,789,1562,1075,1320,1460,1564,1567,49,325,503,1407,1391,1557,1566,335,338,1558,1560,40,1563,792,743,1561,36,1389,42,1461],"jetpack_publicize_connections":[],"yoast_head":"<!-- This site is optimized with the Yoast SEO plugin v19.1 - https:\/\/yoast.com\/wordpress\/plugins\/seo\/ -->\n<title>Kosova shpall pavaresine. parlamenti miraton simbolet e shtetit - Lajme nga Ulqini<\/title>\n<meta name=\"robots\" content=\"index, follow, max-snippet:-1, max-image-preview:large, max-video-preview:-1\" \/>\n<link rel=\"canonical\" href=\"https:\/\/www.visit-ulcinj.com\/blog\/2008\/02\/17\/kosova-sot-lind-shteti-i-ri-kuvendi-seance-te-jashtezakonshme-ne-1500\/\" \/>\n<meta property=\"og:locale\" content=\"en_US\" \/>\n<meta property=\"og:type\" content=\"article\" \/>\n<meta property=\"og:title\" content=\"Kosova shpall pavaresine. parlamenti miraton simbolet e shtetit - Lajme nga Ulqini\" \/>\n<meta property=\"og:url\" content=\"https:\/\/www.visit-ulcinj.com\/blog\/2008\/02\/17\/kosova-sot-lind-shteti-i-ri-kuvendi-seance-te-jashtezakonshme-ne-1500\/\" \/>\n<meta property=\"og:site_name\" content=\"Lajme nga Ulqini\" \/>\n<meta property=\"article:published_time\" content=\"2008-02-17T12:51:12+00:00\" \/>\n<meta property=\"article:modified_time\" content=\"2008-02-17T17:29:15+00:00\" \/>\n<meta property=\"og:image\" content=\"http:\/\/www.visit-ulcinj.com\/blog\/wp-content\/uploads\/2008\/02\/1203252619.jpeg\" \/>\n<meta name=\"twitter:label1\" content=\"Written by\" \/>\n\t<meta name=\"twitter:data1\" content=\"ulqini\" \/>\n\t<meta name=\"twitter:label2\" content=\"Est. reading time\" \/>\n\t<meta name=\"twitter:data2\" content=\"6 minutes\" \/>\n<script type=\"application\/ld+json\" class=\"yoast-schema-graph\">{\"@context\":\"https:\/\/schema.org\",\"@graph\":[{\"@type\":\"WebSite\",\"@id\":\"https:\/\/www.visit-ulcinj.com\/blog\/#website\",\"url\":\"https:\/\/www.visit-ulcinj.com\/blog\/\",\"name\":\"Lajme nga Ulqini\",\"description\":\"Lajme,Vijesti,Ulqini,Ulqin,Crna Gora,Mali i Zi\",\"potentialAction\":[{\"@type\":\"SearchAction\",\"target\":{\"@type\":\"EntryPoint\",\"urlTemplate\":\"https:\/\/www.visit-ulcinj.com\/blog\/?s={search_term_string}\"},\"query-input\":\"required name=search_term_string\"}],\"inLanguage\":\"en-US\"},{\"@type\":\"ImageObject\",\"inLanguage\":\"en-US\",\"@id\":\"https:\/\/www.visit-ulcinj.com\/blog\/2008\/02\/17\/kosova-sot-lind-shteti-i-ri-kuvendi-seance-te-jashtezakonshme-ne-1500\/#primaryimage\",\"url\":\"http:\/\/www.visit-ulcinj.com\/blog\/wp-content\/uploads\/2008\/02\/1203252619.jpeg\",\"contentUrl\":\"http:\/\/www.visit-ulcinj.com\/blog\/wp-content\/uploads\/2008\/02\/1203252619.jpeg\"},{\"@type\":\"WebPage\",\"@id\":\"https:\/\/www.visit-ulcinj.com\/blog\/2008\/02\/17\/kosova-sot-lind-shteti-i-ri-kuvendi-seance-te-jashtezakonshme-ne-1500\/#webpage\",\"url\":\"https:\/\/www.visit-ulcinj.com\/blog\/2008\/02\/17\/kosova-sot-lind-shteti-i-ri-kuvendi-seance-te-jashtezakonshme-ne-1500\/\",\"name\":\"Kosova shpall pavaresine. parlamenti miraton simbolet e shtetit - Lajme nga Ulqini\",\"isPartOf\":{\"@id\":\"https:\/\/www.visit-ulcinj.com\/blog\/#website\"},\"primaryImageOfPage\":{\"@id\":\"https:\/\/www.visit-ulcinj.com\/blog\/2008\/02\/17\/kosova-sot-lind-shteti-i-ri-kuvendi-seance-te-jashtezakonshme-ne-1500\/#primaryimage\"},\"datePublished\":\"2008-02-17T12:51:12+00:00\",\"dateModified\":\"2008-02-17T17:29:15+00:00\",\"author\":{\"@id\":\"https:\/\/www.visit-ulcinj.com\/blog\/#\/schema\/person\/dcab619c614d3038751c63bc2aadc06d\"},\"breadcrumb\":{\"@id\":\"https:\/\/www.visit-ulcinj.com\/blog\/2008\/02\/17\/kosova-sot-lind-shteti-i-ri-kuvendi-seance-te-jashtezakonshme-ne-1500\/#breadcrumb\"},\"inLanguage\":\"en-US\",\"potentialAction\":[{\"@type\":\"ReadAction\",\"target\":[\"https:\/\/www.visit-ulcinj.com\/blog\/2008\/02\/17\/kosova-sot-lind-shteti-i-ri-kuvendi-seance-te-jashtezakonshme-ne-1500\/\"]}]},{\"@type\":\"BreadcrumbList\",\"@id\":\"https:\/\/www.visit-ulcinj.com\/blog\/2008\/02\/17\/kosova-sot-lind-shteti-i-ri-kuvendi-seance-te-jashtezakonshme-ne-1500\/#breadcrumb\",\"itemListElement\":[{\"@type\":\"ListItem\",\"position\":1,\"name\":\"Kosova shpall pavaresine. parlamenti miraton simbolet e shtetit\"}]},{\"@type\":\"Person\",\"@id\":\"https:\/\/www.visit-ulcinj.com\/blog\/#\/schema\/person\/dcab619c614d3038751c63bc2aadc06d\",\"name\":\"ulqini\",\"sameAs\":[\"http:\/\/www.visit-ulcinj.com\"],\"url\":\"https:\/\/www.visit-ulcinj.com\/blog\/author\/admin\/\"}]}<\/script>\n<!-- \/ Yoast SEO plugin. -->","yoast_head_json":{"title":"Kosova shpall pavaresine. parlamenti miraton simbolet e shtetit - Lajme nga Ulqini","robots":{"index":"index","follow":"follow","max-snippet":"max-snippet:-1","max-image-preview":"max-image-preview:large","max-video-preview":"max-video-preview:-1"},"canonical":"https:\/\/www.visit-ulcinj.com\/blog\/2008\/02\/17\/kosova-sot-lind-shteti-i-ri-kuvendi-seance-te-jashtezakonshme-ne-1500\/","og_locale":"en_US","og_type":"article","og_title":"Kosova shpall pavaresine. parlamenti miraton simbolet e shtetit - Lajme nga Ulqini","og_url":"https:\/\/www.visit-ulcinj.com\/blog\/2008\/02\/17\/kosova-sot-lind-shteti-i-ri-kuvendi-seance-te-jashtezakonshme-ne-1500\/","og_site_name":"Lajme nga Ulqini","article_published_time":"2008-02-17T12:51:12+00:00","article_modified_time":"2008-02-17T17:29:15+00:00","og_image":[{"url":"http:\/\/www.visit-ulcinj.com\/blog\/wp-content\/uploads\/2008\/02\/1203252619.jpeg"}],"twitter_misc":{"Written by":"ulqini","Est. reading time":"6 minutes"},"schema":{"@context":"https:\/\/schema.org","@graph":[{"@type":"WebSite","@id":"https:\/\/www.visit-ulcinj.com\/blog\/#website","url":"https:\/\/www.visit-ulcinj.com\/blog\/","name":"Lajme nga Ulqini","description":"Lajme,Vijesti,Ulqini,Ulqin,Crna Gora,Mali i Zi","potentialAction":[{"@type":"SearchAction","target":{"@type":"EntryPoint","urlTemplate":"https:\/\/www.visit-ulcinj.com\/blog\/?s={search_term_string}"},"query-input":"required name=search_term_string"}],"inLanguage":"en-US"},{"@type":"ImageObject","inLanguage":"en-US","@id":"https:\/\/www.visit-ulcinj.com\/blog\/2008\/02\/17\/kosova-sot-lind-shteti-i-ri-kuvendi-seance-te-jashtezakonshme-ne-1500\/#primaryimage","url":"http:\/\/www.visit-ulcinj.com\/blog\/wp-content\/uploads\/2008\/02\/1203252619.jpeg","contentUrl":"http:\/\/www.visit-ulcinj.com\/blog\/wp-content\/uploads\/2008\/02\/1203252619.jpeg"},{"@type":"WebPage","@id":"https:\/\/www.visit-ulcinj.com\/blog\/2008\/02\/17\/kosova-sot-lind-shteti-i-ri-kuvendi-seance-te-jashtezakonshme-ne-1500\/#webpage","url":"https:\/\/www.visit-ulcinj.com\/blog\/2008\/02\/17\/kosova-sot-lind-shteti-i-ri-kuvendi-seance-te-jashtezakonshme-ne-1500\/","name":"Kosova shpall pavaresine. parlamenti miraton simbolet e shtetit - Lajme nga Ulqini","isPartOf":{"@id":"https:\/\/www.visit-ulcinj.com\/blog\/#website"},"primaryImageOfPage":{"@id":"https:\/\/www.visit-ulcinj.com\/blog\/2008\/02\/17\/kosova-sot-lind-shteti-i-ri-kuvendi-seance-te-jashtezakonshme-ne-1500\/#primaryimage"},"datePublished":"2008-02-17T12:51:12+00:00","dateModified":"2008-02-17T17:29:15+00:00","author":{"@id":"https:\/\/www.visit-ulcinj.com\/blog\/#\/schema\/person\/dcab619c614d3038751c63bc2aadc06d"},"breadcrumb":{"@id":"https:\/\/www.visit-ulcinj.com\/blog\/2008\/02\/17\/kosova-sot-lind-shteti-i-ri-kuvendi-seance-te-jashtezakonshme-ne-1500\/#breadcrumb"},"inLanguage":"en-US","potentialAction":[{"@type":"ReadAction","target":["https:\/\/www.visit-ulcinj.com\/blog\/2008\/02\/17\/kosova-sot-lind-shteti-i-ri-kuvendi-seance-te-jashtezakonshme-ne-1500\/"]}]},{"@type":"BreadcrumbList","@id":"https:\/\/www.visit-ulcinj.com\/blog\/2008\/02\/17\/kosova-sot-lind-shteti-i-ri-kuvendi-seance-te-jashtezakonshme-ne-1500\/#breadcrumb","itemListElement":[{"@type":"ListItem","position":1,"name":"Kosova shpall pavaresine. parlamenti miraton simbolet e shtetit"}]},{"@type":"Person","@id":"https:\/\/www.visit-ulcinj.com\/blog\/#\/schema\/person\/dcab619c614d3038751c63bc2aadc06d","name":"ulqini","sameAs":["http:\/\/www.visit-ulcinj.com"],"url":"https:\/\/www.visit-ulcinj.com\/blog\/author\/admin\/"}]}},"jetpack_featured_media_url":"","jetpack_sharing_enabled":true,"jetpack_shortlink":"https:\/\/wp.me\/pe6lTn-8Q","_links":{"self":[{"href":"https:\/\/www.visit-ulcinj.com\/blog\/wp-json\/wp\/v2\/posts\/548"}],"collection":[{"href":"https:\/\/www.visit-ulcinj.com\/blog\/wp-json\/wp\/v2\/posts"}],"about":[{"href":"https:\/\/www.visit-ulcinj.com\/blog\/wp-json\/wp\/v2\/types\/post"}],"author":[{"embeddable":true,"href":"https:\/\/www.visit-ulcinj.com\/blog\/wp-json\/wp\/v2\/users\/1"}],"replies":[{"embeddable":true,"href":"https:\/\/www.visit-ulcinj.com\/blog\/wp-json\/wp\/v2\/comments?post=548"}],"version-history":[{"count":0,"href":"https:\/\/www.visit-ulcinj.com\/blog\/wp-json\/wp\/v2\/posts\/548\/revisions"}],"wp:attachment":[{"href":"https:\/\/www.visit-ulcinj.com\/blog\/wp-json\/wp\/v2\/media?parent=548"}],"wp:term":[{"taxonomy":"category","embeddable":true,"href":"https:\/\/www.visit-ulcinj.com\/blog\/wp-json\/wp\/v2\/categories?post=548"},{"taxonomy":"post_tag","embeddable":true,"href":"https:\/\/www.visit-ulcinj.com\/blog\/wp-json\/wp\/v2\/tags?post=548"}],"curies":[{"name":"wp","href":"https:\/\/api.w.org\/{rel}","templated":true}]}}