{"id":54805,"date":"2011-12-24T20:53:43","date_gmt":"2011-12-24T19:53:43","guid":{"rendered":"http:\/\/www.visit-ulcinj.com\/blog\/?p=54805"},"modified":"2011-12-28T11:50:54","modified_gmt":"2011-12-28T10:50:54","slug":"ne-ulqinu-mbajt-kuvendi-themelues-i-partise-demokratike-43-fotografi","status":"publish","type":"post","link":"https:\/\/www.visit-ulcinj.com\/blog\/2011\/12\/24\/ne-ulqinu-mbajt-kuvendi-themelues-i-partise-demokratike-43-fotografi\/","title":{"rendered":"N\u00eb Ulqin,u mbajt kuvendi themelues i Partis\u00eb Demokratike &#8211; 43 Fotografi"},"content":{"rendered":"<p><a href=\"http:\/\/www.visit-ulcinj.com\/blog\/wp-content\/uploads\/2011\/12\/Kuvendi-themelues-i-Partis%C3%AB-Demokratike.jpg\"><img loading=\"lazy\" class=\"alignleft size-full wp-image-54938\" title=\"Kuvendi themelues i Partis\u00eb Demokratike\" src=\"http:\/\/www.visit-ulcinj.com\/blog\/wp-content\/uploads\/2011\/12\/Kuvendi-themelues-i-Partis%C3%AB-Demokratike.jpg\" alt=\"\" width=\"508\" height=\"380\" \/><\/a>Sot n\u00eb Ulqin, n\u00eb sall\u00ebn e Qendres p\u00ebr kultur\u00eb u mbajt kuvendi themelues i partis\u00eb m\u00eb t\u00eb re shqiptare n\u00eb Mal t\u00eb Zi, Partis\u00eb Demokratike. Kuvendi p\u00ebr kryetar t\u00eb partis\u00eb\u00a0 zgjodhi Fatmir Gjek\u00ebn, p\u00ebr n\u00ebnkryetar\u00eb Astrit Kurtin dhe Fehim Avdiun, kurse funksionin e sekretarit t\u00eb p\u00ebrgjithh\u00ebm t\u00eb partis\u00eb do ta mbuloj\u00eb Haxhi Sulejmani. Kuvendi miratoi Programin dhe Statutin e partis\u00eb si dhe zgjodhi K\u00ebshillin Qendror t\u00eb p\u00ebrb\u00ebr\u00eb nga 27 anetar\u00eb.<\/p>\n<p>Kuvendi miratoi po ashtu nj\u00eb deklarat\u00eb politike, e cila duke u nisur nga rrjedhat e fundit politike lidhur me te drejtat e shqiptar\u00ebve ne Mal te Zi, thekson se PD &#8221;n\u00eb momentin aktual p\u00ebrkrah t\u00eb gjitha protestat e partive dhe subjekteve te ndryshme q\u00eb po vihen n\u00eb mbrojtje te flamurit komb\u00ebtar dhe kunder ligjeve diskriminuese n\u00eb Mal t\u00eb Zi&#8221;.<br \/>\n<a href=\"http:\/\/www.visit-ulcinj.com\/blog\/wp-content\/uploads\/2011\/12\/Kuvendi-themelues-i-Partis%C3%AB-Demokratike.3.jpg\"><img loading=\"lazy\" class=\"alignleft size-full wp-image-54937\" title=\"Kuvendi themelues i Partis\u00eb Demokratike.3\" src=\"http:\/\/www.visit-ulcinj.com\/blog\/wp-content\/uploads\/2011\/12\/Kuvendi-themelues-i-Partis%C3%AB-Demokratike.3.jpg\" alt=\"\" width=\"508\" height=\"330\" \/><\/a><\/p>\n<p>Nga te ftuarit kuvendin e kan\u00eb p\u00ebrshendetur Nazif Cungu nga Forca, Gjergj Camaj nga ASH, Skender Elezaga nga PSD dhe Amir Hollaj nga LQ &#8216;Perspektiva&#8217;.<br \/>\n<a href=\"http:\/\/www.visit-ulcinj.com\/blog\/wp-content\/uploads\/2011\/12\/partia-demokratike_ana-malit_ulqin.1.jpg\"><img loading=\"lazy\" class=\"alignleft size-full wp-image-54846\" title=\"partia demokratike_ana malit_ulqin.1\" src=\"http:\/\/www.visit-ulcinj.com\/blog\/wp-content\/uploads\/2011\/12\/partia-demokratike_ana-malit_ulqin.1.jpg\" alt=\"\" width=\"508\" height=\"330\" \/><\/a><\/p>\n<p>Kryetari i posazgjedhur i PD, Fatmir Gjeka, n\u00eb fjal\u00ebn e tij si kryetar ka th\u00ebn\u00eb se kjo parti nuk eshte shtim edhe t\u00eb nj\u00eb subjekti t\u00eb ri, por bashkim i faktorit politik shqiptar\u00eb. Ai shtoi se bashkimi nuk p\u00ebrfundon me kuvendin por PD do vazhdoje te afroj\u00eb grupe dhe individ\u00eb t\u00eb tjer\u00eb n\u00eb radh\u00eb t\u00eb k\u00ebsaj partie. <strong>\/Ulqini Online<\/strong><\/p>\n<p>&nbsp;<\/p>\n<h2><strong>Autori i fotografive \u00ebsht\u00eb <\/strong><a href=\"https:\/\/www.facebook.com\/media\/set\/?set=a.264508766944599.67818.100001564340764&amp;type=3\" target=\"_blank\"><strong>&#8211; <\/strong><\/a><a href=\"https:\/\/www.facebook.com\/media\/set\/?set=a.313559122008698.80151.100000638370809&amp;type=3\" target=\"_blank\"><strong><\/strong><strong>Fadil Kovaci Facebook<\/strong><\/a><\/h2>\n<h2>\n\t\t<style type=\"text\/css\">\n\t\t\t#gallery-1 {\n\t\t\t\tmargin: auto;\n\t\t\t}\n\t\t\t#gallery-1 .gallery-item {\n\t\t\t\tfloat: left;\n\t\t\t\tmargin-top: 10px;\n\t\t\t\ttext-align: center;\n\t\t\t\twidth: 33%;\n\t\t\t}\n\t\t\t#gallery-1 img {\n\t\t\t\tborder: 2px solid #cfcfcf;\n\t\t\t}\n\t\t\t#gallery-1 .gallery-caption {\n\t\t\t\tmargin-left: 0;\n\t\t\t}\n\t\t\t\/* see gallery_shortcode() in wp-includes\/media.php *\/\n\t\t<\/style>\n\t\t<div id='gallery-1' class='gallery galleryid-54805 gallery-columns-3 gallery-size-thumbnail'><dl class='gallery-item'>\n\t\t\t<dt class='gallery-icon portrait'>\n\t\t\t\t<a href='https:\/\/www.visit-ulcinj.com\/blog\/wp-content\/uploads\/2011\/12\/partia-demokratike.jpg'><img width=\"150\" height=\"150\" src=\"https:\/\/www.visit-ulcinj.com\/blog\/wp-content\/uploads\/2011\/12\/partia-demokratike-150x150.jpg\" class=\"attachment-thumbnail size-thumbnail\" alt=\"\" loading=\"lazy\" \/><\/a>\n\t\t\t<\/dt><\/dl><dl class='gallery-item'>\n\t\t\t<dt class='gallery-icon landscape'>\n\t\t\t\t<a href='https:\/\/www.visit-ulcinj.com\/blog\/wp-content\/uploads\/2011\/12\/partia-demokratike_ana-malit_ulqin.jpg'><img width=\"150\" height=\"150\" src=\"https:\/\/www.visit-ulcinj.com\/blog\/wp-content\/uploads\/2011\/12\/partia-demokratike_ana-malit_ulqin-150x150.jpg\" class=\"attachment-thumbnail size-thumbnail\" alt=\"\" loading=\"lazy\" \/><\/a>\n\t\t\t<\/dt><\/dl><dl class='gallery-item'>\n\t\t\t<dt class='gallery-icon landscape'>\n\t\t\t\t<a href='https:\/\/www.visit-ulcinj.com\/blog\/wp-content\/uploads\/2011\/12\/partia-demokratike_ana-malit_ulqin.1.jpg'><img width=\"150\" height=\"150\" src=\"https:\/\/www.visit-ulcinj.com\/blog\/wp-content\/uploads\/2011\/12\/partia-demokratike_ana-malit_ulqin.1-150x150.jpg\" class=\"attachment-thumbnail size-thumbnail\" alt=\"\" loading=\"lazy\" \/><\/a>\n\t\t\t<\/dt><\/dl><br style=\"clear: both\" \/><dl class='gallery-item'>\n\t\t\t<dt class='gallery-icon landscape'>\n\t\t\t\t<a href='https:\/\/www.visit-ulcinj.com\/blog\/wp-content\/uploads\/2011\/12\/Kuvendi-themelues-i-Partis\u00eb-Demokratike.1.jpg'><img width=\"150\" height=\"150\" src=\"https:\/\/www.visit-ulcinj.com\/blog\/wp-content\/uploads\/2011\/12\/Kuvendi-themelues-i-Partis\u00eb-Demokratike.1-150x150.jpg\" class=\"attachment-thumbnail size-thumbnail\" alt=\"\" loading=\"lazy\" \/><\/a>\n\t\t\t<\/dt><\/dl><dl class='gallery-item'>\n\t\t\t<dt class='gallery-icon landscape'>\n\t\t\t\t<a href='https:\/\/www.visit-ulcinj.com\/blog\/wp-content\/uploads\/2011\/12\/Kuvendi-themelues-i-Partis\u00eb-Demokratike.2.jpg'><img width=\"150\" height=\"150\" src=\"https:\/\/www.visit-ulcinj.com\/blog\/wp-content\/uploads\/2011\/12\/Kuvendi-themelues-i-Partis\u00eb-Demokratike.2-150x150.jpg\" class=\"attachment-thumbnail size-thumbnail\" alt=\"\" loading=\"lazy\" \/><\/a>\n\t\t\t<\/dt><\/dl><dl class='gallery-item'>\n\t\t\t<dt class='gallery-icon landscape'>\n\t\t\t\t<a href='https:\/\/www.visit-ulcinj.com\/blog\/wp-content\/uploads\/2011\/12\/Kuvendi-themelues-i-Partis\u00eb-Demokratike.3.jpg'><img width=\"150\" height=\"150\" src=\"https:\/\/www.visit-ulcinj.com\/blog\/wp-content\/uploads\/2011\/12\/Kuvendi-themelues-i-Partis\u00eb-Demokratike.3-150x150.jpg\" class=\"attachment-thumbnail size-thumbnail\" alt=\"\" loading=\"lazy\" \/><\/a>\n\t\t\t<\/dt><\/dl><br style=\"clear: both\" \/><dl class='gallery-item'>\n\t\t\t<dt class='gallery-icon landscape'>\n\t\t\t\t<a href='https:\/\/www.visit-ulcinj.com\/blog\/wp-content\/uploads\/2011\/12\/Kuvendi-themelues-i-Partis\u00eb-Demokratike.jpg'><img width=\"150\" height=\"150\" src=\"https:\/\/www.visit-ulcinj.com\/blog\/wp-content\/uploads\/2011\/12\/Kuvendi-themelues-i-Partis\u00eb-Demokratike-150x150.jpg\" class=\"attachment-thumbnail size-thumbnail\" alt=\"\" loading=\"lazy\" \/><\/a>\n\t\t\t<\/dt><\/dl><dl class='gallery-item'>\n\t\t\t<dt class='gallery-icon landscape'>\n\t\t\t\t<a href='https:\/\/www.visit-ulcinj.com\/blog\/wp-content\/uploads\/2011\/12\/Kuvendi-themelues-i-Partis\u00eb-Demokratike.4.jpg'><img width=\"150\" height=\"150\" src=\"https:\/\/www.visit-ulcinj.com\/blog\/wp-content\/uploads\/2011\/12\/Kuvendi-themelues-i-Partis\u00eb-Demokratike.4-150x150.jpg\" class=\"attachment-thumbnail size-thumbnail\" alt=\"\" loading=\"lazy\" \/><\/a>\n\t\t\t<\/dt><\/dl><dl class='gallery-item'>\n\t\t\t<dt class='gallery-icon landscape'>\n\t\t\t\t<a href='https:\/\/www.visit-ulcinj.com\/blog\/wp-content\/uploads\/2011\/12\/Kuvendi-themelues-i-Partis\u00eb-Demokratike.5.jpg'><img width=\"150\" height=\"150\" src=\"https:\/\/www.visit-ulcinj.com\/blog\/wp-content\/uploads\/2011\/12\/Kuvendi-themelues-i-Partis\u00eb-Demokratike.5-150x150.jpg\" class=\"attachment-thumbnail size-thumbnail\" alt=\"\" loading=\"lazy\" \/><\/a>\n\t\t\t<\/dt><\/dl><br style=\"clear: both\" \/><dl class='gallery-item'>\n\t\t\t<dt class='gallery-icon landscape'>\n\t\t\t\t<a href='https:\/\/www.visit-ulcinj.com\/blog\/wp-content\/uploads\/2011\/12\/Kuvendi-themelues-i-Partis\u00eb-Demokratike.6.jpg'><img width=\"150\" height=\"150\" src=\"https:\/\/www.visit-ulcinj.com\/blog\/wp-content\/uploads\/2011\/12\/Kuvendi-themelues-i-Partis\u00eb-Demokratike.6-150x150.jpg\" class=\"attachment-thumbnail size-thumbnail\" alt=\"\" loading=\"lazy\" \/><\/a>\n\t\t\t<\/dt><\/dl><dl class='gallery-item'>\n\t\t\t<dt class='gallery-icon landscape'>\n\t\t\t\t<a href='https:\/\/www.visit-ulcinj.com\/blog\/wp-content\/uploads\/2011\/12\/Kuvendi-themelues-i-Partis\u00eb-Demokratike.7.jpg'><img width=\"150\" height=\"150\" src=\"https:\/\/www.visit-ulcinj.com\/blog\/wp-content\/uploads\/2011\/12\/Kuvendi-themelues-i-Partis\u00eb-Demokratike.7-150x150.jpg\" class=\"attachment-thumbnail size-thumbnail\" alt=\"\" loading=\"lazy\" \/><\/a>\n\t\t\t<\/dt><\/dl><dl class='gallery-item'>\n\t\t\t<dt class='gallery-icon landscape'>\n\t\t\t\t<a href='https:\/\/www.visit-ulcinj.com\/blog\/wp-content\/uploads\/2011\/12\/Kuvendi-themelues-i-Partis\u00eb-Demokratike.8.jpg'><img width=\"150\" height=\"150\" src=\"https:\/\/www.visit-ulcinj.com\/blog\/wp-content\/uploads\/2011\/12\/Kuvendi-themelues-i-Partis\u00eb-Demokratike.8-150x150.jpg\" class=\"attachment-thumbnail size-thumbnail\" alt=\"\" loading=\"lazy\" \/><\/a>\n\t\t\t<\/dt><\/dl><br style=\"clear: both\" \/><dl class='gallery-item'>\n\t\t\t<dt class='gallery-icon landscape'>\n\t\t\t\t<a href='https:\/\/www.visit-ulcinj.com\/blog\/wp-content\/uploads\/2011\/12\/Kuvendi-themelues-i-Partis\u00eb-Demokratike.9.jpg'><img width=\"150\" height=\"150\" src=\"https:\/\/www.visit-ulcinj.com\/blog\/wp-content\/uploads\/2011\/12\/Kuvendi-themelues-i-Partis\u00eb-Demokratike.9-150x150.jpg\" class=\"attachment-thumbnail size-thumbnail\" alt=\"\" loading=\"lazy\" \/><\/a>\n\t\t\t<\/dt><\/dl><dl class='gallery-item'>\n\t\t\t<dt class='gallery-icon landscape'>\n\t\t\t\t<a href='https:\/\/www.visit-ulcinj.com\/blog\/wp-content\/uploads\/2011\/12\/Kuvendi-themelues-i-Partis\u00eb-Demokratike.10.jpg'><img width=\"150\" height=\"150\" src=\"https:\/\/www.visit-ulcinj.com\/blog\/wp-content\/uploads\/2011\/12\/Kuvendi-themelues-i-Partis\u00eb-Demokratike.10-150x150.jpg\" class=\"attachment-thumbnail size-thumbnail\" alt=\"\" loading=\"lazy\" \/><\/a>\n\t\t\t<\/dt><\/dl><dl class='gallery-item'>\n\t\t\t<dt class='gallery-icon landscape'>\n\t\t\t\t<a href='https:\/\/www.visit-ulcinj.com\/blog\/wp-content\/uploads\/2011\/12\/Kuvendi-themelues-i-Partis\u00eb-Demokratike.11.jpg'><img width=\"150\" height=\"150\" src=\"https:\/\/www.visit-ulcinj.com\/blog\/wp-content\/uploads\/2011\/12\/Kuvendi-themelues-i-Partis\u00eb-Demokratike.11-150x150.jpg\" class=\"attachment-thumbnail size-thumbnail\" alt=\"\" loading=\"lazy\" \/><\/a>\n\t\t\t<\/dt><\/dl><br style=\"clear: both\" \/><dl class='gallery-item'>\n\t\t\t<dt class='gallery-icon landscape'>\n\t\t\t\t<a href='https:\/\/www.visit-ulcinj.com\/blog\/wp-content\/uploads\/2011\/12\/Kuvendi-themelues-i-Partis\u00eb-Demokratike.12.jpg'><img width=\"150\" height=\"150\" src=\"https:\/\/www.visit-ulcinj.com\/blog\/wp-content\/uploads\/2011\/12\/Kuvendi-themelues-i-Partis\u00eb-Demokratike.12-150x150.jpg\" class=\"attachment-thumbnail size-thumbnail\" alt=\"\" loading=\"lazy\" \/><\/a>\n\t\t\t<\/dt><\/dl><dl class='gallery-item'>\n\t\t\t<dt class='gallery-icon landscape'>\n\t\t\t\t<a href='https:\/\/www.visit-ulcinj.com\/blog\/wp-content\/uploads\/2011\/12\/Kuvendi-themelues-i-Partis\u00eb-Demokratike.13.jpg'><img width=\"150\" height=\"150\" src=\"https:\/\/www.visit-ulcinj.com\/blog\/wp-content\/uploads\/2011\/12\/Kuvendi-themelues-i-Partis\u00eb-Demokratike.13-150x150.jpg\" class=\"attachment-thumbnail size-thumbnail\" alt=\"\" loading=\"lazy\" \/><\/a>\n\t\t\t<\/dt><\/dl><dl class='gallery-item'>\n\t\t\t<dt class='gallery-icon landscape'>\n\t\t\t\t<a href='https:\/\/www.visit-ulcinj.com\/blog\/wp-content\/uploads\/2011\/12\/Kuvendi-themelues-i-Partis\u00eb-Demokratike.14.jpg'><img width=\"150\" height=\"150\" src=\"https:\/\/www.visit-ulcinj.com\/blog\/wp-content\/uploads\/2011\/12\/Kuvendi-themelues-i-Partis\u00eb-Demokratike.14-150x150.jpg\" class=\"attachment-thumbnail size-thumbnail\" alt=\"\" loading=\"lazy\" \/><\/a>\n\t\t\t<\/dt><\/dl><br style=\"clear: both\" \/><dl class='gallery-item'>\n\t\t\t<dt class='gallery-icon landscape'>\n\t\t\t\t<a href='https:\/\/www.visit-ulcinj.com\/blog\/wp-content\/uploads\/2011\/12\/Kuvendi-themelues-i-Partis\u00eb-Demokratike.15.jpg'><img width=\"150\" height=\"150\" src=\"https:\/\/www.visit-ulcinj.com\/blog\/wp-content\/uploads\/2011\/12\/Kuvendi-themelues-i-Partis\u00eb-Demokratike.15-150x150.jpg\" class=\"attachment-thumbnail size-thumbnail\" alt=\"\" loading=\"lazy\" \/><\/a>\n\t\t\t<\/dt><\/dl><dl class='gallery-item'>\n\t\t\t<dt class='gallery-icon landscape'>\n\t\t\t\t<a href='https:\/\/www.visit-ulcinj.com\/blog\/wp-content\/uploads\/2011\/12\/Kuvendi-themelues-i-Partis\u00eb-Demokratike.16.jpg'><img width=\"150\" height=\"150\" src=\"https:\/\/www.visit-ulcinj.com\/blog\/wp-content\/uploads\/2011\/12\/Kuvendi-themelues-i-Partis\u00eb-Demokratike.16-150x150.jpg\" class=\"attachment-thumbnail size-thumbnail\" alt=\"\" loading=\"lazy\" \/><\/a>\n\t\t\t<\/dt><\/dl><dl class='gallery-item'>\n\t\t\t<dt class='gallery-icon landscape'>\n\t\t\t\t<a href='https:\/\/www.visit-ulcinj.com\/blog\/wp-content\/uploads\/2011\/12\/Kuvendi-themelues-i-Partis\u00eb-Demokratike.17.jpg'><img width=\"150\" height=\"150\" src=\"https:\/\/www.visit-ulcinj.com\/blog\/wp-content\/uploads\/2011\/12\/Kuvendi-themelues-i-Partis\u00eb-Demokratike.17-150x150.jpg\" class=\"attachment-thumbnail size-thumbnail\" alt=\"\" loading=\"lazy\" \/><\/a>\n\t\t\t<\/dt><\/dl><br style=\"clear: both\" \/><dl class='gallery-item'>\n\t\t\t<dt class='gallery-icon landscape'>\n\t\t\t\t<a href='https:\/\/www.visit-ulcinj.com\/blog\/wp-content\/uploads\/2011\/12\/Kuvendi-themelues-i-Partis\u00eb-Demokratike.18.jpg'><img width=\"150\" height=\"150\" src=\"https:\/\/www.visit-ulcinj.com\/blog\/wp-content\/uploads\/2011\/12\/Kuvendi-themelues-i-Partis\u00eb-Demokratike.18-150x150.jpg\" class=\"attachment-thumbnail size-thumbnail\" alt=\"\" loading=\"lazy\" \/><\/a>\n\t\t\t<\/dt><\/dl><dl class='gallery-item'>\n\t\t\t<dt class='gallery-icon landscape'>\n\t\t\t\t<a href='https:\/\/www.visit-ulcinj.com\/blog\/wp-content\/uploads\/2011\/12\/Kuvendi-themelues-i-Partis\u00eb-Demokratike.19.jpg'><img width=\"150\" height=\"150\" src=\"https:\/\/www.visit-ulcinj.com\/blog\/wp-content\/uploads\/2011\/12\/Kuvendi-themelues-i-Partis\u00eb-Demokratike.19-150x150.jpg\" class=\"attachment-thumbnail size-thumbnail\" alt=\"\" loading=\"lazy\" \/><\/a>\n\t\t\t<\/dt><\/dl><dl class='gallery-item'>\n\t\t\t<dt class='gallery-icon landscape'>\n\t\t\t\t<a href='https:\/\/www.visit-ulcinj.com\/blog\/wp-content\/uploads\/2011\/12\/Kuvendi-themelues-i-Partis\u00eb-Demokratike.20.jpg'><img width=\"150\" height=\"150\" src=\"https:\/\/www.visit-ulcinj.com\/blog\/wp-content\/uploads\/2011\/12\/Kuvendi-themelues-i-Partis\u00eb-Demokratike.20-150x150.jpg\" class=\"attachment-thumbnail size-thumbnail\" alt=\"\" loading=\"lazy\" \/><\/a>\n\t\t\t<\/dt><\/dl><br style=\"clear: both\" \/><dl class='gallery-item'>\n\t\t\t<dt class='gallery-icon landscape'>\n\t\t\t\t<a href='https:\/\/www.visit-ulcinj.com\/blog\/wp-content\/uploads\/2011\/12\/Kuvendi-themelues-i-Partis\u00eb-Demokratike.21.jpg'><img width=\"150\" height=\"150\" src=\"https:\/\/www.visit-ulcinj.com\/blog\/wp-content\/uploads\/2011\/12\/Kuvendi-themelues-i-Partis\u00eb-Demokratike.21-150x150.jpg\" class=\"attachment-thumbnail size-thumbnail\" alt=\"\" loading=\"lazy\" \/><\/a>\n\t\t\t<\/dt><\/dl><dl class='gallery-item'>\n\t\t\t<dt class='gallery-icon landscape'>\n\t\t\t\t<a href='https:\/\/www.visit-ulcinj.com\/blog\/wp-content\/uploads\/2011\/12\/Kuvendi-themelues-i-Partis\u00eb-Demokratike.22.jpg'><img width=\"150\" height=\"150\" src=\"https:\/\/www.visit-ulcinj.com\/blog\/wp-content\/uploads\/2011\/12\/Kuvendi-themelues-i-Partis\u00eb-Demokratike.22-150x150.jpg\" class=\"attachment-thumbnail size-thumbnail\" alt=\"\" loading=\"lazy\" \/><\/a>\n\t\t\t<\/dt><\/dl><dl class='gallery-item'>\n\t\t\t<dt class='gallery-icon landscape'>\n\t\t\t\t<a href='https:\/\/www.visit-ulcinj.com\/blog\/wp-content\/uploads\/2011\/12\/Kuvendi-themelues-i-Partis\u00eb-Demokratike.23.jpg'><img width=\"150\" height=\"150\" src=\"https:\/\/www.visit-ulcinj.com\/blog\/wp-content\/uploads\/2011\/12\/Kuvendi-themelues-i-Partis\u00eb-Demokratike.23-150x150.jpg\" class=\"attachment-thumbnail size-thumbnail\" alt=\"\" loading=\"lazy\" \/><\/a>\n\t\t\t<\/dt><\/dl><br style=\"clear: both\" \/><dl class='gallery-item'>\n\t\t\t<dt class='gallery-icon landscape'>\n\t\t\t\t<a href='https:\/\/www.visit-ulcinj.com\/blog\/wp-content\/uploads\/2011\/12\/Kuvendi-themelues-i-Partis\u00eb-Demokratike.24.jpg'><img width=\"150\" height=\"150\" src=\"https:\/\/www.visit-ulcinj.com\/blog\/wp-content\/uploads\/2011\/12\/Kuvendi-themelues-i-Partis\u00eb-Demokratike.24-150x150.jpg\" class=\"attachment-thumbnail size-thumbnail\" alt=\"\" loading=\"lazy\" \/><\/a>\n\t\t\t<\/dt><\/dl><dl class='gallery-item'>\n\t\t\t<dt class='gallery-icon landscape'>\n\t\t\t\t<a href='https:\/\/www.visit-ulcinj.com\/blog\/wp-content\/uploads\/2011\/12\/Kuvendi-themelues-i-Partis\u00eb-Demokratike.25.jpg'><img width=\"150\" height=\"150\" src=\"https:\/\/www.visit-ulcinj.com\/blog\/wp-content\/uploads\/2011\/12\/Kuvendi-themelues-i-Partis\u00eb-Demokratike.25-150x150.jpg\" class=\"attachment-thumbnail size-thumbnail\" alt=\"\" loading=\"lazy\" \/><\/a>\n\t\t\t<\/dt><\/dl><dl class='gallery-item'>\n\t\t\t<dt class='gallery-icon portrait'>\n\t\t\t\t<a href='https:\/\/www.visit-ulcinj.com\/blog\/wp-content\/uploads\/2011\/12\/Kuvendi-themelues-i-Partis\u00eb-Demokratike.26.jpg'><img width=\"150\" height=\"150\" src=\"https:\/\/www.visit-ulcinj.com\/blog\/wp-content\/uploads\/2011\/12\/Kuvendi-themelues-i-Partis\u00eb-Demokratike.26-150x150.jpg\" class=\"attachment-thumbnail size-thumbnail\" alt=\"\" loading=\"lazy\" \/><\/a>\n\t\t\t<\/dt><\/dl><br style=\"clear: both\" \/><dl class='gallery-item'>\n\t\t\t<dt class='gallery-icon landscape'>\n\t\t\t\t<a href='https:\/\/www.visit-ulcinj.com\/blog\/wp-content\/uploads\/2011\/12\/Kuvendi-themelues-i-Partis\u00eb-Demokratike.27.jpg'><img width=\"150\" height=\"150\" src=\"https:\/\/www.visit-ulcinj.com\/blog\/wp-content\/uploads\/2011\/12\/Kuvendi-themelues-i-Partis\u00eb-Demokratike.27-150x150.jpg\" class=\"attachment-thumbnail size-thumbnail\" alt=\"\" loading=\"lazy\" \/><\/a>\n\t\t\t<\/dt><\/dl><dl class='gallery-item'>\n\t\t\t<dt class='gallery-icon landscape'>\n\t\t\t\t<a href='https:\/\/www.visit-ulcinj.com\/blog\/wp-content\/uploads\/2011\/12\/Kuvendi-themelues-i-Partis\u00eb-Demokratike.28.jpg'><img width=\"150\" height=\"150\" src=\"https:\/\/www.visit-ulcinj.com\/blog\/wp-content\/uploads\/2011\/12\/Kuvendi-themelues-i-Partis\u00eb-Demokratike.28-150x150.jpg\" class=\"attachment-thumbnail size-thumbnail\" alt=\"\" loading=\"lazy\" \/><\/a>\n\t\t\t<\/dt><\/dl><dl class='gallery-item'>\n\t\t\t<dt class='gallery-icon landscape'>\n\t\t\t\t<a href='https:\/\/www.visit-ulcinj.com\/blog\/wp-content\/uploads\/2011\/12\/Kuvendi-themelues-i-Partis\u00eb-Demokratike.29.jpg'><img width=\"150\" height=\"150\" src=\"https:\/\/www.visit-ulcinj.com\/blog\/wp-content\/uploads\/2011\/12\/Kuvendi-themelues-i-Partis\u00eb-Demokratike.29-150x150.jpg\" class=\"attachment-thumbnail size-thumbnail\" alt=\"\" loading=\"lazy\" \/><\/a>\n\t\t\t<\/dt><\/dl><br style=\"clear: both\" \/><dl class='gallery-item'>\n\t\t\t<dt class='gallery-icon landscape'>\n\t\t\t\t<a href='https:\/\/www.visit-ulcinj.com\/blog\/wp-content\/uploads\/2011\/12\/Kuvendi-themelues-i-Partis\u00eb-Demokratike.30.jpg'><img width=\"150\" height=\"150\" src=\"https:\/\/www.visit-ulcinj.com\/blog\/wp-content\/uploads\/2011\/12\/Kuvendi-themelues-i-Partis\u00eb-Demokratike.30-150x150.jpg\" class=\"attachment-thumbnail size-thumbnail\" alt=\"\" loading=\"lazy\" \/><\/a>\n\t\t\t<\/dt><\/dl><dl class='gallery-item'>\n\t\t\t<dt class='gallery-icon landscape'>\n\t\t\t\t<a href='https:\/\/www.visit-ulcinj.com\/blog\/wp-content\/uploads\/2011\/12\/Kuvendi-themelues-i-Partis\u00eb-Demokratike.31.jpg'><img width=\"150\" height=\"150\" src=\"https:\/\/www.visit-ulcinj.com\/blog\/wp-content\/uploads\/2011\/12\/Kuvendi-themelues-i-Partis\u00eb-Demokratike.31-150x150.jpg\" class=\"attachment-thumbnail size-thumbnail\" alt=\"\" loading=\"lazy\" \/><\/a>\n\t\t\t<\/dt><\/dl><dl class='gallery-item'>\n\t\t\t<dt class='gallery-icon landscape'>\n\t\t\t\t<a href='https:\/\/www.visit-ulcinj.com\/blog\/wp-content\/uploads\/2011\/12\/Kuvendi-themelues-i-Partis\u00eb-Demokratike.32.jpg'><img width=\"150\" height=\"150\" src=\"https:\/\/www.visit-ulcinj.com\/blog\/wp-content\/uploads\/2011\/12\/Kuvendi-themelues-i-Partis\u00eb-Demokratike.32-150x150.jpg\" class=\"attachment-thumbnail size-thumbnail\" alt=\"\" loading=\"lazy\" \/><\/a>\n\t\t\t<\/dt><\/dl><br style=\"clear: both\" \/><dl class='gallery-item'>\n\t\t\t<dt class='gallery-icon landscape'>\n\t\t\t\t<a href='https:\/\/www.visit-ulcinj.com\/blog\/wp-content\/uploads\/2011\/12\/Kuvendi-themelues-i-Partis\u00eb-Demokratike.33.jpg'><img width=\"150\" height=\"150\" src=\"https:\/\/www.visit-ulcinj.com\/blog\/wp-content\/uploads\/2011\/12\/Kuvendi-themelues-i-Partis\u00eb-Demokratike.33-150x150.jpg\" class=\"attachment-thumbnail size-thumbnail\" alt=\"\" loading=\"lazy\" \/><\/a>\n\t\t\t<\/dt><\/dl><dl class='gallery-item'>\n\t\t\t<dt class='gallery-icon landscape'>\n\t\t\t\t<a href='https:\/\/www.visit-ulcinj.com\/blog\/wp-content\/uploads\/2011\/12\/Kuvendi-themelues-i-Partis\u00eb-Demokratike.34.jpg'><img width=\"150\" height=\"150\" src=\"https:\/\/www.visit-ulcinj.com\/blog\/wp-content\/uploads\/2011\/12\/Kuvendi-themelues-i-Partis\u00eb-Demokratike.34-150x150.jpg\" class=\"attachment-thumbnail size-thumbnail\" alt=\"\" loading=\"lazy\" \/><\/a>\n\t\t\t<\/dt><\/dl><dl class='gallery-item'>\n\t\t\t<dt class='gallery-icon landscape'>\n\t\t\t\t<a href='https:\/\/www.visit-ulcinj.com\/blog\/wp-content\/uploads\/2011\/12\/Kuvendi-themelues-i-Partis\u00eb-Demokratike.35.jpg'><img width=\"150\" height=\"150\" src=\"https:\/\/www.visit-ulcinj.com\/blog\/wp-content\/uploads\/2011\/12\/Kuvendi-themelues-i-Partis\u00eb-Demokratike.35-150x150.jpg\" class=\"attachment-thumbnail size-thumbnail\" alt=\"\" loading=\"lazy\" \/><\/a>\n\t\t\t<\/dt><\/dl><br style=\"clear: both\" \/><dl class='gallery-item'>\n\t\t\t<dt class='gallery-icon landscape'>\n\t\t\t\t<a href='https:\/\/www.visit-ulcinj.com\/blog\/wp-content\/uploads\/2011\/12\/Kuvendi-themelues-i-Partis\u00eb-Demokratike.36.jpg'><img width=\"150\" height=\"150\" src=\"https:\/\/www.visit-ulcinj.com\/blog\/wp-content\/uploads\/2011\/12\/Kuvendi-themelues-i-Partis\u00eb-Demokratike.36-150x150.jpg\" class=\"attachment-thumbnail size-thumbnail\" alt=\"\" loading=\"lazy\" \/><\/a>\n\t\t\t<\/dt><\/dl><dl class='gallery-item'>\n\t\t\t<dt class='gallery-icon landscape'>\n\t\t\t\t<a href='https:\/\/www.visit-ulcinj.com\/blog\/wp-content\/uploads\/2011\/12\/Kuvendi-themelues-i-Partis\u00eb-Demokratike.37.jpg'><img width=\"150\" height=\"150\" src=\"https:\/\/www.visit-ulcinj.com\/blog\/wp-content\/uploads\/2011\/12\/Kuvendi-themelues-i-Partis\u00eb-Demokratike.37-150x150.jpg\" class=\"attachment-thumbnail size-thumbnail\" alt=\"\" loading=\"lazy\" \/><\/a>\n\t\t\t<\/dt><\/dl><dl class='gallery-item'>\n\t\t\t<dt class='gallery-icon landscape'>\n\t\t\t\t<a href='https:\/\/www.visit-ulcinj.com\/blog\/wp-content\/uploads\/2011\/12\/Kuvendi-themelues-i-Partis\u00eb-Demokratike.38.jpg'><img width=\"150\" height=\"150\" src=\"https:\/\/www.visit-ulcinj.com\/blog\/wp-content\/uploads\/2011\/12\/Kuvendi-themelues-i-Partis\u00eb-Demokratike.38-150x150.jpg\" class=\"attachment-thumbnail size-thumbnail\" alt=\"\" loading=\"lazy\" \/><\/a>\n\t\t\t<\/dt><\/dl><br style=\"clear: both\" \/>\n\t\t<\/div>\n<\/h2>\n<p>&nbsp;<\/p>\n","protected":false},"excerpt":{"rendered":"<p>Sot n\u00eb Ulqin, n\u00eb sall\u00ebn e Qendres p\u00ebr kultur\u00eb u mbajt kuvendi themelues i partis\u00eb m\u00eb t\u00eb re shqiptare n\u00eb Mal t\u00eb Zi, Partis\u00eb Demokratike. Kuvendi p\u00ebr kryetar t\u00eb partis\u00eb\u00a0 zgjodhi Fatmir Gjek\u00ebn, p\u00ebr n\u00ebnkryetar\u00eb Astrit Kurtin dhe Fehim Avdiun, kurse funksionin e sekretarit t\u00eb p\u00ebrgjithh\u00ebm t\u00eb partis\u00eb do ta mbuloj\u00eb Haxhi Sulejmani. Kuvendi miratoi [&hellip;]<\/p>\n","protected":false},"author":1,"featured_media":0,"comment_status":"open","ping_status":"closed","sticky":false,"template":"","format":"standard","meta":{"spay_email":"","jetpack_publicize_message":"","jetpack_is_tweetstorm":false,"jetpack_publicize_feature_enabled":true},"categories":[1,6],"tags":[200,18],"jetpack_publicize_connections":[],"yoast_head":"<!-- This site is optimized with the Yoast SEO plugin v19.1 - https:\/\/yoast.com\/wordpress\/plugins\/seo\/ -->\n<title>N\u00eb Ulqin,u mbajt kuvendi themelues i Partis\u00eb Demokratike - 43 Fotografi - Lajme nga Ulqini<\/title>\n<meta name=\"description\" content=\"Sot n\u00eb Ulqin, n\u00eb sall\u00ebn e Qendres p\u00ebr kultur\u00eb u mbajt kuvendi themelues i partis\u00eb m\u00eb t\u00eb re shqiptare n\u00eb Mal t\u00eb Zi, Partis\u00eb Demokratike. Kuvendi p\u00ebr\" \/>\n<meta name=\"robots\" content=\"index, follow, max-snippet:-1, max-image-preview:large, max-video-preview:-1\" \/>\n<link rel=\"canonical\" href=\"https:\/\/www.visit-ulcinj.com\/blog\/2011\/12\/24\/ne-ulqinu-mbajt-kuvendi-themelues-i-partise-demokratike-43-fotografi\/\" \/>\n<meta property=\"og:locale\" content=\"en_US\" \/>\n<meta property=\"og:type\" content=\"article\" \/>\n<meta property=\"og:title\" content=\"N\u00eb Ulqin,u mbajt kuvendi themelues i Partis\u00eb Demokratike - 43 Fotografi - Lajme nga Ulqini\" \/>\n<meta property=\"og:description\" content=\"Sot n\u00eb Ulqin, n\u00eb sall\u00ebn e Qendres p\u00ebr kultur\u00eb u mbajt kuvendi themelues i partis\u00eb m\u00eb t\u00eb re shqiptare n\u00eb Mal t\u00eb Zi, Partis\u00eb Demokratike. Kuvendi p\u00ebr\" \/>\n<meta property=\"og:url\" content=\"https:\/\/www.visit-ulcinj.com\/blog\/2011\/12\/24\/ne-ulqinu-mbajt-kuvendi-themelues-i-partise-demokratike-43-fotografi\/\" \/>\n<meta property=\"og:site_name\" content=\"Lajme nga Ulqini\" \/>\n<meta property=\"article:published_time\" content=\"2011-12-24T19:53:43+00:00\" \/>\n<meta property=\"article:modified_time\" content=\"2011-12-28T10:50:54+00:00\" \/>\n<meta property=\"og:image\" content=\"https:\/\/www.visit-ulcinj.com\/blog\/wp-content\/uploads\/2011\/12\/partia-demokratike-150x150.jpg\" \/>\n<meta name=\"twitter:label1\" content=\"Written by\" \/>\n\t<meta name=\"twitter:data1\" content=\"ulqini\" \/>\n\t<meta name=\"twitter:label2\" content=\"Est. reading time\" \/>\n\t<meta name=\"twitter:data2\" content=\"1 minute\" \/>\n<script type=\"application\/ld+json\" class=\"yoast-schema-graph\">{\"@context\":\"https:\/\/schema.org\",\"@graph\":[{\"@type\":\"WebSite\",\"@id\":\"https:\/\/www.visit-ulcinj.com\/blog\/#website\",\"url\":\"https:\/\/www.visit-ulcinj.com\/blog\/\",\"name\":\"Lajme nga Ulqini\",\"description\":\"Lajme,Vijesti,Ulqini,Ulqin,Crna Gora,Mali i Zi\",\"potentialAction\":[{\"@type\":\"SearchAction\",\"target\":{\"@type\":\"EntryPoint\",\"urlTemplate\":\"https:\/\/www.visit-ulcinj.com\/blog\/?s={search_term_string}\"},\"query-input\":\"required name=search_term_string\"}],\"inLanguage\":\"en-US\"},{\"@type\":\"ImageObject\",\"inLanguage\":\"en-US\",\"@id\":\"https:\/\/www.visit-ulcinj.com\/blog\/2011\/12\/24\/ne-ulqinu-mbajt-kuvendi-themelues-i-partise-demokratike-43-fotografi\/#primaryimage\",\"url\":\"http:\/\/www.visit-ulcinj.com\/blog\/wp-content\/uploads\/2011\/12\/Kuvendi-themelues-i-Partis%C3%AB-Demokratike.jpg\",\"contentUrl\":\"http:\/\/www.visit-ulcinj.com\/blog\/wp-content\/uploads\/2011\/12\/Kuvendi-themelues-i-Partis%C3%AB-Demokratike.jpg\"},{\"@type\":\"WebPage\",\"@id\":\"https:\/\/www.visit-ulcinj.com\/blog\/2011\/12\/24\/ne-ulqinu-mbajt-kuvendi-themelues-i-partise-demokratike-43-fotografi\/#webpage\",\"url\":\"https:\/\/www.visit-ulcinj.com\/blog\/2011\/12\/24\/ne-ulqinu-mbajt-kuvendi-themelues-i-partise-demokratike-43-fotografi\/\",\"name\":\"N\u00eb Ulqin,u mbajt kuvendi themelues i Partis\u00eb Demokratike - 43 Fotografi - Lajme nga Ulqini\",\"isPartOf\":{\"@id\":\"https:\/\/www.visit-ulcinj.com\/blog\/#website\"},\"primaryImageOfPage\":{\"@id\":\"https:\/\/www.visit-ulcinj.com\/blog\/2011\/12\/24\/ne-ulqinu-mbajt-kuvendi-themelues-i-partise-demokratike-43-fotografi\/#primaryimage\"},\"datePublished\":\"2011-12-24T19:53:43+00:00\",\"dateModified\":\"2011-12-28T10:50:54+00:00\",\"author\":{\"@id\":\"https:\/\/www.visit-ulcinj.com\/blog\/#\/schema\/person\/dcab619c614d3038751c63bc2aadc06d\"},\"description\":\"Sot n\u00eb Ulqin, n\u00eb sall\u00ebn e Qendres p\u00ebr kultur\u00eb u mbajt kuvendi themelues i partis\u00eb m\u00eb t\u00eb re shqiptare n\u00eb Mal t\u00eb Zi, Partis\u00eb Demokratike. Kuvendi p\u00ebr\",\"breadcrumb\":{\"@id\":\"https:\/\/www.visit-ulcinj.com\/blog\/2011\/12\/24\/ne-ulqinu-mbajt-kuvendi-themelues-i-partise-demokratike-43-fotografi\/#breadcrumb\"},\"inLanguage\":\"en-US\",\"potentialAction\":[{\"@type\":\"ReadAction\",\"target\":[\"https:\/\/www.visit-ulcinj.com\/blog\/2011\/12\/24\/ne-ulqinu-mbajt-kuvendi-themelues-i-partise-demokratike-43-fotografi\/\"]}]},{\"@type\":\"BreadcrumbList\",\"@id\":\"https:\/\/www.visit-ulcinj.com\/blog\/2011\/12\/24\/ne-ulqinu-mbajt-kuvendi-themelues-i-partise-demokratike-43-fotografi\/#breadcrumb\",\"itemListElement\":[{\"@type\":\"ListItem\",\"position\":1,\"name\":\"N\u00eb Ulqin,u mbajt kuvendi themelues i Partis\u00eb Demokratike &#8211; 43 Fotografi\"}]},{\"@type\":\"Person\",\"@id\":\"https:\/\/www.visit-ulcinj.com\/blog\/#\/schema\/person\/dcab619c614d3038751c63bc2aadc06d\",\"name\":\"ulqini\",\"sameAs\":[\"http:\/\/www.visit-ulcinj.com\"],\"url\":\"https:\/\/www.visit-ulcinj.com\/blog\/author\/admin\/\"}]}<\/script>\n<!-- \/ Yoast SEO plugin. -->","yoast_head_json":{"title":"N\u00eb Ulqin,u mbajt kuvendi themelues i Partis\u00eb Demokratike - 43 Fotografi - Lajme nga Ulqini","description":"Sot n\u00eb Ulqin, n\u00eb sall\u00ebn e Qendres p\u00ebr kultur\u00eb u mbajt kuvendi themelues i partis\u00eb m\u00eb t\u00eb re shqiptare n\u00eb Mal t\u00eb Zi, Partis\u00eb Demokratike. Kuvendi p\u00ebr","robots":{"index":"index","follow":"follow","max-snippet":"max-snippet:-1","max-image-preview":"max-image-preview:large","max-video-preview":"max-video-preview:-1"},"canonical":"https:\/\/www.visit-ulcinj.com\/blog\/2011\/12\/24\/ne-ulqinu-mbajt-kuvendi-themelues-i-partise-demokratike-43-fotografi\/","og_locale":"en_US","og_type":"article","og_title":"N\u00eb Ulqin,u mbajt kuvendi themelues i Partis\u00eb Demokratike - 43 Fotografi - Lajme nga Ulqini","og_description":"Sot n\u00eb Ulqin, n\u00eb sall\u00ebn e Qendres p\u00ebr kultur\u00eb u mbajt kuvendi themelues i partis\u00eb m\u00eb t\u00eb re shqiptare n\u00eb Mal t\u00eb Zi, Partis\u00eb Demokratike. Kuvendi p\u00ebr","og_url":"https:\/\/www.visit-ulcinj.com\/blog\/2011\/12\/24\/ne-ulqinu-mbajt-kuvendi-themelues-i-partise-demokratike-43-fotografi\/","og_site_name":"Lajme nga Ulqini","article_published_time":"2011-12-24T19:53:43+00:00","article_modified_time":"2011-12-28T10:50:54+00:00","og_image":[{"url":"https:\/\/www.visit-ulcinj.com\/blog\/wp-content\/uploads\/2011\/12\/partia-demokratike-150x150.jpg"}],"twitter_misc":{"Written by":"ulqini","Est. reading time":"1 minute"},"schema":{"@context":"https:\/\/schema.org","@graph":[{"@type":"WebSite","@id":"https:\/\/www.visit-ulcinj.com\/blog\/#website","url":"https:\/\/www.visit-ulcinj.com\/blog\/","name":"Lajme nga Ulqini","description":"Lajme,Vijesti,Ulqini,Ulqin,Crna Gora,Mali i Zi","potentialAction":[{"@type":"SearchAction","target":{"@type":"EntryPoint","urlTemplate":"https:\/\/www.visit-ulcinj.com\/blog\/?s={search_term_string}"},"query-input":"required name=search_term_string"}],"inLanguage":"en-US"},{"@type":"ImageObject","inLanguage":"en-US","@id":"https:\/\/www.visit-ulcinj.com\/blog\/2011\/12\/24\/ne-ulqinu-mbajt-kuvendi-themelues-i-partise-demokratike-43-fotografi\/#primaryimage","url":"http:\/\/www.visit-ulcinj.com\/blog\/wp-content\/uploads\/2011\/12\/Kuvendi-themelues-i-Partis%C3%AB-Demokratike.jpg","contentUrl":"http:\/\/www.visit-ulcinj.com\/blog\/wp-content\/uploads\/2011\/12\/Kuvendi-themelues-i-Partis%C3%AB-Demokratike.jpg"},{"@type":"WebPage","@id":"https:\/\/www.visit-ulcinj.com\/blog\/2011\/12\/24\/ne-ulqinu-mbajt-kuvendi-themelues-i-partise-demokratike-43-fotografi\/#webpage","url":"https:\/\/www.visit-ulcinj.com\/blog\/2011\/12\/24\/ne-ulqinu-mbajt-kuvendi-themelues-i-partise-demokratike-43-fotografi\/","name":"N\u00eb Ulqin,u mbajt kuvendi themelues i Partis\u00eb Demokratike - 43 Fotografi - Lajme nga Ulqini","isPartOf":{"@id":"https:\/\/www.visit-ulcinj.com\/blog\/#website"},"primaryImageOfPage":{"@id":"https:\/\/www.visit-ulcinj.com\/blog\/2011\/12\/24\/ne-ulqinu-mbajt-kuvendi-themelues-i-partise-demokratike-43-fotografi\/#primaryimage"},"datePublished":"2011-12-24T19:53:43+00:00","dateModified":"2011-12-28T10:50:54+00:00","author":{"@id":"https:\/\/www.visit-ulcinj.com\/blog\/#\/schema\/person\/dcab619c614d3038751c63bc2aadc06d"},"description":"Sot n\u00eb Ulqin, n\u00eb sall\u00ebn e Qendres p\u00ebr kultur\u00eb u mbajt kuvendi themelues i partis\u00eb m\u00eb t\u00eb re shqiptare n\u00eb Mal t\u00eb Zi, Partis\u00eb Demokratike. Kuvendi p\u00ebr","breadcrumb":{"@id":"https:\/\/www.visit-ulcinj.com\/blog\/2011\/12\/24\/ne-ulqinu-mbajt-kuvendi-themelues-i-partise-demokratike-43-fotografi\/#breadcrumb"},"inLanguage":"en-US","potentialAction":[{"@type":"ReadAction","target":["https:\/\/www.visit-ulcinj.com\/blog\/2011\/12\/24\/ne-ulqinu-mbajt-kuvendi-themelues-i-partise-demokratike-43-fotografi\/"]}]},{"@type":"BreadcrumbList","@id":"https:\/\/www.visit-ulcinj.com\/blog\/2011\/12\/24\/ne-ulqinu-mbajt-kuvendi-themelues-i-partise-demokratike-43-fotografi\/#breadcrumb","itemListElement":[{"@type":"ListItem","position":1,"name":"N\u00eb Ulqin,u mbajt kuvendi themelues i Partis\u00eb Demokratike &#8211; 43 Fotografi"}]},{"@type":"Person","@id":"https:\/\/www.visit-ulcinj.com\/blog\/#\/schema\/person\/dcab619c614d3038751c63bc2aadc06d","name":"ulqini","sameAs":["http:\/\/www.visit-ulcinj.com"],"url":"https:\/\/www.visit-ulcinj.com\/blog\/author\/admin\/"}]}},"jetpack_featured_media_url":"","jetpack_sharing_enabled":true,"jetpack_shortlink":"https:\/\/wp.me\/pe6lTn-efX","_links":{"self":[{"href":"https:\/\/www.visit-ulcinj.com\/blog\/wp-json\/wp\/v2\/posts\/54805"}],"collection":[{"href":"https:\/\/www.visit-ulcinj.com\/blog\/wp-json\/wp\/v2\/posts"}],"about":[{"href":"https:\/\/www.visit-ulcinj.com\/blog\/wp-json\/wp\/v2\/types\/post"}],"author":[{"embeddable":true,"href":"https:\/\/www.visit-ulcinj.com\/blog\/wp-json\/wp\/v2\/users\/1"}],"replies":[{"embeddable":true,"href":"https:\/\/www.visit-ulcinj.com\/blog\/wp-json\/wp\/v2\/comments?post=54805"}],"version-history":[{"count":21,"href":"https:\/\/www.visit-ulcinj.com\/blog\/wp-json\/wp\/v2\/posts\/54805\/revisions"}],"predecessor-version":[{"id":55180,"href":"https:\/\/www.visit-ulcinj.com\/blog\/wp-json\/wp\/v2\/posts\/54805\/revisions\/55180"}],"wp:attachment":[{"href":"https:\/\/www.visit-ulcinj.com\/blog\/wp-json\/wp\/v2\/media?parent=54805"}],"wp:term":[{"taxonomy":"category","embeddable":true,"href":"https:\/\/www.visit-ulcinj.com\/blog\/wp-json\/wp\/v2\/categories?post=54805"},{"taxonomy":"post_tag","embeddable":true,"href":"https:\/\/www.visit-ulcinj.com\/blog\/wp-json\/wp\/v2\/tags?post=54805"}],"curies":[{"name":"wp","href":"https:\/\/api.w.org\/{rel}","templated":true}]}}