{"id":54825,"date":"2011-12-24T21:10:52","date_gmt":"2011-12-24T20:10:52","guid":{"rendered":"http:\/\/www.visit-ulcinj.com\/blog\/?p=54825"},"modified":"2011-12-25T14:49:19","modified_gmt":"2011-12-25T13:49:19","slug":"ali-rexhen-e-largojne-edhe-nga-partia","status":"publish","type":"post","link":"https:\/\/www.visit-ulcinj.com\/blog\/2011\/12\/24\/ali-rexhen-e-largojne-edhe-nga-partia\/","title":{"rendered":"Ali Rexh\u00ebn e largojn\u00eb edhe nga partia?"},"content":{"rendered":"<p><a href=\"http:\/\/www.visit-ulcinj.com\/blog\/wp-content\/uploads\/2011\/12\/Ali-Rexha_Lideri-i-PPD_se.jpg.1.jpg\"><img loading=\"lazy\" class=\"alignleft size-full wp-image-54826\" title=\"Ali-Rexha_Lideri-i-PPD_se.jpg.1\" src=\"http:\/\/www.visit-ulcinj.com\/blog\/wp-content\/uploads\/2011\/12\/Ali-Rexha_Lideri-i-PPD_se.jpg.1.jpg\" alt=\"\" width=\"508\" height=\"380\" srcset=\"https:\/\/www.visit-ulcinj.com\/blog\/wp-content\/uploads\/2011\/12\/Ali-Rexha_Lideri-i-PPD_se.jpg.1.jpg 1024w, https:\/\/www.visit-ulcinj.com\/blog\/wp-content\/uploads\/2011\/12\/Ali-Rexha_Lideri-i-PPD_se.jpg.1-300x225.jpg 300w\" sizes=\"(max-width: 508px) 100vw, 508px\" \/><\/a>Nj\u00eb dit\u00eb m\u00eb par\u00eb, pjesa e an\u00ebtar\u00ebsis\u00eb dhe udh\u00ebheq\u00ebsis\u00eb s\u00eb PPD e cila hyri n\u00eb bllok me partin\u00eb e re t\u00eb formuar, Partin\u00eb Demokratike, \u00ebsht\u00eb drejtuar opinionit me nj\u00eb deklarate publike ku thuhet se me shumic\u00ebn e votave t\u00eb K\u00ebshillit Drejtues t\u00eb k\u00ebsaj partie, pas shum\u00eb muajsh \u00ebsht\u00eb b\u00ebr\u00eb e mundur puna e partis\u00eb &#8220;t\u00eb cil\u00ebn e ka penguar deri tani kryetari n\u00eb largimi saj Ali Rexha&#8221;, citon Vijesti.<\/p>\n<p>&#8220;Tani jan\u00eb pjekur kushtet p\u00ebr thirrjen e kongresit t\u00eb jasht\u00ebzakonsh\u00ebm t\u00eb partis\u00eb. Udh\u00ebheq\u00ebsia e partis\u00eb, n\u00eb p\u00ebrputhje me statutin, rekomandon bashkimin me Partin\u00eb Demokratike&#8221;, thuhet n\u00eb deklarat\u00eb n\u00eb t\u00eb cil\u00ebn Rexha akuzohet edhe p\u00ebr akte korruptive. &#8221; N\u00ebse \u00ebsht\u00eb e nevojshme, Rexh\u00ebs edhe n\u00eb m\u00ebnyr\u00eb gjygj\u00ebsore do ia hjekim t\u00eb drejt\u00ebn e p\u00ebrdorimit t\u00eb lokaleve t\u00eb partis\u00eb, makin\u00ebs zyrtare dhe 10 mij\u00eb eurove, t\u00eb cilat kan\u00eb arritur n\u00eb llogarin\u00eb bankare, vet\u00ebm disa muaj para p\u00ebrfundimit t\u00eb koalicionit&#8221; thuhet n\u00eb deklarat\u00eb. <strong>\/Ulqini Online\/<\/strong><\/p>\n<h2><a href=\"http:\/\/www.ulqini-online.com\/index.php\" target=\"_blank\"><strong>Lexo m\u00eb shum\u00eb &lt;&lt; Ulqini-Online &gt;&gt;<\/strong><\/a><\/h2>\n","protected":false},"excerpt":{"rendered":"<p>Nj\u00eb dit\u00eb m\u00eb par\u00eb, pjesa e an\u00ebtar\u00ebsis\u00eb dhe udh\u00ebheq\u00ebsis\u00eb s\u00eb PPD e cila hyri n\u00eb bllok me partin\u00eb e re t\u00eb formuar, Partin\u00eb Demokratike, \u00ebsht\u00eb drejtuar opinionit me nj\u00eb deklarate publike ku thuhet se me shumic\u00ebn e votave t\u00eb K\u00ebshillit Drejtues t\u00eb k\u00ebsaj partie, pas shum\u00eb muajsh \u00ebsht\u00eb b\u00ebr\u00eb e mundur puna e partis\u00eb &#8220;t\u00eb [&hellip;]<\/p>\n","protected":false},"author":1,"featured_media":0,"comment_status":"open","ping_status":"closed","sticky":false,"template":"","format":"standard","meta":{"spay_email":"","jetpack_publicize_message":"","jetpack_is_tweetstorm":false,"jetpack_publicize_feature_enabled":true},"categories":[12],"tags":[200,18],"jetpack_publicize_connections":[],"yoast_head":"<!-- This site is optimized with the Yoast SEO plugin v19.1 - https:\/\/yoast.com\/wordpress\/plugins\/seo\/ -->\n<title>Ali Rexh\u00ebn e largojn\u00eb edhe nga partia? - Lajme nga Ulqini<\/title>\n<meta name=\"description\" content=\"Nj\u00eb dit\u00eb m\u00eb par\u00eb, pjesa e an\u00ebtar\u00ebsis\u00eb dhe udh\u00ebheq\u00ebsis\u00eb s\u00eb PPD e cila hyri n\u00eb bllok me partin\u00eb e re t\u00eb formuar, Partin\u00eb Demokratike, \u00ebsht\u00eb drejtuar\" \/>\n<meta name=\"robots\" content=\"index, follow, max-snippet:-1, max-image-preview:large, max-video-preview:-1\" \/>\n<link rel=\"canonical\" href=\"https:\/\/www.visit-ulcinj.com\/blog\/2011\/12\/24\/ali-rexhen-e-largojne-edhe-nga-partia\/\" \/>\n<meta property=\"og:locale\" content=\"en_US\" \/>\n<meta property=\"og:type\" content=\"article\" \/>\n<meta property=\"og:title\" content=\"Ali Rexh\u00ebn e largojn\u00eb edhe nga partia? - Lajme nga Ulqini\" \/>\n<meta property=\"og:description\" content=\"Nj\u00eb dit\u00eb m\u00eb par\u00eb, pjesa e an\u00ebtar\u00ebsis\u00eb dhe udh\u00ebheq\u00ebsis\u00eb s\u00eb PPD e cila hyri n\u00eb bllok me partin\u00eb e re t\u00eb formuar, Partin\u00eb Demokratike, \u00ebsht\u00eb drejtuar\" \/>\n<meta property=\"og:url\" content=\"https:\/\/www.visit-ulcinj.com\/blog\/2011\/12\/24\/ali-rexhen-e-largojne-edhe-nga-partia\/\" \/>\n<meta property=\"og:site_name\" content=\"Lajme nga Ulqini\" \/>\n<meta property=\"article:published_time\" content=\"2011-12-24T20:10:52+00:00\" \/>\n<meta property=\"article:modified_time\" content=\"2011-12-25T13:49:19+00:00\" \/>\n<meta property=\"og:image\" content=\"http:\/\/www.visit-ulcinj.com\/blog\/wp-content\/uploads\/2011\/12\/Ali-Rexha_Lideri-i-PPD_se.jpg.1.jpg\" \/>\n<meta name=\"twitter:label1\" content=\"Written by\" \/>\n\t<meta name=\"twitter:data1\" content=\"ulqini\" \/>\n\t<meta name=\"twitter:label2\" content=\"Est. reading time\" \/>\n\t<meta name=\"twitter:data2\" content=\"1 minute\" \/>\n<script type=\"application\/ld+json\" class=\"yoast-schema-graph\">{\"@context\":\"https:\/\/schema.org\",\"@graph\":[{\"@type\":\"WebSite\",\"@id\":\"https:\/\/www.visit-ulcinj.com\/blog\/#website\",\"url\":\"https:\/\/www.visit-ulcinj.com\/blog\/\",\"name\":\"Lajme nga Ulqini\",\"description\":\"Lajme,Vijesti,Ulqini,Ulqin,Crna Gora,Mali i Zi\",\"potentialAction\":[{\"@type\":\"SearchAction\",\"target\":{\"@type\":\"EntryPoint\",\"urlTemplate\":\"https:\/\/www.visit-ulcinj.com\/blog\/?s={search_term_string}\"},\"query-input\":\"required name=search_term_string\"}],\"inLanguage\":\"en-US\"},{\"@type\":\"ImageObject\",\"inLanguage\":\"en-US\",\"@id\":\"https:\/\/www.visit-ulcinj.com\/blog\/2011\/12\/24\/ali-rexhen-e-largojne-edhe-nga-partia\/#primaryimage\",\"url\":\"https:\/\/www.visit-ulcinj.com\/blog\/wp-content\/uploads\/2011\/12\/Ali-Rexha_Lideri-i-PPD_se.jpg.1.jpg\",\"contentUrl\":\"https:\/\/www.visit-ulcinj.com\/blog\/wp-content\/uploads\/2011\/12\/Ali-Rexha_Lideri-i-PPD_se.jpg.1.jpg\",\"width\":\"1024\",\"height\":\"768\"},{\"@type\":\"WebPage\",\"@id\":\"https:\/\/www.visit-ulcinj.com\/blog\/2011\/12\/24\/ali-rexhen-e-largojne-edhe-nga-partia\/#webpage\",\"url\":\"https:\/\/www.visit-ulcinj.com\/blog\/2011\/12\/24\/ali-rexhen-e-largojne-edhe-nga-partia\/\",\"name\":\"Ali Rexh\u00ebn e largojn\u00eb edhe nga partia? - Lajme nga Ulqini\",\"isPartOf\":{\"@id\":\"https:\/\/www.visit-ulcinj.com\/blog\/#website\"},\"primaryImageOfPage\":{\"@id\":\"https:\/\/www.visit-ulcinj.com\/blog\/2011\/12\/24\/ali-rexhen-e-largojne-edhe-nga-partia\/#primaryimage\"},\"datePublished\":\"2011-12-24T20:10:52+00:00\",\"dateModified\":\"2011-12-25T13:49:19+00:00\",\"author\":{\"@id\":\"https:\/\/www.visit-ulcinj.com\/blog\/#\/schema\/person\/dcab619c614d3038751c63bc2aadc06d\"},\"description\":\"Nj\u00eb dit\u00eb m\u00eb par\u00eb, pjesa e an\u00ebtar\u00ebsis\u00eb dhe udh\u00ebheq\u00ebsis\u00eb s\u00eb PPD e cila hyri n\u00eb bllok me partin\u00eb e re t\u00eb formuar, Partin\u00eb Demokratike, \u00ebsht\u00eb drejtuar\",\"breadcrumb\":{\"@id\":\"https:\/\/www.visit-ulcinj.com\/blog\/2011\/12\/24\/ali-rexhen-e-largojne-edhe-nga-partia\/#breadcrumb\"},\"inLanguage\":\"en-US\",\"potentialAction\":[{\"@type\":\"ReadAction\",\"target\":[\"https:\/\/www.visit-ulcinj.com\/blog\/2011\/12\/24\/ali-rexhen-e-largojne-edhe-nga-partia\/\"]}]},{\"@type\":\"BreadcrumbList\",\"@id\":\"https:\/\/www.visit-ulcinj.com\/blog\/2011\/12\/24\/ali-rexhen-e-largojne-edhe-nga-partia\/#breadcrumb\",\"itemListElement\":[{\"@type\":\"ListItem\",\"position\":1,\"name\":\"Ali Rexh\u00ebn e largojn\u00eb edhe nga partia?\"}]},{\"@type\":\"Person\",\"@id\":\"https:\/\/www.visit-ulcinj.com\/blog\/#\/schema\/person\/dcab619c614d3038751c63bc2aadc06d\",\"name\":\"ulqini\",\"sameAs\":[\"http:\/\/www.visit-ulcinj.com\"],\"url\":\"https:\/\/www.visit-ulcinj.com\/blog\/author\/admin\/\"}]}<\/script>\n<!-- \/ Yoast SEO plugin. -->","yoast_head_json":{"title":"Ali Rexh\u00ebn e largojn\u00eb edhe nga partia? - Lajme nga Ulqini","description":"Nj\u00eb dit\u00eb m\u00eb par\u00eb, pjesa e an\u00ebtar\u00ebsis\u00eb dhe udh\u00ebheq\u00ebsis\u00eb s\u00eb PPD e cila hyri n\u00eb bllok me partin\u00eb e re t\u00eb formuar, Partin\u00eb Demokratike, \u00ebsht\u00eb drejtuar","robots":{"index":"index","follow":"follow","max-snippet":"max-snippet:-1","max-image-preview":"max-image-preview:large","max-video-preview":"max-video-preview:-1"},"canonical":"https:\/\/www.visit-ulcinj.com\/blog\/2011\/12\/24\/ali-rexhen-e-largojne-edhe-nga-partia\/","og_locale":"en_US","og_type":"article","og_title":"Ali Rexh\u00ebn e largojn\u00eb edhe nga partia? - Lajme nga Ulqini","og_description":"Nj\u00eb dit\u00eb m\u00eb par\u00eb, pjesa e an\u00ebtar\u00ebsis\u00eb dhe udh\u00ebheq\u00ebsis\u00eb s\u00eb PPD e cila hyri n\u00eb bllok me partin\u00eb e re t\u00eb formuar, Partin\u00eb Demokratike, \u00ebsht\u00eb drejtuar","og_url":"https:\/\/www.visit-ulcinj.com\/blog\/2011\/12\/24\/ali-rexhen-e-largojne-edhe-nga-partia\/","og_site_name":"Lajme nga Ulqini","article_published_time":"2011-12-24T20:10:52+00:00","article_modified_time":"2011-12-25T13:49:19+00:00","og_image":[{"url":"http:\/\/www.visit-ulcinj.com\/blog\/wp-content\/uploads\/2011\/12\/Ali-Rexha_Lideri-i-PPD_se.jpg.1.jpg"}],"twitter_misc":{"Written by":"ulqini","Est. reading time":"1 minute"},"schema":{"@context":"https:\/\/schema.org","@graph":[{"@type":"WebSite","@id":"https:\/\/www.visit-ulcinj.com\/blog\/#website","url":"https:\/\/www.visit-ulcinj.com\/blog\/","name":"Lajme nga Ulqini","description":"Lajme,Vijesti,Ulqini,Ulqin,Crna Gora,Mali i Zi","potentialAction":[{"@type":"SearchAction","target":{"@type":"EntryPoint","urlTemplate":"https:\/\/www.visit-ulcinj.com\/blog\/?s={search_term_string}"},"query-input":"required name=search_term_string"}],"inLanguage":"en-US"},{"@type":"ImageObject","inLanguage":"en-US","@id":"https:\/\/www.visit-ulcinj.com\/blog\/2011\/12\/24\/ali-rexhen-e-largojne-edhe-nga-partia\/#primaryimage","url":"https:\/\/www.visit-ulcinj.com\/blog\/wp-content\/uploads\/2011\/12\/Ali-Rexha_Lideri-i-PPD_se.jpg.1.jpg","contentUrl":"https:\/\/www.visit-ulcinj.com\/blog\/wp-content\/uploads\/2011\/12\/Ali-Rexha_Lideri-i-PPD_se.jpg.1.jpg","width":"1024","height":"768"},{"@type":"WebPage","@id":"https:\/\/www.visit-ulcinj.com\/blog\/2011\/12\/24\/ali-rexhen-e-largojne-edhe-nga-partia\/#webpage","url":"https:\/\/www.visit-ulcinj.com\/blog\/2011\/12\/24\/ali-rexhen-e-largojne-edhe-nga-partia\/","name":"Ali Rexh\u00ebn e largojn\u00eb edhe nga partia? - Lajme nga Ulqini","isPartOf":{"@id":"https:\/\/www.visit-ulcinj.com\/blog\/#website"},"primaryImageOfPage":{"@id":"https:\/\/www.visit-ulcinj.com\/blog\/2011\/12\/24\/ali-rexhen-e-largojne-edhe-nga-partia\/#primaryimage"},"datePublished":"2011-12-24T20:10:52+00:00","dateModified":"2011-12-25T13:49:19+00:00","author":{"@id":"https:\/\/www.visit-ulcinj.com\/blog\/#\/schema\/person\/dcab619c614d3038751c63bc2aadc06d"},"description":"Nj\u00eb dit\u00eb m\u00eb par\u00eb, pjesa e an\u00ebtar\u00ebsis\u00eb dhe udh\u00ebheq\u00ebsis\u00eb s\u00eb PPD e cila hyri n\u00eb bllok me partin\u00eb e re t\u00eb formuar, Partin\u00eb Demokratike, \u00ebsht\u00eb drejtuar","breadcrumb":{"@id":"https:\/\/www.visit-ulcinj.com\/blog\/2011\/12\/24\/ali-rexhen-e-largojne-edhe-nga-partia\/#breadcrumb"},"inLanguage":"en-US","potentialAction":[{"@type":"ReadAction","target":["https:\/\/www.visit-ulcinj.com\/blog\/2011\/12\/24\/ali-rexhen-e-largojne-edhe-nga-partia\/"]}]},{"@type":"BreadcrumbList","@id":"https:\/\/www.visit-ulcinj.com\/blog\/2011\/12\/24\/ali-rexhen-e-largojne-edhe-nga-partia\/#breadcrumb","itemListElement":[{"@type":"ListItem","position":1,"name":"Ali Rexh\u00ebn e largojn\u00eb edhe nga partia?"}]},{"@type":"Person","@id":"https:\/\/www.visit-ulcinj.com\/blog\/#\/schema\/person\/dcab619c614d3038751c63bc2aadc06d","name":"ulqini","sameAs":["http:\/\/www.visit-ulcinj.com"],"url":"https:\/\/www.visit-ulcinj.com\/blog\/author\/admin\/"}]}},"jetpack_featured_media_url":"","jetpack_sharing_enabled":true,"jetpack_shortlink":"https:\/\/wp.me\/pe6lTn-egh","_links":{"self":[{"href":"https:\/\/www.visit-ulcinj.com\/blog\/wp-json\/wp\/v2\/posts\/54825"}],"collection":[{"href":"https:\/\/www.visit-ulcinj.com\/blog\/wp-json\/wp\/v2\/posts"}],"about":[{"href":"https:\/\/www.visit-ulcinj.com\/blog\/wp-json\/wp\/v2\/types\/post"}],"author":[{"embeddable":true,"href":"https:\/\/www.visit-ulcinj.com\/blog\/wp-json\/wp\/v2\/users\/1"}],"replies":[{"embeddable":true,"href":"https:\/\/www.visit-ulcinj.com\/blog\/wp-json\/wp\/v2\/comments?post=54825"}],"version-history":[{"count":3,"href":"https:\/\/www.visit-ulcinj.com\/blog\/wp-json\/wp\/v2\/posts\/54825\/revisions"}],"predecessor-version":[{"id":54894,"href":"https:\/\/www.visit-ulcinj.com\/blog\/wp-json\/wp\/v2\/posts\/54825\/revisions\/54894"}],"wp:attachment":[{"href":"https:\/\/www.visit-ulcinj.com\/blog\/wp-json\/wp\/v2\/media?parent=54825"}],"wp:term":[{"taxonomy":"category","embeddable":true,"href":"https:\/\/www.visit-ulcinj.com\/blog\/wp-json\/wp\/v2\/categories?post=54825"},{"taxonomy":"post_tag","embeddable":true,"href":"https:\/\/www.visit-ulcinj.com\/blog\/wp-json\/wp\/v2\/tags?post=54825"}],"curies":[{"name":"wp","href":"https:\/\/api.w.org\/{rel}","templated":true}]}}