{"id":54833,"date":"2011-12-24T21:37:49","date_gmt":"2011-12-24T20:37:49","guid":{"rendered":"http:\/\/www.visit-ulcinj.com\/blog\/?p=54833"},"modified":"2011-12-24T21:38:15","modified_gmt":"2011-12-24T20:38:15","slug":"jos-jedan-zemljotres-pogodio-ulcinj","status":"publish","type":"post","link":"https:\/\/www.visit-ulcinj.com\/blog\/2011\/12\/24\/jos-jedan-zemljotres-pogodio-ulcinj\/","title":{"rendered":"Jo\u0161 jedan zemljotres pogodio Ulcinj"},"content":{"rendered":"<p><a href=\"http:\/\/www.visit-ulcinj.com\/blog\/wp-content\/uploads\/2011\/12\/zemljotres-pogodio-Ulcinj.gif\"><img loading=\"lazy\" class=\"alignleft size-full wp-image-54834\" title=\"zemljotres pogodio Ulcinj\" src=\"http:\/\/www.visit-ulcinj.com\/blog\/wp-content\/uploads\/2011\/12\/zemljotres-pogodio-Ulcinj.gif\" alt=\"\" width=\"508\" height=\"380\" \/><\/a>Zemljotres ja\u010dine 3,7 stepeni Rihterove skale pogodio je jutros, oko osam sati, podru\u010dje Ulcinja.<\/p>\n<p>Epicentar zemljotresa, kako je saop\u0161teno iz Seizmolo\u0161kog zavoda, bio je osam kilometara ju\u017eno od Ulcinja.<\/p>\n<p>\u201cPrema preliminarnim podacima obrade, \u017eariste ovog zemljotresa locirano je na dubini od 15 kilometara. Na osnovu teorijskog modela makroseizmi\u010dkog polja ovog regiona, magnitude zemljotresa i dubine hipocentra, ovaj zemljotres nije mogao izazvati materijalne \u0161tete u epicentralnom podru\u010dju\u201d, naveli su iz Seizmolo\u0161kog zavoda.<\/p>\n<p>Zemljotres srednje ja\u010dine, 3,8 stepeni Rihterove skale, pogodio je u petak ujutro podru\u010dje Ulcinja.<\/p>\n<p><a href=\"http:\/\/www.vijesti.me\/vijesti\/jos-jedan-zemljotres-pogodio-ulcinj-clanak-53158\" target=\"_blank\"><strong>MINA<\/strong><\/a><a href=\"http:\/\/www.vijesti.me\/vijesti\/jos-jedan-zemljotres-pogodio-ulcinj-clanak-53158\" target=\"_blank\"><strong><br \/>\nIzvor: Vijesti<\/strong><\/a><\/p>\n<p><img loading=\"lazy\" class=\"alignleft\" src=\"http:\/\/www.seismo.co.me\/images\/animacija%202005-2010.gif\" alt=\"\" width=\"542\" height=\"420\" \/><\/p>\n","protected":false},"excerpt":{"rendered":"<p>Zemljotres ja\u010dine 3,7 stepeni Rihterove skale pogodio je jutros, oko osam sati, podru\u010dje Ulcinja. Epicentar zemljotresa, kako je saop\u0161teno iz Seizmolo\u0161kog zavoda, bio je osam kilometara ju\u017eno od Ulcinja. \u201cPrema preliminarnim podacima obrade, \u017eariste ovog zemljotresa locirano je na dubini od 15 kilometara. Na osnovu teorijskog modela makroseizmi\u010dkog polja ovog regiona, magnitude zemljotresa i dubine [&hellip;]<\/p>\n","protected":false},"author":1,"featured_media":0,"comment_status":"open","ping_status":"closed","sticky":false,"template":"","format":"standard","meta":{"spay_email":"","jetpack_publicize_message":"","jetpack_is_tweetstorm":false,"jetpack_publicize_feature_enabled":true},"categories":[8337],"tags":[2686],"jetpack_publicize_connections":[],"yoast_head":"<!-- This site is optimized with the Yoast SEO plugin v19.1 - https:\/\/yoast.com\/wordpress\/plugins\/seo\/ -->\n<title>Jo\u0161 jedan zemljotres pogodio Ulcinj - Lajme nga Ulqini<\/title>\n<meta name=\"description\" content=\"Zemljotres ja\u010dine 3,7 stepeni Rihterove skale pogodio je jutros, oko osam sati, podru\u010dje Ulcinja. Epicentar zemljotresa, kako je saop\u0161teno iz Seizmolo\u0161kog\" \/>\n<meta name=\"robots\" content=\"index, follow, max-snippet:-1, max-image-preview:large, max-video-preview:-1\" \/>\n<link rel=\"canonical\" href=\"https:\/\/www.visit-ulcinj.com\/blog\/2011\/12\/24\/jos-jedan-zemljotres-pogodio-ulcinj\/\" \/>\n<meta property=\"og:locale\" content=\"en_US\" \/>\n<meta property=\"og:type\" content=\"article\" \/>\n<meta property=\"og:title\" content=\"Jo\u0161 jedan zemljotres pogodio Ulcinj - Lajme nga Ulqini\" \/>\n<meta property=\"og:description\" content=\"Zemljotres ja\u010dine 3,7 stepeni Rihterove skale pogodio je jutros, oko osam sati, podru\u010dje Ulcinja. Epicentar zemljotresa, kako je saop\u0161teno iz Seizmolo\u0161kog\" \/>\n<meta property=\"og:url\" content=\"https:\/\/www.visit-ulcinj.com\/blog\/2011\/12\/24\/jos-jedan-zemljotres-pogodio-ulcinj\/\" \/>\n<meta property=\"og:site_name\" content=\"Lajme nga Ulqini\" \/>\n<meta property=\"article:published_time\" content=\"2011-12-24T20:37:49+00:00\" \/>\n<meta property=\"article:modified_time\" content=\"2011-12-24T20:38:15+00:00\" \/>\n<meta property=\"og:image\" content=\"http:\/\/www.visit-ulcinj.com\/blog\/wp-content\/uploads\/2011\/12\/zemljotres-pogodio-Ulcinj.gif\" \/>\n<meta name=\"twitter:label1\" content=\"Written by\" \/>\n\t<meta name=\"twitter:data1\" content=\"ulqini\" \/>\n<script type=\"application\/ld+json\" class=\"yoast-schema-graph\">{\"@context\":\"https:\/\/schema.org\",\"@graph\":[{\"@type\":\"WebSite\",\"@id\":\"https:\/\/www.visit-ulcinj.com\/blog\/#website\",\"url\":\"https:\/\/www.visit-ulcinj.com\/blog\/\",\"name\":\"Lajme nga Ulqini\",\"description\":\"Lajme,Vijesti,Ulqini,Ulqin,Crna Gora,Mali i Zi\",\"potentialAction\":[{\"@type\":\"SearchAction\",\"target\":{\"@type\":\"EntryPoint\",\"urlTemplate\":\"https:\/\/www.visit-ulcinj.com\/blog\/?s={search_term_string}\"},\"query-input\":\"required name=search_term_string\"}],\"inLanguage\":\"en-US\"},{\"@type\":\"ImageObject\",\"inLanguage\":\"en-US\",\"@id\":\"https:\/\/www.visit-ulcinj.com\/blog\/2011\/12\/24\/jos-jedan-zemljotres-pogodio-ulcinj\/#primaryimage\",\"url\":\"https:\/\/www.visit-ulcinj.com\/blog\/wp-content\/uploads\/2011\/12\/zemljotres-pogodio-Ulcinj.gif\",\"contentUrl\":\"https:\/\/www.visit-ulcinj.com\/blog\/wp-content\/uploads\/2011\/12\/zemljotres-pogodio-Ulcinj.gif\",\"width\":\"952\",\"height\":\"541\"},{\"@type\":\"WebPage\",\"@id\":\"https:\/\/www.visit-ulcinj.com\/blog\/2011\/12\/24\/jos-jedan-zemljotres-pogodio-ulcinj\/#webpage\",\"url\":\"https:\/\/www.visit-ulcinj.com\/blog\/2011\/12\/24\/jos-jedan-zemljotres-pogodio-ulcinj\/\",\"name\":\"Jo\u0161 jedan zemljotres pogodio Ulcinj - Lajme nga Ulqini\",\"isPartOf\":{\"@id\":\"https:\/\/www.visit-ulcinj.com\/blog\/#website\"},\"primaryImageOfPage\":{\"@id\":\"https:\/\/www.visit-ulcinj.com\/blog\/2011\/12\/24\/jos-jedan-zemljotres-pogodio-ulcinj\/#primaryimage\"},\"datePublished\":\"2011-12-24T20:37:49+00:00\",\"dateModified\":\"2011-12-24T20:38:15+00:00\",\"author\":{\"@id\":\"https:\/\/www.visit-ulcinj.com\/blog\/#\/schema\/person\/dcab619c614d3038751c63bc2aadc06d\"},\"description\":\"Zemljotres ja\u010dine 3,7 stepeni Rihterove skale pogodio je jutros, oko osam sati, podru\u010dje Ulcinja. Epicentar zemljotresa, kako je saop\u0161teno iz Seizmolo\u0161kog\",\"breadcrumb\":{\"@id\":\"https:\/\/www.visit-ulcinj.com\/blog\/2011\/12\/24\/jos-jedan-zemljotres-pogodio-ulcinj\/#breadcrumb\"},\"inLanguage\":\"en-US\",\"potentialAction\":[{\"@type\":\"ReadAction\",\"target\":[\"https:\/\/www.visit-ulcinj.com\/blog\/2011\/12\/24\/jos-jedan-zemljotres-pogodio-ulcinj\/\"]}]},{\"@type\":\"BreadcrumbList\",\"@id\":\"https:\/\/www.visit-ulcinj.com\/blog\/2011\/12\/24\/jos-jedan-zemljotres-pogodio-ulcinj\/#breadcrumb\",\"itemListElement\":[{\"@type\":\"ListItem\",\"position\":1,\"name\":\"Jo\u0161 jedan zemljotres pogodio Ulcinj\"}]},{\"@type\":\"Person\",\"@id\":\"https:\/\/www.visit-ulcinj.com\/blog\/#\/schema\/person\/dcab619c614d3038751c63bc2aadc06d\",\"name\":\"ulqini\",\"sameAs\":[\"http:\/\/www.visit-ulcinj.com\"],\"url\":\"https:\/\/www.visit-ulcinj.com\/blog\/author\/admin\/\"}]}<\/script>\n<!-- \/ Yoast SEO plugin. -->","yoast_head_json":{"title":"Jo\u0161 jedan zemljotres pogodio Ulcinj - Lajme nga Ulqini","description":"Zemljotres ja\u010dine 3,7 stepeni Rihterove skale pogodio je jutros, oko osam sati, podru\u010dje Ulcinja. Epicentar zemljotresa, kako je saop\u0161teno iz Seizmolo\u0161kog","robots":{"index":"index","follow":"follow","max-snippet":"max-snippet:-1","max-image-preview":"max-image-preview:large","max-video-preview":"max-video-preview:-1"},"canonical":"https:\/\/www.visit-ulcinj.com\/blog\/2011\/12\/24\/jos-jedan-zemljotres-pogodio-ulcinj\/","og_locale":"en_US","og_type":"article","og_title":"Jo\u0161 jedan zemljotres pogodio Ulcinj - Lajme nga Ulqini","og_description":"Zemljotres ja\u010dine 3,7 stepeni Rihterove skale pogodio je jutros, oko osam sati, podru\u010dje Ulcinja. Epicentar zemljotresa, kako je saop\u0161teno iz Seizmolo\u0161kog","og_url":"https:\/\/www.visit-ulcinj.com\/blog\/2011\/12\/24\/jos-jedan-zemljotres-pogodio-ulcinj\/","og_site_name":"Lajme nga Ulqini","article_published_time":"2011-12-24T20:37:49+00:00","article_modified_time":"2011-12-24T20:38:15+00:00","og_image":[{"url":"http:\/\/www.visit-ulcinj.com\/blog\/wp-content\/uploads\/2011\/12\/zemljotres-pogodio-Ulcinj.gif"}],"twitter_misc":{"Written by":"ulqini"},"schema":{"@context":"https:\/\/schema.org","@graph":[{"@type":"WebSite","@id":"https:\/\/www.visit-ulcinj.com\/blog\/#website","url":"https:\/\/www.visit-ulcinj.com\/blog\/","name":"Lajme nga Ulqini","description":"Lajme,Vijesti,Ulqini,Ulqin,Crna Gora,Mali i Zi","potentialAction":[{"@type":"SearchAction","target":{"@type":"EntryPoint","urlTemplate":"https:\/\/www.visit-ulcinj.com\/blog\/?s={search_term_string}"},"query-input":"required name=search_term_string"}],"inLanguage":"en-US"},{"@type":"ImageObject","inLanguage":"en-US","@id":"https:\/\/www.visit-ulcinj.com\/blog\/2011\/12\/24\/jos-jedan-zemljotres-pogodio-ulcinj\/#primaryimage","url":"https:\/\/www.visit-ulcinj.com\/blog\/wp-content\/uploads\/2011\/12\/zemljotres-pogodio-Ulcinj.gif","contentUrl":"https:\/\/www.visit-ulcinj.com\/blog\/wp-content\/uploads\/2011\/12\/zemljotres-pogodio-Ulcinj.gif","width":"952","height":"541"},{"@type":"WebPage","@id":"https:\/\/www.visit-ulcinj.com\/blog\/2011\/12\/24\/jos-jedan-zemljotres-pogodio-ulcinj\/#webpage","url":"https:\/\/www.visit-ulcinj.com\/blog\/2011\/12\/24\/jos-jedan-zemljotres-pogodio-ulcinj\/","name":"Jo\u0161 jedan zemljotres pogodio Ulcinj - Lajme nga Ulqini","isPartOf":{"@id":"https:\/\/www.visit-ulcinj.com\/blog\/#website"},"primaryImageOfPage":{"@id":"https:\/\/www.visit-ulcinj.com\/blog\/2011\/12\/24\/jos-jedan-zemljotres-pogodio-ulcinj\/#primaryimage"},"datePublished":"2011-12-24T20:37:49+00:00","dateModified":"2011-12-24T20:38:15+00:00","author":{"@id":"https:\/\/www.visit-ulcinj.com\/blog\/#\/schema\/person\/dcab619c614d3038751c63bc2aadc06d"},"description":"Zemljotres ja\u010dine 3,7 stepeni Rihterove skale pogodio je jutros, oko osam sati, podru\u010dje Ulcinja. Epicentar zemljotresa, kako je saop\u0161teno iz Seizmolo\u0161kog","breadcrumb":{"@id":"https:\/\/www.visit-ulcinj.com\/blog\/2011\/12\/24\/jos-jedan-zemljotres-pogodio-ulcinj\/#breadcrumb"},"inLanguage":"en-US","potentialAction":[{"@type":"ReadAction","target":["https:\/\/www.visit-ulcinj.com\/blog\/2011\/12\/24\/jos-jedan-zemljotres-pogodio-ulcinj\/"]}]},{"@type":"BreadcrumbList","@id":"https:\/\/www.visit-ulcinj.com\/blog\/2011\/12\/24\/jos-jedan-zemljotres-pogodio-ulcinj\/#breadcrumb","itemListElement":[{"@type":"ListItem","position":1,"name":"Jo\u0161 jedan zemljotres pogodio Ulcinj"}]},{"@type":"Person","@id":"https:\/\/www.visit-ulcinj.com\/blog\/#\/schema\/person\/dcab619c614d3038751c63bc2aadc06d","name":"ulqini","sameAs":["http:\/\/www.visit-ulcinj.com"],"url":"https:\/\/www.visit-ulcinj.com\/blog\/author\/admin\/"}]}},"jetpack_featured_media_url":"","jetpack_sharing_enabled":true,"jetpack_shortlink":"https:\/\/wp.me\/pe6lTn-egp","_links":{"self":[{"href":"https:\/\/www.visit-ulcinj.com\/blog\/wp-json\/wp\/v2\/posts\/54833"}],"collection":[{"href":"https:\/\/www.visit-ulcinj.com\/blog\/wp-json\/wp\/v2\/posts"}],"about":[{"href":"https:\/\/www.visit-ulcinj.com\/blog\/wp-json\/wp\/v2\/types\/post"}],"author":[{"embeddable":true,"href":"https:\/\/www.visit-ulcinj.com\/blog\/wp-json\/wp\/v2\/users\/1"}],"replies":[{"embeddable":true,"href":"https:\/\/www.visit-ulcinj.com\/blog\/wp-json\/wp\/v2\/comments?post=54833"}],"version-history":[{"count":2,"href":"https:\/\/www.visit-ulcinj.com\/blog\/wp-json\/wp\/v2\/posts\/54833\/revisions"}],"predecessor-version":[{"id":54836,"href":"https:\/\/www.visit-ulcinj.com\/blog\/wp-json\/wp\/v2\/posts\/54833\/revisions\/54836"}],"wp:attachment":[{"href":"https:\/\/www.visit-ulcinj.com\/blog\/wp-json\/wp\/v2\/media?parent=54833"}],"wp:term":[{"taxonomy":"category","embeddable":true,"href":"https:\/\/www.visit-ulcinj.com\/blog\/wp-json\/wp\/v2\/categories?post=54833"},{"taxonomy":"post_tag","embeddable":true,"href":"https:\/\/www.visit-ulcinj.com\/blog\/wp-json\/wp\/v2\/tags?post=54833"}],"curies":[{"name":"wp","href":"https:\/\/api.w.org\/{rel}","templated":true}]}}