{"id":54849,"date":"2011-12-24T22:57:35","date_gmt":"2011-12-24T21:57:35","guid":{"rendered":"http:\/\/www.visit-ulcinj.com\/blog\/?p=54849"},"modified":"2011-12-24T22:57:35","modified_gmt":"2011-12-24T21:57:35","slug":"ppd-ja-kumtese-per-opinion","status":"publish","type":"post","link":"https:\/\/www.visit-ulcinj.com\/blog\/2011\/12\/24\/ppd-ja-kumtese-per-opinion\/","title":{"rendered":"PPD-ja: Kumtes\u00eb p\u00ebr opinion"},"content":{"rendered":"<p><a href=\"http:\/\/www.visit-ulcinj.com\/blog\/wp-content\/uploads\/2011\/12\/PPD-JA.jpg\"><img loading=\"lazy\" class=\"alignleft size-full wp-image-54850\" title=\"PPD-JA\" src=\"http:\/\/www.visit-ulcinj.com\/blog\/wp-content\/uploads\/2011\/12\/PPD-JA.jpg\" alt=\"\" width=\"509\" height=\"115\" srcset=\"https:\/\/www.visit-ulcinj.com\/blog\/wp-content\/uploads\/2011\/12\/PPD-JA.jpg 509w, https:\/\/www.visit-ulcinj.com\/blog\/wp-content\/uploads\/2011\/12\/PPD-JA-300x67.jpg 300w\" sizes=\"(max-width: 509px) 100vw, 509px\" \/><\/a>Ulcinj, 23.12.2011<\/p>\n<p>&nbsp;<\/p>\n<p align=\"center\"><strong>Kumtes\u00eb<\/strong> <strong>p\u00ebr opinion<\/strong><\/p>\n<p>&nbsp;<\/p>\n<p>Lidhur me situat\u00ebn aktuale politike, kryesia e Partis\u00eb s\u00eb Prosperitetit Demokratik n\u00eb mbledhj\u00ebn konsultative t\u00eb mbajtur p\u00ebr realizimin e obligimeve t\u00eb dala nga mbledhja e K\u00ebshillit Drejtues njofton opinionin e gjer\u00eb publik si vijon.<\/p>\n<p>PPD mbetet unike n\u00eb principet dhe qendrimet t\u00eb cilat dalin nga Platforma politike e partis\u00eb e miratuar n\u00eb Kongresin e fundit t\u00eb saj. Diferencimi i pjes\u00ebrishem i disa antar\u00ebve dhe ishe funkcionar\u00ebve t\u00eb partis\u00eb son\u00eb nuk ndikon n\u00eb pun\u00ebn e m\u00ebtejshme dhe aktivitetet politike t\u00eb partis\u00eb.<\/p>\n<p>Partia m\u00eb p\u00ebrkushtim \u00ebsht\u00eb\u00a0 e angazhuar n\u00eb formimin dhe konsolidimin e k\u00ebshillave lokale n\u00eb ato k\u00ebshilla ku ndonj\u00eb antar\u00eb e braktisi partin\u00eb duke u aktivizuar n\u00eb grupacione tjera politike.<\/p>\n<p>PPD asnj\u00ebher\u00eb nuk ka marr\u00eb e as nuk ka shqyrtuar ndonj\u00eb ofert\u00eb p\u00ebr bashkpunim nga ndonj\u00eb parti apo grupacion tjet\u00ebr politik, e as ka ven\u00eb n\u00eb pytje koalicionin apo shkrirjen me ndonj\u00eb subjekt tjet\u00ebr. Prandaj, me k\u00ebt\u00eb rast, njoftojm\u00eb opinionin publik se p\u00ebrkund\u00ebr desinformatave t\u00eb p\u00ebrhapura n\u00ebp\u00ebr media dhe n\u00ebp\u00ebr rrug\u00eb, Partia e Prosperitetit Demokratik nuk i \u00ebsht\u00eb bashkangjitur asnj\u00eb partije apo grupacioni politik t\u00eb formuar apo n\u00eb formim e sip\u00ebr.<\/p>\n<p>Disa individ\u00eb, me p\u00ebrkrahjen e ndonj\u00eb funkcionari t\u00eb partis\u00eb, me vet\u00ebd\u00ebshir\u00eb i jan\u00eb bashkuar grupacioneve tjera politike vet\u00ebm e vet\u00ebm p\u00ebr t\u00eb mbetur n\u00eb pushtet apo p\u00ebr t\u00eb ruajtur v\u00ebnd\u00ebt e pun\u00ebs. Me rregullat e partis\u00eb, si dhe n\u00eb baz\u00eb t\u00eb principeve demokratike, veprimet e tilla nuk lejohen ndaj, NE konstatojm\u00eb se k\u00ebta individ\u00eb kan\u00eb shkelur rregullat dhe statutin e partis\u00eb.<\/p>\n<p>Vendim\u00ebt qen\u00ebsore t\u00eb partis\u00eb nuk i bjen as KD as Kryetari i partis\u00eb e l\u00ebr\u00eb m\u00eb individ\u00ebt si\u00e7 \u00ebsht\u00eb \u00a0rasti te ne, por i bjen organi m\u00eb i lart\u00eb partiak, KONGRESI.<\/p>\n<p>Pas \u00a0konsolidimit t\u00eb organeve partiake, KD s\u00eb shpejti do t\u00eb mbaj\u00eb mbledhj\u00ebn n\u00eb t\u00eb cil\u00ebn do t\u00eb shqyrtohen obligimet e udh\u00ebheq\u00ebsis\u00eb n\u00eb k\u00ebt\u00eb periudhe dhe do t\u00eb vendos\u00eb\u00a0 p\u00ebr masat q\u00eb duhet t\u00eb \u00a0nd\u00ebrmirr\u00ebn n\u00eb vazhdim.<\/p>\n<p>&nbsp;<\/p>\n<p><strong>Kryetari,<\/strong><br \/>\n<strong> Ali Rexha<\/strong><\/p>\n<p>&nbsp;<\/p>\n","protected":false},"excerpt":{"rendered":"<p>Ulcinj, 23.12.2011 &nbsp; Kumtes\u00eb p\u00ebr opinion &nbsp; Lidhur me situat\u00ebn aktuale politike, kryesia e Partis\u00eb s\u00eb Prosperitetit Demokratik n\u00eb mbledhj\u00ebn konsultative t\u00eb mbajtur p\u00ebr realizimin e obligimeve t\u00eb dala nga mbledhja e K\u00ebshillit Drejtues njofton opinionin e gjer\u00eb publik si vijon. PPD mbetet unike n\u00eb principet dhe qendrimet t\u00eb cilat dalin nga Platforma politike e [&hellip;]<\/p>\n","protected":false},"author":1,"featured_media":0,"comment_status":"open","ping_status":"closed","sticky":false,"template":"","format":"standard","meta":{"spay_email":"","jetpack_publicize_message":"","jetpack_is_tweetstorm":false,"jetpack_publicize_feature_enabled":true},"categories":[10],"tags":[9921,200,18],"jetpack_publicize_connections":[],"yoast_head":"<!-- This site is optimized with the Yoast SEO plugin v19.1 - https:\/\/yoast.com\/wordpress\/plugins\/seo\/ -->\n<title>PPD-ja: Kumtes\u00eb p\u00ebr opinion - Lajme nga Ulqini<\/title>\n<meta name=\"description\" content=\"Ulcinj, 23.12.2011 &nbsp; Kumtes\u00eb p\u00ebr opinion &nbsp; Lidhur me situat\u00ebn aktuale politike, kryesia e Partis\u00eb s\u00eb Prosperitetit Demokratik n\u00eb mbledhj\u00ebn\" \/>\n<meta name=\"robots\" content=\"index, follow, max-snippet:-1, max-image-preview:large, max-video-preview:-1\" \/>\n<link rel=\"canonical\" href=\"https:\/\/www.visit-ulcinj.com\/blog\/2011\/12\/24\/ppd-ja-kumtese-per-opinion\/\" \/>\n<meta property=\"og:locale\" content=\"en_US\" \/>\n<meta property=\"og:type\" content=\"article\" \/>\n<meta property=\"og:title\" content=\"PPD-ja: Kumtes\u00eb p\u00ebr opinion - Lajme nga Ulqini\" \/>\n<meta property=\"og:description\" content=\"Ulcinj, 23.12.2011 &nbsp; Kumtes\u00eb p\u00ebr opinion &nbsp; Lidhur me situat\u00ebn aktuale politike, kryesia e Partis\u00eb s\u00eb Prosperitetit Demokratik n\u00eb mbledhj\u00ebn\" \/>\n<meta property=\"og:url\" content=\"https:\/\/www.visit-ulcinj.com\/blog\/2011\/12\/24\/ppd-ja-kumtese-per-opinion\/\" \/>\n<meta property=\"og:site_name\" content=\"Lajme nga Ulqini\" \/>\n<meta property=\"article:published_time\" content=\"2011-12-24T21:57:35+00:00\" \/>\n<meta property=\"og:image\" content=\"http:\/\/www.visit-ulcinj.com\/blog\/wp-content\/uploads\/2011\/12\/PPD-JA.jpg\" \/>\n<meta name=\"twitter:label1\" content=\"Written by\" \/>\n\t<meta name=\"twitter:data1\" content=\"ulqini\" \/>\n\t<meta name=\"twitter:label2\" content=\"Est. reading time\" \/>\n\t<meta name=\"twitter:data2\" content=\"2 minutes\" \/>\n<script type=\"application\/ld+json\" class=\"yoast-schema-graph\">{\"@context\":\"https:\/\/schema.org\",\"@graph\":[{\"@type\":\"WebSite\",\"@id\":\"https:\/\/www.visit-ulcinj.com\/blog\/#website\",\"url\":\"https:\/\/www.visit-ulcinj.com\/blog\/\",\"name\":\"Lajme nga Ulqini\",\"description\":\"Lajme,Vijesti,Ulqini,Ulqin,Crna Gora,Mali i Zi\",\"potentialAction\":[{\"@type\":\"SearchAction\",\"target\":{\"@type\":\"EntryPoint\",\"urlTemplate\":\"https:\/\/www.visit-ulcinj.com\/blog\/?s={search_term_string}\"},\"query-input\":\"required name=search_term_string\"}],\"inLanguage\":\"en-US\"},{\"@type\":\"ImageObject\",\"inLanguage\":\"en-US\",\"@id\":\"https:\/\/www.visit-ulcinj.com\/blog\/2011\/12\/24\/ppd-ja-kumtese-per-opinion\/#primaryimage\",\"url\":\"https:\/\/www.visit-ulcinj.com\/blog\/wp-content\/uploads\/2011\/12\/PPD-JA.jpg\",\"contentUrl\":\"https:\/\/www.visit-ulcinj.com\/blog\/wp-content\/uploads\/2011\/12\/PPD-JA.jpg\",\"width\":\"509\",\"height\":\"115\"},{\"@type\":\"WebPage\",\"@id\":\"https:\/\/www.visit-ulcinj.com\/blog\/2011\/12\/24\/ppd-ja-kumtese-per-opinion\/#webpage\",\"url\":\"https:\/\/www.visit-ulcinj.com\/blog\/2011\/12\/24\/ppd-ja-kumtese-per-opinion\/\",\"name\":\"PPD-ja: Kumtes\u00eb p\u00ebr opinion - Lajme nga Ulqini\",\"isPartOf\":{\"@id\":\"https:\/\/www.visit-ulcinj.com\/blog\/#website\"},\"primaryImageOfPage\":{\"@id\":\"https:\/\/www.visit-ulcinj.com\/blog\/2011\/12\/24\/ppd-ja-kumtese-per-opinion\/#primaryimage\"},\"datePublished\":\"2011-12-24T21:57:35+00:00\",\"dateModified\":\"2011-12-24T21:57:35+00:00\",\"author\":{\"@id\":\"https:\/\/www.visit-ulcinj.com\/blog\/#\/schema\/person\/dcab619c614d3038751c63bc2aadc06d\"},\"description\":\"Ulcinj, 23.12.2011 &nbsp; Kumtes\u00eb p\u00ebr opinion &nbsp; Lidhur me situat\u00ebn aktuale politike, kryesia e Partis\u00eb s\u00eb Prosperitetit Demokratik n\u00eb mbledhj\u00ebn\",\"breadcrumb\":{\"@id\":\"https:\/\/www.visit-ulcinj.com\/blog\/2011\/12\/24\/ppd-ja-kumtese-per-opinion\/#breadcrumb\"},\"inLanguage\":\"en-US\",\"potentialAction\":[{\"@type\":\"ReadAction\",\"target\":[\"https:\/\/www.visit-ulcinj.com\/blog\/2011\/12\/24\/ppd-ja-kumtese-per-opinion\/\"]}]},{\"@type\":\"BreadcrumbList\",\"@id\":\"https:\/\/www.visit-ulcinj.com\/blog\/2011\/12\/24\/ppd-ja-kumtese-per-opinion\/#breadcrumb\",\"itemListElement\":[{\"@type\":\"ListItem\",\"position\":1,\"name\":\"PPD-ja: Kumtes\u00eb p\u00ebr opinion\"}]},{\"@type\":\"Person\",\"@id\":\"https:\/\/www.visit-ulcinj.com\/blog\/#\/schema\/person\/dcab619c614d3038751c63bc2aadc06d\",\"name\":\"ulqini\",\"sameAs\":[\"http:\/\/www.visit-ulcinj.com\"],\"url\":\"https:\/\/www.visit-ulcinj.com\/blog\/author\/admin\/\"}]}<\/script>\n<!-- \/ Yoast SEO plugin. -->","yoast_head_json":{"title":"PPD-ja: Kumtes\u00eb p\u00ebr opinion - Lajme nga Ulqini","description":"Ulcinj, 23.12.2011 &nbsp; Kumtes\u00eb p\u00ebr opinion &nbsp; Lidhur me situat\u00ebn aktuale politike, kryesia e Partis\u00eb s\u00eb Prosperitetit Demokratik n\u00eb mbledhj\u00ebn","robots":{"index":"index","follow":"follow","max-snippet":"max-snippet:-1","max-image-preview":"max-image-preview:large","max-video-preview":"max-video-preview:-1"},"canonical":"https:\/\/www.visit-ulcinj.com\/blog\/2011\/12\/24\/ppd-ja-kumtese-per-opinion\/","og_locale":"en_US","og_type":"article","og_title":"PPD-ja: Kumtes\u00eb p\u00ebr opinion - Lajme nga Ulqini","og_description":"Ulcinj, 23.12.2011 &nbsp; Kumtes\u00eb p\u00ebr opinion &nbsp; Lidhur me situat\u00ebn aktuale politike, kryesia e Partis\u00eb s\u00eb Prosperitetit Demokratik n\u00eb mbledhj\u00ebn","og_url":"https:\/\/www.visit-ulcinj.com\/blog\/2011\/12\/24\/ppd-ja-kumtese-per-opinion\/","og_site_name":"Lajme nga Ulqini","article_published_time":"2011-12-24T21:57:35+00:00","og_image":[{"url":"http:\/\/www.visit-ulcinj.com\/blog\/wp-content\/uploads\/2011\/12\/PPD-JA.jpg"}],"twitter_misc":{"Written by":"ulqini","Est. reading time":"2 minutes"},"schema":{"@context":"https:\/\/schema.org","@graph":[{"@type":"WebSite","@id":"https:\/\/www.visit-ulcinj.com\/blog\/#website","url":"https:\/\/www.visit-ulcinj.com\/blog\/","name":"Lajme nga Ulqini","description":"Lajme,Vijesti,Ulqini,Ulqin,Crna Gora,Mali i Zi","potentialAction":[{"@type":"SearchAction","target":{"@type":"EntryPoint","urlTemplate":"https:\/\/www.visit-ulcinj.com\/blog\/?s={search_term_string}"},"query-input":"required name=search_term_string"}],"inLanguage":"en-US"},{"@type":"ImageObject","inLanguage":"en-US","@id":"https:\/\/www.visit-ulcinj.com\/blog\/2011\/12\/24\/ppd-ja-kumtese-per-opinion\/#primaryimage","url":"https:\/\/www.visit-ulcinj.com\/blog\/wp-content\/uploads\/2011\/12\/PPD-JA.jpg","contentUrl":"https:\/\/www.visit-ulcinj.com\/blog\/wp-content\/uploads\/2011\/12\/PPD-JA.jpg","width":"509","height":"115"},{"@type":"WebPage","@id":"https:\/\/www.visit-ulcinj.com\/blog\/2011\/12\/24\/ppd-ja-kumtese-per-opinion\/#webpage","url":"https:\/\/www.visit-ulcinj.com\/blog\/2011\/12\/24\/ppd-ja-kumtese-per-opinion\/","name":"PPD-ja: Kumtes\u00eb p\u00ebr opinion - Lajme nga Ulqini","isPartOf":{"@id":"https:\/\/www.visit-ulcinj.com\/blog\/#website"},"primaryImageOfPage":{"@id":"https:\/\/www.visit-ulcinj.com\/blog\/2011\/12\/24\/ppd-ja-kumtese-per-opinion\/#primaryimage"},"datePublished":"2011-12-24T21:57:35+00:00","dateModified":"2011-12-24T21:57:35+00:00","author":{"@id":"https:\/\/www.visit-ulcinj.com\/blog\/#\/schema\/person\/dcab619c614d3038751c63bc2aadc06d"},"description":"Ulcinj, 23.12.2011 &nbsp; Kumtes\u00eb p\u00ebr opinion &nbsp; Lidhur me situat\u00ebn aktuale politike, kryesia e Partis\u00eb s\u00eb Prosperitetit Demokratik n\u00eb mbledhj\u00ebn","breadcrumb":{"@id":"https:\/\/www.visit-ulcinj.com\/blog\/2011\/12\/24\/ppd-ja-kumtese-per-opinion\/#breadcrumb"},"inLanguage":"en-US","potentialAction":[{"@type":"ReadAction","target":["https:\/\/www.visit-ulcinj.com\/blog\/2011\/12\/24\/ppd-ja-kumtese-per-opinion\/"]}]},{"@type":"BreadcrumbList","@id":"https:\/\/www.visit-ulcinj.com\/blog\/2011\/12\/24\/ppd-ja-kumtese-per-opinion\/#breadcrumb","itemListElement":[{"@type":"ListItem","position":1,"name":"PPD-ja: Kumtes\u00eb p\u00ebr opinion"}]},{"@type":"Person","@id":"https:\/\/www.visit-ulcinj.com\/blog\/#\/schema\/person\/dcab619c614d3038751c63bc2aadc06d","name":"ulqini","sameAs":["http:\/\/www.visit-ulcinj.com"],"url":"https:\/\/www.visit-ulcinj.com\/blog\/author\/admin\/"}]}},"jetpack_featured_media_url":"","jetpack_sharing_enabled":true,"jetpack_shortlink":"https:\/\/wp.me\/pe6lTn-egF","_links":{"self":[{"href":"https:\/\/www.visit-ulcinj.com\/blog\/wp-json\/wp\/v2\/posts\/54849"}],"collection":[{"href":"https:\/\/www.visit-ulcinj.com\/blog\/wp-json\/wp\/v2\/posts"}],"about":[{"href":"https:\/\/www.visit-ulcinj.com\/blog\/wp-json\/wp\/v2\/types\/post"}],"author":[{"embeddable":true,"href":"https:\/\/www.visit-ulcinj.com\/blog\/wp-json\/wp\/v2\/users\/1"}],"replies":[{"embeddable":true,"href":"https:\/\/www.visit-ulcinj.com\/blog\/wp-json\/wp\/v2\/comments?post=54849"}],"version-history":[{"count":1,"href":"https:\/\/www.visit-ulcinj.com\/blog\/wp-json\/wp\/v2\/posts\/54849\/revisions"}],"predecessor-version":[{"id":54852,"href":"https:\/\/www.visit-ulcinj.com\/blog\/wp-json\/wp\/v2\/posts\/54849\/revisions\/54852"}],"wp:attachment":[{"href":"https:\/\/www.visit-ulcinj.com\/blog\/wp-json\/wp\/v2\/media?parent=54849"}],"wp:term":[{"taxonomy":"category","embeddable":true,"href":"https:\/\/www.visit-ulcinj.com\/blog\/wp-json\/wp\/v2\/categories?post=54849"},{"taxonomy":"post_tag","embeddable":true,"href":"https:\/\/www.visit-ulcinj.com\/blog\/wp-json\/wp\/v2\/tags?post=54849"}],"curies":[{"name":"wp","href":"https:\/\/api.w.org\/{rel}","templated":true}]}}