{"id":54858,"date":"2011-12-25T10:40:45","date_gmt":"2011-12-25T09:40:45","guid":{"rendered":"http:\/\/www.visit-ulcinj.com\/blog\/?p=54858"},"modified":"2011-12-25T10:40:45","modified_gmt":"2011-12-25T09:40:45","slug":"getoari-jam-shume-i-dhene-pas-seksit","status":"publish","type":"post","link":"https:\/\/www.visit-ulcinj.com\/blog\/2011\/12\/25\/getoari-jam-shume-i-dhene-pas-seksit\/","title":{"rendered":"Getoari: Jam shum\u00eb i dh\u00ebn\u00eb pas seksit"},"content":{"rendered":"<p><a href=\"http:\/\/www.visit-ulcinj.com\/blog\/wp-content\/uploads\/2011\/12\/Getoar-Selimi_geti.jpg\"><img loading=\"lazy\" class=\"alignleft size-full wp-image-54859\" title=\"Getoar-Selimi_geti\" src=\"http:\/\/www.visit-ulcinj.com\/blog\/wp-content\/uploads\/2011\/12\/Getoar-Selimi_geti.jpg\" alt=\"\" width=\"508\" height=\"347\" \/><\/a>Nj\u00eb reper, q\u00eb nuk rezervohet t\u00eb flas\u00eb. Pa hezituar, tregon se \u00ebsht\u00eb shum\u00eb i dh\u00ebn\u00eb pas seksit dhe se nuk e kujton puthjen e par\u00eb. Getoar Selimi pohon se martesa \u00ebsht\u00eb n\u00eb planet e tij t\u00eb af\u00ebrta dhe se ndihet i gatsh\u00ebm p\u00ebr k\u00ebt\u00eb hap. Flet hapur dhe zbulon preferencat e tij n\u00eb nj\u00eb intervist\u00eb 60-sekond\u00ebshe dh\u00ebn\u00eb p\u00ebr nj\u00eb televizion t\u00eb Kosov\u00ebs.<\/p>\n<p><strong>Kur ishe i vog\u00ebl, kujt kishe d\u00ebshir\u00eb t\u2019i ngjaje?<\/strong><br \/>\nTarzanit.<br \/>\n<strong>Cila rrym\u00eb muzikore t\u00eb shkakton alergji?<\/strong><br \/>\nMuzika e keqe.<br \/>\n<strong>P\u00ebr \u00e7far\u00eb ke nevoj\u00eb n\u00eb k\u00ebto momente?<\/strong><br \/>\nP\u00ebr uj\u00eb.<br \/>\n<strong>N\u00eb em\u00ebr t\u00eb dashuris\u00eb, a mund t\u00eb vishesh si Adrian Gaxha?<\/strong><br \/>\nAsnj\u00ebher\u00eb.<br \/>\n<strong>A beson se njeriu ka prejardhje nga majmuni?<\/strong><br \/>\nJo.<br \/>\n<strong>Thashethemi m\u00eb i keq q\u00eb ke d\u00ebgjuar p\u00ebr veten?<\/strong><br \/>\nUn\u00eb jam thashethemi vet\u00eb, m\u00eb duket\u2026<br \/>\n<strong>K\u00ebng\u00ebtarja q\u00eb t\u00eb ka l\u00ebn\u00eb pa mend s\u00eb fundi?<\/strong><br \/>\nPa mend s\u2019m\u00eb ka l\u00ebn\u00eb asnj\u00ebra, por q\u00eb m\u00eb ka p\u00eblqyer \u00ebsht\u00eb Rihanna.<br \/>\n<strong>Cilit besim i p\u00ebrket?<\/strong><br \/>\nMysliman.<br \/>\n<strong>E v\u00ebrtet\u00eb \u00ebsht\u00eb q\u00eb konsumon mishin e derrit?<\/strong><br \/>\nAsnj\u00ebher\u00eb.<br \/>\n<strong>E sheh veten s\u00eb shpejti t\u00eb martuar?<\/strong><br \/>\nPo.<br \/>\n<strong>Cila \u00ebsht\u00eb g\u00ebnjeshtra m\u00eb e d\u00ebmshme q\u00eb ke th\u00ebn\u00eb?<\/strong><br \/>\nUn\u00eb nuk g\u00ebnjej asnj\u00ebher\u00eb.<br \/>\n<strong>A t\u00eb kujtohet puthja e par\u00eb?<\/strong><br \/>\nJo.<br \/>\n<strong>Sa i dh\u00ebn\u00eb je pas seksit?<\/strong><br \/>\nShum\u00eb\u2026<\/p>\n<p><strong>PanoramaPlus<br \/>\n<!--YouTube Error: bad URL entered--><br \/>\n<\/strong><\/p>\n","protected":false},"excerpt":{"rendered":"<p>Nj\u00eb reper, q\u00eb nuk rezervohet t\u00eb flas\u00eb. Pa hezituar, tregon se \u00ebsht\u00eb shum\u00eb i dh\u00ebn\u00eb pas seksit dhe se nuk e kujton puthjen e par\u00eb. Getoar Selimi pohon se martesa \u00ebsht\u00eb n\u00eb planet e tij t\u00eb af\u00ebrta dhe se ndihet i gatsh\u00ebm p\u00ebr k\u00ebt\u00eb hap. Flet hapur dhe zbulon preferencat e tij n\u00eb nj\u00eb intervist\u00eb [&hellip;]<\/p>\n","protected":false},"author":1,"featured_media":0,"comment_status":"open","ping_status":"closed","sticky":false,"template":"","format":"standard","meta":{"spay_email":"","jetpack_publicize_message":"","jetpack_is_tweetstorm":false,"jetpack_publicize_feature_enabled":true},"categories":[1],"tags":[13129,5317],"jetpack_publicize_connections":[],"yoast_head":"<!-- This site is optimized with the Yoast SEO plugin v19.1 - https:\/\/yoast.com\/wordpress\/plugins\/seo\/ -->\n<title>Getoari: Jam shum\u00eb i dh\u00ebn\u00eb pas seksit - Lajme nga Ulqini<\/title>\n<meta name=\"description\" content=\"Nj\u00eb reper, q\u00eb nuk rezervohet t\u00eb flas\u00eb. Pa hezituar, tregon se \u00ebsht\u00eb shum\u00eb i dh\u00ebn\u00eb pas seksit dhe se nuk e kujton puthjen e par\u00eb. Getoar Selimi pohon se\" \/>\n<meta name=\"robots\" content=\"index, follow, max-snippet:-1, max-image-preview:large, max-video-preview:-1\" \/>\n<link rel=\"canonical\" href=\"https:\/\/www.visit-ulcinj.com\/blog\/2011\/12\/25\/getoari-jam-shume-i-dhene-pas-seksit\/\" \/>\n<meta property=\"og:locale\" content=\"en_US\" \/>\n<meta property=\"og:type\" content=\"article\" \/>\n<meta property=\"og:title\" content=\"Getoari: Jam shum\u00eb i dh\u00ebn\u00eb pas seksit - Lajme nga Ulqini\" \/>\n<meta property=\"og:description\" content=\"Nj\u00eb reper, q\u00eb nuk rezervohet t\u00eb flas\u00eb. Pa hezituar, tregon se \u00ebsht\u00eb shum\u00eb i dh\u00ebn\u00eb pas seksit dhe se nuk e kujton puthjen e par\u00eb. Getoar Selimi pohon se\" \/>\n<meta property=\"og:url\" content=\"https:\/\/www.visit-ulcinj.com\/blog\/2011\/12\/25\/getoari-jam-shume-i-dhene-pas-seksit\/\" \/>\n<meta property=\"og:site_name\" content=\"Lajme nga Ulqini\" \/>\n<meta property=\"article:published_time\" content=\"2011-12-25T09:40:45+00:00\" \/>\n<meta property=\"og:image\" content=\"http:\/\/www.visit-ulcinj.com\/blog\/wp-content\/uploads\/2011\/12\/Getoar-Selimi_geti.jpg\" \/>\n<meta name=\"twitter:label1\" content=\"Written by\" \/>\n\t<meta name=\"twitter:data1\" content=\"ulqini\" \/>\n\t<meta name=\"twitter:label2\" content=\"Est. reading time\" \/>\n\t<meta name=\"twitter:data2\" content=\"1 minute\" \/>\n<script type=\"application\/ld+json\" class=\"yoast-schema-graph\">{\"@context\":\"https:\/\/schema.org\",\"@graph\":[{\"@type\":\"WebSite\",\"@id\":\"https:\/\/www.visit-ulcinj.com\/blog\/#website\",\"url\":\"https:\/\/www.visit-ulcinj.com\/blog\/\",\"name\":\"Lajme nga Ulqini\",\"description\":\"Lajme,Vijesti,Ulqini,Ulqin,Crna Gora,Mali i Zi\",\"potentialAction\":[{\"@type\":\"SearchAction\",\"target\":{\"@type\":\"EntryPoint\",\"urlTemplate\":\"https:\/\/www.visit-ulcinj.com\/blog\/?s={search_term_string}\"},\"query-input\":\"required name=search_term_string\"}],\"inLanguage\":\"en-US\"},{\"@type\":\"ImageObject\",\"inLanguage\":\"en-US\",\"@id\":\"https:\/\/www.visit-ulcinj.com\/blog\/2011\/12\/25\/getoari-jam-shume-i-dhene-pas-seksit\/#primaryimage\",\"url\":\"http:\/\/www.visit-ulcinj.com\/blog\/wp-content\/uploads\/2011\/12\/Getoar-Selimi_geti.jpg\",\"contentUrl\":\"http:\/\/www.visit-ulcinj.com\/blog\/wp-content\/uploads\/2011\/12\/Getoar-Selimi_geti.jpg\"},{\"@type\":\"WebPage\",\"@id\":\"https:\/\/www.visit-ulcinj.com\/blog\/2011\/12\/25\/getoari-jam-shume-i-dhene-pas-seksit\/#webpage\",\"url\":\"https:\/\/www.visit-ulcinj.com\/blog\/2011\/12\/25\/getoari-jam-shume-i-dhene-pas-seksit\/\",\"name\":\"Getoari: Jam shum\u00eb i dh\u00ebn\u00eb pas seksit - Lajme nga Ulqini\",\"isPartOf\":{\"@id\":\"https:\/\/www.visit-ulcinj.com\/blog\/#website\"},\"primaryImageOfPage\":{\"@id\":\"https:\/\/www.visit-ulcinj.com\/blog\/2011\/12\/25\/getoari-jam-shume-i-dhene-pas-seksit\/#primaryimage\"},\"datePublished\":\"2011-12-25T09:40:45+00:00\",\"dateModified\":\"2011-12-25T09:40:45+00:00\",\"author\":{\"@id\":\"https:\/\/www.visit-ulcinj.com\/blog\/#\/schema\/person\/dcab619c614d3038751c63bc2aadc06d\"},\"description\":\"Nj\u00eb reper, q\u00eb nuk rezervohet t\u00eb flas\u00eb. Pa hezituar, tregon se \u00ebsht\u00eb shum\u00eb i dh\u00ebn\u00eb pas seksit dhe se nuk e kujton puthjen e par\u00eb. Getoar Selimi pohon se\",\"breadcrumb\":{\"@id\":\"https:\/\/www.visit-ulcinj.com\/blog\/2011\/12\/25\/getoari-jam-shume-i-dhene-pas-seksit\/#breadcrumb\"},\"inLanguage\":\"en-US\",\"potentialAction\":[{\"@type\":\"ReadAction\",\"target\":[\"https:\/\/www.visit-ulcinj.com\/blog\/2011\/12\/25\/getoari-jam-shume-i-dhene-pas-seksit\/\"]}]},{\"@type\":\"BreadcrumbList\",\"@id\":\"https:\/\/www.visit-ulcinj.com\/blog\/2011\/12\/25\/getoari-jam-shume-i-dhene-pas-seksit\/#breadcrumb\",\"itemListElement\":[{\"@type\":\"ListItem\",\"position\":1,\"name\":\"Getoari: Jam shum\u00eb i dh\u00ebn\u00eb pas seksit\"}]},{\"@type\":\"Person\",\"@id\":\"https:\/\/www.visit-ulcinj.com\/blog\/#\/schema\/person\/dcab619c614d3038751c63bc2aadc06d\",\"name\":\"ulqini\",\"sameAs\":[\"http:\/\/www.visit-ulcinj.com\"],\"url\":\"https:\/\/www.visit-ulcinj.com\/blog\/author\/admin\/\"}]}<\/script>\n<!-- \/ Yoast SEO plugin. -->","yoast_head_json":{"title":"Getoari: Jam shum\u00eb i dh\u00ebn\u00eb pas seksit - Lajme nga Ulqini","description":"Nj\u00eb reper, q\u00eb nuk rezervohet t\u00eb flas\u00eb. Pa hezituar, tregon se \u00ebsht\u00eb shum\u00eb i dh\u00ebn\u00eb pas seksit dhe se nuk e kujton puthjen e par\u00eb. Getoar Selimi pohon se","robots":{"index":"index","follow":"follow","max-snippet":"max-snippet:-1","max-image-preview":"max-image-preview:large","max-video-preview":"max-video-preview:-1"},"canonical":"https:\/\/www.visit-ulcinj.com\/blog\/2011\/12\/25\/getoari-jam-shume-i-dhene-pas-seksit\/","og_locale":"en_US","og_type":"article","og_title":"Getoari: Jam shum\u00eb i dh\u00ebn\u00eb pas seksit - Lajme nga Ulqini","og_description":"Nj\u00eb reper, q\u00eb nuk rezervohet t\u00eb flas\u00eb. Pa hezituar, tregon se \u00ebsht\u00eb shum\u00eb i dh\u00ebn\u00eb pas seksit dhe se nuk e kujton puthjen e par\u00eb. Getoar Selimi pohon se","og_url":"https:\/\/www.visit-ulcinj.com\/blog\/2011\/12\/25\/getoari-jam-shume-i-dhene-pas-seksit\/","og_site_name":"Lajme nga Ulqini","article_published_time":"2011-12-25T09:40:45+00:00","og_image":[{"url":"http:\/\/www.visit-ulcinj.com\/blog\/wp-content\/uploads\/2011\/12\/Getoar-Selimi_geti.jpg"}],"twitter_misc":{"Written by":"ulqini","Est. reading time":"1 minute"},"schema":{"@context":"https:\/\/schema.org","@graph":[{"@type":"WebSite","@id":"https:\/\/www.visit-ulcinj.com\/blog\/#website","url":"https:\/\/www.visit-ulcinj.com\/blog\/","name":"Lajme nga Ulqini","description":"Lajme,Vijesti,Ulqini,Ulqin,Crna Gora,Mali i Zi","potentialAction":[{"@type":"SearchAction","target":{"@type":"EntryPoint","urlTemplate":"https:\/\/www.visit-ulcinj.com\/blog\/?s={search_term_string}"},"query-input":"required name=search_term_string"}],"inLanguage":"en-US"},{"@type":"ImageObject","inLanguage":"en-US","@id":"https:\/\/www.visit-ulcinj.com\/blog\/2011\/12\/25\/getoari-jam-shume-i-dhene-pas-seksit\/#primaryimage","url":"http:\/\/www.visit-ulcinj.com\/blog\/wp-content\/uploads\/2011\/12\/Getoar-Selimi_geti.jpg","contentUrl":"http:\/\/www.visit-ulcinj.com\/blog\/wp-content\/uploads\/2011\/12\/Getoar-Selimi_geti.jpg"},{"@type":"WebPage","@id":"https:\/\/www.visit-ulcinj.com\/blog\/2011\/12\/25\/getoari-jam-shume-i-dhene-pas-seksit\/#webpage","url":"https:\/\/www.visit-ulcinj.com\/blog\/2011\/12\/25\/getoari-jam-shume-i-dhene-pas-seksit\/","name":"Getoari: Jam shum\u00eb i dh\u00ebn\u00eb pas seksit - Lajme nga Ulqini","isPartOf":{"@id":"https:\/\/www.visit-ulcinj.com\/blog\/#website"},"primaryImageOfPage":{"@id":"https:\/\/www.visit-ulcinj.com\/blog\/2011\/12\/25\/getoari-jam-shume-i-dhene-pas-seksit\/#primaryimage"},"datePublished":"2011-12-25T09:40:45+00:00","dateModified":"2011-12-25T09:40:45+00:00","author":{"@id":"https:\/\/www.visit-ulcinj.com\/blog\/#\/schema\/person\/dcab619c614d3038751c63bc2aadc06d"},"description":"Nj\u00eb reper, q\u00eb nuk rezervohet t\u00eb flas\u00eb. Pa hezituar, tregon se \u00ebsht\u00eb shum\u00eb i dh\u00ebn\u00eb pas seksit dhe se nuk e kujton puthjen e par\u00eb. Getoar Selimi pohon se","breadcrumb":{"@id":"https:\/\/www.visit-ulcinj.com\/blog\/2011\/12\/25\/getoari-jam-shume-i-dhene-pas-seksit\/#breadcrumb"},"inLanguage":"en-US","potentialAction":[{"@type":"ReadAction","target":["https:\/\/www.visit-ulcinj.com\/blog\/2011\/12\/25\/getoari-jam-shume-i-dhene-pas-seksit\/"]}]},{"@type":"BreadcrumbList","@id":"https:\/\/www.visit-ulcinj.com\/blog\/2011\/12\/25\/getoari-jam-shume-i-dhene-pas-seksit\/#breadcrumb","itemListElement":[{"@type":"ListItem","position":1,"name":"Getoari: Jam shum\u00eb i dh\u00ebn\u00eb pas seksit"}]},{"@type":"Person","@id":"https:\/\/www.visit-ulcinj.com\/blog\/#\/schema\/person\/dcab619c614d3038751c63bc2aadc06d","name":"ulqini","sameAs":["http:\/\/www.visit-ulcinj.com"],"url":"https:\/\/www.visit-ulcinj.com\/blog\/author\/admin\/"}]}},"jetpack_featured_media_url":"","jetpack_sharing_enabled":true,"jetpack_shortlink":"https:\/\/wp.me\/pe6lTn-egO","_links":{"self":[{"href":"https:\/\/www.visit-ulcinj.com\/blog\/wp-json\/wp\/v2\/posts\/54858"}],"collection":[{"href":"https:\/\/www.visit-ulcinj.com\/blog\/wp-json\/wp\/v2\/posts"}],"about":[{"href":"https:\/\/www.visit-ulcinj.com\/blog\/wp-json\/wp\/v2\/types\/post"}],"author":[{"embeddable":true,"href":"https:\/\/www.visit-ulcinj.com\/blog\/wp-json\/wp\/v2\/users\/1"}],"replies":[{"embeddable":true,"href":"https:\/\/www.visit-ulcinj.com\/blog\/wp-json\/wp\/v2\/comments?post=54858"}],"version-history":[{"count":1,"href":"https:\/\/www.visit-ulcinj.com\/blog\/wp-json\/wp\/v2\/posts\/54858\/revisions"}],"predecessor-version":[{"id":54860,"href":"https:\/\/www.visit-ulcinj.com\/blog\/wp-json\/wp\/v2\/posts\/54858\/revisions\/54860"}],"wp:attachment":[{"href":"https:\/\/www.visit-ulcinj.com\/blog\/wp-json\/wp\/v2\/media?parent=54858"}],"wp:term":[{"taxonomy":"category","embeddable":true,"href":"https:\/\/www.visit-ulcinj.com\/blog\/wp-json\/wp\/v2\/categories?post=54858"},{"taxonomy":"post_tag","embeddable":true,"href":"https:\/\/www.visit-ulcinj.com\/blog\/wp-json\/wp\/v2\/tags?post=54858"}],"curies":[{"name":"wp","href":"https:\/\/api.w.org\/{rel}","templated":true}]}}