{"id":54868,"date":"2011-12-25T11:58:33","date_gmt":"2011-12-25T10:58:33","guid":{"rendered":"http:\/\/www.visit-ulcinj.com\/blog\/?p=54868"},"modified":"2011-12-25T11:58:33","modified_gmt":"2011-12-25T10:58:33","slug":"dafina-dhe-elvana-i-shpallin-lufte-njera-tjetres-per-milionat-e-koncerteve","status":"publish","type":"post","link":"https:\/\/www.visit-ulcinj.com\/blog\/2011\/12\/25\/dafina-dhe-elvana-i-shpallin-lufte-njera-tjetres-per-milionat-e-koncerteve\/","title":{"rendered":"Dafina dhe Elvana i shpallin luft\u00eb nj\u00ebra-tjetr\u00ebs p\u00ebr milionat e koncerteve"},"content":{"rendered":"<p><a href=\"http:\/\/www.visit-ulcinj.com\/blog\/wp-content\/uploads\/2011\/12\/elvanagjata.jpg\"><img loading=\"lazy\" class=\"alignleft size-full wp-image-54869\" title=\"elvanagjata\" src=\"http:\/\/www.visit-ulcinj.com\/blog\/wp-content\/uploads\/2011\/12\/elvanagjata.jpg\" alt=\"\" width=\"340\" height=\"440\" \/><\/a>Lufta p\u00ebr ekskluzivitet n\u00eb tregun muzikor, si dhe rivaliteti i eg\u00ebr mes artist\u00ebve \u00ebsht\u00eb ajo pjes\u00eb q\u00eb publiku nuk ka mund\u00ebsin\u00eb ta shoh\u00eb, pasi gjith\u00e7ka ndodh n\u00eb prapasken\u00eb. Duket se k\u00ebng\u00ebtaret e suksesshme nuk jan\u00eb aq t\u00eb lumtura sa duken, sidomos kur vjen puna p\u00ebr konkurrenc\u00eb dhe p\u00ebr milionat e parave t\u00eb koncerteve q\u00eb mund t\u2019ua rr\u00ebmbej\u00eb tjetra.<\/p>\n<p>Dueli m\u00eb i fundit i k\u00ebng\u00ebtareve, q\u00eb duan me \u00e7do kusht t\u00eb rr\u00ebzojn\u00eb nj\u00ebra-tjetr\u00ebn, \u00ebsht\u00eb ai mes Elvana Gjat\u00ebs dhe Dafina Zeqirit. \u201cLufta\u201d e ashp\u00ebr mes dy k\u00ebng\u00ebtareve ka nisur k\u00ebto dit\u00eb p\u00ebr shkak t\u00eb popullaritetit dhe xhelozis\u00eb q\u00eb k\u00ebng\u00ebtaret kan\u00eb p\u00ebr nj\u00ebra-tjetr\u00ebn. Meq\u00eb tashm\u00eb Elvana \u00ebsht\u00eb shum\u00eb e njohur\u00a0 n\u00eb Kosov\u00eb, Dafina pretendon t\u00eb pushtoj\u00eb tregun muzikor n\u00eb Shqip\u00ebri, duke i dh\u00ebn\u00eb ekskluzivitetin e klipeve t\u00eb reja pik\u00ebrisht n\u00eb Tiran\u00eb dhe n\u00eb asnj\u00eb televizion t\u00eb Kosov\u00ebs. Nd\u00ebrkoh\u00eb, si kund\u00ebp\u00ebrgjigje Elvana p\u00ebrgatit nj\u00eb superklip t\u00eb ri. Por kjo \u201cluft\u00eb\u201d p\u00ebr t\u00eb dominuar n\u00eb muzik\u00eb, shkon m\u00eb shum\u00eb sesa kaq. Sidomos nga prishja e miq\u00ebsis\u00eb s\u00eb Dafin\u00ebs me \u201cBaba stars\u201d, dy vajzat nuk takohen m\u00eb, pasi \u00e7do takim, qoft\u00eb edhe i rast\u00ebsish\u00ebm, p\u00ebrfundon me sherr mes tyre.<\/p>\n<p>Aq shum\u00eb urrehen me nj\u00ebra-tjetr\u00ebn, sa tashm\u00eb k\u00ebt\u00eb pun\u00eb ua kan\u00eb l\u00ebn\u00eb n\u00eb dor\u00eb fansave, t\u00eb cil\u00ebt n\u00eb koncerte t\u00eb ndryshme n\u00eb Kosov\u00eb apo Shqip\u00ebri shfaqen me pankarta apo thirrje fyese kund\u00ebr tyre. Gjith\u00eb problemi q\u00ebndron te koncertet, ambicies se cila prej tyre do t\u00eb arrij\u00eb t\u00eb \u201ckap\u00eb\u201d m\u00eb shum\u00eb koncerte n\u00eb vit, q\u00eb p\u00ebr t\u00eb dyja k\u00ebng\u00ebtaret q\u00eb e kan\u00eb nj\u00eb koncert (2 500 euro) p\u00ebrkthehet n\u00eb miliona para. Nd\u00ebrkoh\u00eb q\u00eb pas ndarjes nga Krenar Cokaj dhe nd\u00ebrprerjes s\u00eb bashk\u00ebpunimit e miq\u00ebsis\u00eb me ish-menaxherin e saj dhe \u201cBaba Stars\u201d, duket se Dafina tashm\u00eb i ka t\u00eb pakt\u00eb miqt\u00eb artist\u00eb. T\u00eb shtun\u00ebn e kaluar, k\u00ebng\u00ebtarja promovoi albumin e saj t\u00eb dyt\u00eb,\u00a0 me titull\u00a0 \u201cJust me\u201d me 17 k\u00ebng\u00eb, nj\u00eb prej t\u00eb cilave k\u00ebnga \u201cSupernova\u201d, q\u00eb e ka realizuar klip. N\u00eb promovimin e klipit ishin vet\u00ebm Genc Prelvukaj, menaxheri Damir Jahic (Cekic), Big Basta, q\u00eb \u00ebsht\u00eb autori i tekstit \u201cSupernova\u201d dhe pjes\u00ebs m\u00eb t\u00eb madhe t\u00eb k\u00ebng\u00ebve t\u00eb albumit.<\/p>\n<p><strong>Elvana vs Dafina: Pas operacioneve plastike rrisin \u00e7mimin, 2500 euro p\u00ebr koncert<\/strong><strong><br \/>\n<\/strong>T\u00eb dyja e kan\u00eb perfeksionuar look-un duke u shfaqur gjithmon\u00eb e m\u00eb shum\u00eb me forma dhe pothuaj t\u00eb ngjashme n\u00eb stilin e veshjeve e t\u00eb flok\u00ebve. Dafina deklaroi n\u00eb vjesht\u00eb se kishte b\u00ebr\u00eb nd\u00ebrhyrje n\u00eb gjoks pas k\u00ebrkesave t\u00eb fansave, nd\u00ebrsa m\u00eb par\u00eb ka b\u00ebr\u00eb disa nd\u00ebrhyrje n\u00eb fytyr\u00eb. Elvana, edhe pse s\u2019ka pohuar asgj\u00eb vet\u00eb n\u00eb lidhje me nd\u00ebrhyrjet plastike, gjith\u00e7ka u vu re n\u00eb koncertin e saj n\u00eb Toronto disa jav\u00eb m\u00eb par\u00eb, ku ra n\u00eb sy pamja e\u00a0 transformuar, q\u00eb la vend p\u00ebr hamend\u00ebsime q\u00eb ajo mund t\u00eb kishte b\u00ebr\u00eb nd\u00ebrhyrje plastike n\u00eb gjoks, buz\u00eb dhe moll\u00ebzat e fytyr\u00ebs. T\u00eb dyja me stilin e Beyonce, ato duket se pas k\u00ebtyre p\u00ebrmir\u00ebsimeve n\u00eb pamjen e tyre tashm\u00eb vlejn\u00eb m\u00eb shum\u00eb. T\u00eb dyja kan\u00eb t\u00eb nj\u00ebjtin \u00e7mim dhe paga n\u00eb koncerte nuk kalon shifr\u00ebn prej 2.500 euro. Por m\u00ebsojm\u00eb nga menaxher\u00ebt e koncerteve se p\u00ebr shkak t\u00eb konkurrenc\u00ebs s\u00eb lart\u00eb, Dafina kishte ulur \u00e7mimin e saj n\u00eb 2.000 euro, nd\u00ebrsa p\u00ebr nj\u00eb tur koncertesh q\u00eb p\u00ebrfshijn\u00eb 3-4 mbr\u00ebmje, ajo mund t\u00eb paguhet me 6.000 (mij\u00eb) deri n\u00eb 8.000 (mij\u00eb) euro. Nd\u00ebrkoh\u00eb q\u00eb p\u00ebr festat e fundvitit duket se Elvana e l\u00eb pak pas Dafin\u00ebn. Zbehjen e fam\u00ebs s\u00eb Dafin\u00ebs ajo e ka shfryt\u00ebzuar mir\u00eb, me disa koncerte n\u00eb Kosov\u00eb dhe tashm\u00eb n\u00eb Shtetet e Bashkuara t\u00eb Amerik\u00ebs. Nd\u00ebrsa Dafina n\u00eb an\u00ebn tjet\u00ebr ka caktuar disa koncerte n\u00eb axhend\u00ebn e saj p\u00ebr festat e fundvitit, por q\u00eb jan\u00eb komentuar si koncerte t\u00eb nivelit t\u00eb ul\u00ebt. \u201cLufta\u201d e konkurrenc\u00ebs mes dy vajzave seksi \u00ebsht\u00eb acaruar edhe n\u00eb rrjetet sociale, luft\u00eb q\u00eb zhvillohet mes fansave, t\u00eb cil\u00ebt komentojn\u00eb dhe votojn\u00eb t\u00eb preferuarat e tyre n\u00ebp\u00ebr sondazhe q\u00eb realizohen pothuaj \u00e7do dit\u00eb.<br \/>\n<a href=\"http:\/\/www.visit-ulcinj.com\/blog\/wp-content\/uploads\/2011\/12\/dafina-zeqiri.jpg\"><img loading=\"lazy\" class=\"alignleft size-full wp-image-54870\" title=\"dafina zeqiri\" src=\"http:\/\/www.visit-ulcinj.com\/blog\/wp-content\/uploads\/2011\/12\/dafina-zeqiri.jpg\" alt=\"\" width=\"340\" height=\"440\" \/><\/a><\/p>\n<p><strong>Dafin\u00ebs i bie vlera n\u00eb Kosov\u00eb pas ndarjes, favorizohet Elvana<\/strong><strong><br \/>\n<\/strong>N\u00eb fakt, synimi i Dafin\u00ebs p\u00ebr t\u00eb dominuar n\u00eb tregun muzikor t\u00eb Shqip\u00ebris\u00eb dhe p\u00ebr t\u00eb dal\u00eb para Elvan\u00ebs, u vu re me lan\u00e7imin e klipit t\u00eb saj t\u00eb fundit t\u00eb titulluar \u201cMy swag\u201d (Hakmarrja ime) apo (Ryshfetet e mia). Ekskluzivitetin e k\u00ebtij klipi e kishte vet\u00ebm \u201cSuper Sonic Tv\u201d, televizion q\u00eb gjithmon\u00eb ka pasur si ekskluzivitet Elvana Gjat\u00ebn. N\u00eb k\u00ebt\u00eb rast, q\u00ebllimi i Dafina Zeqirit, e cila u b\u00eb e famshme koh\u00ebt e fundit, ka qen\u00eb q\u00eb me lan\u00e7imin e k\u00ebtij klipi t\u00eb rr\u00ebzoj\u00eb popullaritetin e Elvana Gjat\u00ebs n\u00eb Shqip\u00ebri, p\u00ebr faktin se Elvana dominon tashm\u00eb n\u00eb Kosov\u00eb. Madje, ky klip ende nuk ka filluar t\u00eb transmetohet n\u00eb asnj\u00eb televizion kosovar, sepse q\u00ebllimi i Dafin\u00ebs ka qen\u00eb pushtimi i tregut shqiptar si fillim. Por kur filloi zhvleht\u00ebsimi i Dafin\u00ebs n\u00eb Kosov\u00eb? Nj\u00eb arsye ishte nj\u00eb gabim n\u00eb menaxhim, nd\u00ebrsa bashk\u00eb me menaxherin Drin Zatriqi k\u00ebrkuan honorare nga mediat p\u00ebr t\u00eb dal\u00eb n\u00eb kopertina gazetash e revistash, gj\u00eb q\u00eb rezultoi d\u00ebshtim p\u00ebr k\u00ebng\u00ebtaren, pasi mediat nuk u pajtuan me k\u00ebt\u00eb kusht. Nd\u00ebrkoh\u00eb, miq t\u00eb af\u00ebrt t\u00eb k\u00ebng\u00ebtares kan\u00eb treguar se Dafina ia ka frik\u00ebn Elvan\u00ebs, se mos ndoshta ajo fiton m\u00eb shum\u00eb terren n\u00eb muzik\u00eb, ndaj dhe po p\u00ebrdor t\u00eb gjitha m\u00ebnyrat p\u00ebr ta eklipsuar. Ndryshe ndodhi me disa k\u00ebng\u00ebtare t\u00eb tjera q\u00eb ajo ka arritur t\u2019i mposht\u00eb. Thuhet madje se klipin e fundit Dafina ua kishte kushtuar pik\u00ebrisht atyre, Elvan\u00ebs, Tun\u00ebs dhe Gent\u00ebs, k\u00ebng\u00ebtare k\u00ebto m\u00eb t\u00eb k\u00ebrkuarat e momentit, q\u00eb ajo vet\u00eb i sheh si rivale. Nd\u00ebrsa ky \u00ebsht\u00eb moment i mir\u00eb p\u00ebr t\u00eb rritur popullaritetin e Elvan\u00ebs n\u00eb Kosov\u00eb e diaspor\u00eb, pasi tashm\u00eb ndodhet p\u00ebr koncert n\u00eb Detroit (SHBA) bashk\u00eb me Flori Mumajesin.<\/p>\n<p><strong>PanoramaPlus<\/strong><\/p>\n<!--YouTube Error: bad URL entered-->\n<p>&nbsp;<\/p>\n","protected":false},"excerpt":{"rendered":"<p>Lufta p\u00ebr ekskluzivitet n\u00eb tregun muzikor, si dhe rivaliteti i eg\u00ebr mes artist\u00ebve \u00ebsht\u00eb ajo pjes\u00eb q\u00eb publiku nuk ka mund\u00ebsin\u00eb ta shoh\u00eb, pasi gjith\u00e7ka ndodh n\u00eb prapasken\u00eb. Duket se k\u00ebng\u00ebtaret e suksesshme nuk jan\u00eb aq t\u00eb lumtura sa duken, sidomos kur vjen puna p\u00ebr konkurrenc\u00eb dhe p\u00ebr milionat e parave t\u00eb koncerteve q\u00eb mund [&hellip;]<\/p>\n","protected":false},"author":1,"featured_media":0,"comment_status":"closed","ping_status":"closed","sticky":false,"template":"","format":"standard","meta":{"spay_email":"","jetpack_publicize_message":"","jetpack_is_tweetstorm":false,"jetpack_publicize_feature_enabled":true},"categories":[1],"tags":[4926,7760,16036,19514,19511,19459,19513,6693,19679,4684,19460],"jetpack_publicize_connections":[],"yoast_head":"<!-- This site is optimized with the Yoast SEO plugin v19.1 - https:\/\/yoast.com\/wordpress\/plugins\/seo\/ -->\n<title>Dafina dhe Elvana i shpallin luft\u00eb nj\u00ebra-tjetr\u00ebs p\u00ebr milionat e koncerteve - Lajme nga Ulqini<\/title>\n<meta name=\"description\" content=\"Lufta p\u00ebr ekskluzivitet n\u00eb tregun muzikor, si dhe rivaliteti i eg\u00ebr mes artist\u00ebve \u00ebsht\u00eb ajo pjes\u00eb q\u00eb publiku nuk ka mund\u00ebsin\u00eb ta shoh\u00eb, pasi gjith\u00e7ka\" \/>\n<meta name=\"robots\" content=\"index, follow, max-snippet:-1, max-image-preview:large, max-video-preview:-1\" \/>\n<link rel=\"canonical\" href=\"https:\/\/www.visit-ulcinj.com\/blog\/2011\/12\/25\/dafina-dhe-elvana-i-shpallin-lufte-njera-tjetres-per-milionat-e-koncerteve\/\" \/>\n<meta property=\"og:locale\" content=\"en_US\" \/>\n<meta property=\"og:type\" content=\"article\" \/>\n<meta property=\"og:title\" content=\"Dafina dhe Elvana i shpallin luft\u00eb nj\u00ebra-tjetr\u00ebs p\u00ebr milionat e koncerteve - Lajme nga Ulqini\" \/>\n<meta property=\"og:description\" content=\"Lufta p\u00ebr ekskluzivitet n\u00eb tregun muzikor, si dhe rivaliteti i eg\u00ebr mes artist\u00ebve \u00ebsht\u00eb ajo pjes\u00eb q\u00eb publiku nuk ka mund\u00ebsin\u00eb ta shoh\u00eb, pasi gjith\u00e7ka\" \/>\n<meta property=\"og:url\" content=\"https:\/\/www.visit-ulcinj.com\/blog\/2011\/12\/25\/dafina-dhe-elvana-i-shpallin-lufte-njera-tjetres-per-milionat-e-koncerteve\/\" \/>\n<meta property=\"og:site_name\" content=\"Lajme nga Ulqini\" \/>\n<meta property=\"article:published_time\" content=\"2011-12-25T10:58:33+00:00\" \/>\n<meta property=\"og:image\" content=\"http:\/\/www.visit-ulcinj.com\/blog\/wp-content\/uploads\/2011\/12\/elvanagjata.jpg\" \/>\n<meta name=\"twitter:label1\" content=\"Written by\" \/>\n\t<meta name=\"twitter:data1\" content=\"ulqini\" \/>\n\t<meta name=\"twitter:label2\" content=\"Est. reading time\" \/>\n\t<meta name=\"twitter:data2\" content=\"5 minutes\" \/>\n<script type=\"application\/ld+json\" class=\"yoast-schema-graph\">{\"@context\":\"https:\/\/schema.org\",\"@graph\":[{\"@type\":\"WebSite\",\"@id\":\"https:\/\/www.visit-ulcinj.com\/blog\/#website\",\"url\":\"https:\/\/www.visit-ulcinj.com\/blog\/\",\"name\":\"Lajme nga Ulqini\",\"description\":\"Lajme,Vijesti,Ulqini,Ulqin,Crna Gora,Mali i Zi\",\"potentialAction\":[{\"@type\":\"SearchAction\",\"target\":{\"@type\":\"EntryPoint\",\"urlTemplate\":\"https:\/\/www.visit-ulcinj.com\/blog\/?s={search_term_string}\"},\"query-input\":\"required name=search_term_string\"}],\"inLanguage\":\"en-US\"},{\"@type\":\"ImageObject\",\"inLanguage\":\"en-US\",\"@id\":\"https:\/\/www.visit-ulcinj.com\/blog\/2011\/12\/25\/dafina-dhe-elvana-i-shpallin-lufte-njera-tjetres-per-milionat-e-koncerteve\/#primaryimage\",\"url\":\"http:\/\/www.visit-ulcinj.com\/blog\/wp-content\/uploads\/2011\/12\/elvanagjata.jpg\",\"contentUrl\":\"http:\/\/www.visit-ulcinj.com\/blog\/wp-content\/uploads\/2011\/12\/elvanagjata.jpg\"},{\"@type\":\"WebPage\",\"@id\":\"https:\/\/www.visit-ulcinj.com\/blog\/2011\/12\/25\/dafina-dhe-elvana-i-shpallin-lufte-njera-tjetres-per-milionat-e-koncerteve\/#webpage\",\"url\":\"https:\/\/www.visit-ulcinj.com\/blog\/2011\/12\/25\/dafina-dhe-elvana-i-shpallin-lufte-njera-tjetres-per-milionat-e-koncerteve\/\",\"name\":\"Dafina dhe Elvana i shpallin luft\u00eb nj\u00ebra-tjetr\u00ebs p\u00ebr milionat e koncerteve - Lajme nga Ulqini\",\"isPartOf\":{\"@id\":\"https:\/\/www.visit-ulcinj.com\/blog\/#website\"},\"primaryImageOfPage\":{\"@id\":\"https:\/\/www.visit-ulcinj.com\/blog\/2011\/12\/25\/dafina-dhe-elvana-i-shpallin-lufte-njera-tjetres-per-milionat-e-koncerteve\/#primaryimage\"},\"datePublished\":\"2011-12-25T10:58:33+00:00\",\"dateModified\":\"2011-12-25T10:58:33+00:00\",\"author\":{\"@id\":\"https:\/\/www.visit-ulcinj.com\/blog\/#\/schema\/person\/dcab619c614d3038751c63bc2aadc06d\"},\"description\":\"Lufta p\u00ebr ekskluzivitet n\u00eb tregun muzikor, si dhe rivaliteti i eg\u00ebr mes artist\u00ebve \u00ebsht\u00eb ajo pjes\u00eb q\u00eb publiku nuk ka mund\u00ebsin\u00eb ta shoh\u00eb, pasi gjith\u00e7ka\",\"breadcrumb\":{\"@id\":\"https:\/\/www.visit-ulcinj.com\/blog\/2011\/12\/25\/dafina-dhe-elvana-i-shpallin-lufte-njera-tjetres-per-milionat-e-koncerteve\/#breadcrumb\"},\"inLanguage\":\"en-US\",\"potentialAction\":[{\"@type\":\"ReadAction\",\"target\":[\"https:\/\/www.visit-ulcinj.com\/blog\/2011\/12\/25\/dafina-dhe-elvana-i-shpallin-lufte-njera-tjetres-per-milionat-e-koncerteve\/\"]}]},{\"@type\":\"BreadcrumbList\",\"@id\":\"https:\/\/www.visit-ulcinj.com\/blog\/2011\/12\/25\/dafina-dhe-elvana-i-shpallin-lufte-njera-tjetres-per-milionat-e-koncerteve\/#breadcrumb\",\"itemListElement\":[{\"@type\":\"ListItem\",\"position\":1,\"name\":\"Dafina dhe Elvana i shpallin luft\u00eb nj\u00ebra-tjetr\u00ebs p\u00ebr milionat e koncerteve\"}]},{\"@type\":\"Person\",\"@id\":\"https:\/\/www.visit-ulcinj.com\/blog\/#\/schema\/person\/dcab619c614d3038751c63bc2aadc06d\",\"name\":\"ulqini\",\"sameAs\":[\"http:\/\/www.visit-ulcinj.com\"],\"url\":\"https:\/\/www.visit-ulcinj.com\/blog\/author\/admin\/\"}]}<\/script>\n<!-- \/ Yoast SEO plugin. -->","yoast_head_json":{"title":"Dafina dhe Elvana i shpallin luft\u00eb nj\u00ebra-tjetr\u00ebs p\u00ebr milionat e koncerteve - Lajme nga Ulqini","description":"Lufta p\u00ebr ekskluzivitet n\u00eb tregun muzikor, si dhe rivaliteti i eg\u00ebr mes artist\u00ebve \u00ebsht\u00eb ajo pjes\u00eb q\u00eb publiku nuk ka mund\u00ebsin\u00eb ta shoh\u00eb, pasi gjith\u00e7ka","robots":{"index":"index","follow":"follow","max-snippet":"max-snippet:-1","max-image-preview":"max-image-preview:large","max-video-preview":"max-video-preview:-1"},"canonical":"https:\/\/www.visit-ulcinj.com\/blog\/2011\/12\/25\/dafina-dhe-elvana-i-shpallin-lufte-njera-tjetres-per-milionat-e-koncerteve\/","og_locale":"en_US","og_type":"article","og_title":"Dafina dhe Elvana i shpallin luft\u00eb nj\u00ebra-tjetr\u00ebs p\u00ebr milionat e koncerteve - Lajme nga Ulqini","og_description":"Lufta p\u00ebr ekskluzivitet n\u00eb tregun muzikor, si dhe rivaliteti i eg\u00ebr mes artist\u00ebve \u00ebsht\u00eb ajo pjes\u00eb q\u00eb publiku nuk ka mund\u00ebsin\u00eb ta shoh\u00eb, pasi gjith\u00e7ka","og_url":"https:\/\/www.visit-ulcinj.com\/blog\/2011\/12\/25\/dafina-dhe-elvana-i-shpallin-lufte-njera-tjetres-per-milionat-e-koncerteve\/","og_site_name":"Lajme nga Ulqini","article_published_time":"2011-12-25T10:58:33+00:00","og_image":[{"url":"http:\/\/www.visit-ulcinj.com\/blog\/wp-content\/uploads\/2011\/12\/elvanagjata.jpg"}],"twitter_misc":{"Written by":"ulqini","Est. reading time":"5 minutes"},"schema":{"@context":"https:\/\/schema.org","@graph":[{"@type":"WebSite","@id":"https:\/\/www.visit-ulcinj.com\/blog\/#website","url":"https:\/\/www.visit-ulcinj.com\/blog\/","name":"Lajme nga Ulqini","description":"Lajme,Vijesti,Ulqini,Ulqin,Crna Gora,Mali i Zi","potentialAction":[{"@type":"SearchAction","target":{"@type":"EntryPoint","urlTemplate":"https:\/\/www.visit-ulcinj.com\/blog\/?s={search_term_string}"},"query-input":"required name=search_term_string"}],"inLanguage":"en-US"},{"@type":"ImageObject","inLanguage":"en-US","@id":"https:\/\/www.visit-ulcinj.com\/blog\/2011\/12\/25\/dafina-dhe-elvana-i-shpallin-lufte-njera-tjetres-per-milionat-e-koncerteve\/#primaryimage","url":"http:\/\/www.visit-ulcinj.com\/blog\/wp-content\/uploads\/2011\/12\/elvanagjata.jpg","contentUrl":"http:\/\/www.visit-ulcinj.com\/blog\/wp-content\/uploads\/2011\/12\/elvanagjata.jpg"},{"@type":"WebPage","@id":"https:\/\/www.visit-ulcinj.com\/blog\/2011\/12\/25\/dafina-dhe-elvana-i-shpallin-lufte-njera-tjetres-per-milionat-e-koncerteve\/#webpage","url":"https:\/\/www.visit-ulcinj.com\/blog\/2011\/12\/25\/dafina-dhe-elvana-i-shpallin-lufte-njera-tjetres-per-milionat-e-koncerteve\/","name":"Dafina dhe Elvana i shpallin luft\u00eb nj\u00ebra-tjetr\u00ebs p\u00ebr milionat e koncerteve - Lajme nga Ulqini","isPartOf":{"@id":"https:\/\/www.visit-ulcinj.com\/blog\/#website"},"primaryImageOfPage":{"@id":"https:\/\/www.visit-ulcinj.com\/blog\/2011\/12\/25\/dafina-dhe-elvana-i-shpallin-lufte-njera-tjetres-per-milionat-e-koncerteve\/#primaryimage"},"datePublished":"2011-12-25T10:58:33+00:00","dateModified":"2011-12-25T10:58:33+00:00","author":{"@id":"https:\/\/www.visit-ulcinj.com\/blog\/#\/schema\/person\/dcab619c614d3038751c63bc2aadc06d"},"description":"Lufta p\u00ebr ekskluzivitet n\u00eb tregun muzikor, si dhe rivaliteti i eg\u00ebr mes artist\u00ebve \u00ebsht\u00eb ajo pjes\u00eb q\u00eb publiku nuk ka mund\u00ebsin\u00eb ta shoh\u00eb, pasi gjith\u00e7ka","breadcrumb":{"@id":"https:\/\/www.visit-ulcinj.com\/blog\/2011\/12\/25\/dafina-dhe-elvana-i-shpallin-lufte-njera-tjetres-per-milionat-e-koncerteve\/#breadcrumb"},"inLanguage":"en-US","potentialAction":[{"@type":"ReadAction","target":["https:\/\/www.visit-ulcinj.com\/blog\/2011\/12\/25\/dafina-dhe-elvana-i-shpallin-lufte-njera-tjetres-per-milionat-e-koncerteve\/"]}]},{"@type":"BreadcrumbList","@id":"https:\/\/www.visit-ulcinj.com\/blog\/2011\/12\/25\/dafina-dhe-elvana-i-shpallin-lufte-njera-tjetres-per-milionat-e-koncerteve\/#breadcrumb","itemListElement":[{"@type":"ListItem","position":1,"name":"Dafina dhe Elvana i shpallin luft\u00eb nj\u00ebra-tjetr\u00ebs p\u00ebr milionat e koncerteve"}]},{"@type":"Person","@id":"https:\/\/www.visit-ulcinj.com\/blog\/#\/schema\/person\/dcab619c614d3038751c63bc2aadc06d","name":"ulqini","sameAs":["http:\/\/www.visit-ulcinj.com"],"url":"https:\/\/www.visit-ulcinj.com\/blog\/author\/admin\/"}]}},"jetpack_featured_media_url":"","jetpack_sharing_enabled":true,"jetpack_shortlink":"https:\/\/wp.me\/pe6lTn-egY","_links":{"self":[{"href":"https:\/\/www.visit-ulcinj.com\/blog\/wp-json\/wp\/v2\/posts\/54868"}],"collection":[{"href":"https:\/\/www.visit-ulcinj.com\/blog\/wp-json\/wp\/v2\/posts"}],"about":[{"href":"https:\/\/www.visit-ulcinj.com\/blog\/wp-json\/wp\/v2\/types\/post"}],"author":[{"embeddable":true,"href":"https:\/\/www.visit-ulcinj.com\/blog\/wp-json\/wp\/v2\/users\/1"}],"replies":[{"embeddable":true,"href":"https:\/\/www.visit-ulcinj.com\/blog\/wp-json\/wp\/v2\/comments?post=54868"}],"version-history":[{"count":1,"href":"https:\/\/www.visit-ulcinj.com\/blog\/wp-json\/wp\/v2\/posts\/54868\/revisions"}],"predecessor-version":[{"id":54872,"href":"https:\/\/www.visit-ulcinj.com\/blog\/wp-json\/wp\/v2\/posts\/54868\/revisions\/54872"}],"wp:attachment":[{"href":"https:\/\/www.visit-ulcinj.com\/blog\/wp-json\/wp\/v2\/media?parent=54868"}],"wp:term":[{"taxonomy":"category","embeddable":true,"href":"https:\/\/www.visit-ulcinj.com\/blog\/wp-json\/wp\/v2\/categories?post=54868"},{"taxonomy":"post_tag","embeddable":true,"href":"https:\/\/www.visit-ulcinj.com\/blog\/wp-json\/wp\/v2\/tags?post=54868"}],"curies":[{"name":"wp","href":"https:\/\/api.w.org\/{rel}","templated":true}]}}