{"id":54879,"date":"2011-12-25T12:40:49","date_gmt":"2011-12-25T11:40:49","guid":{"rendered":"http:\/\/www.visit-ulcinj.com\/blog\/?p=54879"},"modified":"2011-12-25T12:40:49","modified_gmt":"2011-12-25T11:40:49","slug":"hana-cakuli-interpreton-krishtlindjet-nga-mariah-carey","status":"publish","type":"post","link":"https:\/\/www.visit-ulcinj.com\/blog\/2011\/12\/25\/hana-cakuli-interpreton-krishtlindjet-nga-mariah-carey\/","title":{"rendered":"Hana Cakuli interpreton krishtlindjet nga Mariah Carey"},"content":{"rendered":"<p><a href=\"http:\/\/www.visit-ulcinj.com\/blog\/wp-content\/uploads\/2011\/12\/hana-cakuli_ulqin.jpg\"><img loading=\"lazy\" class=\"alignleft size-full wp-image-54880\" title=\"hana cakuli_ulqin\" src=\"http:\/\/www.visit-ulcinj.com\/blog\/wp-content\/uploads\/2011\/12\/hana-cakuli_ulqin.jpg\" alt=\"\" width=\"500\" height=\"339\" srcset=\"https:\/\/www.visit-ulcinj.com\/blog\/wp-content\/uploads\/2011\/12\/hana-cakuli_ulqin.jpg 500w, https:\/\/www.visit-ulcinj.com\/blog\/wp-content\/uploads\/2011\/12\/hana-cakuli_ulqin-300x203.jpg 300w\" sizes=\"(max-width: 500px) 100vw, 500px\" \/><\/a>\u00cbsht\u00eb sezon festash sot n\u00eb gjith\u00eb bot\u00ebn,ku festohen krishtlindjet. Sot t\u00eb krishter\u00ebt festojn\u00eb Krishtlindjen. Ata kan\u00eb tradit\u00eb t\u00eb k\u00ebndojn\u00eb k\u00ebng\u00eb, q\u00eb ne i kemi pranuar si tonat. Hana Cakuli zgjedhi nj\u00eb \u00a0nga pes\u00eb k\u00ebng\u00ebt e Mariah Carey \u00a0t\u00eb preferuara p\u00ebr Krishtlindjen.<\/p>\n<p>Prandaj ju ftojm\u00eb ti ndigjoni\u2026\u2026?!<\/p>\n<p><strong>Lajme nga Ulqini<\/strong><br \/>\n<!--YouTube Error: bad URL entered--><\/p>\n","protected":false},"excerpt":{"rendered":"<p>\u00cbsht\u00eb sezon festash sot n\u00eb gjith\u00eb bot\u00ebn,ku festohen krishtlindjet. Sot t\u00eb krishter\u00ebt festojn\u00eb Krishtlindjen. Ata kan\u00eb tradit\u00eb t\u00eb k\u00ebndojn\u00eb k\u00ebng\u00eb, q\u00eb ne i kemi pranuar si tonat. Hana Cakuli zgjedhi nj\u00eb \u00a0nga pes\u00eb k\u00ebng\u00ebt e Mariah Carey \u00a0t\u00eb preferuara p\u00ebr Krishtlindjen. Prandaj ju ftojm\u00eb ti ndigjoni\u2026\u2026?! Lajme nga Ulqini<\/p>\n","protected":false},"author":1,"featured_media":0,"comment_status":"open","ping_status":"closed","sticky":false,"template":"","format":"standard","meta":{"spay_email":"","jetpack_publicize_message":"","jetpack_is_tweetstorm":false,"jetpack_publicize_feature_enabled":true},"categories":[1],"tags":[5057,6506,4888,3201,6693,200,18,19460],"jetpack_publicize_connections":[],"yoast_head":"<!-- This site is optimized with the Yoast SEO plugin v19.1 - https:\/\/yoast.com\/wordpress\/plugins\/seo\/ -->\n<title>Hana Cakuli interpreton krishtlindjet nga Mariah Carey - Lajme nga Ulqini<\/title>\n<meta name=\"description\" content=\"\u00cbsht\u00eb sezon festash sot n\u00eb gjith\u00eb bot\u00ebn,ku festohen krishtlindjet. Sot t\u00eb krishter\u00ebt festojn\u00eb Krishtlindjen. Ata kan\u00eb tradit\u00eb t\u00eb k\u00ebndojn\u00eb k\u00ebng\u00eb, q\u00eb ne i\" \/>\n<meta name=\"robots\" content=\"index, follow, max-snippet:-1, max-image-preview:large, max-video-preview:-1\" \/>\n<link rel=\"canonical\" href=\"https:\/\/www.visit-ulcinj.com\/blog\/2011\/12\/25\/hana-cakuli-interpreton-krishtlindjet-nga-mariah-carey\/\" \/>\n<meta property=\"og:locale\" content=\"en_US\" \/>\n<meta property=\"og:type\" content=\"article\" \/>\n<meta property=\"og:title\" content=\"Hana Cakuli interpreton krishtlindjet nga Mariah Carey - Lajme nga Ulqini\" \/>\n<meta property=\"og:description\" content=\"\u00cbsht\u00eb sezon festash sot n\u00eb gjith\u00eb bot\u00ebn,ku festohen krishtlindjet. Sot t\u00eb krishter\u00ebt festojn\u00eb Krishtlindjen. Ata kan\u00eb tradit\u00eb t\u00eb k\u00ebndojn\u00eb k\u00ebng\u00eb, q\u00eb ne i\" \/>\n<meta property=\"og:url\" content=\"https:\/\/www.visit-ulcinj.com\/blog\/2011\/12\/25\/hana-cakuli-interpreton-krishtlindjet-nga-mariah-carey\/\" \/>\n<meta property=\"og:site_name\" content=\"Lajme nga Ulqini\" \/>\n<meta property=\"article:published_time\" content=\"2011-12-25T11:40:49+00:00\" \/>\n<meta property=\"og:image\" content=\"http:\/\/www.visit-ulcinj.com\/blog\/wp-content\/uploads\/2011\/12\/hana-cakuli_ulqin.jpg\" \/>\n<meta name=\"twitter:label1\" content=\"Written by\" \/>\n\t<meta name=\"twitter:data1\" content=\"ulqini\" \/>\n<script type=\"application\/ld+json\" class=\"yoast-schema-graph\">{\"@context\":\"https:\/\/schema.org\",\"@graph\":[{\"@type\":\"WebSite\",\"@id\":\"https:\/\/www.visit-ulcinj.com\/blog\/#website\",\"url\":\"https:\/\/www.visit-ulcinj.com\/blog\/\",\"name\":\"Lajme nga Ulqini\",\"description\":\"Lajme,Vijesti,Ulqini,Ulqin,Crna Gora,Mali i Zi\",\"potentialAction\":[{\"@type\":\"SearchAction\",\"target\":{\"@type\":\"EntryPoint\",\"urlTemplate\":\"https:\/\/www.visit-ulcinj.com\/blog\/?s={search_term_string}\"},\"query-input\":\"required name=search_term_string\"}],\"inLanguage\":\"en-US\"},{\"@type\":\"ImageObject\",\"inLanguage\":\"en-US\",\"@id\":\"https:\/\/www.visit-ulcinj.com\/blog\/2011\/12\/25\/hana-cakuli-interpreton-krishtlindjet-nga-mariah-carey\/#primaryimage\",\"url\":\"https:\/\/www.visit-ulcinj.com\/blog\/wp-content\/uploads\/2011\/12\/hana-cakuli_ulqin.jpg\",\"contentUrl\":\"https:\/\/www.visit-ulcinj.com\/blog\/wp-content\/uploads\/2011\/12\/hana-cakuli_ulqin.jpg\",\"width\":\"500\",\"height\":\"339\"},{\"@type\":\"WebPage\",\"@id\":\"https:\/\/www.visit-ulcinj.com\/blog\/2011\/12\/25\/hana-cakuli-interpreton-krishtlindjet-nga-mariah-carey\/#webpage\",\"url\":\"https:\/\/www.visit-ulcinj.com\/blog\/2011\/12\/25\/hana-cakuli-interpreton-krishtlindjet-nga-mariah-carey\/\",\"name\":\"Hana Cakuli interpreton krishtlindjet nga Mariah Carey - Lajme nga Ulqini\",\"isPartOf\":{\"@id\":\"https:\/\/www.visit-ulcinj.com\/blog\/#website\"},\"primaryImageOfPage\":{\"@id\":\"https:\/\/www.visit-ulcinj.com\/blog\/2011\/12\/25\/hana-cakuli-interpreton-krishtlindjet-nga-mariah-carey\/#primaryimage\"},\"datePublished\":\"2011-12-25T11:40:49+00:00\",\"dateModified\":\"2011-12-25T11:40:49+00:00\",\"author\":{\"@id\":\"https:\/\/www.visit-ulcinj.com\/blog\/#\/schema\/person\/dcab619c614d3038751c63bc2aadc06d\"},\"description\":\"\u00cbsht\u00eb sezon festash sot n\u00eb gjith\u00eb bot\u00ebn,ku festohen krishtlindjet. Sot t\u00eb krishter\u00ebt festojn\u00eb Krishtlindjen. Ata kan\u00eb tradit\u00eb t\u00eb k\u00ebndojn\u00eb k\u00ebng\u00eb, q\u00eb ne i\",\"breadcrumb\":{\"@id\":\"https:\/\/www.visit-ulcinj.com\/blog\/2011\/12\/25\/hana-cakuli-interpreton-krishtlindjet-nga-mariah-carey\/#breadcrumb\"},\"inLanguage\":\"en-US\",\"potentialAction\":[{\"@type\":\"ReadAction\",\"target\":[\"https:\/\/www.visit-ulcinj.com\/blog\/2011\/12\/25\/hana-cakuli-interpreton-krishtlindjet-nga-mariah-carey\/\"]}]},{\"@type\":\"BreadcrumbList\",\"@id\":\"https:\/\/www.visit-ulcinj.com\/blog\/2011\/12\/25\/hana-cakuli-interpreton-krishtlindjet-nga-mariah-carey\/#breadcrumb\",\"itemListElement\":[{\"@type\":\"ListItem\",\"position\":1,\"name\":\"Hana Cakuli interpreton krishtlindjet nga Mariah Carey\"}]},{\"@type\":\"Person\",\"@id\":\"https:\/\/www.visit-ulcinj.com\/blog\/#\/schema\/person\/dcab619c614d3038751c63bc2aadc06d\",\"name\":\"ulqini\",\"sameAs\":[\"http:\/\/www.visit-ulcinj.com\"],\"url\":\"https:\/\/www.visit-ulcinj.com\/blog\/author\/admin\/\"}]}<\/script>\n<!-- \/ Yoast SEO plugin. -->","yoast_head_json":{"title":"Hana Cakuli interpreton krishtlindjet nga Mariah Carey - Lajme nga Ulqini","description":"\u00cbsht\u00eb sezon festash sot n\u00eb gjith\u00eb bot\u00ebn,ku festohen krishtlindjet. Sot t\u00eb krishter\u00ebt festojn\u00eb Krishtlindjen. Ata kan\u00eb tradit\u00eb t\u00eb k\u00ebndojn\u00eb k\u00ebng\u00eb, q\u00eb ne i","robots":{"index":"index","follow":"follow","max-snippet":"max-snippet:-1","max-image-preview":"max-image-preview:large","max-video-preview":"max-video-preview:-1"},"canonical":"https:\/\/www.visit-ulcinj.com\/blog\/2011\/12\/25\/hana-cakuli-interpreton-krishtlindjet-nga-mariah-carey\/","og_locale":"en_US","og_type":"article","og_title":"Hana Cakuli interpreton krishtlindjet nga Mariah Carey - Lajme nga Ulqini","og_description":"\u00cbsht\u00eb sezon festash sot n\u00eb gjith\u00eb bot\u00ebn,ku festohen krishtlindjet. Sot t\u00eb krishter\u00ebt festojn\u00eb Krishtlindjen. Ata kan\u00eb tradit\u00eb t\u00eb k\u00ebndojn\u00eb k\u00ebng\u00eb, q\u00eb ne i","og_url":"https:\/\/www.visit-ulcinj.com\/blog\/2011\/12\/25\/hana-cakuli-interpreton-krishtlindjet-nga-mariah-carey\/","og_site_name":"Lajme nga Ulqini","article_published_time":"2011-12-25T11:40:49+00:00","og_image":[{"url":"http:\/\/www.visit-ulcinj.com\/blog\/wp-content\/uploads\/2011\/12\/hana-cakuli_ulqin.jpg"}],"twitter_misc":{"Written by":"ulqini"},"schema":{"@context":"https:\/\/schema.org","@graph":[{"@type":"WebSite","@id":"https:\/\/www.visit-ulcinj.com\/blog\/#website","url":"https:\/\/www.visit-ulcinj.com\/blog\/","name":"Lajme nga Ulqini","description":"Lajme,Vijesti,Ulqini,Ulqin,Crna Gora,Mali i Zi","potentialAction":[{"@type":"SearchAction","target":{"@type":"EntryPoint","urlTemplate":"https:\/\/www.visit-ulcinj.com\/blog\/?s={search_term_string}"},"query-input":"required name=search_term_string"}],"inLanguage":"en-US"},{"@type":"ImageObject","inLanguage":"en-US","@id":"https:\/\/www.visit-ulcinj.com\/blog\/2011\/12\/25\/hana-cakuli-interpreton-krishtlindjet-nga-mariah-carey\/#primaryimage","url":"https:\/\/www.visit-ulcinj.com\/blog\/wp-content\/uploads\/2011\/12\/hana-cakuli_ulqin.jpg","contentUrl":"https:\/\/www.visit-ulcinj.com\/blog\/wp-content\/uploads\/2011\/12\/hana-cakuli_ulqin.jpg","width":"500","height":"339"},{"@type":"WebPage","@id":"https:\/\/www.visit-ulcinj.com\/blog\/2011\/12\/25\/hana-cakuli-interpreton-krishtlindjet-nga-mariah-carey\/#webpage","url":"https:\/\/www.visit-ulcinj.com\/blog\/2011\/12\/25\/hana-cakuli-interpreton-krishtlindjet-nga-mariah-carey\/","name":"Hana Cakuli interpreton krishtlindjet nga Mariah Carey - Lajme nga Ulqini","isPartOf":{"@id":"https:\/\/www.visit-ulcinj.com\/blog\/#website"},"primaryImageOfPage":{"@id":"https:\/\/www.visit-ulcinj.com\/blog\/2011\/12\/25\/hana-cakuli-interpreton-krishtlindjet-nga-mariah-carey\/#primaryimage"},"datePublished":"2011-12-25T11:40:49+00:00","dateModified":"2011-12-25T11:40:49+00:00","author":{"@id":"https:\/\/www.visit-ulcinj.com\/blog\/#\/schema\/person\/dcab619c614d3038751c63bc2aadc06d"},"description":"\u00cbsht\u00eb sezon festash sot n\u00eb gjith\u00eb bot\u00ebn,ku festohen krishtlindjet. Sot t\u00eb krishter\u00ebt festojn\u00eb Krishtlindjen. Ata kan\u00eb tradit\u00eb t\u00eb k\u00ebndojn\u00eb k\u00ebng\u00eb, q\u00eb ne i","breadcrumb":{"@id":"https:\/\/www.visit-ulcinj.com\/blog\/2011\/12\/25\/hana-cakuli-interpreton-krishtlindjet-nga-mariah-carey\/#breadcrumb"},"inLanguage":"en-US","potentialAction":[{"@type":"ReadAction","target":["https:\/\/www.visit-ulcinj.com\/blog\/2011\/12\/25\/hana-cakuli-interpreton-krishtlindjet-nga-mariah-carey\/"]}]},{"@type":"BreadcrumbList","@id":"https:\/\/www.visit-ulcinj.com\/blog\/2011\/12\/25\/hana-cakuli-interpreton-krishtlindjet-nga-mariah-carey\/#breadcrumb","itemListElement":[{"@type":"ListItem","position":1,"name":"Hana Cakuli interpreton krishtlindjet nga Mariah Carey"}]},{"@type":"Person","@id":"https:\/\/www.visit-ulcinj.com\/blog\/#\/schema\/person\/dcab619c614d3038751c63bc2aadc06d","name":"ulqini","sameAs":["http:\/\/www.visit-ulcinj.com"],"url":"https:\/\/www.visit-ulcinj.com\/blog\/author\/admin\/"}]}},"jetpack_featured_media_url":"","jetpack_sharing_enabled":true,"jetpack_shortlink":"https:\/\/wp.me\/pe6lTn-eh9","_links":{"self":[{"href":"https:\/\/www.visit-ulcinj.com\/blog\/wp-json\/wp\/v2\/posts\/54879"}],"collection":[{"href":"https:\/\/www.visit-ulcinj.com\/blog\/wp-json\/wp\/v2\/posts"}],"about":[{"href":"https:\/\/www.visit-ulcinj.com\/blog\/wp-json\/wp\/v2\/types\/post"}],"author":[{"embeddable":true,"href":"https:\/\/www.visit-ulcinj.com\/blog\/wp-json\/wp\/v2\/users\/1"}],"replies":[{"embeddable":true,"href":"https:\/\/www.visit-ulcinj.com\/blog\/wp-json\/wp\/v2\/comments?post=54879"}],"version-history":[{"count":1,"href":"https:\/\/www.visit-ulcinj.com\/blog\/wp-json\/wp\/v2\/posts\/54879\/revisions"}],"predecessor-version":[{"id":54881,"href":"https:\/\/www.visit-ulcinj.com\/blog\/wp-json\/wp\/v2\/posts\/54879\/revisions\/54881"}],"wp:attachment":[{"href":"https:\/\/www.visit-ulcinj.com\/blog\/wp-json\/wp\/v2\/media?parent=54879"}],"wp:term":[{"taxonomy":"category","embeddable":true,"href":"https:\/\/www.visit-ulcinj.com\/blog\/wp-json\/wp\/v2\/categories?post=54879"},{"taxonomy":"post_tag","embeddable":true,"href":"https:\/\/www.visit-ulcinj.com\/blog\/wp-json\/wp\/v2\/tags?post=54879"}],"curies":[{"name":"wp","href":"https:\/\/api.w.org\/{rel}","templated":true}]}}