{"id":54885,"date":"2011-12-25T14:16:27","date_gmt":"2011-12-25T13:16:27","guid":{"rendered":"http:\/\/www.visit-ulcinj.com\/blog\/?p=54885"},"modified":"2012-10-27T05:20:29","modified_gmt":"2012-10-27T04:20:29","slug":"apel-per-ndihme-familjes-elezoviqqe-jeton-ne-skamje-dhe-mjerim","status":"publish","type":"post","link":"https:\/\/www.visit-ulcinj.com\/blog\/2011\/12\/25\/apel-per-ndihme-familjes-elezoviqqe-jeton-ne-skamje-dhe-mjerim\/","title":{"rendered":"Apel p\u00ebr ndihm\u00eb familjes Elezoviq,qe jeton n\u00eb skamje dhe mjerim"},"content":{"rendered":"<p><strong><a href=\"http:\/\/www.visit-ulcinj.com\/blog\/wp-content\/uploads\/2011\/12\/Apel-p%C3%ABr-ndihm%C3%AB-familjes-Elezoviqqe-jeton-n%C3%AB-skamje-dhe-mjerim.jpg\"><img loading=\"lazy\" class=\"alignleft size-full wp-image-54887\" title=\"Apel p\u00ebr ndihm\u00eb familjes Elezoviq,qe jeton n\u00eb skamje dhe mjerim\" src=\"http:\/\/www.visit-ulcinj.com\/blog\/wp-content\/uploads\/2011\/12\/Apel-p%C3%ABr-ndihm%C3%AB-familjes-Elezoviqqe-jeton-n%C3%AB-skamje-dhe-mjerim.jpg\" alt=\"\" width=\"508\" height=\"380\" \/><\/a>Familja e Shaqirit po jeton n\u00eb kushte t\u00eb v\u00ebshtira dhe se ajo apelon p\u00ebr ndihm\u00eb.<\/strong><br \/>\n<strong>\u00a0<strong>Tel:\u00a0+382 69 980 717<\/strong><br \/>\n<\/strong><\/p>\n<p>A do t\u00eb rritet solidariteti p\u00ebr familjen e Shaqir Elezoviqit i cili vuan nga tromboza e k\u00ebmbeve,ku familja e tij\u00eb p\u00ebrjetoj\u00eb shok\u00eb emocianal dhe shpirtnor\u00a0 gjat\u00eb humbjes t\u00eb dyja k\u00ebmb\u00ebve q\u00eb psoj\u00eb n\u00eb operacion.<br \/>\nPas apelit t\u00eb b\u00ebr\u00eb n\u00eb Lajme nga Ulqini dhe Televizionit Teuta,diaspora nga Amerika dhe shum\u00eb t\u00eb tjer\u00eb,p\u00ebr t\u00eb ndihmuar q\u00eb \u00ebndrra e vajzave dhe djalit t\u00eb Shaqirit 3,5,7,dhe 9\u00a0 vje\u00e7are t\u00eb mos nd\u00ebrpritet<\/p>\n<p>Kjo sht\u00ebpi e improvizuar ku jeton me qera,sot e degraduar, nd\u00ebrsa sot n\u00eb t\u00eb nj\u00ebjt\u00ebn jeton familja gjasht\u00eb an\u00ebtar\u00ebshe e Shaqir Elezoviqit. N\u00eb \u00e7do skaj t\u00eb sht\u00ebpis\u00eb dep\u00ebrton drita,uji dhe i ftohti nga jasht\u00eb, nd\u00ebrsa nga plafoni kur \u00ebsht\u00eb koha me shi, pikon n\u00eb \u00e7do mes t\u00eb dhom\u00ebs. M\u00eb k\u00ebto v\u00ebshtir\u00ebsi p\u00ebr jet\u00eb, familja Shaqirit ballafaqohet tash e disa vite.<\/p>\n<p>Sht\u00ebpia pikon, e kemi mbulua me najllona q\u00eb mos t\u00eb pikoj\u00eb, nga nji kofe e nj\u00eb tenxhere e vendosim ku pikon, \u00e7ka t\u00eb b\u00ebsh, duhet patjet\u00ebr q\u00eb me mbijetua disi, me kap\u00ebrcye. Qoshet e sht\u00ebpis\u00eb kan\u00eb plas\u00eb, ska as themele as kurgj\u00eb, pa themel \u00ebsht\u00eb, \u00ebsht\u00eb tu ra haz\u00ebr. T\u00ebr\u00eb nat\u00ebn nuk flem\u00eb, f\u00ebmij\u00ebt tremben, thon\u00eb babai nuk po guxojm\u00eb me flejt se po k\u00ebrc\u00ebllon nat\u00ebn prej kamion\u00ebve, ose autobus\u00ebve, kur l\u00ebvizin autobus\u00ebt se k\u00ebtu \u00ebsht\u00eb udh\u00eb kryesore q\u00eb \u00e7on\u00eb p\u00ebr Plazhin e madh\u00eb dhe Bun\u00eb , tha Shaqir Elezi, kryefamiljar.<\/p>\n<p>Brengat dhe hallet p\u00ebr familjen Elezoviq nuk kan\u00eb t\u00eb ndalur.Ai thot\u00eb se ka shum\u00eb p\u00ebr treguar p\u00ebr hallet dhe brengat e tij, por m\u00eb prek\u00ebse \u00ebsht\u00eb kur me lot n\u00eb sy rr\u00ebfen se si nuk ka mundur f\u00ebmij\u00ebve tua plot\u00ebsoj\u00eb d\u00ebshir\u00ebn .<\/p>\n<p>Vuajtjet e m\u00ebdha t\u00eb Shaqirit i kuptojn\u00eb edhe f\u00ebmij\u00ebt e tij. Ata kan\u00eb shum\u00eb d\u00ebshira por kurr\u00eb nuk i shprehin dhe nuk k\u00ebrkojn\u00eb p\u00ebr shkak se e kan\u00eb parasysh se babai i tyre me k\u00ebto kushte t\u00eb v\u00ebshtira nuk mund\u00eb t\u2019ua plot\u00ebsoj\u00eb. Andaj, q\u00eb t\u00eb kat\u00ebrt kan\u00eb vendosur vet\u00ebm t\u00eb m\u00ebsojn\u00eb m\u00eb shum\u00eb e m\u00eb pak t\u00eb k\u00ebrkojn\u00eb plot\u00ebsimin e d\u00ebshirave.<\/p>\n<p>\u00c7ka doni di\u00e7ka me pas q\u00eb nuk e keni?<\/p>\n<p>F\u00ebmij\u00ebt p\u00ebrgjigjen\u00a0\u00bb m\u00eb s\u00eb shumti dua nj\u00eb sht\u00ebpi ta kem edhe dua t\u00eb kem edhe nj\u00eb kompjuter\u00a0\u00bb.<\/p>\n<p>Jeta nuk ndalet, vazhdon sikur p\u00ebr t\u00eb gjith\u00eb ashtu edhe p\u00ebr familjen Elezoviq nga Ulqini, qoft\u00eb n\u00eb dit\u00eb mjerimi ose luksoze. Ne si ekip i Lajmeve nga Ulqini, dhe televizioni Teuta u larguam duke i l\u00ebn\u00eb para der\u00ebs s\u00eb sht\u00ebpis\u00eb \u00a0f\u00ebmit e Shaqirit3,5,7,dhe 9\u00a0 vje\u00e7are,se nj\u00eb dit\u00eb edhe d\u00ebshirat e tyre do t\u00eb b\u00ebhen realitet, nj\u00eb sht\u00ebpi t\u00eb ngrohte dhe shum\u00eb lodra e pajisje shkollore p\u00ebr t\u00eb gjith\u00eb.<\/p>\n<p>Ftojm\u00eb gjith\u00eb shqiptar\u00ebt me pun\u00eb dhe q\u00ebndrim n\u00eb diaspor dhe Ulqin, shoqatat, klubet, bashk\u00ebsit\u00eb fetare, intelektual\u00ebt, shoq\u00ebrit\u00eb afariste, firmat shqiptare donator\u00ebt individual e institucional pa dallim moshe, gjinie, krahine e feje q\u00eb t\u00eb kontribuojn\u00eb n\u00eb k\u00ebt\u00eb aksion humanitar p\u00ebr ndihm\u00eb bashk\u00ebatdhetarit t\u00eb jon\u00eb nga Ulqini Shaqir Elezoviqit (41) babai i 4 femij\u00ebve .<\/p>\n<p>Kush d\u00ebshiron t\u00eb ndihmoj n\u00eb mynyr direkte n\u00eb Ulqin,sht\u00ebpia e Shaqir Elezoviqit ku aj\u00eb rrin me qera,asht gjith\u00ebmon e \u00e7elur dhe gjindet vis-vis \u201cMarketit SOLARIS\u201d duke shkuar n\u00eb Plazhin e Madh\u00eb.<\/p>\n<p>Thon\u00eb se shpresa vdes e fundit, k\u00ebshtu thon\u00eb edhe an\u00ebtar\u00ebt e familjes t\u00eb Shaqir Elezoviqit \u00a0duke shpresuar p\u00ebr nj\u00eb t\u00eb ardhme m\u00eb t\u00eb mir. Derisa largohesha nga kjo sht\u00ebpi f\u00ebmij\u00ebt nuk ndalnin duke p\u00ebshp\u00ebritur \u201cathua tash do t\u00eb na sjell ndihma ndokush\u201d<\/p>\n<p><strong>I lutemi\u00a0 \u00e7do antari ta Shperndaje ne Facebook lajmin.Faliminderit<\/strong><\/p>\n<p>T\u00eb mos i nd\u00ebrpritet solidariteti k\u00ebsaj familje,duke derdhur kontributin e juve n\u00eb numrat e llogarive bankare q\u00eb jan\u00eb hapur n\u00eb CRNOGORSKA KOMERCIJALNA BANKA ,Nr e llogaris\u00eb jan\u00eb hapur n\u00eb em\u00ebr t\u00eb Shaqir Elezoviqit.<\/p>\n<p><strong>Kjo esht\u00eb xhiro llogaria e Shaqir Elezoviqit online.<\/strong><\/p>\n<p><strong> <a href=\"http:\/\/www.visit-ulcinj.com\/blog\/wp-content\/uploads\/2010\/11\/Xhiro-llogaria-e-Shaqir-Elezoviqit-online.jpg\"><img loading=\"lazy\" class=\"alignleft size-medium wp-image-39718\" title=\"Xhiro llogaria e  Shaqir Elezoviqit  online\" src=\"http:\/\/www.visit-ulcinj.com\/blog\/wp-content\/uploads\/2010\/11\/Xhiro-llogaria-e-Shaqir-Elezoviqit-online-218x300.jpg\" alt=\"\" width=\"218\" height=\"300\" srcset=\"https:\/\/www.visit-ulcinj.com\/blog\/wp-content\/uploads\/2010\/11\/Xhiro-llogaria-e-Shaqir-Elezoviqit-online-218x300.jpg 218w, https:\/\/www.visit-ulcinj.com\/blog\/wp-content\/uploads\/2010\/11\/Xhiro-llogaria-e-Shaqir-Elezoviqit-online-744x1024.jpg 744w, https:\/\/www.visit-ulcinj.com\/blog\/wp-content\/uploads\/2010\/11\/Xhiro-llogaria-e-Shaqir-Elezoviqit-online.jpg 784w\" sizes=\"(max-width: 218px) 100vw, 218px\" \/><\/a><\/strong><\/p>\n<p>&nbsp;<\/p>\n<p><strong><span style=\"text-decoration: underline;\">Incoming Payment Instruction<\/span><\/strong><\/p>\n<p><strong>Field 56 \u2013 Intermediary bank :<\/strong><\/p>\n<p><strong>Swift Address : UBSWCHZH80A<br \/>\nName : UBS AG ZURICH<\/strong><\/p>\n<p>&nbsp;<\/p>\n<p>&nbsp;<\/p>\n<p><strong>Field 57 \u2013 Account with Institution :<br \/>\nParty Identifier :02300000060001740000A<br \/>\nSwift Address : CKBCMEPG<br \/>\nName : CRNOGORSKA KOMERCIJALNA BANKA AD PODGORICA<\/strong><\/p>\n<p><strong><br \/>\nField 59 \u2013 Beneficiary Customer :<br \/>\nIBAN : ME25510311096922001728<br \/>\nName &amp; Address : ELEZOVIC H. SACIR<br \/>\nULCINJ<br \/>\n85360,Ulcinj,MONTENEGRO<\/strong>.<br \/>\n<iframe loading=\"lazy\" src=\"http:\/\/www.youtube.com\/embed\/YDiY2tWDIlU\" frameborder=\"0\" width=\"508\" height=\"360\"><\/iframe><\/p>\n","protected":false},"excerpt":{"rendered":"<p>Familja e Shaqirit po jeton n\u00eb kushte t\u00eb v\u00ebshtira dhe se ajo apelon p\u00ebr ndihm\u00eb. \u00a0Tel:\u00a0+382 69 980 717 A do t\u00eb rritet solidariteti p\u00ebr familjen e Shaqir Elezoviqit i cili vuan nga tromboza e k\u00ebmbeve,ku familja e tij\u00eb p\u00ebrjetoj\u00eb shok\u00eb emocianal dhe shpirtnor\u00a0 gjat\u00eb humbjes t\u00eb dyja k\u00ebmb\u00ebve q\u00eb psoj\u00eb n\u00eb operacion. Pas apelit [&hellip;]<\/p>\n","protected":false},"author":1,"featured_media":0,"comment_status":"open","ping_status":"closed","sticky":false,"template":"","format":"standard","meta":{"spay_email":"","jetpack_publicize_message":"","jetpack_is_tweetstorm":false,"jetpack_publicize_feature_enabled":true},"categories":[5,1],"tags":[19022,19021,3505,3510,16245,3502,714,15798,16216,20,14356,14652,3511,16246,16237,16238,3504,19020,16214,16249,16247,3506,3499,16210,16211,216,16248,14655,3500,3228,362,14657,13230,16212,95,5937,14658,3227,14661,16234,16241,16233,16244,92,13393,14663,125,14906,3501,14665,14664,16243,14666,10472,16236,16232,3231,16235,16240,5589,16215,3498,15160,16242,19,409,200,18,16239],"jetpack_publicize_connections":[],"yoast_head":"<!-- This site is optimized with the Yoast SEO plugin v19.1 - https:\/\/yoast.com\/wordpress\/plugins\/seo\/ -->\n<title>Apel p\u00ebr ndihm\u00eb familjes Elezoviq,qe jeton n\u00eb skamje dhe mjerim - Lajme nga Ulqini<\/title>\n<meta name=\"description\" content=\"Familja e Shaqirit po jeton n\u00eb kushte t\u00eb v\u00ebshtira dhe se ajo apelon p\u00ebr ndihm\u00eb. \u00a0Tel:\u00a0+382 69 980 717 A do t\u00eb rritet solidariteti p\u00ebr familjen e Shaqir\" \/>\n<meta name=\"robots\" content=\"index, follow, max-snippet:-1, max-image-preview:large, max-video-preview:-1\" \/>\n<link rel=\"canonical\" href=\"https:\/\/www.visit-ulcinj.com\/blog\/2011\/12\/25\/apel-per-ndihme-familjes-elezoviqqe-jeton-ne-skamje-dhe-mjerim\/\" \/>\n<meta property=\"og:locale\" content=\"en_US\" \/>\n<meta property=\"og:type\" content=\"article\" \/>\n<meta property=\"og:title\" content=\"Apel p\u00ebr ndihm\u00eb familjes Elezoviq,qe jeton n\u00eb skamje dhe mjerim - Lajme nga Ulqini\" \/>\n<meta property=\"og:description\" content=\"Familja e Shaqirit po jeton n\u00eb kushte t\u00eb v\u00ebshtira dhe se ajo apelon p\u00ebr ndihm\u00eb. \u00a0Tel:\u00a0+382 69 980 717 A do t\u00eb rritet solidariteti p\u00ebr familjen e Shaqir\" \/>\n<meta property=\"og:url\" content=\"https:\/\/www.visit-ulcinj.com\/blog\/2011\/12\/25\/apel-per-ndihme-familjes-elezoviqqe-jeton-ne-skamje-dhe-mjerim\/\" \/>\n<meta property=\"og:site_name\" content=\"Lajme nga Ulqini\" \/>\n<meta property=\"article:published_time\" content=\"2011-12-25T13:16:27+00:00\" \/>\n<meta property=\"article:modified_time\" content=\"2012-10-27T04:20:29+00:00\" \/>\n<meta property=\"og:image\" content=\"http:\/\/www.visit-ulcinj.com\/blog\/wp-content\/uploads\/2011\/12\/Apel-p%C3%ABr-ndihm%C3%AB-familjes-Elezoviqqe-jeton-n%C3%AB-skamje-dhe-mjerim.jpg\" \/>\n<meta name=\"twitter:label1\" content=\"Written by\" \/>\n\t<meta name=\"twitter:data1\" content=\"ulqini\" \/>\n\t<meta name=\"twitter:label2\" content=\"Est. reading time\" \/>\n\t<meta name=\"twitter:data2\" content=\"4 minutes\" \/>\n<script type=\"application\/ld+json\" class=\"yoast-schema-graph\">{\"@context\":\"https:\/\/schema.org\",\"@graph\":[{\"@type\":\"WebSite\",\"@id\":\"https:\/\/www.visit-ulcinj.com\/blog\/#website\",\"url\":\"https:\/\/www.visit-ulcinj.com\/blog\/\",\"name\":\"Lajme nga Ulqini\",\"description\":\"Lajme,Vijesti,Ulqini,Ulqin,Crna Gora,Mali i Zi\",\"potentialAction\":[{\"@type\":\"SearchAction\",\"target\":{\"@type\":\"EntryPoint\",\"urlTemplate\":\"https:\/\/www.visit-ulcinj.com\/blog\/?s={search_term_string}\"},\"query-input\":\"required name=search_term_string\"}],\"inLanguage\":\"en-US\"},{\"@type\":\"ImageObject\",\"inLanguage\":\"en-US\",\"@id\":\"https:\/\/www.visit-ulcinj.com\/blog\/2011\/12\/25\/apel-per-ndihme-familjes-elezoviqqe-jeton-ne-skamje-dhe-mjerim\/#primaryimage\",\"url\":\"http:\/\/www.visit-ulcinj.com\/blog\/wp-content\/uploads\/2011\/12\/Apel-p%C3%ABr-ndihm%C3%AB-familjes-Elezoviqqe-jeton-n%C3%AB-skamje-dhe-mjerim.jpg\",\"contentUrl\":\"http:\/\/www.visit-ulcinj.com\/blog\/wp-content\/uploads\/2011\/12\/Apel-p%C3%ABr-ndihm%C3%AB-familjes-Elezoviqqe-jeton-n%C3%AB-skamje-dhe-mjerim.jpg\"},{\"@type\":\"WebPage\",\"@id\":\"https:\/\/www.visit-ulcinj.com\/blog\/2011\/12\/25\/apel-per-ndihme-familjes-elezoviqqe-jeton-ne-skamje-dhe-mjerim\/#webpage\",\"url\":\"https:\/\/www.visit-ulcinj.com\/blog\/2011\/12\/25\/apel-per-ndihme-familjes-elezoviqqe-jeton-ne-skamje-dhe-mjerim\/\",\"name\":\"Apel p\u00ebr ndihm\u00eb familjes Elezoviq,qe jeton n\u00eb skamje dhe mjerim - Lajme nga Ulqini\",\"isPartOf\":{\"@id\":\"https:\/\/www.visit-ulcinj.com\/blog\/#website\"},\"primaryImageOfPage\":{\"@id\":\"https:\/\/www.visit-ulcinj.com\/blog\/2011\/12\/25\/apel-per-ndihme-familjes-elezoviqqe-jeton-ne-skamje-dhe-mjerim\/#primaryimage\"},\"datePublished\":\"2011-12-25T13:16:27+00:00\",\"dateModified\":\"2012-10-27T04:20:29+00:00\",\"author\":{\"@id\":\"https:\/\/www.visit-ulcinj.com\/blog\/#\/schema\/person\/dcab619c614d3038751c63bc2aadc06d\"},\"description\":\"Familja e Shaqirit po jeton n\u00eb kushte t\u00eb v\u00ebshtira dhe se ajo apelon p\u00ebr ndihm\u00eb. \u00a0Tel:\u00a0+382 69 980 717 A do t\u00eb rritet solidariteti p\u00ebr familjen e Shaqir\",\"breadcrumb\":{\"@id\":\"https:\/\/www.visit-ulcinj.com\/blog\/2011\/12\/25\/apel-per-ndihme-familjes-elezoviqqe-jeton-ne-skamje-dhe-mjerim\/#breadcrumb\"},\"inLanguage\":\"en-US\",\"potentialAction\":[{\"@type\":\"ReadAction\",\"target\":[\"https:\/\/www.visit-ulcinj.com\/blog\/2011\/12\/25\/apel-per-ndihme-familjes-elezoviqqe-jeton-ne-skamje-dhe-mjerim\/\"]}]},{\"@type\":\"BreadcrumbList\",\"@id\":\"https:\/\/www.visit-ulcinj.com\/blog\/2011\/12\/25\/apel-per-ndihme-familjes-elezoviqqe-jeton-ne-skamje-dhe-mjerim\/#breadcrumb\",\"itemListElement\":[{\"@type\":\"ListItem\",\"position\":1,\"name\":\"Apel p\u00ebr ndihm\u00eb familjes Elezoviq,qe jeton n\u00eb skamje dhe mjerim\"}]},{\"@type\":\"Person\",\"@id\":\"https:\/\/www.visit-ulcinj.com\/blog\/#\/schema\/person\/dcab619c614d3038751c63bc2aadc06d\",\"name\":\"ulqini\",\"sameAs\":[\"http:\/\/www.visit-ulcinj.com\"],\"url\":\"https:\/\/www.visit-ulcinj.com\/blog\/author\/admin\/\"}]}<\/script>\n<!-- \/ Yoast SEO plugin. -->","yoast_head_json":{"title":"Apel p\u00ebr ndihm\u00eb familjes Elezoviq,qe jeton n\u00eb skamje dhe mjerim - Lajme nga Ulqini","description":"Familja e Shaqirit po jeton n\u00eb kushte t\u00eb v\u00ebshtira dhe se ajo apelon p\u00ebr ndihm\u00eb. \u00a0Tel:\u00a0+382 69 980 717 A do t\u00eb rritet solidariteti p\u00ebr familjen e Shaqir","robots":{"index":"index","follow":"follow","max-snippet":"max-snippet:-1","max-image-preview":"max-image-preview:large","max-video-preview":"max-video-preview:-1"},"canonical":"https:\/\/www.visit-ulcinj.com\/blog\/2011\/12\/25\/apel-per-ndihme-familjes-elezoviqqe-jeton-ne-skamje-dhe-mjerim\/","og_locale":"en_US","og_type":"article","og_title":"Apel p\u00ebr ndihm\u00eb familjes Elezoviq,qe jeton n\u00eb skamje dhe mjerim - Lajme nga Ulqini","og_description":"Familja e Shaqirit po jeton n\u00eb kushte t\u00eb v\u00ebshtira dhe se ajo apelon p\u00ebr ndihm\u00eb. \u00a0Tel:\u00a0+382 69 980 717 A do t\u00eb rritet solidariteti p\u00ebr familjen e Shaqir","og_url":"https:\/\/www.visit-ulcinj.com\/blog\/2011\/12\/25\/apel-per-ndihme-familjes-elezoviqqe-jeton-ne-skamje-dhe-mjerim\/","og_site_name":"Lajme nga Ulqini","article_published_time":"2011-12-25T13:16:27+00:00","article_modified_time":"2012-10-27T04:20:29+00:00","og_image":[{"url":"http:\/\/www.visit-ulcinj.com\/blog\/wp-content\/uploads\/2011\/12\/Apel-p%C3%ABr-ndihm%C3%AB-familjes-Elezoviqqe-jeton-n%C3%AB-skamje-dhe-mjerim.jpg"}],"twitter_misc":{"Written by":"ulqini","Est. reading time":"4 minutes"},"schema":{"@context":"https:\/\/schema.org","@graph":[{"@type":"WebSite","@id":"https:\/\/www.visit-ulcinj.com\/blog\/#website","url":"https:\/\/www.visit-ulcinj.com\/blog\/","name":"Lajme nga Ulqini","description":"Lajme,Vijesti,Ulqini,Ulqin,Crna Gora,Mali i Zi","potentialAction":[{"@type":"SearchAction","target":{"@type":"EntryPoint","urlTemplate":"https:\/\/www.visit-ulcinj.com\/blog\/?s={search_term_string}"},"query-input":"required name=search_term_string"}],"inLanguage":"en-US"},{"@type":"ImageObject","inLanguage":"en-US","@id":"https:\/\/www.visit-ulcinj.com\/blog\/2011\/12\/25\/apel-per-ndihme-familjes-elezoviqqe-jeton-ne-skamje-dhe-mjerim\/#primaryimage","url":"http:\/\/www.visit-ulcinj.com\/blog\/wp-content\/uploads\/2011\/12\/Apel-p%C3%ABr-ndihm%C3%AB-familjes-Elezoviqqe-jeton-n%C3%AB-skamje-dhe-mjerim.jpg","contentUrl":"http:\/\/www.visit-ulcinj.com\/blog\/wp-content\/uploads\/2011\/12\/Apel-p%C3%ABr-ndihm%C3%AB-familjes-Elezoviqqe-jeton-n%C3%AB-skamje-dhe-mjerim.jpg"},{"@type":"WebPage","@id":"https:\/\/www.visit-ulcinj.com\/blog\/2011\/12\/25\/apel-per-ndihme-familjes-elezoviqqe-jeton-ne-skamje-dhe-mjerim\/#webpage","url":"https:\/\/www.visit-ulcinj.com\/blog\/2011\/12\/25\/apel-per-ndihme-familjes-elezoviqqe-jeton-ne-skamje-dhe-mjerim\/","name":"Apel p\u00ebr ndihm\u00eb familjes Elezoviq,qe jeton n\u00eb skamje dhe mjerim - Lajme nga Ulqini","isPartOf":{"@id":"https:\/\/www.visit-ulcinj.com\/blog\/#website"},"primaryImageOfPage":{"@id":"https:\/\/www.visit-ulcinj.com\/blog\/2011\/12\/25\/apel-per-ndihme-familjes-elezoviqqe-jeton-ne-skamje-dhe-mjerim\/#primaryimage"},"datePublished":"2011-12-25T13:16:27+00:00","dateModified":"2012-10-27T04:20:29+00:00","author":{"@id":"https:\/\/www.visit-ulcinj.com\/blog\/#\/schema\/person\/dcab619c614d3038751c63bc2aadc06d"},"description":"Familja e Shaqirit po jeton n\u00eb kushte t\u00eb v\u00ebshtira dhe se ajo apelon p\u00ebr ndihm\u00eb. \u00a0Tel:\u00a0+382 69 980 717 A do t\u00eb rritet solidariteti p\u00ebr familjen e Shaqir","breadcrumb":{"@id":"https:\/\/www.visit-ulcinj.com\/blog\/2011\/12\/25\/apel-per-ndihme-familjes-elezoviqqe-jeton-ne-skamje-dhe-mjerim\/#breadcrumb"},"inLanguage":"en-US","potentialAction":[{"@type":"ReadAction","target":["https:\/\/www.visit-ulcinj.com\/blog\/2011\/12\/25\/apel-per-ndihme-familjes-elezoviqqe-jeton-ne-skamje-dhe-mjerim\/"]}]},{"@type":"BreadcrumbList","@id":"https:\/\/www.visit-ulcinj.com\/blog\/2011\/12\/25\/apel-per-ndihme-familjes-elezoviqqe-jeton-ne-skamje-dhe-mjerim\/#breadcrumb","itemListElement":[{"@type":"ListItem","position":1,"name":"Apel p\u00ebr ndihm\u00eb familjes Elezoviq,qe jeton n\u00eb skamje dhe mjerim"}]},{"@type":"Person","@id":"https:\/\/www.visit-ulcinj.com\/blog\/#\/schema\/person\/dcab619c614d3038751c63bc2aadc06d","name":"ulqini","sameAs":["http:\/\/www.visit-ulcinj.com"],"url":"https:\/\/www.visit-ulcinj.com\/blog\/author\/admin\/"}]}},"jetpack_featured_media_url":"","jetpack_sharing_enabled":true,"jetpack_shortlink":"https:\/\/wp.me\/pe6lTn-ehf","_links":{"self":[{"href":"https:\/\/www.visit-ulcinj.com\/blog\/wp-json\/wp\/v2\/posts\/54885"}],"collection":[{"href":"https:\/\/www.visit-ulcinj.com\/blog\/wp-json\/wp\/v2\/posts"}],"about":[{"href":"https:\/\/www.visit-ulcinj.com\/blog\/wp-json\/wp\/v2\/types\/post"}],"author":[{"embeddable":true,"href":"https:\/\/www.visit-ulcinj.com\/blog\/wp-json\/wp\/v2\/users\/1"}],"replies":[{"embeddable":true,"href":"https:\/\/www.visit-ulcinj.com\/blog\/wp-json\/wp\/v2\/comments?post=54885"}],"version-history":[{"count":8,"href":"https:\/\/www.visit-ulcinj.com\/blog\/wp-json\/wp\/v2\/posts\/54885\/revisions"}],"predecessor-version":[{"id":65087,"href":"https:\/\/www.visit-ulcinj.com\/blog\/wp-json\/wp\/v2\/posts\/54885\/revisions\/65087"}],"wp:attachment":[{"href":"https:\/\/www.visit-ulcinj.com\/blog\/wp-json\/wp\/v2\/media?parent=54885"}],"wp:term":[{"taxonomy":"category","embeddable":true,"href":"https:\/\/www.visit-ulcinj.com\/blog\/wp-json\/wp\/v2\/categories?post=54885"},{"taxonomy":"post_tag","embeddable":true,"href":"https:\/\/www.visit-ulcinj.com\/blog\/wp-json\/wp\/v2\/tags?post=54885"}],"curies":[{"name":"wp","href":"https:\/\/api.w.org\/{rel}","templated":true}]}}