{"id":54898,"date":"2011-12-25T17:44:57","date_gmt":"2011-12-25T16:44:57","guid":{"rendered":"http:\/\/www.visit-ulcinj.com\/blog\/?p=54898"},"modified":"2011-12-25T17:44:57","modified_gmt":"2011-12-25T16:44:57","slug":"flori-stefani-%e2%80%9ctallava%e2%80%9d-versioni-ne-gjuhen-bullgare","status":"publish","type":"post","link":"https:\/\/www.visit-ulcinj.com\/blog\/2011\/12\/25\/flori-stefani-%e2%80%9ctallava%e2%80%9d-versioni-ne-gjuhen-bullgare\/","title":{"rendered":"Flori &#038; Stefani: \u201cTallava\u201d versioni n\u00eb gjuh\u00ebn bullgare"},"content":{"rendered":"<p><a href=\"http:\/\/www.visit-ulcinj.com\/blog\/wp-content\/uploads\/2011\/12\/Stefani-_Flori-Mamujesi.jpg\"><img loading=\"lazy\" class=\"alignleft size-full wp-image-54899\" title=\"Stefani _Flori Mamujesi\" src=\"http:\/\/www.visit-ulcinj.com\/blog\/wp-content\/uploads\/2011\/12\/Stefani-_Flori-Mamujesi.jpg\" alt=\"\" width=\"508\" height=\"375\" \/><\/a>Flori Mumajesi nuk \u201cngopet\u2019 me sukses brenda Shqip\u00ebris\u00eb, por pranon t\u00eb realizoj\u00eb nj\u00eb duet me k\u00ebng\u00ebtaren bullgare Stefani duke sjell\u00eb nj\u00eb version t\u00eb ri t\u00eb k\u00ebng\u00ebs \u201cTallava\u201d. K\u00ebnga dhe videoklipi sapo jan\u00eb publikuar n\u00eb Youtube me titullin \u201cTa-Lla-Va\u201d dhe po merr vler\u00ebsimet maksimale.<\/p>\n<p>N\u00eb k\u00ebt\u00eb m\u00ebnyr\u00eb version origjinal i k\u00ebng\u00ebs \u201cTallava\u201d, nuk do t\u00eb jet\u00eb m\u00eb vet\u00ebm hit n\u00eb gjuh\u00ebn shqipe, por do t\u00eb d\u00ebgjohet n\u00eb t\u00eb gjith\u00eb Ballkanin, ku edhe shikueshm\u00ebria \u00ebsht\u00eb akoma m\u00eb e madhe. Ndoshta n\u00eb k\u00ebt\u00eb m\u00ebnyr\u00eb Flori do q\u00eb t\u00eb prek\u00eb \u201ctok\u00ebn e pashkelur\u201d, tregun ballkanas, pse jo edhe m\u00eb gjer\u00eb.<\/p>\n<p><strong>Zeri<br \/>\n<!--YouTube Error: bad URL entered--><br \/>\n<\/strong><\/p>\n","protected":false},"excerpt":{"rendered":"<p>Flori Mumajesi nuk \u201cngopet\u2019 me sukses brenda Shqip\u00ebris\u00eb, por pranon t\u00eb realizoj\u00eb nj\u00eb duet me k\u00ebng\u00ebtaren bullgare Stefani duke sjell\u00eb nj\u00eb version t\u00eb ri t\u00eb k\u00ebng\u00ebs \u201cTallava\u201d. K\u00ebnga dhe videoklipi sapo jan\u00eb publikuar n\u00eb Youtube me titullin \u201cTa-Lla-Va\u201d dhe po merr vler\u00ebsimet maksimale. N\u00eb k\u00ebt\u00eb m\u00ebnyr\u00eb version origjinal i k\u00ebng\u00ebs \u201cTallava\u201d, nuk do t\u00eb jet\u00eb [&hellip;]<\/p>\n","protected":false},"author":1,"featured_media":0,"comment_status":"open","ping_status":"closed","sticky":false,"template":"","format":"standard","meta":{"spay_email":"","jetpack_publicize_message":"","jetpack_is_tweetstorm":false,"jetpack_publicize_feature_enabled":true},"categories":[1],"tags":[7895,16036,19514,19511,19680,6693,4684,19460],"jetpack_publicize_connections":[],"yoast_head":"<!-- This site is optimized with the Yoast SEO plugin v19.1 - https:\/\/yoast.com\/wordpress\/plugins\/seo\/ -->\n<title>Flori &amp; Stefani: \u201cTallava\u201d versioni n\u00eb gjuh\u00ebn bullgare - Lajme nga Ulqini<\/title>\n<meta name=\"description\" content=\"Flori Mumajesi nuk \u201cngopet\u2019 me sukses brenda Shqip\u00ebris\u00eb, por pranon t\u00eb realizoj\u00eb nj\u00eb duet me k\u00ebng\u00ebtaren bullgare Stefani duke sjell\u00eb nj\u00eb version t\u00eb ri t\u00eb\" \/>\n<meta name=\"robots\" content=\"index, follow, max-snippet:-1, max-image-preview:large, max-video-preview:-1\" \/>\n<link rel=\"canonical\" href=\"https:\/\/www.visit-ulcinj.com\/blog\/2011\/12\/25\/flori-stefani-\u201ctallava\u201d-versioni-ne-gjuhen-bullgare\/\" \/>\n<meta property=\"og:locale\" content=\"en_US\" \/>\n<meta property=\"og:type\" content=\"article\" \/>\n<meta property=\"og:title\" content=\"Flori &amp; Stefani: \u201cTallava\u201d versioni n\u00eb gjuh\u00ebn bullgare - Lajme nga Ulqini\" \/>\n<meta property=\"og:description\" content=\"Flori Mumajesi nuk \u201cngopet\u2019 me sukses brenda Shqip\u00ebris\u00eb, por pranon t\u00eb realizoj\u00eb nj\u00eb duet me k\u00ebng\u00ebtaren bullgare Stefani duke sjell\u00eb nj\u00eb version t\u00eb ri t\u00eb\" \/>\n<meta property=\"og:url\" content=\"https:\/\/www.visit-ulcinj.com\/blog\/2011\/12\/25\/flori-stefani-\u201ctallava\u201d-versioni-ne-gjuhen-bullgare\/\" \/>\n<meta property=\"og:site_name\" content=\"Lajme nga Ulqini\" \/>\n<meta property=\"article:published_time\" content=\"2011-12-25T16:44:57+00:00\" \/>\n<meta property=\"og:image\" content=\"http:\/\/www.visit-ulcinj.com\/blog\/wp-content\/uploads\/2011\/12\/Stefani-_Flori-Mamujesi.jpg\" \/>\n<meta name=\"twitter:label1\" content=\"Written by\" \/>\n\t<meta name=\"twitter:data1\" content=\"ulqini\" \/>\n\t<meta name=\"twitter:label2\" content=\"Est. reading time\" \/>\n\t<meta name=\"twitter:data2\" content=\"1 minute\" \/>\n<script type=\"application\/ld+json\" class=\"yoast-schema-graph\">{\"@context\":\"https:\/\/schema.org\",\"@graph\":[{\"@type\":\"WebSite\",\"@id\":\"https:\/\/www.visit-ulcinj.com\/blog\/#website\",\"url\":\"https:\/\/www.visit-ulcinj.com\/blog\/\",\"name\":\"Lajme nga Ulqini\",\"description\":\"Lajme,Vijesti,Ulqini,Ulqin,Crna Gora,Mali i Zi\",\"potentialAction\":[{\"@type\":\"SearchAction\",\"target\":{\"@type\":\"EntryPoint\",\"urlTemplate\":\"https:\/\/www.visit-ulcinj.com\/blog\/?s={search_term_string}\"},\"query-input\":\"required name=search_term_string\"}],\"inLanguage\":\"en-US\"},{\"@type\":\"ImageObject\",\"inLanguage\":\"en-US\",\"@id\":\"https:\/\/www.visit-ulcinj.com\/blog\/2011\/12\/25\/flori-stefani-%e2%80%9ctallava%e2%80%9d-versioni-ne-gjuhen-bullgare\/#primaryimage\",\"url\":\"http:\/\/www.visit-ulcinj.com\/blog\/wp-content\/uploads\/2011\/12\/Stefani-_Flori-Mamujesi.jpg\",\"contentUrl\":\"http:\/\/www.visit-ulcinj.com\/blog\/wp-content\/uploads\/2011\/12\/Stefani-_Flori-Mamujesi.jpg\"},{\"@type\":\"WebPage\",\"@id\":\"https:\/\/www.visit-ulcinj.com\/blog\/2011\/12\/25\/flori-stefani-%e2%80%9ctallava%e2%80%9d-versioni-ne-gjuhen-bullgare\/#webpage\",\"url\":\"https:\/\/www.visit-ulcinj.com\/blog\/2011\/12\/25\/flori-stefani-%e2%80%9ctallava%e2%80%9d-versioni-ne-gjuhen-bullgare\/\",\"name\":\"Flori & Stefani: \u201cTallava\u201d versioni n\u00eb gjuh\u00ebn bullgare - Lajme nga Ulqini\",\"isPartOf\":{\"@id\":\"https:\/\/www.visit-ulcinj.com\/blog\/#website\"},\"primaryImageOfPage\":{\"@id\":\"https:\/\/www.visit-ulcinj.com\/blog\/2011\/12\/25\/flori-stefani-%e2%80%9ctallava%e2%80%9d-versioni-ne-gjuhen-bullgare\/#primaryimage\"},\"datePublished\":\"2011-12-25T16:44:57+00:00\",\"dateModified\":\"2011-12-25T16:44:57+00:00\",\"author\":{\"@id\":\"https:\/\/www.visit-ulcinj.com\/blog\/#\/schema\/person\/dcab619c614d3038751c63bc2aadc06d\"},\"description\":\"Flori Mumajesi nuk \u201cngopet\u2019 me sukses brenda Shqip\u00ebris\u00eb, por pranon t\u00eb realizoj\u00eb nj\u00eb duet me k\u00ebng\u00ebtaren bullgare Stefani duke sjell\u00eb nj\u00eb version t\u00eb ri t\u00eb\",\"breadcrumb\":{\"@id\":\"https:\/\/www.visit-ulcinj.com\/blog\/2011\/12\/25\/flori-stefani-%e2%80%9ctallava%e2%80%9d-versioni-ne-gjuhen-bullgare\/#breadcrumb\"},\"inLanguage\":\"en-US\",\"potentialAction\":[{\"@type\":\"ReadAction\",\"target\":[\"https:\/\/www.visit-ulcinj.com\/blog\/2011\/12\/25\/flori-stefani-%e2%80%9ctallava%e2%80%9d-versioni-ne-gjuhen-bullgare\/\"]}]},{\"@type\":\"BreadcrumbList\",\"@id\":\"https:\/\/www.visit-ulcinj.com\/blog\/2011\/12\/25\/flori-stefani-%e2%80%9ctallava%e2%80%9d-versioni-ne-gjuhen-bullgare\/#breadcrumb\",\"itemListElement\":[{\"@type\":\"ListItem\",\"position\":1,\"name\":\"Flori &#038; Stefani: \u201cTallava\u201d versioni n\u00eb gjuh\u00ebn bullgare\"}]},{\"@type\":\"Person\",\"@id\":\"https:\/\/www.visit-ulcinj.com\/blog\/#\/schema\/person\/dcab619c614d3038751c63bc2aadc06d\",\"name\":\"ulqini\",\"sameAs\":[\"http:\/\/www.visit-ulcinj.com\"],\"url\":\"https:\/\/www.visit-ulcinj.com\/blog\/author\/admin\/\"}]}<\/script>\n<!-- \/ Yoast SEO plugin. -->","yoast_head_json":{"title":"Flori & Stefani: \u201cTallava\u201d versioni n\u00eb gjuh\u00ebn bullgare - Lajme nga Ulqini","description":"Flori Mumajesi nuk \u201cngopet\u2019 me sukses brenda Shqip\u00ebris\u00eb, por pranon t\u00eb realizoj\u00eb nj\u00eb duet me k\u00ebng\u00ebtaren bullgare Stefani duke sjell\u00eb nj\u00eb version t\u00eb ri t\u00eb","robots":{"index":"index","follow":"follow","max-snippet":"max-snippet:-1","max-image-preview":"max-image-preview:large","max-video-preview":"max-video-preview:-1"},"canonical":"https:\/\/www.visit-ulcinj.com\/blog\/2011\/12\/25\/flori-stefani-\u201ctallava\u201d-versioni-ne-gjuhen-bullgare\/","og_locale":"en_US","og_type":"article","og_title":"Flori & Stefani: \u201cTallava\u201d versioni n\u00eb gjuh\u00ebn bullgare - Lajme nga Ulqini","og_description":"Flori Mumajesi nuk \u201cngopet\u2019 me sukses brenda Shqip\u00ebris\u00eb, por pranon t\u00eb realizoj\u00eb nj\u00eb duet me k\u00ebng\u00ebtaren bullgare Stefani duke sjell\u00eb nj\u00eb version t\u00eb ri t\u00eb","og_url":"https:\/\/www.visit-ulcinj.com\/blog\/2011\/12\/25\/flori-stefani-\u201ctallava\u201d-versioni-ne-gjuhen-bullgare\/","og_site_name":"Lajme nga Ulqini","article_published_time":"2011-12-25T16:44:57+00:00","og_image":[{"url":"http:\/\/www.visit-ulcinj.com\/blog\/wp-content\/uploads\/2011\/12\/Stefani-_Flori-Mamujesi.jpg"}],"twitter_misc":{"Written by":"ulqini","Est. reading time":"1 minute"},"schema":{"@context":"https:\/\/schema.org","@graph":[{"@type":"WebSite","@id":"https:\/\/www.visit-ulcinj.com\/blog\/#website","url":"https:\/\/www.visit-ulcinj.com\/blog\/","name":"Lajme nga Ulqini","description":"Lajme,Vijesti,Ulqini,Ulqin,Crna Gora,Mali i Zi","potentialAction":[{"@type":"SearchAction","target":{"@type":"EntryPoint","urlTemplate":"https:\/\/www.visit-ulcinj.com\/blog\/?s={search_term_string}"},"query-input":"required name=search_term_string"}],"inLanguage":"en-US"},{"@type":"ImageObject","inLanguage":"en-US","@id":"https:\/\/www.visit-ulcinj.com\/blog\/2011\/12\/25\/flori-stefani-%e2%80%9ctallava%e2%80%9d-versioni-ne-gjuhen-bullgare\/#primaryimage","url":"http:\/\/www.visit-ulcinj.com\/blog\/wp-content\/uploads\/2011\/12\/Stefani-_Flori-Mamujesi.jpg","contentUrl":"http:\/\/www.visit-ulcinj.com\/blog\/wp-content\/uploads\/2011\/12\/Stefani-_Flori-Mamujesi.jpg"},{"@type":"WebPage","@id":"https:\/\/www.visit-ulcinj.com\/blog\/2011\/12\/25\/flori-stefani-%e2%80%9ctallava%e2%80%9d-versioni-ne-gjuhen-bullgare\/#webpage","url":"https:\/\/www.visit-ulcinj.com\/blog\/2011\/12\/25\/flori-stefani-%e2%80%9ctallava%e2%80%9d-versioni-ne-gjuhen-bullgare\/","name":"Flori & Stefani: \u201cTallava\u201d versioni n\u00eb gjuh\u00ebn bullgare - Lajme nga Ulqini","isPartOf":{"@id":"https:\/\/www.visit-ulcinj.com\/blog\/#website"},"primaryImageOfPage":{"@id":"https:\/\/www.visit-ulcinj.com\/blog\/2011\/12\/25\/flori-stefani-%e2%80%9ctallava%e2%80%9d-versioni-ne-gjuhen-bullgare\/#primaryimage"},"datePublished":"2011-12-25T16:44:57+00:00","dateModified":"2011-12-25T16:44:57+00:00","author":{"@id":"https:\/\/www.visit-ulcinj.com\/blog\/#\/schema\/person\/dcab619c614d3038751c63bc2aadc06d"},"description":"Flori Mumajesi nuk \u201cngopet\u2019 me sukses brenda Shqip\u00ebris\u00eb, por pranon t\u00eb realizoj\u00eb nj\u00eb duet me k\u00ebng\u00ebtaren bullgare Stefani duke sjell\u00eb nj\u00eb version t\u00eb ri t\u00eb","breadcrumb":{"@id":"https:\/\/www.visit-ulcinj.com\/blog\/2011\/12\/25\/flori-stefani-%e2%80%9ctallava%e2%80%9d-versioni-ne-gjuhen-bullgare\/#breadcrumb"},"inLanguage":"en-US","potentialAction":[{"@type":"ReadAction","target":["https:\/\/www.visit-ulcinj.com\/blog\/2011\/12\/25\/flori-stefani-%e2%80%9ctallava%e2%80%9d-versioni-ne-gjuhen-bullgare\/"]}]},{"@type":"BreadcrumbList","@id":"https:\/\/www.visit-ulcinj.com\/blog\/2011\/12\/25\/flori-stefani-%e2%80%9ctallava%e2%80%9d-versioni-ne-gjuhen-bullgare\/#breadcrumb","itemListElement":[{"@type":"ListItem","position":1,"name":"Flori &#038; Stefani: \u201cTallava\u201d versioni n\u00eb gjuh\u00ebn bullgare"}]},{"@type":"Person","@id":"https:\/\/www.visit-ulcinj.com\/blog\/#\/schema\/person\/dcab619c614d3038751c63bc2aadc06d","name":"ulqini","sameAs":["http:\/\/www.visit-ulcinj.com"],"url":"https:\/\/www.visit-ulcinj.com\/blog\/author\/admin\/"}]}},"jetpack_featured_media_url":"","jetpack_sharing_enabled":true,"jetpack_shortlink":"https:\/\/wp.me\/pe6lTn-ehs","_links":{"self":[{"href":"https:\/\/www.visit-ulcinj.com\/blog\/wp-json\/wp\/v2\/posts\/54898"}],"collection":[{"href":"https:\/\/www.visit-ulcinj.com\/blog\/wp-json\/wp\/v2\/posts"}],"about":[{"href":"https:\/\/www.visit-ulcinj.com\/blog\/wp-json\/wp\/v2\/types\/post"}],"author":[{"embeddable":true,"href":"https:\/\/www.visit-ulcinj.com\/blog\/wp-json\/wp\/v2\/users\/1"}],"replies":[{"embeddable":true,"href":"https:\/\/www.visit-ulcinj.com\/blog\/wp-json\/wp\/v2\/comments?post=54898"}],"version-history":[{"count":1,"href":"https:\/\/www.visit-ulcinj.com\/blog\/wp-json\/wp\/v2\/posts\/54898\/revisions"}],"predecessor-version":[{"id":54900,"href":"https:\/\/www.visit-ulcinj.com\/blog\/wp-json\/wp\/v2\/posts\/54898\/revisions\/54900"}],"wp:attachment":[{"href":"https:\/\/www.visit-ulcinj.com\/blog\/wp-json\/wp\/v2\/media?parent=54898"}],"wp:term":[{"taxonomy":"category","embeddable":true,"href":"https:\/\/www.visit-ulcinj.com\/blog\/wp-json\/wp\/v2\/categories?post=54898"},{"taxonomy":"post_tag","embeddable":true,"href":"https:\/\/www.visit-ulcinj.com\/blog\/wp-json\/wp\/v2\/tags?post=54898"}],"curies":[{"name":"wp","href":"https:\/\/api.w.org\/{rel}","templated":true}]}}