{"id":54901,"date":"2011-12-25T17:58:08","date_gmt":"2011-12-25T16:58:08","guid":{"rendered":"http:\/\/www.visit-ulcinj.com\/blog\/?p=54901"},"modified":"2011-12-25T17:59:12","modified_gmt":"2011-12-25T16:59:12","slug":"miriam-cani-emocionet-para-mbremjes-%e2%80%9clive%e2%80%9d","status":"publish","type":"post","link":"https:\/\/www.visit-ulcinj.com\/blog\/2011\/12\/25\/miriam-cani-emocionet-para-mbremjes-%e2%80%9clive%e2%80%9d\/","title":{"rendered":"Miriam Cani emocionet para mbr\u00ebmjes \u201clive\u201d"},"content":{"rendered":"<p><strong><a href=\"http:\/\/www.visit-ulcinj.com\/blog\/wp-content\/uploads\/2011\/12\/Miriam-Cani.jpg\"><img loading=\"lazy\" class=\"alignleft size-full wp-image-54903\" title=\"Miriam Cani\" src=\"http:\/\/www.visit-ulcinj.com\/blog\/wp-content\/uploads\/2011\/12\/Miriam-Cani.jpg\" alt=\"\" width=\"508\" height=\"380\" \/><\/a>Miriam Cani, nj\u00eb nga trajneret e spektaklit \u2018The Voice of Albania\u2019, foli p\u00ebr faz\u00ebn ku k\u00ebng\u00ebtar\u00ebt p\u00ebrballen me nj\u00ebri-tjetrin dhe ku nes\u00ebr skuadra e saj do t\u00eb sfidoj\u00eb konkurrent\u00ebt e Elton Ded\u00ebs.<\/strong><\/p>\n<p>Trainerja theksoi se gjat\u00eb k\u00ebsaj eksperience ka pasur edhe pishmane p\u00ebr mosp\u00ebrzgjedhje t\u00eb disa konkurrent\u00ebve.<\/p>\n<p>\u201cKemi d\u00ebgjuar 150 k\u00ebng\u00ebtar\u00eb dhe kam pasur pishmane p\u00ebr disa z\u00ebra q\u00eb nuk i kam zgjedhur. Edhe pse m\u00eb ka p\u00eblqyer shum\u00eb dikush, nuk e kam shtypur butonin sepse kam pasur nj\u00eb timb\u00ebr t\u00eb ngjash\u00ebm n\u00eb skuad\u00ebr dhe nuk doja konkurrenc\u00eb brenda skuadr\u00ebs. K\u00ebshtu kemi vepruar t\u00eb gjith\u00eb, k\u00ebto jan\u00eb rregullat e loj\u00ebs\u201d, theksoi Cani n\u00eb studion e \u2018Pasdite n\u00eb Top Channel\u2019.<\/p>\n<p>P\u00ebrsa i p\u00ebrket marr\u00ebdh\u00ebnies me trainer\u00ebt e tjer\u00eb t\u00eb show-t (Elton Deda, Alma Bektashi dhe Sidrit Bejleri), Miriami u shpreh se e d\u00ebgjojn\u00eb nj\u00ebri-tjetrin.<br \/>\n\u201cNe trajner\u00ebt flasim dhe k\u00ebshillohemi. E keni par\u00eb q\u00eb her\u00eb pas here i kemi th\u00ebn\u00eb nj\u00ebri-tjetrit q\u00eb t\u00eb shtypin butonin p\u00ebr t\u00eb marr\u00eb nj\u00eb z\u00eb q\u00eb mund t\u00eb jet\u00eb i p\u00ebrshtatsh\u00ebm p\u00ebr ta\u201d, tha k\u00ebng\u00ebtarja.<\/p>\n<p>\u201cCdo dit\u00eb japim k\u00ebshilla p\u00ebr konkurrent\u00ebt, por gj\u00ebja m\u00eb e r\u00ebnd\u00ebsishme \u00ebsht\u00eb q\u00eb t\u00eb punojn\u00eb. B\u00ebjm\u00eb \u00e7do dit\u00eb prova dhe p\u00ebrq\u00ebndrohemi te secili nga ata\u201d, shtoi Miriami.<\/p>\n<p>T\u00eb premten n\u00eb gar\u00eb do t\u00eb jen\u00eb skuadrat e Elton Ded\u00ebs dhe Miriam Canit. Kjo do t\u00eb jet\u00eb mbr\u00ebmja e dyt\u00eb live e spektaklit. Jan\u00eb edhe 7 jav\u00eb t\u00eb tjera (p\u00ebrfshi t\u00eb premten e 23 dhjetorit) p\u00ebrgjat\u00eb t\u00eb cilave konkurrent\u00ebt do t\u00eb garojn\u00eb p\u00ebr nj\u00eb vend n\u00eb nat\u00ebn finale, n\u00eb galan\u00eb e madhe ku vet\u00ebm nj\u00ebri prej tyre do t\u00eb ngrej\u00eb trofeun e \u2018The Voice of Albania\u2019.<\/p>\n<p>Top Channel<br \/>\n<!--YouTube Error: bad URL entered--><\/p>\n","protected":false},"excerpt":{"rendered":"<p>Miriam Cani, nj\u00eb nga trajneret e spektaklit \u2018The Voice of Albania\u2019, foli p\u00ebr faz\u00ebn ku k\u00ebng\u00ebtar\u00ebt p\u00ebrballen me nj\u00ebri-tjetrin dhe ku nes\u00ebr skuadra e saj do t\u00eb sfidoj\u00eb konkurrent\u00ebt e Elton Ded\u00ebs. Trainerja theksoi se gjat\u00eb k\u00ebsaj eksperience ka pasur edhe pishmane p\u00ebr mosp\u00ebrzgjedhje t\u00eb disa konkurrent\u00ebve. \u201cKemi d\u00ebgjuar 150 k\u00ebng\u00ebtar\u00eb dhe kam pasur pishmane [&hellip;]<\/p>\n","protected":false},"author":1,"featured_media":0,"comment_status":"open","ping_status":"closed","sticky":false,"template":"","format":"standard","meta":{"spay_email":"","jetpack_publicize_message":"","jetpack_is_tweetstorm":false,"jetpack_publicize_feature_enabled":true},"categories":[1],"tags":[10632],"jetpack_publicize_connections":[],"yoast_head":"<!-- This site is optimized with the Yoast SEO plugin v19.1 - https:\/\/yoast.com\/wordpress\/plugins\/seo\/ -->\n<title>Miriam Cani emocionet para mbr\u00ebmjes \u201clive\u201d - Lajme nga Ulqini<\/title>\n<meta name=\"description\" content=\"Miriam Cani, nj\u00eb nga trajneret e spektaklit \u2018The Voice of Albania\u2019, foli p\u00ebr faz\u00ebn ku k\u00ebng\u00ebtar\u00ebt p\u00ebrballen me nj\u00ebri-tjetrin dhe ku nes\u00ebr skuadra e saj do\" \/>\n<meta name=\"robots\" content=\"index, follow, max-snippet:-1, max-image-preview:large, max-video-preview:-1\" \/>\n<link rel=\"canonical\" href=\"https:\/\/www.visit-ulcinj.com\/blog\/2011\/12\/25\/miriam-cani-emocionet-para-mbremjes-\u201clive\u201d\/\" \/>\n<meta property=\"og:locale\" content=\"en_US\" \/>\n<meta property=\"og:type\" content=\"article\" \/>\n<meta property=\"og:title\" content=\"Miriam Cani emocionet para mbr\u00ebmjes \u201clive\u201d - Lajme nga Ulqini\" \/>\n<meta property=\"og:description\" content=\"Miriam Cani, nj\u00eb nga trajneret e spektaklit \u2018The Voice of Albania\u2019, foli p\u00ebr faz\u00ebn ku k\u00ebng\u00ebtar\u00ebt p\u00ebrballen me nj\u00ebri-tjetrin dhe ku nes\u00ebr skuadra e saj do\" \/>\n<meta property=\"og:url\" content=\"https:\/\/www.visit-ulcinj.com\/blog\/2011\/12\/25\/miriam-cani-emocionet-para-mbremjes-\u201clive\u201d\/\" \/>\n<meta property=\"og:site_name\" content=\"Lajme nga Ulqini\" \/>\n<meta property=\"article:published_time\" content=\"2011-12-25T16:58:08+00:00\" \/>\n<meta property=\"article:modified_time\" content=\"2011-12-25T16:59:12+00:00\" \/>\n<meta property=\"og:image\" content=\"http:\/\/www.visit-ulcinj.com\/blog\/wp-content\/uploads\/2011\/12\/Miriam-Cani.jpg\" \/>\n<meta name=\"twitter:label1\" content=\"Written by\" \/>\n\t<meta name=\"twitter:data1\" content=\"ulqini\" \/>\n\t<meta name=\"twitter:label2\" content=\"Est. reading time\" \/>\n\t<meta name=\"twitter:data2\" content=\"2 minutes\" \/>\n<script type=\"application\/ld+json\" class=\"yoast-schema-graph\">{\"@context\":\"https:\/\/schema.org\",\"@graph\":[{\"@type\":\"WebSite\",\"@id\":\"https:\/\/www.visit-ulcinj.com\/blog\/#website\",\"url\":\"https:\/\/www.visit-ulcinj.com\/blog\/\",\"name\":\"Lajme nga Ulqini\",\"description\":\"Lajme,Vijesti,Ulqini,Ulqin,Crna Gora,Mali i Zi\",\"potentialAction\":[{\"@type\":\"SearchAction\",\"target\":{\"@type\":\"EntryPoint\",\"urlTemplate\":\"https:\/\/www.visit-ulcinj.com\/blog\/?s={search_term_string}\"},\"query-input\":\"required name=search_term_string\"}],\"inLanguage\":\"en-US\"},{\"@type\":\"ImageObject\",\"inLanguage\":\"en-US\",\"@id\":\"https:\/\/www.visit-ulcinj.com\/blog\/2011\/12\/25\/miriam-cani-emocionet-para-mbremjes-%e2%80%9clive%e2%80%9d\/#primaryimage\",\"url\":\"http:\/\/www.visit-ulcinj.com\/blog\/wp-content\/uploads\/2011\/12\/Miriam-Cani.jpg\",\"contentUrl\":\"http:\/\/www.visit-ulcinj.com\/blog\/wp-content\/uploads\/2011\/12\/Miriam-Cani.jpg\"},{\"@type\":\"WebPage\",\"@id\":\"https:\/\/www.visit-ulcinj.com\/blog\/2011\/12\/25\/miriam-cani-emocionet-para-mbremjes-%e2%80%9clive%e2%80%9d\/#webpage\",\"url\":\"https:\/\/www.visit-ulcinj.com\/blog\/2011\/12\/25\/miriam-cani-emocionet-para-mbremjes-%e2%80%9clive%e2%80%9d\/\",\"name\":\"Miriam Cani emocionet para mbr\u00ebmjes \u201clive\u201d - Lajme nga Ulqini\",\"isPartOf\":{\"@id\":\"https:\/\/www.visit-ulcinj.com\/blog\/#website\"},\"primaryImageOfPage\":{\"@id\":\"https:\/\/www.visit-ulcinj.com\/blog\/2011\/12\/25\/miriam-cani-emocionet-para-mbremjes-%e2%80%9clive%e2%80%9d\/#primaryimage\"},\"datePublished\":\"2011-12-25T16:58:08+00:00\",\"dateModified\":\"2011-12-25T16:59:12+00:00\",\"author\":{\"@id\":\"https:\/\/www.visit-ulcinj.com\/blog\/#\/schema\/person\/dcab619c614d3038751c63bc2aadc06d\"},\"description\":\"Miriam Cani, nj\u00eb nga trajneret e spektaklit \u2018The Voice of Albania\u2019, foli p\u00ebr faz\u00ebn ku k\u00ebng\u00ebtar\u00ebt p\u00ebrballen me nj\u00ebri-tjetrin dhe ku nes\u00ebr skuadra e saj do\",\"breadcrumb\":{\"@id\":\"https:\/\/www.visit-ulcinj.com\/blog\/2011\/12\/25\/miriam-cani-emocionet-para-mbremjes-%e2%80%9clive%e2%80%9d\/#breadcrumb\"},\"inLanguage\":\"en-US\",\"potentialAction\":[{\"@type\":\"ReadAction\",\"target\":[\"https:\/\/www.visit-ulcinj.com\/blog\/2011\/12\/25\/miriam-cani-emocionet-para-mbremjes-%e2%80%9clive%e2%80%9d\/\"]}]},{\"@type\":\"BreadcrumbList\",\"@id\":\"https:\/\/www.visit-ulcinj.com\/blog\/2011\/12\/25\/miriam-cani-emocionet-para-mbremjes-%e2%80%9clive%e2%80%9d\/#breadcrumb\",\"itemListElement\":[{\"@type\":\"ListItem\",\"position\":1,\"name\":\"Miriam Cani emocionet para mbr\u00ebmjes \u201clive\u201d\"}]},{\"@type\":\"Person\",\"@id\":\"https:\/\/www.visit-ulcinj.com\/blog\/#\/schema\/person\/dcab619c614d3038751c63bc2aadc06d\",\"name\":\"ulqini\",\"sameAs\":[\"http:\/\/www.visit-ulcinj.com\"],\"url\":\"https:\/\/www.visit-ulcinj.com\/blog\/author\/admin\/\"}]}<\/script>\n<!-- \/ Yoast SEO plugin. -->","yoast_head_json":{"title":"Miriam Cani emocionet para mbr\u00ebmjes \u201clive\u201d - Lajme nga Ulqini","description":"Miriam Cani, nj\u00eb nga trajneret e spektaklit \u2018The Voice of Albania\u2019, foli p\u00ebr faz\u00ebn ku k\u00ebng\u00ebtar\u00ebt p\u00ebrballen me nj\u00ebri-tjetrin dhe ku nes\u00ebr skuadra e saj do","robots":{"index":"index","follow":"follow","max-snippet":"max-snippet:-1","max-image-preview":"max-image-preview:large","max-video-preview":"max-video-preview:-1"},"canonical":"https:\/\/www.visit-ulcinj.com\/blog\/2011\/12\/25\/miriam-cani-emocionet-para-mbremjes-\u201clive\u201d\/","og_locale":"en_US","og_type":"article","og_title":"Miriam Cani emocionet para mbr\u00ebmjes \u201clive\u201d - Lajme nga Ulqini","og_description":"Miriam Cani, nj\u00eb nga trajneret e spektaklit \u2018The Voice of Albania\u2019, foli p\u00ebr faz\u00ebn ku k\u00ebng\u00ebtar\u00ebt p\u00ebrballen me nj\u00ebri-tjetrin dhe ku nes\u00ebr skuadra e saj do","og_url":"https:\/\/www.visit-ulcinj.com\/blog\/2011\/12\/25\/miriam-cani-emocionet-para-mbremjes-\u201clive\u201d\/","og_site_name":"Lajme nga Ulqini","article_published_time":"2011-12-25T16:58:08+00:00","article_modified_time":"2011-12-25T16:59:12+00:00","og_image":[{"url":"http:\/\/www.visit-ulcinj.com\/blog\/wp-content\/uploads\/2011\/12\/Miriam-Cani.jpg"}],"twitter_misc":{"Written by":"ulqini","Est. reading time":"2 minutes"},"schema":{"@context":"https:\/\/schema.org","@graph":[{"@type":"WebSite","@id":"https:\/\/www.visit-ulcinj.com\/blog\/#website","url":"https:\/\/www.visit-ulcinj.com\/blog\/","name":"Lajme nga Ulqini","description":"Lajme,Vijesti,Ulqini,Ulqin,Crna Gora,Mali i Zi","potentialAction":[{"@type":"SearchAction","target":{"@type":"EntryPoint","urlTemplate":"https:\/\/www.visit-ulcinj.com\/blog\/?s={search_term_string}"},"query-input":"required name=search_term_string"}],"inLanguage":"en-US"},{"@type":"ImageObject","inLanguage":"en-US","@id":"https:\/\/www.visit-ulcinj.com\/blog\/2011\/12\/25\/miriam-cani-emocionet-para-mbremjes-%e2%80%9clive%e2%80%9d\/#primaryimage","url":"http:\/\/www.visit-ulcinj.com\/blog\/wp-content\/uploads\/2011\/12\/Miriam-Cani.jpg","contentUrl":"http:\/\/www.visit-ulcinj.com\/blog\/wp-content\/uploads\/2011\/12\/Miriam-Cani.jpg"},{"@type":"WebPage","@id":"https:\/\/www.visit-ulcinj.com\/blog\/2011\/12\/25\/miriam-cani-emocionet-para-mbremjes-%e2%80%9clive%e2%80%9d\/#webpage","url":"https:\/\/www.visit-ulcinj.com\/blog\/2011\/12\/25\/miriam-cani-emocionet-para-mbremjes-%e2%80%9clive%e2%80%9d\/","name":"Miriam Cani emocionet para mbr\u00ebmjes \u201clive\u201d - Lajme nga Ulqini","isPartOf":{"@id":"https:\/\/www.visit-ulcinj.com\/blog\/#website"},"primaryImageOfPage":{"@id":"https:\/\/www.visit-ulcinj.com\/blog\/2011\/12\/25\/miriam-cani-emocionet-para-mbremjes-%e2%80%9clive%e2%80%9d\/#primaryimage"},"datePublished":"2011-12-25T16:58:08+00:00","dateModified":"2011-12-25T16:59:12+00:00","author":{"@id":"https:\/\/www.visit-ulcinj.com\/blog\/#\/schema\/person\/dcab619c614d3038751c63bc2aadc06d"},"description":"Miriam Cani, nj\u00eb nga trajneret e spektaklit \u2018The Voice of Albania\u2019, foli p\u00ebr faz\u00ebn ku k\u00ebng\u00ebtar\u00ebt p\u00ebrballen me nj\u00ebri-tjetrin dhe ku nes\u00ebr skuadra e saj do","breadcrumb":{"@id":"https:\/\/www.visit-ulcinj.com\/blog\/2011\/12\/25\/miriam-cani-emocionet-para-mbremjes-%e2%80%9clive%e2%80%9d\/#breadcrumb"},"inLanguage":"en-US","potentialAction":[{"@type":"ReadAction","target":["https:\/\/www.visit-ulcinj.com\/blog\/2011\/12\/25\/miriam-cani-emocionet-para-mbremjes-%e2%80%9clive%e2%80%9d\/"]}]},{"@type":"BreadcrumbList","@id":"https:\/\/www.visit-ulcinj.com\/blog\/2011\/12\/25\/miriam-cani-emocionet-para-mbremjes-%e2%80%9clive%e2%80%9d\/#breadcrumb","itemListElement":[{"@type":"ListItem","position":1,"name":"Miriam Cani emocionet para mbr\u00ebmjes \u201clive\u201d"}]},{"@type":"Person","@id":"https:\/\/www.visit-ulcinj.com\/blog\/#\/schema\/person\/dcab619c614d3038751c63bc2aadc06d","name":"ulqini","sameAs":["http:\/\/www.visit-ulcinj.com"],"url":"https:\/\/www.visit-ulcinj.com\/blog\/author\/admin\/"}]}},"jetpack_featured_media_url":"","jetpack_sharing_enabled":true,"jetpack_shortlink":"https:\/\/wp.me\/pe6lTn-ehv","_links":{"self":[{"href":"https:\/\/www.visit-ulcinj.com\/blog\/wp-json\/wp\/v2\/posts\/54901"}],"collection":[{"href":"https:\/\/www.visit-ulcinj.com\/blog\/wp-json\/wp\/v2\/posts"}],"about":[{"href":"https:\/\/www.visit-ulcinj.com\/blog\/wp-json\/wp\/v2\/types\/post"}],"author":[{"embeddable":true,"href":"https:\/\/www.visit-ulcinj.com\/blog\/wp-json\/wp\/v2\/users\/1"}],"replies":[{"embeddable":true,"href":"https:\/\/www.visit-ulcinj.com\/blog\/wp-json\/wp\/v2\/comments?post=54901"}],"version-history":[{"count":2,"href":"https:\/\/www.visit-ulcinj.com\/blog\/wp-json\/wp\/v2\/posts\/54901\/revisions"}],"predecessor-version":[{"id":54904,"href":"https:\/\/www.visit-ulcinj.com\/blog\/wp-json\/wp\/v2\/posts\/54901\/revisions\/54904"}],"wp:attachment":[{"href":"https:\/\/www.visit-ulcinj.com\/blog\/wp-json\/wp\/v2\/media?parent=54901"}],"wp:term":[{"taxonomy":"category","embeddable":true,"href":"https:\/\/www.visit-ulcinj.com\/blog\/wp-json\/wp\/v2\/categories?post=54901"},{"taxonomy":"post_tag","embeddable":true,"href":"https:\/\/www.visit-ulcinj.com\/blog\/wp-json\/wp\/v2\/tags?post=54901"}],"curies":[{"name":"wp","href":"https:\/\/api.w.org\/{rel}","templated":true}]}}