{"id":54905,"date":"2011-12-25T18:10:25","date_gmt":"2011-12-25T17:10:25","guid":{"rendered":"http:\/\/www.visit-ulcinj.com\/blog\/?p=54905"},"modified":"2011-12-25T18:10:25","modified_gmt":"2011-12-25T17:10:25","slug":"tuna-fryn-byzet%e2%80%a6","status":"publish","type":"post","link":"https:\/\/www.visit-ulcinj.com\/blog\/2011\/12\/25\/tuna-fryn-byzet%e2%80%a6\/","title":{"rendered":"Tuna fryn byz\u00ebt\u2026?"},"content":{"rendered":"<p><strong><a href=\"http:\/\/www.visit-ulcinj.com\/blog\/wp-content\/uploads\/2011\/12\/Altuna-Sejdiu.jpg\"><img loading=\"lazy\" class=\"alignleft size-full wp-image-54906\" title=\"Altuna Sejdiu\" src=\"http:\/\/www.visit-ulcinj.com\/blog\/wp-content\/uploads\/2011\/12\/Altuna-Sejdiu.jpg\" alt=\"\" width=\"508\" height=\"600\" \/><\/a>Dit\u00ebt e fundit po qarkullojn\u00eb n\u00eb internet disa foto t\u00eb reja t\u00eb cilat nxjerrin n\u00eb pah buz\u00ebt e Tun\u00ebs, q\u00eb nuk jan\u00eb aspak t\u00eb zakonshme krahasuar me imazhet q\u00eb jemi m\u00ebsuar t\u2019i shohim deri tani.<\/strong><\/p>\n<p>Ajo q\u00eb duket n\u00eb foto, nuk \u00ebsht\u00eb qart\u00ebsisht e dukshme n\u00ebse kjo fryrje \u00ebsht\u00eb thjesht nj\u00eb truk q\u00eb mund t\u00eb realizohet leht\u00ebsisht me an\u00eb t\u00eb kompjuterit, apo ndonj\u00eb nd\u00ebrhyrje specifikie n\u00eb k\u00ebt\u00eb zon\u00eb.<\/p>\n<p>Por, edhe n\u00ebse e gjith\u00eb kjo \u00ebsht\u00eb e v\u00ebrtet\u00eb, realisht ajo nuk \u00ebsht\u00eb as e para as e fundit q\u00eb e gjen zgjidhjen t\u00eb nd\u00ebrhyrjet kirurgjikale p\u00ebr t\u00eb kuruar imazhin\u2026!<\/p>\n<p>Thashethem<\/p>\n<!--YouTube Error: bad URL entered-->\n","protected":false},"excerpt":{"rendered":"<p>Dit\u00ebt e fundit po qarkullojn\u00eb n\u00eb internet disa foto t\u00eb reja t\u00eb cilat nxjerrin n\u00eb pah buz\u00ebt e Tun\u00ebs, q\u00eb nuk jan\u00eb aspak t\u00eb zakonshme krahasuar me imazhet q\u00eb jemi m\u00ebsuar t\u2019i shohim deri tani. Ajo q\u00eb duket n\u00eb foto, nuk \u00ebsht\u00eb qart\u00ebsisht e dukshme n\u00ebse kjo fryrje \u00ebsht\u00eb thjesht nj\u00eb truk q\u00eb mund t\u00eb [&hellip;]<\/p>\n","protected":false},"author":1,"featured_media":0,"comment_status":"open","ping_status":"closed","sticky":false,"template":"","format":"standard","meta":{"spay_email":"","jetpack_publicize_message":"","jetpack_is_tweetstorm":false,"jetpack_publicize_feature_enabled":true},"categories":[1],"tags":[12963,16036,19514,19511,19513,6693,19460],"jetpack_publicize_connections":[],"yoast_head":"<!-- This site is optimized with the Yoast SEO plugin v19.1 - https:\/\/yoast.com\/wordpress\/plugins\/seo\/ -->\n<title>Tuna fryn byz\u00ebt\u2026? - Lajme nga Ulqini<\/title>\n<meta name=\"description\" content=\"Dit\u00ebt e fundit po qarkullojn\u00eb n\u00eb internet disa foto t\u00eb reja t\u00eb cilat nxjerrin n\u00eb pah buz\u00ebt e Tun\u00ebs, q\u00eb nuk jan\u00eb aspak t\u00eb zakonshme krahasuar me imazhet q\u00eb\" \/>\n<meta name=\"robots\" content=\"index, follow, max-snippet:-1, max-image-preview:large, max-video-preview:-1\" \/>\n<link rel=\"canonical\" href=\"https:\/\/www.visit-ulcinj.com\/blog\/2011\/12\/25\/tuna-fryn-byzet\u2026\/\" \/>\n<meta property=\"og:locale\" content=\"en_US\" \/>\n<meta property=\"og:type\" content=\"article\" \/>\n<meta property=\"og:title\" content=\"Tuna fryn byz\u00ebt\u2026? - Lajme nga Ulqini\" \/>\n<meta property=\"og:description\" content=\"Dit\u00ebt e fundit po qarkullojn\u00eb n\u00eb internet disa foto t\u00eb reja t\u00eb cilat nxjerrin n\u00eb pah buz\u00ebt e Tun\u00ebs, q\u00eb nuk jan\u00eb aspak t\u00eb zakonshme krahasuar me imazhet q\u00eb\" \/>\n<meta property=\"og:url\" content=\"https:\/\/www.visit-ulcinj.com\/blog\/2011\/12\/25\/tuna-fryn-byzet\u2026\/\" \/>\n<meta property=\"og:site_name\" content=\"Lajme nga Ulqini\" \/>\n<meta property=\"article:published_time\" content=\"2011-12-25T17:10:25+00:00\" \/>\n<meta property=\"og:image\" content=\"http:\/\/www.visit-ulcinj.com\/blog\/wp-content\/uploads\/2011\/12\/Altuna-Sejdiu.jpg\" \/>\n<meta name=\"twitter:label1\" content=\"Written by\" \/>\n\t<meta name=\"twitter:data1\" content=\"ulqini\" \/>\n\t<meta name=\"twitter:label2\" content=\"Est. reading time\" \/>\n\t<meta name=\"twitter:data2\" content=\"1 minute\" \/>\n<script type=\"application\/ld+json\" class=\"yoast-schema-graph\">{\"@context\":\"https:\/\/schema.org\",\"@graph\":[{\"@type\":\"WebSite\",\"@id\":\"https:\/\/www.visit-ulcinj.com\/blog\/#website\",\"url\":\"https:\/\/www.visit-ulcinj.com\/blog\/\",\"name\":\"Lajme nga Ulqini\",\"description\":\"Lajme,Vijesti,Ulqini,Ulqin,Crna Gora,Mali i Zi\",\"potentialAction\":[{\"@type\":\"SearchAction\",\"target\":{\"@type\":\"EntryPoint\",\"urlTemplate\":\"https:\/\/www.visit-ulcinj.com\/blog\/?s={search_term_string}\"},\"query-input\":\"required name=search_term_string\"}],\"inLanguage\":\"en-US\"},{\"@type\":\"ImageObject\",\"inLanguage\":\"en-US\",\"@id\":\"https:\/\/www.visit-ulcinj.com\/blog\/2011\/12\/25\/tuna-fryn-byzet%e2%80%a6\/#primaryimage\",\"url\":\"http:\/\/www.visit-ulcinj.com\/blog\/wp-content\/uploads\/2011\/12\/Altuna-Sejdiu.jpg\",\"contentUrl\":\"http:\/\/www.visit-ulcinj.com\/blog\/wp-content\/uploads\/2011\/12\/Altuna-Sejdiu.jpg\"},{\"@type\":\"WebPage\",\"@id\":\"https:\/\/www.visit-ulcinj.com\/blog\/2011\/12\/25\/tuna-fryn-byzet%e2%80%a6\/#webpage\",\"url\":\"https:\/\/www.visit-ulcinj.com\/blog\/2011\/12\/25\/tuna-fryn-byzet%e2%80%a6\/\",\"name\":\"Tuna fryn byz\u00ebt\u2026? - Lajme nga Ulqini\",\"isPartOf\":{\"@id\":\"https:\/\/www.visit-ulcinj.com\/blog\/#website\"},\"primaryImageOfPage\":{\"@id\":\"https:\/\/www.visit-ulcinj.com\/blog\/2011\/12\/25\/tuna-fryn-byzet%e2%80%a6\/#primaryimage\"},\"datePublished\":\"2011-12-25T17:10:25+00:00\",\"dateModified\":\"2011-12-25T17:10:25+00:00\",\"author\":{\"@id\":\"https:\/\/www.visit-ulcinj.com\/blog\/#\/schema\/person\/dcab619c614d3038751c63bc2aadc06d\"},\"description\":\"Dit\u00ebt e fundit po qarkullojn\u00eb n\u00eb internet disa foto t\u00eb reja t\u00eb cilat nxjerrin n\u00eb pah buz\u00ebt e Tun\u00ebs, q\u00eb nuk jan\u00eb aspak t\u00eb zakonshme krahasuar me imazhet q\u00eb\",\"breadcrumb\":{\"@id\":\"https:\/\/www.visit-ulcinj.com\/blog\/2011\/12\/25\/tuna-fryn-byzet%e2%80%a6\/#breadcrumb\"},\"inLanguage\":\"en-US\",\"potentialAction\":[{\"@type\":\"ReadAction\",\"target\":[\"https:\/\/www.visit-ulcinj.com\/blog\/2011\/12\/25\/tuna-fryn-byzet%e2%80%a6\/\"]}]},{\"@type\":\"BreadcrumbList\",\"@id\":\"https:\/\/www.visit-ulcinj.com\/blog\/2011\/12\/25\/tuna-fryn-byzet%e2%80%a6\/#breadcrumb\",\"itemListElement\":[{\"@type\":\"ListItem\",\"position\":1,\"name\":\"Tuna fryn byz\u00ebt\u2026?\"}]},{\"@type\":\"Person\",\"@id\":\"https:\/\/www.visit-ulcinj.com\/blog\/#\/schema\/person\/dcab619c614d3038751c63bc2aadc06d\",\"name\":\"ulqini\",\"sameAs\":[\"http:\/\/www.visit-ulcinj.com\"],\"url\":\"https:\/\/www.visit-ulcinj.com\/blog\/author\/admin\/\"}]}<\/script>\n<!-- \/ Yoast SEO plugin. -->","yoast_head_json":{"title":"Tuna fryn byz\u00ebt\u2026? - Lajme nga Ulqini","description":"Dit\u00ebt e fundit po qarkullojn\u00eb n\u00eb internet disa foto t\u00eb reja t\u00eb cilat nxjerrin n\u00eb pah buz\u00ebt e Tun\u00ebs, q\u00eb nuk jan\u00eb aspak t\u00eb zakonshme krahasuar me imazhet q\u00eb","robots":{"index":"index","follow":"follow","max-snippet":"max-snippet:-1","max-image-preview":"max-image-preview:large","max-video-preview":"max-video-preview:-1"},"canonical":"https:\/\/www.visit-ulcinj.com\/blog\/2011\/12\/25\/tuna-fryn-byzet\u2026\/","og_locale":"en_US","og_type":"article","og_title":"Tuna fryn byz\u00ebt\u2026? - Lajme nga Ulqini","og_description":"Dit\u00ebt e fundit po qarkullojn\u00eb n\u00eb internet disa foto t\u00eb reja t\u00eb cilat nxjerrin n\u00eb pah buz\u00ebt e Tun\u00ebs, q\u00eb nuk jan\u00eb aspak t\u00eb zakonshme krahasuar me imazhet q\u00eb","og_url":"https:\/\/www.visit-ulcinj.com\/blog\/2011\/12\/25\/tuna-fryn-byzet\u2026\/","og_site_name":"Lajme nga Ulqini","article_published_time":"2011-12-25T17:10:25+00:00","og_image":[{"url":"http:\/\/www.visit-ulcinj.com\/blog\/wp-content\/uploads\/2011\/12\/Altuna-Sejdiu.jpg"}],"twitter_misc":{"Written by":"ulqini","Est. reading time":"1 minute"},"schema":{"@context":"https:\/\/schema.org","@graph":[{"@type":"WebSite","@id":"https:\/\/www.visit-ulcinj.com\/blog\/#website","url":"https:\/\/www.visit-ulcinj.com\/blog\/","name":"Lajme nga Ulqini","description":"Lajme,Vijesti,Ulqini,Ulqin,Crna Gora,Mali i Zi","potentialAction":[{"@type":"SearchAction","target":{"@type":"EntryPoint","urlTemplate":"https:\/\/www.visit-ulcinj.com\/blog\/?s={search_term_string}"},"query-input":"required name=search_term_string"}],"inLanguage":"en-US"},{"@type":"ImageObject","inLanguage":"en-US","@id":"https:\/\/www.visit-ulcinj.com\/blog\/2011\/12\/25\/tuna-fryn-byzet%e2%80%a6\/#primaryimage","url":"http:\/\/www.visit-ulcinj.com\/blog\/wp-content\/uploads\/2011\/12\/Altuna-Sejdiu.jpg","contentUrl":"http:\/\/www.visit-ulcinj.com\/blog\/wp-content\/uploads\/2011\/12\/Altuna-Sejdiu.jpg"},{"@type":"WebPage","@id":"https:\/\/www.visit-ulcinj.com\/blog\/2011\/12\/25\/tuna-fryn-byzet%e2%80%a6\/#webpage","url":"https:\/\/www.visit-ulcinj.com\/blog\/2011\/12\/25\/tuna-fryn-byzet%e2%80%a6\/","name":"Tuna fryn byz\u00ebt\u2026? - Lajme nga Ulqini","isPartOf":{"@id":"https:\/\/www.visit-ulcinj.com\/blog\/#website"},"primaryImageOfPage":{"@id":"https:\/\/www.visit-ulcinj.com\/blog\/2011\/12\/25\/tuna-fryn-byzet%e2%80%a6\/#primaryimage"},"datePublished":"2011-12-25T17:10:25+00:00","dateModified":"2011-12-25T17:10:25+00:00","author":{"@id":"https:\/\/www.visit-ulcinj.com\/blog\/#\/schema\/person\/dcab619c614d3038751c63bc2aadc06d"},"description":"Dit\u00ebt e fundit po qarkullojn\u00eb n\u00eb internet disa foto t\u00eb reja t\u00eb cilat nxjerrin n\u00eb pah buz\u00ebt e Tun\u00ebs, q\u00eb nuk jan\u00eb aspak t\u00eb zakonshme krahasuar me imazhet q\u00eb","breadcrumb":{"@id":"https:\/\/www.visit-ulcinj.com\/blog\/2011\/12\/25\/tuna-fryn-byzet%e2%80%a6\/#breadcrumb"},"inLanguage":"en-US","potentialAction":[{"@type":"ReadAction","target":["https:\/\/www.visit-ulcinj.com\/blog\/2011\/12\/25\/tuna-fryn-byzet%e2%80%a6\/"]}]},{"@type":"BreadcrumbList","@id":"https:\/\/www.visit-ulcinj.com\/blog\/2011\/12\/25\/tuna-fryn-byzet%e2%80%a6\/#breadcrumb","itemListElement":[{"@type":"ListItem","position":1,"name":"Tuna fryn byz\u00ebt\u2026?"}]},{"@type":"Person","@id":"https:\/\/www.visit-ulcinj.com\/blog\/#\/schema\/person\/dcab619c614d3038751c63bc2aadc06d","name":"ulqini","sameAs":["http:\/\/www.visit-ulcinj.com"],"url":"https:\/\/www.visit-ulcinj.com\/blog\/author\/admin\/"}]}},"jetpack_featured_media_url":"","jetpack_sharing_enabled":true,"jetpack_shortlink":"https:\/\/wp.me\/pe6lTn-ehz","_links":{"self":[{"href":"https:\/\/www.visit-ulcinj.com\/blog\/wp-json\/wp\/v2\/posts\/54905"}],"collection":[{"href":"https:\/\/www.visit-ulcinj.com\/blog\/wp-json\/wp\/v2\/posts"}],"about":[{"href":"https:\/\/www.visit-ulcinj.com\/blog\/wp-json\/wp\/v2\/types\/post"}],"author":[{"embeddable":true,"href":"https:\/\/www.visit-ulcinj.com\/blog\/wp-json\/wp\/v2\/users\/1"}],"replies":[{"embeddable":true,"href":"https:\/\/www.visit-ulcinj.com\/blog\/wp-json\/wp\/v2\/comments?post=54905"}],"version-history":[{"count":1,"href":"https:\/\/www.visit-ulcinj.com\/blog\/wp-json\/wp\/v2\/posts\/54905\/revisions"}],"predecessor-version":[{"id":54907,"href":"https:\/\/www.visit-ulcinj.com\/blog\/wp-json\/wp\/v2\/posts\/54905\/revisions\/54907"}],"wp:attachment":[{"href":"https:\/\/www.visit-ulcinj.com\/blog\/wp-json\/wp\/v2\/media?parent=54905"}],"wp:term":[{"taxonomy":"category","embeddable":true,"href":"https:\/\/www.visit-ulcinj.com\/blog\/wp-json\/wp\/v2\/categories?post=54905"},{"taxonomy":"post_tag","embeddable":true,"href":"https:\/\/www.visit-ulcinj.com\/blog\/wp-json\/wp\/v2\/tags?post=54905"}],"curies":[{"name":"wp","href":"https:\/\/api.w.org\/{rel}","templated":true}]}}