{"id":54908,"date":"2011-12-25T18:42:22","date_gmt":"2011-12-25T17:42:22","guid":{"rendered":"http:\/\/www.visit-ulcinj.com\/blog\/?p=54908"},"modified":"2011-12-25T18:42:22","modified_gmt":"2011-12-25T17:42:22","slug":"monitoring-grupa-ulcinj-vlada-kriva-za-%e2%80%9eigre%e2%80%9c-oko-solane","status":"publish","type":"post","link":"https:\/\/www.visit-ulcinj.com\/blog\/2011\/12\/25\/monitoring-grupa-ulcinj-vlada-kriva-za-%e2%80%9eigre%e2%80%9c-oko-solane\/","title":{"rendered":"Monitoring grupa Ulcinj: Vlada kriva za \u201eigre\u201c oko Solane"},"content":{"rendered":"<p><a href=\"http:\/\/www.visit-ulcinj.com\/blog\/wp-content\/uploads\/2011\/12\/Monitoring-grupa-Ulcinj_MOGUL_Prodaja-Ulcinjske-Solane.jpg\"><img loading=\"lazy\" class=\"alignleft size-full wp-image-54910\" title=\"Monitoring grupa Ulcinj_MOGUL_Prodaja Ulcinjske Solane\" src=\"http:\/\/www.visit-ulcinj.com\/blog\/wp-content\/uploads\/2011\/12\/Monitoring-grupa-Ulcinj_MOGUL_Prodaja-Ulcinjske-Solane.jpg\" alt=\"\" width=\"508\" height=\"400\" \/><\/a>Monitoring grupa Ulcinj (Mogul) optu\u017eila je\u00a0Vladu da je glavni krivac za, kako navodi, najnovije igre oko Solane, saop\u0161teno je Portalu Anlitika iz ove grupe.<\/p>\n<p>Vlada, kako ka\u017eu predstavnici Mogula, brutalno kr\u0161i zakone ove zemlje, Deklaraciju o progla\u0161enju Crne Gore ekolo\u0161kom dr\u017eavom, interese op\u0161tine Ulcinj i njenih gra\u0111ana, kao i me\u0111unarodne konvencije i dokumenta.<\/p>\n<p>\u00bbOna veoma dobro zna \u0161ta je Solana i \u0161ta predstavlja za ukupni ekonomski, socijalni i ekolo\u0161ki ambijent u na\u0161oj zemlji i op\u0161tini. Vlada je 2008. godine, daleko od o\u010diju javnosti, prenamjenom zemlji\u0161te Solane iz industrijskog u gradsko-gra\u0111evinsko, ugrozila javni interes u korist tajkuna Veselina Barovi\u0107a\u00ab, navodi se u saop\u0161tenju.<\/p>\n<p>Vlada, kako se dodaje, sada ne mo\u017ee da opere ruke od tog te\u0161kog prekr\u0161aja govore\u0107i da \u201ctreba provjeriti da li je na lokalnom nivou do\u0161lo do preknji\u017ebe suprotno pravilima\u201d.<\/p>\n<p>\u00bbToga, prema na\u0161im saznanjima, nije bilo. \u010cinjenica je, me\u0111utim, da veliki dio zemlji\u0161ta na Solani pripada dr\u017eavi, a jo\u0161 vi\u0161e je nepravedno oduzeto od gra\u0111ana nakon Drugog svjetskog rata\u00ab, navode predstavnici Mogula.<\/p>\n<p>Oni podsje\u0107aju Vladu na odredbe Zakona o svojinsko-pravnim odnosima u kojima se navodi da zemlji\u0161te koje je u postupku privatizacije za koje nije pla\u0107ena tr\u017ei\u0161na naknada ostaje u dr\u017eavnoj svojini sve dok dr\u017eava ne ka\u017ee da je za to pla\u0107ena tr\u017ei\u0161na naknada.<\/p>\n<p>\u00bbTo zna\u010di da Barovi\u0107 treba, prije nego \u0161to eventualno krene u prodaju Solane, da dr\u017eavi uplati razliku od 256 miliona eura, ili da javnosti poka\u017ee papir da je zemlji\u0161te platio. A da to potvrdi premijer Igor Luk\u0161i\u0107 ili ministar finansija Milorad Katni\u0107\u00ab, kazali su iz Mogula.<\/p>\n<p>Oni smatraju da, u svakom slu\u010daju, ima dovoljno elemenata da dr\u017eavi tu\u017eilac Ranka \u010carapi\u0107 ili specijalni tu\u017eilac za organizovani kriminal \u0110ur\u0111ina Ivanovi\u0107 ve\u0107 krenu u akciju.<\/p>\n<p>\u00bbStav ulcinjske op\u0161tine i \u010ditave lokalne zajednice po ovom pitanju, kao i cjelokupne crnogorske javnosti je tako\u0111e poznat. Zbog imid\u017ea Crne Gore kao ekolo\u0161ke dr\u017eave Vlada odmah mora reagovati i prekinuti ovu blama\u017eu\u00ab, poru\u010duju iz Mogula.<\/p>\n<p>Mogul se istovremeno pridru\u017euje predlogu Mre\u017ee za afirmaciju nevladinog sektora (MANS) da crnogorski parlament usvoji izmjene Prostornog plana Crne Gore koje se odnose na Solanu.<\/p>\n<p><a href=\"http:\/\/www.portalanalitika.me\/ekonomija\/vijesti\/46475-monitoring-grupa-ulcinj-vlada-kriva-za-igre-oko-solane.html\" target=\"_blank\"><strong>Analitika &#8211; Informativni Portal <\/strong><\/a><\/p>\n<p><strong>VIDEO TV VIJESTI<\/strong><br \/>\n<!--YouTube Error: bad URL entered--><\/p>\n","protected":false},"excerpt":{"rendered":"<p>Monitoring grupa Ulcinj (Mogul) optu\u017eila je\u00a0Vladu da je glavni krivac za, kako navodi, najnovije igre oko Solane, saop\u0161teno je Portalu Anlitika iz ove grupe. Vlada, kako ka\u017eu predstavnici Mogula, brutalno kr\u0161i zakone ove zemlje, Deklaraciju o progla\u0161enju Crne Gore ekolo\u0161kom dr\u017eavom, interese op\u0161tine Ulcinj i njenih gra\u0111ana, kao i me\u0111unarodne konvencije i dokumenta. \u00bbOna veoma [&hellip;]<\/p>\n","protected":false},"author":1,"featured_media":0,"comment_status":"open","ping_status":"closed","sticky":false,"template":"","format":"standard","meta":{"spay_email":"","jetpack_publicize_message":"","jetpack_is_tweetstorm":false,"jetpack_publicize_feature_enabled":true},"categories":[8337],"tags":[16982,19681,4126,19,1968],"jetpack_publicize_connections":[],"yoast_head":"<!-- This site is optimized with the Yoast SEO plugin v19.1 - https:\/\/yoast.com\/wordpress\/plugins\/seo\/ -->\n<title>Monitoring grupa Ulcinj: Vlada kriva za \u201eigre\u201c oko Solane - Lajme nga Ulqini<\/title>\n<meta name=\"description\" content=\"Monitoring grupa Ulcinj (Mogul) optu\u017eila je\u00a0Vladu da je glavni krivac za, kako navodi, najnovije igre oko Solane, saop\u0161teno je Portalu Anlitika iz ove\" \/>\n<meta name=\"robots\" content=\"index, follow, max-snippet:-1, max-image-preview:large, max-video-preview:-1\" \/>\n<link rel=\"canonical\" href=\"https:\/\/www.visit-ulcinj.com\/blog\/2011\/12\/25\/monitoring-grupa-ulcinj-vlada-kriva-za-\u201eigre\u201c-oko-solane\/\" \/>\n<meta property=\"og:locale\" content=\"en_US\" \/>\n<meta property=\"og:type\" content=\"article\" \/>\n<meta property=\"og:title\" content=\"Monitoring grupa Ulcinj: Vlada kriva za \u201eigre\u201c oko Solane - Lajme nga Ulqini\" \/>\n<meta property=\"og:description\" content=\"Monitoring grupa Ulcinj (Mogul) optu\u017eila je\u00a0Vladu da je glavni krivac za, kako navodi, najnovije igre oko Solane, saop\u0161teno je Portalu Anlitika iz ove\" \/>\n<meta property=\"og:url\" content=\"https:\/\/www.visit-ulcinj.com\/blog\/2011\/12\/25\/monitoring-grupa-ulcinj-vlada-kriva-za-\u201eigre\u201c-oko-solane\/\" \/>\n<meta property=\"og:site_name\" content=\"Lajme nga Ulqini\" \/>\n<meta property=\"article:published_time\" content=\"2011-12-25T17:42:22+00:00\" \/>\n<meta property=\"og:image\" content=\"http:\/\/www.visit-ulcinj.com\/blog\/wp-content\/uploads\/2011\/12\/Monitoring-grupa-Ulcinj_MOGUL_Prodaja-Ulcinjske-Solane.jpg\" \/>\n<meta name=\"twitter:label1\" content=\"Written by\" \/>\n\t<meta name=\"twitter:data1\" content=\"ulqini\" \/>\n\t<meta name=\"twitter:label2\" content=\"Est. reading time\" \/>\n\t<meta name=\"twitter:data2\" content=\"2 minutes\" \/>\n<script type=\"application\/ld+json\" class=\"yoast-schema-graph\">{\"@context\":\"https:\/\/schema.org\",\"@graph\":[{\"@type\":\"WebSite\",\"@id\":\"https:\/\/www.visit-ulcinj.com\/blog\/#website\",\"url\":\"https:\/\/www.visit-ulcinj.com\/blog\/\",\"name\":\"Lajme nga Ulqini\",\"description\":\"Lajme,Vijesti,Ulqini,Ulqin,Crna Gora,Mali i Zi\",\"potentialAction\":[{\"@type\":\"SearchAction\",\"target\":{\"@type\":\"EntryPoint\",\"urlTemplate\":\"https:\/\/www.visit-ulcinj.com\/blog\/?s={search_term_string}\"},\"query-input\":\"required name=search_term_string\"}],\"inLanguage\":\"en-US\"},{\"@type\":\"ImageObject\",\"inLanguage\":\"en-US\",\"@id\":\"https:\/\/www.visit-ulcinj.com\/blog\/2011\/12\/25\/monitoring-grupa-ulcinj-vlada-kriva-za-%e2%80%9eigre%e2%80%9c-oko-solane\/#primaryimage\",\"url\":\"https:\/\/www.visit-ulcinj.com\/blog\/wp-content\/uploads\/2011\/12\/Monitoring-grupa-Ulcinj_MOGUL_Prodaja-Ulcinjske-Solane.jpg\",\"contentUrl\":\"https:\/\/www.visit-ulcinj.com\/blog\/wp-content\/uploads\/2011\/12\/Monitoring-grupa-Ulcinj_MOGUL_Prodaja-Ulcinjske-Solane.jpg\",\"width\":\"1064\",\"height\":\"633\"},{\"@type\":\"WebPage\",\"@id\":\"https:\/\/www.visit-ulcinj.com\/blog\/2011\/12\/25\/monitoring-grupa-ulcinj-vlada-kriva-za-%e2%80%9eigre%e2%80%9c-oko-solane\/#webpage\",\"url\":\"https:\/\/www.visit-ulcinj.com\/blog\/2011\/12\/25\/monitoring-grupa-ulcinj-vlada-kriva-za-%e2%80%9eigre%e2%80%9c-oko-solane\/\",\"name\":\"Monitoring grupa Ulcinj: Vlada kriva za \u201eigre\u201c oko Solane - Lajme nga Ulqini\",\"isPartOf\":{\"@id\":\"https:\/\/www.visit-ulcinj.com\/blog\/#website\"},\"primaryImageOfPage\":{\"@id\":\"https:\/\/www.visit-ulcinj.com\/blog\/2011\/12\/25\/monitoring-grupa-ulcinj-vlada-kriva-za-%e2%80%9eigre%e2%80%9c-oko-solane\/#primaryimage\"},\"datePublished\":\"2011-12-25T17:42:22+00:00\",\"dateModified\":\"2011-12-25T17:42:22+00:00\",\"author\":{\"@id\":\"https:\/\/www.visit-ulcinj.com\/blog\/#\/schema\/person\/dcab619c614d3038751c63bc2aadc06d\"},\"description\":\"Monitoring grupa Ulcinj (Mogul) optu\u017eila je\u00a0Vladu da je glavni krivac za, kako navodi, najnovije igre oko Solane, saop\u0161teno je Portalu Anlitika iz ove\",\"breadcrumb\":{\"@id\":\"https:\/\/www.visit-ulcinj.com\/blog\/2011\/12\/25\/monitoring-grupa-ulcinj-vlada-kriva-za-%e2%80%9eigre%e2%80%9c-oko-solane\/#breadcrumb\"},\"inLanguage\":\"en-US\",\"potentialAction\":[{\"@type\":\"ReadAction\",\"target\":[\"https:\/\/www.visit-ulcinj.com\/blog\/2011\/12\/25\/monitoring-grupa-ulcinj-vlada-kriva-za-%e2%80%9eigre%e2%80%9c-oko-solane\/\"]}]},{\"@type\":\"BreadcrumbList\",\"@id\":\"https:\/\/www.visit-ulcinj.com\/blog\/2011\/12\/25\/monitoring-grupa-ulcinj-vlada-kriva-za-%e2%80%9eigre%e2%80%9c-oko-solane\/#breadcrumb\",\"itemListElement\":[{\"@type\":\"ListItem\",\"position\":1,\"name\":\"Monitoring grupa Ulcinj: Vlada kriva za \u201eigre\u201c oko Solane\"}]},{\"@type\":\"Person\",\"@id\":\"https:\/\/www.visit-ulcinj.com\/blog\/#\/schema\/person\/dcab619c614d3038751c63bc2aadc06d\",\"name\":\"ulqini\",\"sameAs\":[\"http:\/\/www.visit-ulcinj.com\"],\"url\":\"https:\/\/www.visit-ulcinj.com\/blog\/author\/admin\/\"}]}<\/script>\n<!-- \/ Yoast SEO plugin. -->","yoast_head_json":{"title":"Monitoring grupa Ulcinj: Vlada kriva za \u201eigre\u201c oko Solane - Lajme nga Ulqini","description":"Monitoring grupa Ulcinj (Mogul) optu\u017eila je\u00a0Vladu da je glavni krivac za, kako navodi, najnovije igre oko Solane, saop\u0161teno je Portalu Anlitika iz ove","robots":{"index":"index","follow":"follow","max-snippet":"max-snippet:-1","max-image-preview":"max-image-preview:large","max-video-preview":"max-video-preview:-1"},"canonical":"https:\/\/www.visit-ulcinj.com\/blog\/2011\/12\/25\/monitoring-grupa-ulcinj-vlada-kriva-za-\u201eigre\u201c-oko-solane\/","og_locale":"en_US","og_type":"article","og_title":"Monitoring grupa Ulcinj: Vlada kriva za \u201eigre\u201c oko Solane - Lajme nga Ulqini","og_description":"Monitoring grupa Ulcinj (Mogul) optu\u017eila je\u00a0Vladu da je glavni krivac za, kako navodi, najnovije igre oko Solane, saop\u0161teno je Portalu Anlitika iz ove","og_url":"https:\/\/www.visit-ulcinj.com\/blog\/2011\/12\/25\/monitoring-grupa-ulcinj-vlada-kriva-za-\u201eigre\u201c-oko-solane\/","og_site_name":"Lajme nga Ulqini","article_published_time":"2011-12-25T17:42:22+00:00","og_image":[{"url":"http:\/\/www.visit-ulcinj.com\/blog\/wp-content\/uploads\/2011\/12\/Monitoring-grupa-Ulcinj_MOGUL_Prodaja-Ulcinjske-Solane.jpg"}],"twitter_misc":{"Written by":"ulqini","Est. reading time":"2 minutes"},"schema":{"@context":"https:\/\/schema.org","@graph":[{"@type":"WebSite","@id":"https:\/\/www.visit-ulcinj.com\/blog\/#website","url":"https:\/\/www.visit-ulcinj.com\/blog\/","name":"Lajme nga Ulqini","description":"Lajme,Vijesti,Ulqini,Ulqin,Crna Gora,Mali i Zi","potentialAction":[{"@type":"SearchAction","target":{"@type":"EntryPoint","urlTemplate":"https:\/\/www.visit-ulcinj.com\/blog\/?s={search_term_string}"},"query-input":"required name=search_term_string"}],"inLanguage":"en-US"},{"@type":"ImageObject","inLanguage":"en-US","@id":"https:\/\/www.visit-ulcinj.com\/blog\/2011\/12\/25\/monitoring-grupa-ulcinj-vlada-kriva-za-%e2%80%9eigre%e2%80%9c-oko-solane\/#primaryimage","url":"https:\/\/www.visit-ulcinj.com\/blog\/wp-content\/uploads\/2011\/12\/Monitoring-grupa-Ulcinj_MOGUL_Prodaja-Ulcinjske-Solane.jpg","contentUrl":"https:\/\/www.visit-ulcinj.com\/blog\/wp-content\/uploads\/2011\/12\/Monitoring-grupa-Ulcinj_MOGUL_Prodaja-Ulcinjske-Solane.jpg","width":"1064","height":"633"},{"@type":"WebPage","@id":"https:\/\/www.visit-ulcinj.com\/blog\/2011\/12\/25\/monitoring-grupa-ulcinj-vlada-kriva-za-%e2%80%9eigre%e2%80%9c-oko-solane\/#webpage","url":"https:\/\/www.visit-ulcinj.com\/blog\/2011\/12\/25\/monitoring-grupa-ulcinj-vlada-kriva-za-%e2%80%9eigre%e2%80%9c-oko-solane\/","name":"Monitoring grupa Ulcinj: Vlada kriva za \u201eigre\u201c oko Solane - Lajme nga Ulqini","isPartOf":{"@id":"https:\/\/www.visit-ulcinj.com\/blog\/#website"},"primaryImageOfPage":{"@id":"https:\/\/www.visit-ulcinj.com\/blog\/2011\/12\/25\/monitoring-grupa-ulcinj-vlada-kriva-za-%e2%80%9eigre%e2%80%9c-oko-solane\/#primaryimage"},"datePublished":"2011-12-25T17:42:22+00:00","dateModified":"2011-12-25T17:42:22+00:00","author":{"@id":"https:\/\/www.visit-ulcinj.com\/blog\/#\/schema\/person\/dcab619c614d3038751c63bc2aadc06d"},"description":"Monitoring grupa Ulcinj (Mogul) optu\u017eila je\u00a0Vladu da je glavni krivac za, kako navodi, najnovije igre oko Solane, saop\u0161teno je Portalu Anlitika iz ove","breadcrumb":{"@id":"https:\/\/www.visit-ulcinj.com\/blog\/2011\/12\/25\/monitoring-grupa-ulcinj-vlada-kriva-za-%e2%80%9eigre%e2%80%9c-oko-solane\/#breadcrumb"},"inLanguage":"en-US","potentialAction":[{"@type":"ReadAction","target":["https:\/\/www.visit-ulcinj.com\/blog\/2011\/12\/25\/monitoring-grupa-ulcinj-vlada-kriva-za-%e2%80%9eigre%e2%80%9c-oko-solane\/"]}]},{"@type":"BreadcrumbList","@id":"https:\/\/www.visit-ulcinj.com\/blog\/2011\/12\/25\/monitoring-grupa-ulcinj-vlada-kriva-za-%e2%80%9eigre%e2%80%9c-oko-solane\/#breadcrumb","itemListElement":[{"@type":"ListItem","position":1,"name":"Monitoring grupa Ulcinj: Vlada kriva za \u201eigre\u201c oko Solane"}]},{"@type":"Person","@id":"https:\/\/www.visit-ulcinj.com\/blog\/#\/schema\/person\/dcab619c614d3038751c63bc2aadc06d","name":"ulqini","sameAs":["http:\/\/www.visit-ulcinj.com"],"url":"https:\/\/www.visit-ulcinj.com\/blog\/author\/admin\/"}]}},"jetpack_featured_media_url":"","jetpack_sharing_enabled":true,"jetpack_shortlink":"https:\/\/wp.me\/pe6lTn-ehC","_links":{"self":[{"href":"https:\/\/www.visit-ulcinj.com\/blog\/wp-json\/wp\/v2\/posts\/54908"}],"collection":[{"href":"https:\/\/www.visit-ulcinj.com\/blog\/wp-json\/wp\/v2\/posts"}],"about":[{"href":"https:\/\/www.visit-ulcinj.com\/blog\/wp-json\/wp\/v2\/types\/post"}],"author":[{"embeddable":true,"href":"https:\/\/www.visit-ulcinj.com\/blog\/wp-json\/wp\/v2\/users\/1"}],"replies":[{"embeddable":true,"href":"https:\/\/www.visit-ulcinj.com\/blog\/wp-json\/wp\/v2\/comments?post=54908"}],"version-history":[{"count":1,"href":"https:\/\/www.visit-ulcinj.com\/blog\/wp-json\/wp\/v2\/posts\/54908\/revisions"}],"predecessor-version":[{"id":54911,"href":"https:\/\/www.visit-ulcinj.com\/blog\/wp-json\/wp\/v2\/posts\/54908\/revisions\/54911"}],"wp:attachment":[{"href":"https:\/\/www.visit-ulcinj.com\/blog\/wp-json\/wp\/v2\/media?parent=54908"}],"wp:term":[{"taxonomy":"category","embeddable":true,"href":"https:\/\/www.visit-ulcinj.com\/blog\/wp-json\/wp\/v2\/categories?post=54908"},{"taxonomy":"post_tag","embeddable":true,"href":"https:\/\/www.visit-ulcinj.com\/blog\/wp-json\/wp\/v2\/tags?post=54908"}],"curies":[{"name":"wp","href":"https:\/\/api.w.org\/{rel}","templated":true}]}}