{"id":5491,"date":"2008-11-05T15:47:22","date_gmt":"2008-11-05T20:47:22","guid":{"rendered":"http:\/\/www.visit-ulcinj.com\/blog\/?p=5491"},"modified":"2008-11-05T16:28:59","modified_gmt":"2008-11-05T21:28:59","slug":"yllka-gashi-martohet-me-albian-gagicen","status":"publish","type":"post","link":"https:\/\/www.visit-ulcinj.com\/blog\/2008\/11\/05\/yllka-gashi-martohet-me-albian-gagicen\/","title":{"rendered":"Yllka Gashi martohet me Albian Gagic\u00ebn"},"content":{"rendered":"<p><a href=\"http:\/\/www.visit-ulcinj.com\/blog\/wp-content\/uploads\/2008\/11\/yllka-gash_albian-gagicen.jpg\"><img loading=\"lazy\" class=\"alignleft size-medium wp-image-5501\" title=\"yllka-gash_albian-gagicen\" src=\"http:\/\/www.visit-ulcinj.com\/blog\/wp-content\/uploads\/2008\/11\/yllka-gash_albian-gagicen-217x300.jpg\" alt=\"\" width=\"217\" height=\"300\" srcset=\"https:\/\/www.visit-ulcinj.com\/blog\/wp-content\/uploads\/2008\/11\/yllka-gash_albian-gagicen-217x300.jpg 217w, https:\/\/www.visit-ulcinj.com\/blog\/wp-content\/uploads\/2008\/11\/yllka-gash_albian-gagicen.jpg 367w\" sizes=\"(max-width: 217px) 100vw, 217px\" \/><\/a>Aktorja Yllka Gashi gjat\u00eb dit\u00ebs s\u00eb premte pret q\u00eb ta realizoj\u00eb ceremonin\u00eb e dasm\u00ebs s\u00eb saj. Ajo, vikendin e kaluar ka p\u00ebrfunduar \u2018kanagjeqin\u2019 e saj, nd\u00ebrkaq t\u00eb premten Yllka pret q\u00eb t\u00eb b\u00ebhet nuse.<br \/>\nPushimin e saj veror Gashi e ka kaluar me t\u00eb dashurin e saj n\u00eb Spanj\u00eb, emrin e t\u00eb cilit asnj\u00ebher\u00eb nuk ka preferuar ta b\u00ebj\u00eb publik, ani pse dihet se ajo ka shum\u00eb vite q\u00eb \u00ebsht\u00eb n\u00eb lidhje me k\u00ebt\u00eb person. \u201cNuk preferoj t\u00eb jap detaje t\u00eb jet\u00ebs sime private. Nuk m\u00eb p\u00eblqen t\u2019i b\u00ebj publike sepse i konsideroj shum\u00eb intime&#8230;\u201d, \u00ebsht\u00eb shprehur Yllka zakonisht p\u00ebr media.<br \/>\nGashi \u00ebsht\u00eb nj\u00eb aktore e talentuar q\u00eb me role t\u00eb ndryshme ka z\u00ebne vend t\u00eb merituar n\u00eb plejad\u00ebn e artist\u00ebve shqiptar\u00eb. Ajo ka diplomuar n\u00eb vitin 2004, derisa n\u00eb sken\u00ebn kosovare gjendet q\u00eb nga mosha 17 vje\u00e7are. P\u00ebrve\u00e7 k\u00ebsaj ajo n\u00eb festivalin e akademive bot\u00ebrore &#8220;Setkani-Encounter&#8221; n\u00eb Brno t\u00eb \u00c7ekis\u00eb, mori shp\u00ebrblimin &#8220;Marta 2004&#8221; p\u00ebr aktoren m\u00eb t\u00eb mir\u00eb me rolin e vajz\u00ebs n\u00eb tragjedin\u00eb pa text &#8220;Babai&#8221; t\u00eb autores Zana Hoxha.<br \/>\n26 vje\u00e7arja Yllka Gashi, p\u00ebrve\u00e7 q\u00eb \u00ebsht\u00eb e angazhuar akoma n\u00eb serialin \u201cFamilja Moderne\u201d, n\u00eb rolin e Zan\u00ebs, serial q\u00eb vazhdon t\u00eb shfaqet q\u00eb shtat\u00eb vite n\u00eb RTK, koh\u00ebt e fundit ajo ka n\u00ebnshkruar kontrat\u00eb me kompanin\u00eb \u201cDukagjini\u201d, n\u00eb m\u00ebnyr\u00eb q\u00eb t\u00eb jet\u00eb imazh zyrtar i k\u00ebsaj kompanie.<br \/>\n<strong>Burimi \/ InfoPress<\/strong><\/p>\n\n\t\t<style type=\"text\/css\">\n\t\t\t#gallery-1 {\n\t\t\t\tmargin: auto;\n\t\t\t}\n\t\t\t#gallery-1 .gallery-item {\n\t\t\t\tfloat: left;\n\t\t\t\tmargin-top: 10px;\n\t\t\t\ttext-align: center;\n\t\t\t\twidth: 33%;\n\t\t\t}\n\t\t\t#gallery-1 img {\n\t\t\t\tborder: 2px solid #cfcfcf;\n\t\t\t}\n\t\t\t#gallery-1 .gallery-caption {\n\t\t\t\tmargin-left: 0;\n\t\t\t}\n\t\t\t\/* see gallery_shortcode() in wp-includes\/media.php *\/\n\t\t<\/style>\n\t\t<div id='gallery-1' class='gallery galleryid-5491 gallery-columns-3 gallery-size-thumbnail'><dl class='gallery-item'>\n\t\t\t<dt class='gallery-icon portrait'>\n\t\t\t\t<a href='https:\/\/www.visit-ulcinj.com\/blog\/2008\/11\/05\/yllka-gashi-martohet-me-albian-gagicen\/yllka_gashi\/'><img width=\"150\" height=\"150\" src=\"https:\/\/www.visit-ulcinj.com\/blog\/wp-content\/uploads\/2008\/11\/yllka_gashi-150x150.jpg\" class=\"attachment-thumbnail size-thumbnail\" alt=\"\" loading=\"lazy\" \/><\/a>\n\t\t\t<\/dt><\/dl><dl class='gallery-item'>\n\t\t\t<dt class='gallery-icon portrait'>\n\t\t\t\t<a href='https:\/\/www.visit-ulcinj.com\/blog\/2008\/11\/05\/yllka-gashi-martohet-me-albian-gagicen\/yllka-gashi\/'><img width=\"150\" height=\"150\" src=\"https:\/\/www.visit-ulcinj.com\/blog\/wp-content\/uploads\/2008\/11\/yllka-gashi-150x150.jpg\" class=\"attachment-thumbnail size-thumbnail\" alt=\"\" loading=\"lazy\" \/><\/a>\n\t\t\t<\/dt><\/dl><dl class='gallery-item'>\n\t\t\t<dt class='gallery-icon portrait'>\n\t\t\t\t<a href='https:\/\/www.visit-ulcinj.com\/blog\/2008\/11\/05\/yllka-gashi-martohet-me-albian-gagicen\/yllka-gash_albian-gagicen\/'><img width=\"150\" height=\"150\" src=\"https:\/\/www.visit-ulcinj.com\/blog\/wp-content\/uploads\/2008\/11\/yllka-gash_albian-gagicen-150x150.jpg\" class=\"attachment-thumbnail size-thumbnail\" alt=\"\" loading=\"lazy\" \/><\/a>\n\t\t\t<\/dt><\/dl><br style=\"clear: both\" \/>\n\t\t<\/div>\n\n<!--YouTube Error: bad URL entered-->\n","protected":false},"excerpt":{"rendered":"<p>Aktorja Yllka Gashi gjat\u00eb dit\u00ebs s\u00eb premte pret q\u00eb ta realizoj\u00eb ceremonin\u00eb e dasm\u00ebs s\u00eb saj. Ajo, vikendin e kaluar ka p\u00ebrfunduar \u2018kanagjeqin\u2019 e saj, nd\u00ebrkaq t\u00eb premten Yllka pret q\u00eb t\u00eb b\u00ebhet nuse. Pushimin e saj veror Gashi e ka kaluar me t\u00eb dashurin e saj n\u00eb Spanj\u00eb, emrin e t\u00eb cilit asnj\u00ebher\u00eb nuk [&hellip;]<\/p>\n","protected":false},"author":1,"featured_media":0,"comment_status":"open","ping_status":"closed","sticky":false,"template":"","format":"standard","meta":{"spay_email":"","jetpack_publicize_message":"","jetpack_is_tweetstorm":false,"jetpack_publicize_feature_enabled":true},"categories":[1],"tags":[4928,4927],"jetpack_publicize_connections":[],"yoast_head":"<!-- This site is optimized with the Yoast SEO plugin v19.1 - https:\/\/yoast.com\/wordpress\/plugins\/seo\/ -->\n<title>Yllka Gashi martohet me Albian Gagic\u00ebn - Lajme nga Ulqini<\/title>\n<meta name=\"description\" content=\"Aktorja Yllka Gashi gjat\u00eb dit\u00ebs s\u00eb premte pret q\u00eb ta realizoj\u00eb ceremonin\u00eb e dasm\u00ebs s\u00eb saj. Ajo, vikendin e kaluar ka p\u00ebrfunduar \u2018kanagjeqin\u2019 e saj,\" \/>\n<meta name=\"robots\" content=\"index, follow, max-snippet:-1, max-image-preview:large, max-video-preview:-1\" \/>\n<link rel=\"canonical\" href=\"https:\/\/www.visit-ulcinj.com\/blog\/2008\/11\/05\/yllka-gashi-martohet-me-albian-gagicen\/\" \/>\n<meta property=\"og:locale\" content=\"en_US\" \/>\n<meta property=\"og:type\" content=\"article\" \/>\n<meta property=\"og:title\" content=\"Yllka Gashi martohet me Albian Gagic\u00ebn - Lajme nga Ulqini\" \/>\n<meta property=\"og:description\" content=\"Aktorja Yllka Gashi gjat\u00eb dit\u00ebs s\u00eb premte pret q\u00eb ta realizoj\u00eb ceremonin\u00eb e dasm\u00ebs s\u00eb saj. Ajo, vikendin e kaluar ka p\u00ebrfunduar \u2018kanagjeqin\u2019 e saj,\" \/>\n<meta property=\"og:url\" content=\"https:\/\/www.visit-ulcinj.com\/blog\/2008\/11\/05\/yllka-gashi-martohet-me-albian-gagicen\/\" \/>\n<meta property=\"og:site_name\" content=\"Lajme nga Ulqini\" \/>\n<meta property=\"article:published_time\" content=\"2008-11-05T20:47:22+00:00\" \/>\n<meta property=\"article:modified_time\" content=\"2008-11-05T21:28:59+00:00\" \/>\n<meta property=\"og:image\" content=\"https:\/\/www.visit-ulcinj.com\/blog\/wp-content\/uploads\/2008\/11\/yllka_gashi-150x150.jpg\" \/>\n<meta name=\"twitter:label1\" content=\"Written by\" \/>\n\t<meta name=\"twitter:data1\" content=\"ulqini\" \/>\n\t<meta name=\"twitter:label2\" content=\"Est. reading time\" \/>\n\t<meta name=\"twitter:data2\" content=\"1 minute\" \/>\n<script type=\"application\/ld+json\" class=\"yoast-schema-graph\">{\"@context\":\"https:\/\/schema.org\",\"@graph\":[{\"@type\":\"WebSite\",\"@id\":\"https:\/\/www.visit-ulcinj.com\/blog\/#website\",\"url\":\"https:\/\/www.visit-ulcinj.com\/blog\/\",\"name\":\"Lajme nga Ulqini\",\"description\":\"Lajme,Vijesti,Ulqini,Ulqin,Crna Gora,Mali i Zi\",\"potentialAction\":[{\"@type\":\"SearchAction\",\"target\":{\"@type\":\"EntryPoint\",\"urlTemplate\":\"https:\/\/www.visit-ulcinj.com\/blog\/?s={search_term_string}\"},\"query-input\":\"required name=search_term_string\"}],\"inLanguage\":\"en-US\"},{\"@type\":\"ImageObject\",\"inLanguage\":\"en-US\",\"@id\":\"https:\/\/www.visit-ulcinj.com\/blog\/2008\/11\/05\/yllka-gashi-martohet-me-albian-gagicen\/#primaryimage\",\"url\":\"http:\/\/www.visit-ulcinj.com\/blog\/wp-content\/uploads\/2008\/11\/yllka-gash_albian-gagicen-217x300.jpg\",\"contentUrl\":\"http:\/\/www.visit-ulcinj.com\/blog\/wp-content\/uploads\/2008\/11\/yllka-gash_albian-gagicen-217x300.jpg\"},{\"@type\":\"WebPage\",\"@id\":\"https:\/\/www.visit-ulcinj.com\/blog\/2008\/11\/05\/yllka-gashi-martohet-me-albian-gagicen\/#webpage\",\"url\":\"https:\/\/www.visit-ulcinj.com\/blog\/2008\/11\/05\/yllka-gashi-martohet-me-albian-gagicen\/\",\"name\":\"Yllka Gashi martohet me Albian Gagic\u00ebn - Lajme nga Ulqini\",\"isPartOf\":{\"@id\":\"https:\/\/www.visit-ulcinj.com\/blog\/#website\"},\"primaryImageOfPage\":{\"@id\":\"https:\/\/www.visit-ulcinj.com\/blog\/2008\/11\/05\/yllka-gashi-martohet-me-albian-gagicen\/#primaryimage\"},\"datePublished\":\"2008-11-05T20:47:22+00:00\",\"dateModified\":\"2008-11-05T21:28:59+00:00\",\"author\":{\"@id\":\"https:\/\/www.visit-ulcinj.com\/blog\/#\/schema\/person\/dcab619c614d3038751c63bc2aadc06d\"},\"description\":\"Aktorja Yllka Gashi gjat\u00eb dit\u00ebs s\u00eb premte pret q\u00eb ta realizoj\u00eb ceremonin\u00eb e dasm\u00ebs s\u00eb saj. Ajo, vikendin e kaluar ka p\u00ebrfunduar \u2018kanagjeqin\u2019 e saj,\",\"breadcrumb\":{\"@id\":\"https:\/\/www.visit-ulcinj.com\/blog\/2008\/11\/05\/yllka-gashi-martohet-me-albian-gagicen\/#breadcrumb\"},\"inLanguage\":\"en-US\",\"potentialAction\":[{\"@type\":\"ReadAction\",\"target\":[\"https:\/\/www.visit-ulcinj.com\/blog\/2008\/11\/05\/yllka-gashi-martohet-me-albian-gagicen\/\"]}]},{\"@type\":\"BreadcrumbList\",\"@id\":\"https:\/\/www.visit-ulcinj.com\/blog\/2008\/11\/05\/yllka-gashi-martohet-me-albian-gagicen\/#breadcrumb\",\"itemListElement\":[{\"@type\":\"ListItem\",\"position\":1,\"name\":\"Yllka Gashi martohet me Albian Gagic\u00ebn\"}]},{\"@type\":\"Person\",\"@id\":\"https:\/\/www.visit-ulcinj.com\/blog\/#\/schema\/person\/dcab619c614d3038751c63bc2aadc06d\",\"name\":\"ulqini\",\"sameAs\":[\"http:\/\/www.visit-ulcinj.com\"],\"url\":\"https:\/\/www.visit-ulcinj.com\/blog\/author\/admin\/\"}]}<\/script>\n<!-- \/ Yoast SEO plugin. -->","yoast_head_json":{"title":"Yllka Gashi martohet me Albian Gagic\u00ebn - Lajme nga Ulqini","description":"Aktorja Yllka Gashi gjat\u00eb dit\u00ebs s\u00eb premte pret q\u00eb ta realizoj\u00eb ceremonin\u00eb e dasm\u00ebs s\u00eb saj. Ajo, vikendin e kaluar ka p\u00ebrfunduar \u2018kanagjeqin\u2019 e saj,","robots":{"index":"index","follow":"follow","max-snippet":"max-snippet:-1","max-image-preview":"max-image-preview:large","max-video-preview":"max-video-preview:-1"},"canonical":"https:\/\/www.visit-ulcinj.com\/blog\/2008\/11\/05\/yllka-gashi-martohet-me-albian-gagicen\/","og_locale":"en_US","og_type":"article","og_title":"Yllka Gashi martohet me Albian Gagic\u00ebn - Lajme nga Ulqini","og_description":"Aktorja Yllka Gashi gjat\u00eb dit\u00ebs s\u00eb premte pret q\u00eb ta realizoj\u00eb ceremonin\u00eb e dasm\u00ebs s\u00eb saj. Ajo, vikendin e kaluar ka p\u00ebrfunduar \u2018kanagjeqin\u2019 e saj,","og_url":"https:\/\/www.visit-ulcinj.com\/blog\/2008\/11\/05\/yllka-gashi-martohet-me-albian-gagicen\/","og_site_name":"Lajme nga Ulqini","article_published_time":"2008-11-05T20:47:22+00:00","article_modified_time":"2008-11-05T21:28:59+00:00","og_image":[{"url":"https:\/\/www.visit-ulcinj.com\/blog\/wp-content\/uploads\/2008\/11\/yllka_gashi-150x150.jpg"}],"twitter_misc":{"Written by":"ulqini","Est. reading time":"1 minute"},"schema":{"@context":"https:\/\/schema.org","@graph":[{"@type":"WebSite","@id":"https:\/\/www.visit-ulcinj.com\/blog\/#website","url":"https:\/\/www.visit-ulcinj.com\/blog\/","name":"Lajme nga Ulqini","description":"Lajme,Vijesti,Ulqini,Ulqin,Crna Gora,Mali i Zi","potentialAction":[{"@type":"SearchAction","target":{"@type":"EntryPoint","urlTemplate":"https:\/\/www.visit-ulcinj.com\/blog\/?s={search_term_string}"},"query-input":"required name=search_term_string"}],"inLanguage":"en-US"},{"@type":"ImageObject","inLanguage":"en-US","@id":"https:\/\/www.visit-ulcinj.com\/blog\/2008\/11\/05\/yllka-gashi-martohet-me-albian-gagicen\/#primaryimage","url":"http:\/\/www.visit-ulcinj.com\/blog\/wp-content\/uploads\/2008\/11\/yllka-gash_albian-gagicen-217x300.jpg","contentUrl":"http:\/\/www.visit-ulcinj.com\/blog\/wp-content\/uploads\/2008\/11\/yllka-gash_albian-gagicen-217x300.jpg"},{"@type":"WebPage","@id":"https:\/\/www.visit-ulcinj.com\/blog\/2008\/11\/05\/yllka-gashi-martohet-me-albian-gagicen\/#webpage","url":"https:\/\/www.visit-ulcinj.com\/blog\/2008\/11\/05\/yllka-gashi-martohet-me-albian-gagicen\/","name":"Yllka Gashi martohet me Albian Gagic\u00ebn - Lajme nga Ulqini","isPartOf":{"@id":"https:\/\/www.visit-ulcinj.com\/blog\/#website"},"primaryImageOfPage":{"@id":"https:\/\/www.visit-ulcinj.com\/blog\/2008\/11\/05\/yllka-gashi-martohet-me-albian-gagicen\/#primaryimage"},"datePublished":"2008-11-05T20:47:22+00:00","dateModified":"2008-11-05T21:28:59+00:00","author":{"@id":"https:\/\/www.visit-ulcinj.com\/blog\/#\/schema\/person\/dcab619c614d3038751c63bc2aadc06d"},"description":"Aktorja Yllka Gashi gjat\u00eb dit\u00ebs s\u00eb premte pret q\u00eb ta realizoj\u00eb ceremonin\u00eb e dasm\u00ebs s\u00eb saj. Ajo, vikendin e kaluar ka p\u00ebrfunduar \u2018kanagjeqin\u2019 e saj,","breadcrumb":{"@id":"https:\/\/www.visit-ulcinj.com\/blog\/2008\/11\/05\/yllka-gashi-martohet-me-albian-gagicen\/#breadcrumb"},"inLanguage":"en-US","potentialAction":[{"@type":"ReadAction","target":["https:\/\/www.visit-ulcinj.com\/blog\/2008\/11\/05\/yllka-gashi-martohet-me-albian-gagicen\/"]}]},{"@type":"BreadcrumbList","@id":"https:\/\/www.visit-ulcinj.com\/blog\/2008\/11\/05\/yllka-gashi-martohet-me-albian-gagicen\/#breadcrumb","itemListElement":[{"@type":"ListItem","position":1,"name":"Yllka Gashi martohet me Albian Gagic\u00ebn"}]},{"@type":"Person","@id":"https:\/\/www.visit-ulcinj.com\/blog\/#\/schema\/person\/dcab619c614d3038751c63bc2aadc06d","name":"ulqini","sameAs":["http:\/\/www.visit-ulcinj.com"],"url":"https:\/\/www.visit-ulcinj.com\/blog\/author\/admin\/"}]}},"jetpack_featured_media_url":"","jetpack_sharing_enabled":true,"jetpack_shortlink":"https:\/\/wp.me\/pe6lTn-1qz","_links":{"self":[{"href":"https:\/\/www.visit-ulcinj.com\/blog\/wp-json\/wp\/v2\/posts\/5491"}],"collection":[{"href":"https:\/\/www.visit-ulcinj.com\/blog\/wp-json\/wp\/v2\/posts"}],"about":[{"href":"https:\/\/www.visit-ulcinj.com\/blog\/wp-json\/wp\/v2\/types\/post"}],"author":[{"embeddable":true,"href":"https:\/\/www.visit-ulcinj.com\/blog\/wp-json\/wp\/v2\/users\/1"}],"replies":[{"embeddable":true,"href":"https:\/\/www.visit-ulcinj.com\/blog\/wp-json\/wp\/v2\/comments?post=5491"}],"version-history":[{"count":0,"href":"https:\/\/www.visit-ulcinj.com\/blog\/wp-json\/wp\/v2\/posts\/5491\/revisions"}],"wp:attachment":[{"href":"https:\/\/www.visit-ulcinj.com\/blog\/wp-json\/wp\/v2\/media?parent=5491"}],"wp:term":[{"taxonomy":"category","embeddable":true,"href":"https:\/\/www.visit-ulcinj.com\/blog\/wp-json\/wp\/v2\/categories?post=5491"},{"taxonomy":"post_tag","embeddable":true,"href":"https:\/\/www.visit-ulcinj.com\/blog\/wp-json\/wp\/v2\/tags?post=5491"}],"curies":[{"name":"wp","href":"https:\/\/api.w.org\/{rel}","templated":true}]}}