{"id":550,"date":"2008-02-17T12:40:49","date_gmt":"2008-02-17T17:40:49","guid":{"rendered":"http:\/\/www.visit-ulcinj.com\/blog\/2008\/02\/17\/ljuid-skreljaklima-glavom-i-pravi-kvorume\/"},"modified":"2008-02-17T12:44:24","modified_gmt":"2008-02-17T17:44:24","slug":"ljuid-skreljaklima-glavom-i-pravi-kvorume","status":"publish","type":"post","link":"https:\/\/www.visit-ulcinj.com\/blog\/2008\/02\/17\/ljuid-skreljaklima-glavom-i-pravi-kvorume\/","title":{"rendered":"Ljui? \u0160krelja:Klima glavom i pravi kvorume"},"content":{"rendered":"<p><strong><a rel=\"attachment wp-att-551\" href=\"http:\/\/www.visit-ulcinj.com\/blog\/2008\/02\/17\/ljuid-skreljaklima-glavom-i-pravi-kvorume\/ljuid-skrelja_poslanik-dps\/\" title=\"Ljui? \u0160krelja_poslanik DPS\"><\/a><a rel=\"lightbox[pics-1203269411]\" href=\"http:\/\/www.visit-ulcinj.com\/blog\/wp-content\/uploads\/2008\/02\/ljuid-skrelja_poslanik-dps-2.jpg\" title=\"Ljui? \u0160krelja_poslanik DPS\"><\/a><img loading=\"lazy\" border=\"0\" align=\"left\" width=\"175\" src=\"http:\/\/www.visit-ulcinj.com\/blog\/wp-content\/uploads\/2008\/02\/ljuid-skrelja_poslanik-dps-2.thumbnail.jpg\" alt=\"Ljui? \u0160krelja_poslanik DPS\" height=\"200\" \/>Klima glavom i pravi kvorume<\/strong><\/p>\n<p align=\"justify\">Podgorica &#8211; U radu crnogorske Skup\u0161tine vi\u0161e je aktivnog u?e\u0161?a imao na\u0161 poslanik Vaselj Sini\u0161taj za godinu i po, nego poslanik DPS-a Ljui? \u0160krelja koji deset godina tamo pravi karijeru mirno sjede?i i prave?i kvorum &#8211; saop\u0161tila je ju?e Albanska alternativa.<br \/>\n\u0160krelja je prekju?e optu\u017eio Sini\u0161taja i poslanika DS-a Mehmeta Bardhija da time \u0161to ih nije bilo u Skup\u0161tini kad se glasalo o formiranju Fonda za manjine pokazuju da im nije stalo do pobolj\u0161anja pozicije onih koje predstavljaju, ve? samo do li?nih karijera.<br \/>\nIz AA su \u0160kreljine ocjene okarakterisali kao neutemeljene i kao &#8220;nisko politikanstvo u jeku predizborne kampanje&#8221;.<br \/>\n&#8211; On naziva karijeristima nas koji smo u politi?kom \u017eivotu nepune dvije godine, a on sjedi i klima glavom po nalozima kartela i ratnih profitera ve? deset godina. Pri tome zaboravlja da je karijerizam ono \u0161to on radi: mirno sjedjenje i pravljenje kvoruma &#8211; stoji u reagovanju AA dostavljenom &#8220;Vijestima&#8221;.<br \/>\nOni navode da se osnivanje Fonda za manjine pokrenuo upravo njihov poslanik, te da on ne bi ni za\u017eivio bez te inicijative.<br \/>\n&#8211; Umjesto da se bavi pitanjima o tome ho?e li njihov predsjedni?ki kandidat ne\u0161to u?initi da skine crkvu sa Rumije, vrati nacionalizovano zemlji\u0161te u Ulcinju i Malesiji, ubrza su?enje za &#8220;Orlov let&#8221; kako zakon nala\u017ee, pokrene postupak za odgovorne za torturu nad na\u0161im sunarodnicima i jo\u0161 mnogo toga, poslanik \u0160krelja je krenuo u kampanju zbog svog predsjedni?kog kandidata na neprimjeren na?in napadaju?i na\u0161eg poslanika &#8211; ocjenjuju u AA.<br \/>\nU reagovanju se dodaje da se &#8220;Orlovim letom&#8221; vi\u0161e bave evropske institucije nego \u0160krelja, koji &#8220;tvrdi da predstavlja Albance u Crnoj Gori, a to najbolje pokazuje njegovo podani?ko pona\u0161anje u slu\u017ebi re\u017eima&#8221;.<\/p>\n<p><font size=\"2\" face=\"Arial\">N.R<\/font><font size=\"2\" face=\"Arial\">www.vijesti.cg.yu<\/font><\/p>\n","protected":false},"excerpt":{"rendered":"<p><img loading=\"lazy\" border=\"0\" align=\"left\" width=\"140\" src=\"http:\/\/www.visit-ulcinj.com\/blog\/wp-content\/uploads\/2008\/02\/ljuid-skrelja_poslanik-dps-2.thumbnail.jpg\" alt=\"Ljui? \u0160krelja_poslanik DPS\" height=\"140\"\/><\/p>\n","protected":false},"author":1,"featured_media":0,"comment_status":"open","ping_status":"closed","sticky":false,"template":"","format":"standard","meta":{"spay_email":"","jetpack_publicize_message":"","jetpack_is_tweetstorm":false,"jetpack_publicize_feature_enabled":true},"categories":[6],"tags":[1582,1520,1570,1575,1515,1434,1572,941,347,92,1580,1568],"jetpack_publicize_connections":[],"yoast_head":"<!-- This site is optimized with the Yoast SEO plugin v19.1 - https:\/\/yoast.com\/wordpress\/plugins\/seo\/ -->\n<title>Ljui? \u0160krelja:Klima glavom i pravi kvorume - Lajme nga Ulqini<\/title>\n<meta name=\"robots\" content=\"index, follow, max-snippet:-1, max-image-preview:large, max-video-preview:-1\" \/>\n<link rel=\"canonical\" href=\"https:\/\/www.visit-ulcinj.com\/blog\/2008\/02\/17\/ljuid-skreljaklima-glavom-i-pravi-kvorume\/\" \/>\n<meta property=\"og:locale\" content=\"en_US\" \/>\n<meta property=\"og:type\" content=\"article\" \/>\n<meta property=\"og:title\" content=\"Ljui? \u0160krelja:Klima glavom i pravi kvorume - Lajme nga Ulqini\" \/>\n<meta property=\"og:url\" content=\"https:\/\/www.visit-ulcinj.com\/blog\/2008\/02\/17\/ljuid-skreljaklima-glavom-i-pravi-kvorume\/\" \/>\n<meta property=\"og:site_name\" content=\"Lajme nga Ulqini\" \/>\n<meta property=\"article:published_time\" content=\"2008-02-17T17:40:49+00:00\" \/>\n<meta property=\"article:modified_time\" content=\"2008-02-17T17:44:24+00:00\" \/>\n<meta property=\"og:image\" content=\"http:\/\/www.visit-ulcinj.com\/blog\/wp-content\/uploads\/2008\/02\/ljuid-skrelja_poslanik-dps-2.thumbnail.jpg\" \/>\n<meta name=\"twitter:label1\" content=\"Written by\" \/>\n\t<meta name=\"twitter:data1\" content=\"ulqini\" \/>\n\t<meta name=\"twitter:label2\" content=\"Est. reading time\" \/>\n\t<meta name=\"twitter:data2\" content=\"2 minutes\" \/>\n<script type=\"application\/ld+json\" class=\"yoast-schema-graph\">{\"@context\":\"https:\/\/schema.org\",\"@graph\":[{\"@type\":\"WebSite\",\"@id\":\"https:\/\/www.visit-ulcinj.com\/blog\/#website\",\"url\":\"https:\/\/www.visit-ulcinj.com\/blog\/\",\"name\":\"Lajme nga Ulqini\",\"description\":\"Lajme,Vijesti,Ulqini,Ulqin,Crna Gora,Mali i Zi\",\"potentialAction\":[{\"@type\":\"SearchAction\",\"target\":{\"@type\":\"EntryPoint\",\"urlTemplate\":\"https:\/\/www.visit-ulcinj.com\/blog\/?s={search_term_string}\"},\"query-input\":\"required name=search_term_string\"}],\"inLanguage\":\"en-US\"},{\"@type\":\"ImageObject\",\"inLanguage\":\"en-US\",\"@id\":\"https:\/\/www.visit-ulcinj.com\/blog\/2008\/02\/17\/ljuid-skreljaklima-glavom-i-pravi-kvorume\/#primaryimage\",\"url\":\"http:\/\/www.visit-ulcinj.com\/blog\/wp-content\/uploads\/2008\/02\/ljuid-skrelja_poslanik-dps-2.thumbnail.jpg\",\"contentUrl\":\"http:\/\/www.visit-ulcinj.com\/blog\/wp-content\/uploads\/2008\/02\/ljuid-skrelja_poslanik-dps-2.thumbnail.jpg\"},{\"@type\":\"WebPage\",\"@id\":\"https:\/\/www.visit-ulcinj.com\/blog\/2008\/02\/17\/ljuid-skreljaklima-glavom-i-pravi-kvorume\/#webpage\",\"url\":\"https:\/\/www.visit-ulcinj.com\/blog\/2008\/02\/17\/ljuid-skreljaklima-glavom-i-pravi-kvorume\/\",\"name\":\"Ljui? \u0160krelja:Klima glavom i pravi kvorume - Lajme nga Ulqini\",\"isPartOf\":{\"@id\":\"https:\/\/www.visit-ulcinj.com\/blog\/#website\"},\"primaryImageOfPage\":{\"@id\":\"https:\/\/www.visit-ulcinj.com\/blog\/2008\/02\/17\/ljuid-skreljaklima-glavom-i-pravi-kvorume\/#primaryimage\"},\"datePublished\":\"2008-02-17T17:40:49+00:00\",\"dateModified\":\"2008-02-17T17:44:24+00:00\",\"author\":{\"@id\":\"https:\/\/www.visit-ulcinj.com\/blog\/#\/schema\/person\/dcab619c614d3038751c63bc2aadc06d\"},\"breadcrumb\":{\"@id\":\"https:\/\/www.visit-ulcinj.com\/blog\/2008\/02\/17\/ljuid-skreljaklima-glavom-i-pravi-kvorume\/#breadcrumb\"},\"inLanguage\":\"en-US\",\"potentialAction\":[{\"@type\":\"ReadAction\",\"target\":[\"https:\/\/www.visit-ulcinj.com\/blog\/2008\/02\/17\/ljuid-skreljaklima-glavom-i-pravi-kvorume\/\"]}]},{\"@type\":\"BreadcrumbList\",\"@id\":\"https:\/\/www.visit-ulcinj.com\/blog\/2008\/02\/17\/ljuid-skreljaklima-glavom-i-pravi-kvorume\/#breadcrumb\",\"itemListElement\":[{\"@type\":\"ListItem\",\"position\":1,\"name\":\"Ljui? \u0160krelja:Klima glavom i pravi kvorume\"}]},{\"@type\":\"Person\",\"@id\":\"https:\/\/www.visit-ulcinj.com\/blog\/#\/schema\/person\/dcab619c614d3038751c63bc2aadc06d\",\"name\":\"ulqini\",\"sameAs\":[\"http:\/\/www.visit-ulcinj.com\"],\"url\":\"https:\/\/www.visit-ulcinj.com\/blog\/author\/admin\/\"}]}<\/script>\n<!-- \/ Yoast SEO plugin. -->","yoast_head_json":{"title":"Ljui? \u0160krelja:Klima glavom i pravi kvorume - Lajme nga Ulqini","robots":{"index":"index","follow":"follow","max-snippet":"max-snippet:-1","max-image-preview":"max-image-preview:large","max-video-preview":"max-video-preview:-1"},"canonical":"https:\/\/www.visit-ulcinj.com\/blog\/2008\/02\/17\/ljuid-skreljaklima-glavom-i-pravi-kvorume\/","og_locale":"en_US","og_type":"article","og_title":"Ljui? \u0160krelja:Klima glavom i pravi kvorume - Lajme nga Ulqini","og_url":"https:\/\/www.visit-ulcinj.com\/blog\/2008\/02\/17\/ljuid-skreljaklima-glavom-i-pravi-kvorume\/","og_site_name":"Lajme nga Ulqini","article_published_time":"2008-02-17T17:40:49+00:00","article_modified_time":"2008-02-17T17:44:24+00:00","og_image":[{"url":"http:\/\/www.visit-ulcinj.com\/blog\/wp-content\/uploads\/2008\/02\/ljuid-skrelja_poslanik-dps-2.thumbnail.jpg"}],"twitter_misc":{"Written by":"ulqini","Est. reading time":"2 minutes"},"schema":{"@context":"https:\/\/schema.org","@graph":[{"@type":"WebSite","@id":"https:\/\/www.visit-ulcinj.com\/blog\/#website","url":"https:\/\/www.visit-ulcinj.com\/blog\/","name":"Lajme nga Ulqini","description":"Lajme,Vijesti,Ulqini,Ulqin,Crna Gora,Mali i Zi","potentialAction":[{"@type":"SearchAction","target":{"@type":"EntryPoint","urlTemplate":"https:\/\/www.visit-ulcinj.com\/blog\/?s={search_term_string}"},"query-input":"required name=search_term_string"}],"inLanguage":"en-US"},{"@type":"ImageObject","inLanguage":"en-US","@id":"https:\/\/www.visit-ulcinj.com\/blog\/2008\/02\/17\/ljuid-skreljaklima-glavom-i-pravi-kvorume\/#primaryimage","url":"http:\/\/www.visit-ulcinj.com\/blog\/wp-content\/uploads\/2008\/02\/ljuid-skrelja_poslanik-dps-2.thumbnail.jpg","contentUrl":"http:\/\/www.visit-ulcinj.com\/blog\/wp-content\/uploads\/2008\/02\/ljuid-skrelja_poslanik-dps-2.thumbnail.jpg"},{"@type":"WebPage","@id":"https:\/\/www.visit-ulcinj.com\/blog\/2008\/02\/17\/ljuid-skreljaklima-glavom-i-pravi-kvorume\/#webpage","url":"https:\/\/www.visit-ulcinj.com\/blog\/2008\/02\/17\/ljuid-skreljaklima-glavom-i-pravi-kvorume\/","name":"Ljui? \u0160krelja:Klima glavom i pravi kvorume - Lajme nga Ulqini","isPartOf":{"@id":"https:\/\/www.visit-ulcinj.com\/blog\/#website"},"primaryImageOfPage":{"@id":"https:\/\/www.visit-ulcinj.com\/blog\/2008\/02\/17\/ljuid-skreljaklima-glavom-i-pravi-kvorume\/#primaryimage"},"datePublished":"2008-02-17T17:40:49+00:00","dateModified":"2008-02-17T17:44:24+00:00","author":{"@id":"https:\/\/www.visit-ulcinj.com\/blog\/#\/schema\/person\/dcab619c614d3038751c63bc2aadc06d"},"breadcrumb":{"@id":"https:\/\/www.visit-ulcinj.com\/blog\/2008\/02\/17\/ljuid-skreljaklima-glavom-i-pravi-kvorume\/#breadcrumb"},"inLanguage":"en-US","potentialAction":[{"@type":"ReadAction","target":["https:\/\/www.visit-ulcinj.com\/blog\/2008\/02\/17\/ljuid-skreljaklima-glavom-i-pravi-kvorume\/"]}]},{"@type":"BreadcrumbList","@id":"https:\/\/www.visit-ulcinj.com\/blog\/2008\/02\/17\/ljuid-skreljaklima-glavom-i-pravi-kvorume\/#breadcrumb","itemListElement":[{"@type":"ListItem","position":1,"name":"Ljui? \u0160krelja:Klima glavom i pravi kvorume"}]},{"@type":"Person","@id":"https:\/\/www.visit-ulcinj.com\/blog\/#\/schema\/person\/dcab619c614d3038751c63bc2aadc06d","name":"ulqini","sameAs":["http:\/\/www.visit-ulcinj.com"],"url":"https:\/\/www.visit-ulcinj.com\/blog\/author\/admin\/"}]}},"jetpack_featured_media_url":"","jetpack_sharing_enabled":true,"jetpack_shortlink":"https:\/\/wp.me\/pe6lTn-8S","_links":{"self":[{"href":"https:\/\/www.visit-ulcinj.com\/blog\/wp-json\/wp\/v2\/posts\/550"}],"collection":[{"href":"https:\/\/www.visit-ulcinj.com\/blog\/wp-json\/wp\/v2\/posts"}],"about":[{"href":"https:\/\/www.visit-ulcinj.com\/blog\/wp-json\/wp\/v2\/types\/post"}],"author":[{"embeddable":true,"href":"https:\/\/www.visit-ulcinj.com\/blog\/wp-json\/wp\/v2\/users\/1"}],"replies":[{"embeddable":true,"href":"https:\/\/www.visit-ulcinj.com\/blog\/wp-json\/wp\/v2\/comments?post=550"}],"version-history":[{"count":0,"href":"https:\/\/www.visit-ulcinj.com\/blog\/wp-json\/wp\/v2\/posts\/550\/revisions"}],"wp:attachment":[{"href":"https:\/\/www.visit-ulcinj.com\/blog\/wp-json\/wp\/v2\/media?parent=550"}],"wp:term":[{"taxonomy":"category","embeddable":true,"href":"https:\/\/www.visit-ulcinj.com\/blog\/wp-json\/wp\/v2\/categories?post=550"},{"taxonomy":"post_tag","embeddable":true,"href":"https:\/\/www.visit-ulcinj.com\/blog\/wp-json\/wp\/v2\/tags?post=550"}],"curies":[{"name":"wp","href":"https:\/\/api.w.org\/{rel}","templated":true}]}}