{"id":55013,"date":"2011-12-26T09:45:43","date_gmt":"2011-12-26T08:45:43","guid":{"rendered":"http:\/\/www.visit-ulcinj.com\/blog\/?p=55013"},"modified":"2011-12-26T09:45:43","modified_gmt":"2011-12-26T08:45:43","slug":"historia-e-nje-kenge-xhamadani-vija-vija","status":"publish","type":"post","link":"https:\/\/www.visit-ulcinj.com\/blog\/2011\/12\/26\/historia-e-nje-kenge-xhamadani-vija-vija\/","title":{"rendered":"Historia e nj\u00eb k\u00ebnge &#8220;Xhamadani Vija Vija&#8221;"},"content":{"rendered":"<p><strong><a href=\"http:\/\/www.visit-ulcinj.com\/blog\/wp-content\/uploads\/2011\/12\/Shkurte-Fejza_historia-e-nje-kenge.jpg\"><img loading=\"lazy\" class=\"alignleft size-full wp-image-55015\" title=\"Shkurte Fejza_historia e nje kenge\" src=\"http:\/\/www.visit-ulcinj.com\/blog\/wp-content\/uploads\/2011\/12\/Shkurte-Fejza_historia-e-nje-kenge.jpg\" alt=\"\" width=\"300\" height=\"205\" \/><\/a>18 vjet m\u00eb par\u00eb, brenda pak or\u00ebve, kompozitori Zef \u00c7oba dhe poeti Alfred \u00c7apaliku krijuan k\u00ebng\u00ebn aq shum\u00eb t\u00eb njohur \u201cXhamadani Vija Vija\u201d<\/strong><\/p>\n<p>Tashm\u00eb kjo k\u00ebng\u00eb q\u00eb k\u00ebndohet e d\u00ebgjohet gjithandej nga shqiptar\u00ebt e t\u00eb gjitha moshave \u00ebsht\u00eb kthyer n\u00eb nj\u00eb k\u00ebng\u00eb mit, nj\u00eb k\u00ebng\u00eb q\u00eb frym\u00ebzon dhe lidh brezat.<\/p>\n<p>P\u00ebr vet\u00eb motivin dhe frym\u00ebzimin q\u00eb kjo k\u00ebng\u00eb krijon, Top Channel e ka zgjedhur at\u00eb p\u00ebr t\u00eb uruar t\u00eb gjith\u00eb shqiptar\u00ebt n\u00eb Shqip\u00ebri, Kosov\u00eb, Maqedoni, Malin e Zi, Lugin\u00ebn e Preshev\u00ebs dhe gjith\u00eb ata q\u00eb zgjodh\u00ebn t\u00eb emigrojn\u00eb.<\/p>\n<p>Autor\u00ebt e k\u00ebsaj k\u00ebnge tregojn\u00eb p\u00ebr historin\u00eb e lindjes s\u00eb saj n\u00eb vitin 1993 n\u00eb qytetin e Shkodr\u00ebs dhe q\u00eb u k\u00ebndua p\u00ebr her\u00eb t\u00eb par\u00eb nga Shkurte Fejza.<\/p>\n<p><a href=\"http:\/\/www.visit-ulcinj.com\/blog\/wp-content\/uploads\/2011\/12\/kompozitori-Zef-Coba.jpg\"><img loading=\"lazy\" class=\"alignleft size-full wp-image-55014\" title=\"kompozitori Zef Coba\" src=\"http:\/\/www.visit-ulcinj.com\/blog\/wp-content\/uploads\/2011\/12\/kompozitori-Zef-Coba.jpg\" alt=\"\" width=\"300\" height=\"226\" \/><\/a>Kompozitori Zef Coba kujton: \u201cUn\u00eb nd\u00ebrgjegjen time krijuese e kam shum\u00eb t\u00eb lidhur me nd\u00ebrgjegjen komb\u00ebtare. Kam studiuar shum\u00eb etnosin dhe folklorin ton\u00eb muzikor dhe kur krijova k\u00ebt\u00eb k\u00ebng\u00eb isha me nj\u00eb \u201cngarkes\u00eb\u201d t\u00eb till\u00eb komb\u00ebtare. Kur isha n\u00eb nj\u00eb koncert me nj\u00eb grup nga Shkodra pata fatin t\u00eb bija n\u00eb kontakt me shqiptar\u00ebt e Kosov\u00ebs. Emocionet dhe p\u00ebrshtypjet jan\u00eb t\u00eb jasht\u00ebzakonshme. M\u00eb pas, rash\u00eb dakord p\u00eb k\u00ebng\u00ebn me k\u00ebng\u00ebtaren Shkurte Fejza dhe shkova menj\u00ebher\u00eb tek miku im poet Alfred Capaliku. Ishte ora 22.45 dhe i thash\u00eb t\u00eb \u00e7ohej nga shtrati dhe t\u00eb fillonim menj\u00ebher\u00eb pun\u00ebn. At\u00eb nat\u00eb kemi punuar deri n\u00eb or\u00ebn 4 t\u00eb m\u00ebngjesit dhe n\u00eb or\u00ebn 5 t\u00eb m\u00ebngjesit gjith\u00e7ka ishte e mbaruar.\u201d<\/p>\n<p>&nbsp;<\/p>\n<p><a href=\"http:\/\/www.visit-ulcinj.com\/blog\/wp-content\/uploads\/2011\/12\/Alfred-Capaliku-Poet.jpg\"><img loading=\"lazy\" class=\"alignleft size-full wp-image-55016\" title=\"Alfred Capaliku - Poet\" src=\"http:\/\/www.visit-ulcinj.com\/blog\/wp-content\/uploads\/2011\/12\/Alfred-Capaliku-Poet.jpg\" alt=\"\" width=\"300\" height=\"300\" srcset=\"https:\/\/www.visit-ulcinj.com\/blog\/wp-content\/uploads\/2011\/12\/Alfred-Capaliku-Poet.jpg 300w, https:\/\/www.visit-ulcinj.com\/blog\/wp-content\/uploads\/2011\/12\/Alfred-Capaliku-Poet-150x150.jpg 150w\" sizes=\"(max-width: 300px) 100vw, 300px\" \/><\/a>Poeti Alfred Capaliku, autori i tekstit t\u00eb k\u00ebng\u00ebs \u201cXhamadani Vija Vija\u201d, thekson: \u201cN\u00eb dark\u00eb m\u00eb erdh\u00ebn n\u00eb sht\u00ebpi Shkurte Fejza me bashk\u00ebshortin dhe miku im Zef Coba. I thash\u00eb gruas t\u2019i sh\u00ebrbente mysafir\u00ebve dhe vet\u00eb u futa n\u00eb dhom\u00eb p\u00ebr t\u00eb shkruar i qet\u00eb tekstin e k\u00ebng\u00ebs. Mora frym\u00ebzim nga Shkurte Fejza dhe nisa tekstin si nj\u00eb udh\u00ebtim, udh\u00ebtimin q\u00eb kishte b\u00ebr\u00eb k\u00ebng\u00ebtarja nga Kosova p\u00ebr t\u00eb ardhur n\u00eb Shqip\u00ebri.\u201d<\/p>\n<p>\u201cM\u00eb vjen mir\u00eb sepse kjo k\u00ebng\u00eb po e humb autor\u00ebsin\u00eb dhe po kalon n\u00eb folk. Gjithashtu m\u00eb ka rastisur ta d\u00ebgjoj k\u00ebt\u00eb k\u00ebng\u00eb n\u00eb diskoteka dhe m\u00eb vjen mir\u00eb q\u00eb p\u00eblqehet nga brezi i ri\u201d, shton Capaliku.<\/p>\n<p>\u201cKam marr\u00eb shum\u00eb \u00e7mime, por ajo q\u00eb m\u00eb krenon m\u00eb shum\u00eb \u00ebsht\u00eb kur n\u00eb 2 shtator t\u00eb vitit 2002, n\u00eb ndeshjen miq\u00ebsore Kosov\u00eb-Shqip\u00ebri i gjith\u00eb stadiumi bu\u00e7iste duke k\u00ebnduar refrenin e k\u00ebsaj k\u00ebnge\u201d, n\u00ebnvizon kompozitori Coba.<\/p>\n<p><strong>Top Channel<\/strong><\/p>\n<!--YouTube Error: bad URL entered-->\n","protected":false},"excerpt":{"rendered":"<p>18 vjet m\u00eb par\u00eb, brenda pak or\u00ebve, kompozitori Zef \u00c7oba dhe poeti Alfred \u00c7apaliku krijuan k\u00ebng\u00ebn aq shum\u00eb t\u00eb njohur \u201cXhamadani Vija Vija\u201d Tashm\u00eb kjo k\u00ebng\u00eb q\u00eb k\u00ebndohet e d\u00ebgjohet gjithandej nga shqiptar\u00ebt e t\u00eb gjitha moshave \u00ebsht\u00eb kthyer n\u00eb nj\u00eb k\u00ebng\u00eb mit, nj\u00eb k\u00ebng\u00eb q\u00eb frym\u00ebzon dhe lidh brezat. P\u00ebr vet\u00eb motivin dhe frym\u00ebzimin [&hellip;]<\/p>\n","protected":false},"author":1,"featured_media":0,"comment_status":"open","ping_status":"closed","sticky":false,"template":"","format":"standard","meta":{"spay_email":"","jetpack_publicize_message":"","jetpack_is_tweetstorm":false,"jetpack_publicize_feature_enabled":true},"categories":[1],"tags":[19687,19686,19684,19683,19685],"jetpack_publicize_connections":[],"yoast_head":"<!-- This site is optimized with the Yoast SEO plugin v19.1 - https:\/\/yoast.com\/wordpress\/plugins\/seo\/ -->\n<title>Historia e nj\u00eb k\u00ebnge &quot;Xhamadani Vija Vija&quot; - Lajme nga Ulqini<\/title>\n<meta name=\"description\" content=\"18 vjet m\u00eb par\u00eb, brenda pak or\u00ebve, kompozitori Zef \u00c7oba dhe poeti Alfred \u00c7apaliku krijuan k\u00ebng\u00ebn aq shum\u00eb t\u00eb njohur \u201cXhamadani Vija Vija\u201d Tashm\u00eb kjo k\u00ebng\u00eb\" \/>\n<meta name=\"robots\" content=\"index, follow, max-snippet:-1, max-image-preview:large, max-video-preview:-1\" \/>\n<link rel=\"canonical\" href=\"https:\/\/www.visit-ulcinj.com\/blog\/2011\/12\/26\/historia-e-nje-kenge-xhamadani-vija-vija\/\" \/>\n<meta property=\"og:locale\" content=\"en_US\" \/>\n<meta property=\"og:type\" content=\"article\" \/>\n<meta property=\"og:title\" content=\"Historia e nj\u00eb k\u00ebnge &quot;Xhamadani Vija Vija&quot; - Lajme nga Ulqini\" \/>\n<meta property=\"og:description\" content=\"18 vjet m\u00eb par\u00eb, brenda pak or\u00ebve, kompozitori Zef \u00c7oba dhe poeti Alfred \u00c7apaliku krijuan k\u00ebng\u00ebn aq shum\u00eb t\u00eb njohur \u201cXhamadani Vija Vija\u201d Tashm\u00eb kjo k\u00ebng\u00eb\" \/>\n<meta property=\"og:url\" content=\"https:\/\/www.visit-ulcinj.com\/blog\/2011\/12\/26\/historia-e-nje-kenge-xhamadani-vija-vija\/\" \/>\n<meta property=\"og:site_name\" content=\"Lajme nga Ulqini\" \/>\n<meta property=\"article:published_time\" content=\"2011-12-26T08:45:43+00:00\" \/>\n<meta property=\"og:image\" content=\"http:\/\/www.visit-ulcinj.com\/blog\/wp-content\/uploads\/2011\/12\/Shkurte-Fejza_historia-e-nje-kenge.jpg\" \/>\n<meta name=\"twitter:label1\" content=\"Written by\" \/>\n\t<meta name=\"twitter:data1\" content=\"ulqini\" \/>\n\t<meta name=\"twitter:label2\" content=\"Est. reading time\" \/>\n\t<meta name=\"twitter:data2\" content=\"2 minutes\" \/>\n<script type=\"application\/ld+json\" class=\"yoast-schema-graph\">{\"@context\":\"https:\/\/schema.org\",\"@graph\":[{\"@type\":\"WebSite\",\"@id\":\"https:\/\/www.visit-ulcinj.com\/blog\/#website\",\"url\":\"https:\/\/www.visit-ulcinj.com\/blog\/\",\"name\":\"Lajme nga Ulqini\",\"description\":\"Lajme,Vijesti,Ulqini,Ulqin,Crna Gora,Mali i Zi\",\"potentialAction\":[{\"@type\":\"SearchAction\",\"target\":{\"@type\":\"EntryPoint\",\"urlTemplate\":\"https:\/\/www.visit-ulcinj.com\/blog\/?s={search_term_string}\"},\"query-input\":\"required name=search_term_string\"}],\"inLanguage\":\"en-US\"},{\"@type\":\"ImageObject\",\"inLanguage\":\"en-US\",\"@id\":\"https:\/\/www.visit-ulcinj.com\/blog\/2011\/12\/26\/historia-e-nje-kenge-xhamadani-vija-vija\/#primaryimage\",\"url\":\"https:\/\/www.visit-ulcinj.com\/blog\/wp-content\/uploads\/2011\/12\/Shkurte-Fejza_historia-e-nje-kenge.jpg\",\"contentUrl\":\"https:\/\/www.visit-ulcinj.com\/blog\/wp-content\/uploads\/2011\/12\/Shkurte-Fejza_historia-e-nje-kenge.jpg\",\"width\":\"300\",\"height\":\"205\"},{\"@type\":\"WebPage\",\"@id\":\"https:\/\/www.visit-ulcinj.com\/blog\/2011\/12\/26\/historia-e-nje-kenge-xhamadani-vija-vija\/#webpage\",\"url\":\"https:\/\/www.visit-ulcinj.com\/blog\/2011\/12\/26\/historia-e-nje-kenge-xhamadani-vija-vija\/\",\"name\":\"Historia e nj\u00eb k\u00ebnge \\\"Xhamadani Vija Vija\\\" - Lajme nga Ulqini\",\"isPartOf\":{\"@id\":\"https:\/\/www.visit-ulcinj.com\/blog\/#website\"},\"primaryImageOfPage\":{\"@id\":\"https:\/\/www.visit-ulcinj.com\/blog\/2011\/12\/26\/historia-e-nje-kenge-xhamadani-vija-vija\/#primaryimage\"},\"datePublished\":\"2011-12-26T08:45:43+00:00\",\"dateModified\":\"2011-12-26T08:45:43+00:00\",\"author\":{\"@id\":\"https:\/\/www.visit-ulcinj.com\/blog\/#\/schema\/person\/dcab619c614d3038751c63bc2aadc06d\"},\"description\":\"18 vjet m\u00eb par\u00eb, brenda pak or\u00ebve, kompozitori Zef \u00c7oba dhe poeti Alfred \u00c7apaliku krijuan k\u00ebng\u00ebn aq shum\u00eb t\u00eb njohur \u201cXhamadani Vija Vija\u201d Tashm\u00eb kjo k\u00ebng\u00eb\",\"breadcrumb\":{\"@id\":\"https:\/\/www.visit-ulcinj.com\/blog\/2011\/12\/26\/historia-e-nje-kenge-xhamadani-vija-vija\/#breadcrumb\"},\"inLanguage\":\"en-US\",\"potentialAction\":[{\"@type\":\"ReadAction\",\"target\":[\"https:\/\/www.visit-ulcinj.com\/blog\/2011\/12\/26\/historia-e-nje-kenge-xhamadani-vija-vija\/\"]}]},{\"@type\":\"BreadcrumbList\",\"@id\":\"https:\/\/www.visit-ulcinj.com\/blog\/2011\/12\/26\/historia-e-nje-kenge-xhamadani-vija-vija\/#breadcrumb\",\"itemListElement\":[{\"@type\":\"ListItem\",\"position\":1,\"name\":\"Historia e nj\u00eb k\u00ebnge &#8220;Xhamadani Vija Vija&#8221;\"}]},{\"@type\":\"Person\",\"@id\":\"https:\/\/www.visit-ulcinj.com\/blog\/#\/schema\/person\/dcab619c614d3038751c63bc2aadc06d\",\"name\":\"ulqini\",\"sameAs\":[\"http:\/\/www.visit-ulcinj.com\"],\"url\":\"https:\/\/www.visit-ulcinj.com\/blog\/author\/admin\/\"}]}<\/script>\n<!-- \/ Yoast SEO plugin. -->","yoast_head_json":{"title":"Historia e nj\u00eb k\u00ebnge \"Xhamadani Vija Vija\" - Lajme nga Ulqini","description":"18 vjet m\u00eb par\u00eb, brenda pak or\u00ebve, kompozitori Zef \u00c7oba dhe poeti Alfred \u00c7apaliku krijuan k\u00ebng\u00ebn aq shum\u00eb t\u00eb njohur \u201cXhamadani Vija Vija\u201d Tashm\u00eb kjo k\u00ebng\u00eb","robots":{"index":"index","follow":"follow","max-snippet":"max-snippet:-1","max-image-preview":"max-image-preview:large","max-video-preview":"max-video-preview:-1"},"canonical":"https:\/\/www.visit-ulcinj.com\/blog\/2011\/12\/26\/historia-e-nje-kenge-xhamadani-vija-vija\/","og_locale":"en_US","og_type":"article","og_title":"Historia e nj\u00eb k\u00ebnge \"Xhamadani Vija Vija\" - Lajme nga Ulqini","og_description":"18 vjet m\u00eb par\u00eb, brenda pak or\u00ebve, kompozitori Zef \u00c7oba dhe poeti Alfred \u00c7apaliku krijuan k\u00ebng\u00ebn aq shum\u00eb t\u00eb njohur \u201cXhamadani Vija Vija\u201d Tashm\u00eb kjo k\u00ebng\u00eb","og_url":"https:\/\/www.visit-ulcinj.com\/blog\/2011\/12\/26\/historia-e-nje-kenge-xhamadani-vija-vija\/","og_site_name":"Lajme nga Ulqini","article_published_time":"2011-12-26T08:45:43+00:00","og_image":[{"url":"http:\/\/www.visit-ulcinj.com\/blog\/wp-content\/uploads\/2011\/12\/Shkurte-Fejza_historia-e-nje-kenge.jpg"}],"twitter_misc":{"Written by":"ulqini","Est. reading time":"2 minutes"},"schema":{"@context":"https:\/\/schema.org","@graph":[{"@type":"WebSite","@id":"https:\/\/www.visit-ulcinj.com\/blog\/#website","url":"https:\/\/www.visit-ulcinj.com\/blog\/","name":"Lajme nga Ulqini","description":"Lajme,Vijesti,Ulqini,Ulqin,Crna Gora,Mali i Zi","potentialAction":[{"@type":"SearchAction","target":{"@type":"EntryPoint","urlTemplate":"https:\/\/www.visit-ulcinj.com\/blog\/?s={search_term_string}"},"query-input":"required name=search_term_string"}],"inLanguage":"en-US"},{"@type":"ImageObject","inLanguage":"en-US","@id":"https:\/\/www.visit-ulcinj.com\/blog\/2011\/12\/26\/historia-e-nje-kenge-xhamadani-vija-vija\/#primaryimage","url":"https:\/\/www.visit-ulcinj.com\/blog\/wp-content\/uploads\/2011\/12\/Shkurte-Fejza_historia-e-nje-kenge.jpg","contentUrl":"https:\/\/www.visit-ulcinj.com\/blog\/wp-content\/uploads\/2011\/12\/Shkurte-Fejza_historia-e-nje-kenge.jpg","width":"300","height":"205"},{"@type":"WebPage","@id":"https:\/\/www.visit-ulcinj.com\/blog\/2011\/12\/26\/historia-e-nje-kenge-xhamadani-vija-vija\/#webpage","url":"https:\/\/www.visit-ulcinj.com\/blog\/2011\/12\/26\/historia-e-nje-kenge-xhamadani-vija-vija\/","name":"Historia e nj\u00eb k\u00ebnge \"Xhamadani Vija Vija\" - Lajme nga Ulqini","isPartOf":{"@id":"https:\/\/www.visit-ulcinj.com\/blog\/#website"},"primaryImageOfPage":{"@id":"https:\/\/www.visit-ulcinj.com\/blog\/2011\/12\/26\/historia-e-nje-kenge-xhamadani-vija-vija\/#primaryimage"},"datePublished":"2011-12-26T08:45:43+00:00","dateModified":"2011-12-26T08:45:43+00:00","author":{"@id":"https:\/\/www.visit-ulcinj.com\/blog\/#\/schema\/person\/dcab619c614d3038751c63bc2aadc06d"},"description":"18 vjet m\u00eb par\u00eb, brenda pak or\u00ebve, kompozitori Zef \u00c7oba dhe poeti Alfred \u00c7apaliku krijuan k\u00ebng\u00ebn aq shum\u00eb t\u00eb njohur \u201cXhamadani Vija Vija\u201d Tashm\u00eb kjo k\u00ebng\u00eb","breadcrumb":{"@id":"https:\/\/www.visit-ulcinj.com\/blog\/2011\/12\/26\/historia-e-nje-kenge-xhamadani-vija-vija\/#breadcrumb"},"inLanguage":"en-US","potentialAction":[{"@type":"ReadAction","target":["https:\/\/www.visit-ulcinj.com\/blog\/2011\/12\/26\/historia-e-nje-kenge-xhamadani-vija-vija\/"]}]},{"@type":"BreadcrumbList","@id":"https:\/\/www.visit-ulcinj.com\/blog\/2011\/12\/26\/historia-e-nje-kenge-xhamadani-vija-vija\/#breadcrumb","itemListElement":[{"@type":"ListItem","position":1,"name":"Historia e nj\u00eb k\u00ebnge &#8220;Xhamadani Vija Vija&#8221;"}]},{"@type":"Person","@id":"https:\/\/www.visit-ulcinj.com\/blog\/#\/schema\/person\/dcab619c614d3038751c63bc2aadc06d","name":"ulqini","sameAs":["http:\/\/www.visit-ulcinj.com"],"url":"https:\/\/www.visit-ulcinj.com\/blog\/author\/admin\/"}]}},"jetpack_featured_media_url":"","jetpack_sharing_enabled":true,"jetpack_shortlink":"https:\/\/wp.me\/pe6lTn-ejj","_links":{"self":[{"href":"https:\/\/www.visit-ulcinj.com\/blog\/wp-json\/wp\/v2\/posts\/55013"}],"collection":[{"href":"https:\/\/www.visit-ulcinj.com\/blog\/wp-json\/wp\/v2\/posts"}],"about":[{"href":"https:\/\/www.visit-ulcinj.com\/blog\/wp-json\/wp\/v2\/types\/post"}],"author":[{"embeddable":true,"href":"https:\/\/www.visit-ulcinj.com\/blog\/wp-json\/wp\/v2\/users\/1"}],"replies":[{"embeddable":true,"href":"https:\/\/www.visit-ulcinj.com\/blog\/wp-json\/wp\/v2\/comments?post=55013"}],"version-history":[{"count":1,"href":"https:\/\/www.visit-ulcinj.com\/blog\/wp-json\/wp\/v2\/posts\/55013\/revisions"}],"predecessor-version":[{"id":55017,"href":"https:\/\/www.visit-ulcinj.com\/blog\/wp-json\/wp\/v2\/posts\/55013\/revisions\/55017"}],"wp:attachment":[{"href":"https:\/\/www.visit-ulcinj.com\/blog\/wp-json\/wp\/v2\/media?parent=55013"}],"wp:term":[{"taxonomy":"category","embeddable":true,"href":"https:\/\/www.visit-ulcinj.com\/blog\/wp-json\/wp\/v2\/categories?post=55013"},{"taxonomy":"post_tag","embeddable":true,"href":"https:\/\/www.visit-ulcinj.com\/blog\/wp-json\/wp\/v2\/tags?post=55013"}],"curies":[{"name":"wp","href":"https:\/\/api.w.org\/{rel}","templated":true}]}}