{"id":55022,"date":"2011-12-26T11:13:44","date_gmt":"2011-12-26T10:13:44","guid":{"rendered":"http:\/\/www.visit-ulcinj.com\/blog\/?p=55022"},"modified":"2011-12-26T18:06:59","modified_gmt":"2011-12-26T17:06:59","slug":"podgorica-me-e-liraulqini-dhe-budva-me-cmime-te-larta","status":"publish","type":"post","link":"https:\/\/www.visit-ulcinj.com\/blog\/2011\/12\/26\/podgorica-me-e-liraulqini-dhe-budva-me-cmime-te-larta\/","title":{"rendered":"Podgorica me e lira,Ulqini dhe Budva me \u00e7mime te larta"},"content":{"rendered":"<p><a href=\"http:\/\/www.visit-ulcinj.com\/blog\/wp-content\/uploads\/2011\/12\/Tregu-i-gjelbert-Ulqin_picnik.jpg\"><img loading=\"lazy\" class=\"alignleft size-full wp-image-55023\" title=\"Tregu i gjelbert Ulqin_picnik\" src=\"http:\/\/www.visit-ulcinj.com\/blog\/wp-content\/uploads\/2011\/12\/Tregu-i-gjelbert-Ulqin_picnik.jpg\" alt=\"\" width=\"508\" height=\"384\" \/><\/a>\u00c7do dit\u00eb konsumator\u00ebt e qytetit t\u00eb Ulqinit p\u00ebrballen me diferenc\u00ebn e \u00e7mimeve t\u00eb produkteve ushqimore nga tregu n\u00eb treg. Nga nj\u00eb v\u00ebzhgim i b\u00ebr\u00eb n\u00eb tre nga tregjet kryesore t\u00eb kryeqytetit Podgoric\u00eb \u2013 Budve dhe Ulqin, diferencat jan\u00eb m\u00ebse t\u00eb dukshme po t\u00eb marrim parasysh faktin se i nj\u00ebjti produkt ushqimor shitet me \u00e7mim t\u00eb ndrysh\u00ebm, n\u00eb t\u00eb tre tregjet. V\u00ebzhgimi u realizua \u00a0nga gazeta\u201d<a href=\"http:\/\/www.cafemontenegro.com\/index.php?group=25&amp;news=220304\" target=\"_blank\"><strong>Dnevne Novine<\/strong><\/a>\u201d. &#8220;N\u00ebse do t\u00eb investigojm\u00eb do shohim q\u00eb kemi \u00a0nj\u00eb spekulim prej rreth 20-40% m\u00eb shum\u00eb nga nj\u00ebri treg n\u00eb tregun tjet\u00ebr. N\u00eb nj\u00eb situat\u00eb kur dihet se sa \u00ebsht\u00eb prodhimi vendas, dihet se me \u00e7far\u00eb \u00e7mimi merret produkti nga fermeri, dihen dhe \u00e7mimet e importit, at\u00ebher\u00eb kjo diferenc\u00eb n\u00eb \u00e7mim \u00ebsht\u00eb e pajustifikueshme.<\/p>\n<p><strong>Spekulimi\u00a0 i tregut<\/strong><br \/>\nShit\u00ebsit e Tregut n\u00eb Ulqin, t\u00eb pyetur n\u00eb lidhje m\u00eb \u00e7mimet e larta t\u00eb produkteve q\u00eb tregtojn\u00eb pretendojn\u00eb se malli i tyre \u00ebsht\u00eb m\u00eb cil\u00ebsor se n\u00eb tregjet e tjera dhe p\u00ebr k\u00ebt\u00eb arsye shitet edhe m\u00eb shtrenjt\u00eb. Por t\u00eb interesuar nga ana jon\u00eb n\u00ebse disponojn\u00eb nj\u00eb certifikat\u00eb t\u00eb origjin\u00ebs t\u00eb mallit, e cila mund t\u00eb siguroj\u00eb konsumator\u00ebt p\u00ebr cil\u00ebsin\u00eb e pretenduar, tregtar\u00ebt e kan\u00eb t\u00eb pamundur t\u00eb na ven\u00eb n\u00eb dispozicion nj\u00eb t\u00eb till\u00eb. Pra duke u justifikuar me &#8220;cil\u00ebsin\u00eb&#8221; e produktit shit\u00ebsit spekulojn\u00eb me \u00e7mimet. Por edhe n\u00ebse vendoset nj\u00eb \u00e7mim i lart\u00eb p\u00ebr nj\u00eb produkt q\u00eb predispozohet i mir\u00eb, shit\u00ebsit jan\u00eb t\u00eb detyruar t\u00eb ken\u00eb nj\u00eb certifikat\u00eb t\u00eb origjin\u00ebs s\u00eb mallit, e cila e siguron konsumatorin p\u00ebr cil\u00ebsin\u00eb e k\u00ebtij produkti<br \/>\n<a href=\"http:\/\/www.visit-ulcinj.com\/blog\/wp-content\/uploads\/2011\/12\/diferenca-cmimeve-ne-treg.jpg\"><img loading=\"lazy\" class=\"alignleft size-full wp-image-55025\" title=\"diferenca  cmimeve ne treg\" src=\"http:\/\/www.visit-ulcinj.com\/blog\/wp-content\/uploads\/2011\/12\/diferenca-cmimeve-ne-treg.jpg\" alt=\"\" width=\"508\" height=\"330\" \/><\/a><\/p>\n<p><strong>\u00c7mimet dhe Diferenca<\/strong><br \/>\nN\u00eb fakt spekulime b\u00ebhen pothuajse me \u00e7do produkt. Diferenca m\u00eb e madhe vihet re midis Tregut t\u00eb Ulqinit dhe dy tregjeve t\u00eb tjera, nd\u00ebrkoh\u00eb q\u00eb midis k\u00ebtyre t\u00eb fundit diferenca \u00ebsht\u00eb m\u00eb e vog\u00ebl, por q\u00eb s\u00ebrish \u00ebsht\u00eb e pranishme. Diferenca v\u00ebrehen edhe tek produktet e tjera si: domatja, kastraveci, patatja, qepa, molla, spinaqi e lakra. Gazeta n\u00eb fjal shpjegon se abuzime ka edhe me buk\u00ebn, miellin apo n\u00ebnproduktet e qum\u00ebshtit,si dhe produkti I mishit.<\/p>\n","protected":false},"excerpt":{"rendered":"<p>\u00c7do dit\u00eb konsumator\u00ebt e qytetit t\u00eb Ulqinit p\u00ebrballen me diferenc\u00ebn e \u00e7mimeve t\u00eb produkteve ushqimore nga tregu n\u00eb treg. Nga nj\u00eb v\u00ebzhgim i b\u00ebr\u00eb n\u00eb tre nga tregjet kryesore t\u00eb kryeqytetit Podgoric\u00eb \u2013 Budve dhe Ulqin, diferencat jan\u00eb m\u00ebse t\u00eb dukshme po t\u00eb marrim parasysh faktin se i nj\u00ebjti produkt ushqimor shitet me \u00e7mim t\u00eb [&hellip;]<\/p>\n","protected":false},"author":1,"featured_media":0,"comment_status":"open","ping_status":"closed","sticky":false,"template":"","format":"standard","meta":{"spay_email":"","jetpack_publicize_message":"","jetpack_is_tweetstorm":false,"jetpack_publicize_feature_enabled":true},"categories":[10,1],"tags":[19691,19692,19693,19690],"jetpack_publicize_connections":[],"yoast_head":"<!-- This site is optimized with the Yoast SEO plugin v19.1 - https:\/\/yoast.com\/wordpress\/plugins\/seo\/ -->\n<title>Podgorica me e lira,Ulqini dhe Budva me \u00e7mime te larta - Lajme nga Ulqini<\/title>\n<meta name=\"description\" content=\"\u00c7do dit\u00eb konsumator\u00ebt e qytetit t\u00eb Ulqinit p\u00ebrballen me diferenc\u00ebn e \u00e7mimeve t\u00eb produkteve ushqimore nga tregu n\u00eb treg. Nga nj\u00eb v\u00ebzhgim i b\u00ebr\u00eb n\u00eb tre nga\" \/>\n<meta name=\"robots\" content=\"index, follow, max-snippet:-1, max-image-preview:large, max-video-preview:-1\" \/>\n<link rel=\"canonical\" href=\"https:\/\/www.visit-ulcinj.com\/blog\/2011\/12\/26\/podgorica-me-e-liraulqini-dhe-budva-me-cmime-te-larta\/\" \/>\n<meta property=\"og:locale\" content=\"en_US\" \/>\n<meta property=\"og:type\" content=\"article\" \/>\n<meta property=\"og:title\" content=\"Podgorica me e lira,Ulqini dhe Budva me \u00e7mime te larta - Lajme nga Ulqini\" \/>\n<meta property=\"og:description\" content=\"\u00c7do dit\u00eb konsumator\u00ebt e qytetit t\u00eb Ulqinit p\u00ebrballen me diferenc\u00ebn e \u00e7mimeve t\u00eb produkteve ushqimore nga tregu n\u00eb treg. Nga nj\u00eb v\u00ebzhgim i b\u00ebr\u00eb n\u00eb tre nga\" \/>\n<meta property=\"og:url\" content=\"https:\/\/www.visit-ulcinj.com\/blog\/2011\/12\/26\/podgorica-me-e-liraulqini-dhe-budva-me-cmime-te-larta\/\" \/>\n<meta property=\"og:site_name\" content=\"Lajme nga Ulqini\" \/>\n<meta property=\"article:published_time\" content=\"2011-12-26T10:13:44+00:00\" \/>\n<meta property=\"article:modified_time\" content=\"2011-12-26T17:06:59+00:00\" \/>\n<meta property=\"og:image\" content=\"http:\/\/www.visit-ulcinj.com\/blog\/wp-content\/uploads\/2011\/12\/Tregu-i-gjelbert-Ulqin_picnik.jpg\" \/>\n<meta name=\"twitter:label1\" content=\"Written by\" \/>\n\t<meta name=\"twitter:data1\" content=\"ulqini\" \/>\n\t<meta name=\"twitter:label2\" content=\"Est. reading time\" \/>\n\t<meta name=\"twitter:data2\" content=\"2 minutes\" \/>\n<script type=\"application\/ld+json\" class=\"yoast-schema-graph\">{\"@context\":\"https:\/\/schema.org\",\"@graph\":[{\"@type\":\"WebSite\",\"@id\":\"https:\/\/www.visit-ulcinj.com\/blog\/#website\",\"url\":\"https:\/\/www.visit-ulcinj.com\/blog\/\",\"name\":\"Lajme nga Ulqini\",\"description\":\"Lajme,Vijesti,Ulqini,Ulqin,Crna Gora,Mali i Zi\",\"potentialAction\":[{\"@type\":\"SearchAction\",\"target\":{\"@type\":\"EntryPoint\",\"urlTemplate\":\"https:\/\/www.visit-ulcinj.com\/blog\/?s={search_term_string}\"},\"query-input\":\"required name=search_term_string\"}],\"inLanguage\":\"en-US\"},{\"@type\":\"ImageObject\",\"inLanguage\":\"en-US\",\"@id\":\"https:\/\/www.visit-ulcinj.com\/blog\/2011\/12\/26\/podgorica-me-e-liraulqini-dhe-budva-me-cmime-te-larta\/#primaryimage\",\"url\":\"https:\/\/www.visit-ulcinj.com\/blog\/wp-content\/uploads\/2011\/12\/Tregu-i-gjelbert-Ulqin_picnik.jpg\",\"contentUrl\":\"https:\/\/www.visit-ulcinj.com\/blog\/wp-content\/uploads\/2011\/12\/Tregu-i-gjelbert-Ulqin_picnik.jpg\",\"width\":\"1021\",\"height\":\"684\"},{\"@type\":\"WebPage\",\"@id\":\"https:\/\/www.visit-ulcinj.com\/blog\/2011\/12\/26\/podgorica-me-e-liraulqini-dhe-budva-me-cmime-te-larta\/#webpage\",\"url\":\"https:\/\/www.visit-ulcinj.com\/blog\/2011\/12\/26\/podgorica-me-e-liraulqini-dhe-budva-me-cmime-te-larta\/\",\"name\":\"Podgorica me e lira,Ulqini dhe Budva me \u00e7mime te larta - Lajme nga Ulqini\",\"isPartOf\":{\"@id\":\"https:\/\/www.visit-ulcinj.com\/blog\/#website\"},\"primaryImageOfPage\":{\"@id\":\"https:\/\/www.visit-ulcinj.com\/blog\/2011\/12\/26\/podgorica-me-e-liraulqini-dhe-budva-me-cmime-te-larta\/#primaryimage\"},\"datePublished\":\"2011-12-26T10:13:44+00:00\",\"dateModified\":\"2011-12-26T17:06:59+00:00\",\"author\":{\"@id\":\"https:\/\/www.visit-ulcinj.com\/blog\/#\/schema\/person\/dcab619c614d3038751c63bc2aadc06d\"},\"description\":\"\u00c7do dit\u00eb konsumator\u00ebt e qytetit t\u00eb Ulqinit p\u00ebrballen me diferenc\u00ebn e \u00e7mimeve t\u00eb produkteve ushqimore nga tregu n\u00eb treg. Nga nj\u00eb v\u00ebzhgim i b\u00ebr\u00eb n\u00eb tre nga\",\"breadcrumb\":{\"@id\":\"https:\/\/www.visit-ulcinj.com\/blog\/2011\/12\/26\/podgorica-me-e-liraulqini-dhe-budva-me-cmime-te-larta\/#breadcrumb\"},\"inLanguage\":\"en-US\",\"potentialAction\":[{\"@type\":\"ReadAction\",\"target\":[\"https:\/\/www.visit-ulcinj.com\/blog\/2011\/12\/26\/podgorica-me-e-liraulqini-dhe-budva-me-cmime-te-larta\/\"]}]},{\"@type\":\"BreadcrumbList\",\"@id\":\"https:\/\/www.visit-ulcinj.com\/blog\/2011\/12\/26\/podgorica-me-e-liraulqini-dhe-budva-me-cmime-te-larta\/#breadcrumb\",\"itemListElement\":[{\"@type\":\"ListItem\",\"position\":1,\"name\":\"Podgorica me e lira,Ulqini dhe Budva me \u00e7mime te larta\"}]},{\"@type\":\"Person\",\"@id\":\"https:\/\/www.visit-ulcinj.com\/blog\/#\/schema\/person\/dcab619c614d3038751c63bc2aadc06d\",\"name\":\"ulqini\",\"sameAs\":[\"http:\/\/www.visit-ulcinj.com\"],\"url\":\"https:\/\/www.visit-ulcinj.com\/blog\/author\/admin\/\"}]}<\/script>\n<!-- \/ Yoast SEO plugin. -->","yoast_head_json":{"title":"Podgorica me e lira,Ulqini dhe Budva me \u00e7mime te larta - Lajme nga Ulqini","description":"\u00c7do dit\u00eb konsumator\u00ebt e qytetit t\u00eb Ulqinit p\u00ebrballen me diferenc\u00ebn e \u00e7mimeve t\u00eb produkteve ushqimore nga tregu n\u00eb treg. Nga nj\u00eb v\u00ebzhgim i b\u00ebr\u00eb n\u00eb tre nga","robots":{"index":"index","follow":"follow","max-snippet":"max-snippet:-1","max-image-preview":"max-image-preview:large","max-video-preview":"max-video-preview:-1"},"canonical":"https:\/\/www.visit-ulcinj.com\/blog\/2011\/12\/26\/podgorica-me-e-liraulqini-dhe-budva-me-cmime-te-larta\/","og_locale":"en_US","og_type":"article","og_title":"Podgorica me e lira,Ulqini dhe Budva me \u00e7mime te larta - Lajme nga Ulqini","og_description":"\u00c7do dit\u00eb konsumator\u00ebt e qytetit t\u00eb Ulqinit p\u00ebrballen me diferenc\u00ebn e \u00e7mimeve t\u00eb produkteve ushqimore nga tregu n\u00eb treg. Nga nj\u00eb v\u00ebzhgim i b\u00ebr\u00eb n\u00eb tre nga","og_url":"https:\/\/www.visit-ulcinj.com\/blog\/2011\/12\/26\/podgorica-me-e-liraulqini-dhe-budva-me-cmime-te-larta\/","og_site_name":"Lajme nga Ulqini","article_published_time":"2011-12-26T10:13:44+00:00","article_modified_time":"2011-12-26T17:06:59+00:00","og_image":[{"url":"http:\/\/www.visit-ulcinj.com\/blog\/wp-content\/uploads\/2011\/12\/Tregu-i-gjelbert-Ulqin_picnik.jpg"}],"twitter_misc":{"Written by":"ulqini","Est. reading time":"2 minutes"},"schema":{"@context":"https:\/\/schema.org","@graph":[{"@type":"WebSite","@id":"https:\/\/www.visit-ulcinj.com\/blog\/#website","url":"https:\/\/www.visit-ulcinj.com\/blog\/","name":"Lajme nga Ulqini","description":"Lajme,Vijesti,Ulqini,Ulqin,Crna Gora,Mali i Zi","potentialAction":[{"@type":"SearchAction","target":{"@type":"EntryPoint","urlTemplate":"https:\/\/www.visit-ulcinj.com\/blog\/?s={search_term_string}"},"query-input":"required name=search_term_string"}],"inLanguage":"en-US"},{"@type":"ImageObject","inLanguage":"en-US","@id":"https:\/\/www.visit-ulcinj.com\/blog\/2011\/12\/26\/podgorica-me-e-liraulqini-dhe-budva-me-cmime-te-larta\/#primaryimage","url":"https:\/\/www.visit-ulcinj.com\/blog\/wp-content\/uploads\/2011\/12\/Tregu-i-gjelbert-Ulqin_picnik.jpg","contentUrl":"https:\/\/www.visit-ulcinj.com\/blog\/wp-content\/uploads\/2011\/12\/Tregu-i-gjelbert-Ulqin_picnik.jpg","width":"1021","height":"684"},{"@type":"WebPage","@id":"https:\/\/www.visit-ulcinj.com\/blog\/2011\/12\/26\/podgorica-me-e-liraulqini-dhe-budva-me-cmime-te-larta\/#webpage","url":"https:\/\/www.visit-ulcinj.com\/blog\/2011\/12\/26\/podgorica-me-e-liraulqini-dhe-budva-me-cmime-te-larta\/","name":"Podgorica me e lira,Ulqini dhe Budva me \u00e7mime te larta - Lajme nga Ulqini","isPartOf":{"@id":"https:\/\/www.visit-ulcinj.com\/blog\/#website"},"primaryImageOfPage":{"@id":"https:\/\/www.visit-ulcinj.com\/blog\/2011\/12\/26\/podgorica-me-e-liraulqini-dhe-budva-me-cmime-te-larta\/#primaryimage"},"datePublished":"2011-12-26T10:13:44+00:00","dateModified":"2011-12-26T17:06:59+00:00","author":{"@id":"https:\/\/www.visit-ulcinj.com\/blog\/#\/schema\/person\/dcab619c614d3038751c63bc2aadc06d"},"description":"\u00c7do dit\u00eb konsumator\u00ebt e qytetit t\u00eb Ulqinit p\u00ebrballen me diferenc\u00ebn e \u00e7mimeve t\u00eb produkteve ushqimore nga tregu n\u00eb treg. Nga nj\u00eb v\u00ebzhgim i b\u00ebr\u00eb n\u00eb tre nga","breadcrumb":{"@id":"https:\/\/www.visit-ulcinj.com\/blog\/2011\/12\/26\/podgorica-me-e-liraulqini-dhe-budva-me-cmime-te-larta\/#breadcrumb"},"inLanguage":"en-US","potentialAction":[{"@type":"ReadAction","target":["https:\/\/www.visit-ulcinj.com\/blog\/2011\/12\/26\/podgorica-me-e-liraulqini-dhe-budva-me-cmime-te-larta\/"]}]},{"@type":"BreadcrumbList","@id":"https:\/\/www.visit-ulcinj.com\/blog\/2011\/12\/26\/podgorica-me-e-liraulqini-dhe-budva-me-cmime-te-larta\/#breadcrumb","itemListElement":[{"@type":"ListItem","position":1,"name":"Podgorica me e lira,Ulqini dhe Budva me \u00e7mime te larta"}]},{"@type":"Person","@id":"https:\/\/www.visit-ulcinj.com\/blog\/#\/schema\/person\/dcab619c614d3038751c63bc2aadc06d","name":"ulqini","sameAs":["http:\/\/www.visit-ulcinj.com"],"url":"https:\/\/www.visit-ulcinj.com\/blog\/author\/admin\/"}]}},"jetpack_featured_media_url":"","jetpack_sharing_enabled":true,"jetpack_shortlink":"https:\/\/wp.me\/pe6lTn-ejs","_links":{"self":[{"href":"https:\/\/www.visit-ulcinj.com\/blog\/wp-json\/wp\/v2\/posts\/55022"}],"collection":[{"href":"https:\/\/www.visit-ulcinj.com\/blog\/wp-json\/wp\/v2\/posts"}],"about":[{"href":"https:\/\/www.visit-ulcinj.com\/blog\/wp-json\/wp\/v2\/types\/post"}],"author":[{"embeddable":true,"href":"https:\/\/www.visit-ulcinj.com\/blog\/wp-json\/wp\/v2\/users\/1"}],"replies":[{"embeddable":true,"href":"https:\/\/www.visit-ulcinj.com\/blog\/wp-json\/wp\/v2\/comments?post=55022"}],"version-history":[{"count":2,"href":"https:\/\/www.visit-ulcinj.com\/blog\/wp-json\/wp\/v2\/posts\/55022\/revisions"}],"predecessor-version":[{"id":55069,"href":"https:\/\/www.visit-ulcinj.com\/blog\/wp-json\/wp\/v2\/posts\/55022\/revisions\/55069"}],"wp:attachment":[{"href":"https:\/\/www.visit-ulcinj.com\/blog\/wp-json\/wp\/v2\/media?parent=55022"}],"wp:term":[{"taxonomy":"category","embeddable":true,"href":"https:\/\/www.visit-ulcinj.com\/blog\/wp-json\/wp\/v2\/categories?post=55022"},{"taxonomy":"post_tag","embeddable":true,"href":"https:\/\/www.visit-ulcinj.com\/blog\/wp-json\/wp\/v2\/tags?post=55022"}],"curies":[{"name":"wp","href":"https:\/\/api.w.org\/{rel}","templated":true}]}}