{"id":55032,"date":"2011-12-26T13:50:20","date_gmt":"2011-12-26T12:50:20","guid":{"rendered":"http:\/\/www.visit-ulcinj.com\/blog\/?p=55032"},"modified":"2011-12-26T13:50:20","modified_gmt":"2011-12-26T12:50:20","slug":"adelina-realizon-klipin-e-%e2%80%9cbehu-burre%e2%80%9d","status":"publish","type":"post","link":"https:\/\/www.visit-ulcinj.com\/blog\/2011\/12\/26\/adelina-realizon-klipin-e-%e2%80%9cbehu-burre%e2%80%9d\/","title":{"rendered":"Adelina realizon klipin e \u201cB\u00ebhu burr\u00eb\u201d"},"content":{"rendered":"<div id=\"attachment_55033\" style=\"width: 518px\" class=\"wp-caption alignleft\"><a href=\"http:\/\/www.visit-ulcinj.com\/blog\/wp-content\/uploads\/2011\/12\/Adelina-Emini.jpg\"><img aria-describedby=\"caption-attachment-55033\" loading=\"lazy\" class=\"size-full wp-image-55033 \" title=\"Adelina Emini\" src=\"http:\/\/www.visit-ulcinj.com\/blog\/wp-content\/uploads\/2011\/12\/Adelina-Emini.jpg\" alt=\"\" width=\"508\" height=\"379\" \/><\/a><p id=\"caption-attachment-55033\" class=\"wp-caption-text\">Foto: ARTAN KORENICA<\/p><\/div>\n<p><strong>Adelina Emini ka realizuar projektin e saj m\u00eb t\u00eb ri muzikor \u2013 ajo sapo ka lansuar klipin e k\u00ebng\u00ebs \u201cB\u00ebhu burr\u00eb\u201d.<\/strong><\/p>\n<p>\u201cB\u00ebhu burr\u00eb\u201d \u00ebsht\u00eb balad\u00eb e punuar nga producenti Genc Prelvukaj, nd\u00ebrsa videoklipi \u00ebsht\u00eb realizuar nga produksioni \u201cPulla\u201d.<\/p>\n<p>K\u00ebng\u00ebtarja kosovare m\u00eb her\u00ebt kishte realizuar edhe nj\u00eb projekt tjet\u00ebr me Genc Prelvukaj, duetin e titulluar \u201cTipsy\u201d.<\/p>\n<p>M\u00eb posht\u00eb mund ta d\u00ebgjoni k\u00ebng\u00ebs \u201cB\u00ebhu burr\u00eb\u201d t\u00eb shoq\u00ebruar me klip.<\/p>\n<p><strong>AlbNews<\/strong><\/p>\n<!--YouTube Error: bad URL entered-->\n","protected":false},"excerpt":{"rendered":"<p>Adelina Emini ka realizuar projektin e saj m\u00eb t\u00eb ri muzikor \u2013 ajo sapo ka lansuar klipin e k\u00ebng\u00ebs \u201cB\u00ebhu burr\u00eb\u201d. \u201cB\u00ebhu burr\u00eb\u201d \u00ebsht\u00eb balad\u00eb e punuar nga producenti Genc Prelvukaj, nd\u00ebrsa videoklipi \u00ebsht\u00eb realizuar nga produksioni \u201cPulla\u201d. K\u00ebng\u00ebtarja kosovare m\u00eb her\u00ebt kishte realizuar edhe nj\u00eb projekt tjet\u00ebr me Genc Prelvukaj, duetin e titulluar \u201cTipsy\u201d. [&hellip;]<\/p>\n","protected":false},"author":1,"featured_media":0,"comment_status":"open","ping_status":"closed","sticky":false,"template":"","format":"standard","meta":{"spay_email":"","jetpack_publicize_message":"","jetpack_is_tweetstorm":false,"jetpack_publicize_feature_enabled":true},"categories":[1],"tags":[17016,16036,19514,19511,19459,19513,6693,19679,4684,19460],"jetpack_publicize_connections":[],"yoast_head":"<!-- This site is optimized with the Yoast SEO plugin v19.1 - https:\/\/yoast.com\/wordpress\/plugins\/seo\/ -->\n<title>Adelina realizon klipin e \u201cB\u00ebhu burr\u00eb\u201d - Lajme nga Ulqini<\/title>\n<meta name=\"description\" content=\"Adelina Emini ka realizuar projektin e saj m\u00eb t\u00eb ri muzikor \u2013 ajo sapo ka lansuar klipin e k\u00ebng\u00ebs \u201cB\u00ebhu burr\u00eb\u201d. \u201cB\u00ebhu burr\u00eb\u201d \u00ebsht\u00eb balad\u00eb e punuar nga\" \/>\n<meta name=\"robots\" content=\"index, follow, max-snippet:-1, max-image-preview:large, max-video-preview:-1\" \/>\n<link rel=\"canonical\" href=\"https:\/\/www.visit-ulcinj.com\/blog\/2011\/12\/26\/adelina-realizon-klipin-e-\u201cbehu-burre\u201d\/\" \/>\n<meta property=\"og:locale\" content=\"en_US\" \/>\n<meta property=\"og:type\" content=\"article\" \/>\n<meta property=\"og:title\" content=\"Adelina realizon klipin e \u201cB\u00ebhu burr\u00eb\u201d - Lajme nga Ulqini\" \/>\n<meta property=\"og:description\" content=\"Adelina Emini ka realizuar projektin e saj m\u00eb t\u00eb ri muzikor \u2013 ajo sapo ka lansuar klipin e k\u00ebng\u00ebs \u201cB\u00ebhu burr\u00eb\u201d. \u201cB\u00ebhu burr\u00eb\u201d \u00ebsht\u00eb balad\u00eb e punuar nga\" \/>\n<meta property=\"og:url\" content=\"https:\/\/www.visit-ulcinj.com\/blog\/2011\/12\/26\/adelina-realizon-klipin-e-\u201cbehu-burre\u201d\/\" \/>\n<meta property=\"og:site_name\" content=\"Lajme nga Ulqini\" \/>\n<meta property=\"article:published_time\" content=\"2011-12-26T12:50:20+00:00\" \/>\n<meta property=\"og:image\" content=\"http:\/\/www.visit-ulcinj.com\/blog\/wp-content\/uploads\/2011\/12\/Adelina-Emini.jpg\" \/>\n<meta name=\"twitter:label1\" content=\"Written by\" \/>\n\t<meta name=\"twitter:data1\" content=\"ulqini\" \/>\n\t<meta name=\"twitter:label2\" content=\"Est. reading time\" \/>\n\t<meta name=\"twitter:data2\" content=\"1 minute\" \/>\n<script type=\"application\/ld+json\" class=\"yoast-schema-graph\">{\"@context\":\"https:\/\/schema.org\",\"@graph\":[{\"@type\":\"WebSite\",\"@id\":\"https:\/\/www.visit-ulcinj.com\/blog\/#website\",\"url\":\"https:\/\/www.visit-ulcinj.com\/blog\/\",\"name\":\"Lajme nga Ulqini\",\"description\":\"Lajme,Vijesti,Ulqini,Ulqin,Crna Gora,Mali i Zi\",\"potentialAction\":[{\"@type\":\"SearchAction\",\"target\":{\"@type\":\"EntryPoint\",\"urlTemplate\":\"https:\/\/www.visit-ulcinj.com\/blog\/?s={search_term_string}\"},\"query-input\":\"required name=search_term_string\"}],\"inLanguage\":\"en-US\"},{\"@type\":\"ImageObject\",\"inLanguage\":\"en-US\",\"@id\":\"https:\/\/www.visit-ulcinj.com\/blog\/2011\/12\/26\/adelina-realizon-klipin-e-%e2%80%9cbehu-burre%e2%80%9d\/#primaryimage\",\"url\":\"http:\/\/www.visit-ulcinj.com\/blog\/wp-content\/uploads\/2011\/12\/Adelina-Emini.jpg\",\"contentUrl\":\"http:\/\/www.visit-ulcinj.com\/blog\/wp-content\/uploads\/2011\/12\/Adelina-Emini.jpg\"},{\"@type\":\"WebPage\",\"@id\":\"https:\/\/www.visit-ulcinj.com\/blog\/2011\/12\/26\/adelina-realizon-klipin-e-%e2%80%9cbehu-burre%e2%80%9d\/#webpage\",\"url\":\"https:\/\/www.visit-ulcinj.com\/blog\/2011\/12\/26\/adelina-realizon-klipin-e-%e2%80%9cbehu-burre%e2%80%9d\/\",\"name\":\"Adelina realizon klipin e \u201cB\u00ebhu burr\u00eb\u201d - Lajme nga Ulqini\",\"isPartOf\":{\"@id\":\"https:\/\/www.visit-ulcinj.com\/blog\/#website\"},\"primaryImageOfPage\":{\"@id\":\"https:\/\/www.visit-ulcinj.com\/blog\/2011\/12\/26\/adelina-realizon-klipin-e-%e2%80%9cbehu-burre%e2%80%9d\/#primaryimage\"},\"datePublished\":\"2011-12-26T12:50:20+00:00\",\"dateModified\":\"2011-12-26T12:50:20+00:00\",\"author\":{\"@id\":\"https:\/\/www.visit-ulcinj.com\/blog\/#\/schema\/person\/dcab619c614d3038751c63bc2aadc06d\"},\"description\":\"Adelina Emini ka realizuar projektin e saj m\u00eb t\u00eb ri muzikor \u2013 ajo sapo ka lansuar klipin e k\u00ebng\u00ebs \u201cB\u00ebhu burr\u00eb\u201d. \u201cB\u00ebhu burr\u00eb\u201d \u00ebsht\u00eb balad\u00eb e punuar nga\",\"breadcrumb\":{\"@id\":\"https:\/\/www.visit-ulcinj.com\/blog\/2011\/12\/26\/adelina-realizon-klipin-e-%e2%80%9cbehu-burre%e2%80%9d\/#breadcrumb\"},\"inLanguage\":\"en-US\",\"potentialAction\":[{\"@type\":\"ReadAction\",\"target\":[\"https:\/\/www.visit-ulcinj.com\/blog\/2011\/12\/26\/adelina-realizon-klipin-e-%e2%80%9cbehu-burre%e2%80%9d\/\"]}]},{\"@type\":\"BreadcrumbList\",\"@id\":\"https:\/\/www.visit-ulcinj.com\/blog\/2011\/12\/26\/adelina-realizon-klipin-e-%e2%80%9cbehu-burre%e2%80%9d\/#breadcrumb\",\"itemListElement\":[{\"@type\":\"ListItem\",\"position\":1,\"name\":\"Adelina realizon klipin e \u201cB\u00ebhu burr\u00eb\u201d\"}]},{\"@type\":\"Person\",\"@id\":\"https:\/\/www.visit-ulcinj.com\/blog\/#\/schema\/person\/dcab619c614d3038751c63bc2aadc06d\",\"name\":\"ulqini\",\"sameAs\":[\"http:\/\/www.visit-ulcinj.com\"],\"url\":\"https:\/\/www.visit-ulcinj.com\/blog\/author\/admin\/\"}]}<\/script>\n<!-- \/ Yoast SEO plugin. -->","yoast_head_json":{"title":"Adelina realizon klipin e \u201cB\u00ebhu burr\u00eb\u201d - Lajme nga Ulqini","description":"Adelina Emini ka realizuar projektin e saj m\u00eb t\u00eb ri muzikor \u2013 ajo sapo ka lansuar klipin e k\u00ebng\u00ebs \u201cB\u00ebhu burr\u00eb\u201d. \u201cB\u00ebhu burr\u00eb\u201d \u00ebsht\u00eb balad\u00eb e punuar nga","robots":{"index":"index","follow":"follow","max-snippet":"max-snippet:-1","max-image-preview":"max-image-preview:large","max-video-preview":"max-video-preview:-1"},"canonical":"https:\/\/www.visit-ulcinj.com\/blog\/2011\/12\/26\/adelina-realizon-klipin-e-\u201cbehu-burre\u201d\/","og_locale":"en_US","og_type":"article","og_title":"Adelina realizon klipin e \u201cB\u00ebhu burr\u00eb\u201d - Lajme nga Ulqini","og_description":"Adelina Emini ka realizuar projektin e saj m\u00eb t\u00eb ri muzikor \u2013 ajo sapo ka lansuar klipin e k\u00ebng\u00ebs \u201cB\u00ebhu burr\u00eb\u201d. \u201cB\u00ebhu burr\u00eb\u201d \u00ebsht\u00eb balad\u00eb e punuar nga","og_url":"https:\/\/www.visit-ulcinj.com\/blog\/2011\/12\/26\/adelina-realizon-klipin-e-\u201cbehu-burre\u201d\/","og_site_name":"Lajme nga Ulqini","article_published_time":"2011-12-26T12:50:20+00:00","og_image":[{"url":"http:\/\/www.visit-ulcinj.com\/blog\/wp-content\/uploads\/2011\/12\/Adelina-Emini.jpg"}],"twitter_misc":{"Written by":"ulqini","Est. reading time":"1 minute"},"schema":{"@context":"https:\/\/schema.org","@graph":[{"@type":"WebSite","@id":"https:\/\/www.visit-ulcinj.com\/blog\/#website","url":"https:\/\/www.visit-ulcinj.com\/blog\/","name":"Lajme nga Ulqini","description":"Lajme,Vijesti,Ulqini,Ulqin,Crna Gora,Mali i Zi","potentialAction":[{"@type":"SearchAction","target":{"@type":"EntryPoint","urlTemplate":"https:\/\/www.visit-ulcinj.com\/blog\/?s={search_term_string}"},"query-input":"required name=search_term_string"}],"inLanguage":"en-US"},{"@type":"ImageObject","inLanguage":"en-US","@id":"https:\/\/www.visit-ulcinj.com\/blog\/2011\/12\/26\/adelina-realizon-klipin-e-%e2%80%9cbehu-burre%e2%80%9d\/#primaryimage","url":"http:\/\/www.visit-ulcinj.com\/blog\/wp-content\/uploads\/2011\/12\/Adelina-Emini.jpg","contentUrl":"http:\/\/www.visit-ulcinj.com\/blog\/wp-content\/uploads\/2011\/12\/Adelina-Emini.jpg"},{"@type":"WebPage","@id":"https:\/\/www.visit-ulcinj.com\/blog\/2011\/12\/26\/adelina-realizon-klipin-e-%e2%80%9cbehu-burre%e2%80%9d\/#webpage","url":"https:\/\/www.visit-ulcinj.com\/blog\/2011\/12\/26\/adelina-realizon-klipin-e-%e2%80%9cbehu-burre%e2%80%9d\/","name":"Adelina realizon klipin e \u201cB\u00ebhu burr\u00eb\u201d - Lajme nga Ulqini","isPartOf":{"@id":"https:\/\/www.visit-ulcinj.com\/blog\/#website"},"primaryImageOfPage":{"@id":"https:\/\/www.visit-ulcinj.com\/blog\/2011\/12\/26\/adelina-realizon-klipin-e-%e2%80%9cbehu-burre%e2%80%9d\/#primaryimage"},"datePublished":"2011-12-26T12:50:20+00:00","dateModified":"2011-12-26T12:50:20+00:00","author":{"@id":"https:\/\/www.visit-ulcinj.com\/blog\/#\/schema\/person\/dcab619c614d3038751c63bc2aadc06d"},"description":"Adelina Emini ka realizuar projektin e saj m\u00eb t\u00eb ri muzikor \u2013 ajo sapo ka lansuar klipin e k\u00ebng\u00ebs \u201cB\u00ebhu burr\u00eb\u201d. \u201cB\u00ebhu burr\u00eb\u201d \u00ebsht\u00eb balad\u00eb e punuar nga","breadcrumb":{"@id":"https:\/\/www.visit-ulcinj.com\/blog\/2011\/12\/26\/adelina-realizon-klipin-e-%e2%80%9cbehu-burre%e2%80%9d\/#breadcrumb"},"inLanguage":"en-US","potentialAction":[{"@type":"ReadAction","target":["https:\/\/www.visit-ulcinj.com\/blog\/2011\/12\/26\/adelina-realizon-klipin-e-%e2%80%9cbehu-burre%e2%80%9d\/"]}]},{"@type":"BreadcrumbList","@id":"https:\/\/www.visit-ulcinj.com\/blog\/2011\/12\/26\/adelina-realizon-klipin-e-%e2%80%9cbehu-burre%e2%80%9d\/#breadcrumb","itemListElement":[{"@type":"ListItem","position":1,"name":"Adelina realizon klipin e \u201cB\u00ebhu burr\u00eb\u201d"}]},{"@type":"Person","@id":"https:\/\/www.visit-ulcinj.com\/blog\/#\/schema\/person\/dcab619c614d3038751c63bc2aadc06d","name":"ulqini","sameAs":["http:\/\/www.visit-ulcinj.com"],"url":"https:\/\/www.visit-ulcinj.com\/blog\/author\/admin\/"}]}},"jetpack_featured_media_url":"","jetpack_sharing_enabled":true,"jetpack_shortlink":"https:\/\/wp.me\/pe6lTn-ejC","_links":{"self":[{"href":"https:\/\/www.visit-ulcinj.com\/blog\/wp-json\/wp\/v2\/posts\/55032"}],"collection":[{"href":"https:\/\/www.visit-ulcinj.com\/blog\/wp-json\/wp\/v2\/posts"}],"about":[{"href":"https:\/\/www.visit-ulcinj.com\/blog\/wp-json\/wp\/v2\/types\/post"}],"author":[{"embeddable":true,"href":"https:\/\/www.visit-ulcinj.com\/blog\/wp-json\/wp\/v2\/users\/1"}],"replies":[{"embeddable":true,"href":"https:\/\/www.visit-ulcinj.com\/blog\/wp-json\/wp\/v2\/comments?post=55032"}],"version-history":[{"count":2,"href":"https:\/\/www.visit-ulcinj.com\/blog\/wp-json\/wp\/v2\/posts\/55032\/revisions"}],"predecessor-version":[{"id":55035,"href":"https:\/\/www.visit-ulcinj.com\/blog\/wp-json\/wp\/v2\/posts\/55032\/revisions\/55035"}],"wp:attachment":[{"href":"https:\/\/www.visit-ulcinj.com\/blog\/wp-json\/wp\/v2\/media?parent=55032"}],"wp:term":[{"taxonomy":"category","embeddable":true,"href":"https:\/\/www.visit-ulcinj.com\/blog\/wp-json\/wp\/v2\/categories?post=55032"},{"taxonomy":"post_tag","embeddable":true,"href":"https:\/\/www.visit-ulcinj.com\/blog\/wp-json\/wp\/v2\/tags?post=55032"}],"curies":[{"name":"wp","href":"https:\/\/api.w.org\/{rel}","templated":true}]}}