{"id":55037,"date":"2011-12-26T14:02:03","date_gmt":"2011-12-26T13:02:03","guid":{"rendered":"http:\/\/www.visit-ulcinj.com\/blog\/?p=55037"},"modified":"2011-12-26T14:05:58","modified_gmt":"2011-12-26T13:05:58","slug":"princ-leka-pas-humbjes-se-babait-shtyn-martesen","status":"publish","type":"post","link":"https:\/\/www.visit-ulcinj.com\/blog\/2011\/12\/26\/princ-leka-pas-humbjes-se-babait-shtyn-martesen\/","title":{"rendered":"Princ Leka, pas humbjes s\u00eb babait shtyn martes\u00ebn"},"content":{"rendered":"<p><a href=\"http:\/\/www.visit-ulcinj.com\/blog\/wp-content\/uploads\/2011\/12\/Princ-Leka-shtyn-martes%C3%ABn.jpg\"><img loading=\"lazy\" class=\"alignleft size-full wp-image-55038\" title=\"Princ Leka shtyn martes\u00ebn\" src=\"http:\/\/www.visit-ulcinj.com\/blog\/wp-content\/uploads\/2011\/12\/Princ-Leka-shtyn-martes%C3%ABn.jpg\" alt=\"\" width=\"508\" height=\"620\" \/><\/a>Ka mbetur trash\u00ebgimtari i vet\u00ebm p\u00ebr fronin mbret\u00ebror shqiptar. Ashtu si edhe babai i tij, Leka I, q\u00eb nd\u00ebrroi jet\u00eb disa jav\u00eb m\u00eb par\u00eb, edhe Leka II \u00ebsht\u00eb n\u00eb rolin e pretendentit. Por edhe n\u00eb rolin ku kudo \u00ebsht\u00eb i par\u00eb tashm\u00eb. Si i till\u00eb, ai nuk mund t\u00eb mungonte n\u00eb jubileun e televizionit \u201cTop Channel\u201d. I shoq\u00ebruar nga e fejuara e tij, Elia Zaharia, kjo ishte dalja e par\u00eb publike e \u00e7iftit pas zis\u00eb 6-javore n\u00eb Pallatin Mbret\u00ebror.<\/p>\n<p><a href=\"http:\/\/www.visit-ulcinj.com\/blog\/wp-content\/uploads\/2011\/12\/princi_dhe_elia.jpg\"><img loading=\"lazy\" class=\"alignleft size-full wp-image-55039\" title=\"princi_dhe_elia\" src=\"http:\/\/www.visit-ulcinj.com\/blog\/wp-content\/uploads\/2011\/12\/princi_dhe_elia.jpg\" alt=\"\" width=\"300\" height=\"364\" srcset=\"https:\/\/www.visit-ulcinj.com\/blog\/wp-content\/uploads\/2011\/12\/princi_dhe_elia.jpg 300w, https:\/\/www.visit-ulcinj.com\/blog\/wp-content\/uploads\/2011\/12\/princi_dhe_elia-247x300.jpg 247w\" sizes=\"(max-width: 300px) 100vw, 300px\" \/><\/a>Dalje sa u p\u00ebrket festave, pasi p\u00ebr ceremoni t\u00eb tjera Leka II u shfaq n\u00eb publik ende pa u mbushur 24 or\u00eb nga varrimi i babait. Nj\u00eb sjellje q\u00eb u vler\u00ebsua n\u00eb fakt, pasi b\u00ebhej fjal\u00eb p\u00ebr homazhet e shkrimtarit dhe politikanit Sabri Godo.<br \/>\nVdekja e t\u00eb atit duket se ka prishur edhe planet e martes\u00ebs s\u00eb tyre. E planifikuar q\u00eb ceremonia e kuror\u00ebzimit t\u00eb mbahej n\u00eb fund t\u00eb vitit 2012, dasma tashm\u00eb \u00ebsht\u00eb shtyr\u00eb me nj\u00eb tjet\u00ebr vit. Burime pran\u00eb Pallatit Mbret\u00ebror na treguan se \u201cpavar\u00ebsisht se Leka I vuante prej koh\u00ebsh, asnj\u00eb prej familjar\u00ebve dhe t\u00eb af\u00ebrm\u00ebve nuk e kishin pritur vdekjen e tij. Vet\u00eb ai kishte b\u00ebr\u00eb shum\u00eb plane p\u00ebr t\u00eb birin, p\u00ebrfshir\u00eb edhe dasm\u00ebn. Gjith\u00e7ka mendohej p\u00ebr vitin 2012, kur ishte dhe ribashkimi i eshtrave familjare n\u00eb nj\u00eb varrez\u00eb t\u00eb p\u00ebrbashk\u00ebt n\u00eb 100-vjetorin e Pavar\u00ebsis\u00eb, pra m\u00eb 28 N\u00ebntor. Direkt pas k\u00ebsaj ceremonie do t\u00eb vinte dasma e princ Lek\u00ebs q\u00eb do t\u00eb p\u00ebrmbyllte g\u00ebzimet e k\u00ebsaj familjeje. Ishte menduar edhe se si do t\u00eb organizohej, ku do t\u00eb b\u00ebhej, cil\u00ebt do ishin t\u00eb ftuarit etj., por pas vdekjes s\u00eb Lek\u00ebs I, gjith\u00e7ka \u00ebsht\u00eb shtyr\u00eb p\u00ebr n\u00eb vitin 2013\u201d. Sa i p\u00ebrket Lek\u00ebs II, ai vijon t\u00eb mbetet princ p\u00ebr publikun dhe mbret p\u00ebr Oborrin e tij.<\/p>\n<p><strong>Panorama Plus<br \/>\n<!--YouTube Error: bad URL entered--><br \/>\n<\/strong><\/p>\n","protected":false},"excerpt":{"rendered":"<p>Ka mbetur trash\u00ebgimtari i vet\u00ebm p\u00ebr fronin mbret\u00ebror shqiptar. Ashtu si edhe babai i tij, Leka I, q\u00eb nd\u00ebrroi jet\u00eb disa jav\u00eb m\u00eb par\u00eb, edhe Leka II \u00ebsht\u00eb n\u00eb rolin e pretendentit. Por edhe n\u00eb rolin ku kudo \u00ebsht\u00eb i par\u00eb tashm\u00eb. Si i till\u00eb, ai nuk mund t\u00eb mungonte n\u00eb jubileun e televizionit \u201cTop [&hellip;]<\/p>\n","protected":false},"author":1,"featured_media":0,"comment_status":"open","ping_status":"closed","sticky":false,"template":"","format":"standard","meta":{"spay_email":"","jetpack_publicize_message":"","jetpack_is_tweetstorm":false,"jetpack_publicize_feature_enabled":true},"categories":[1],"tags":[19694],"jetpack_publicize_connections":[],"yoast_head":"<!-- This site is optimized with the Yoast SEO plugin v19.1 - https:\/\/yoast.com\/wordpress\/plugins\/seo\/ -->\n<title>Princ Leka, pas humbjes s\u00eb babait shtyn martes\u00ebn - Lajme nga Ulqini<\/title>\n<meta name=\"description\" content=\"Ka mbetur trash\u00ebgimtari i vet\u00ebm p\u00ebr fronin mbret\u00ebror shqiptar. Ashtu si edhe babai i tij, Leka I, q\u00eb nd\u00ebrroi jet\u00eb disa jav\u00eb m\u00eb par\u00eb, edhe Leka II \u00ebsht\u00eb n\u00eb\" \/>\n<meta name=\"robots\" content=\"index, follow, max-snippet:-1, max-image-preview:large, max-video-preview:-1\" \/>\n<link rel=\"canonical\" href=\"https:\/\/www.visit-ulcinj.com\/blog\/2011\/12\/26\/princ-leka-pas-humbjes-se-babait-shtyn-martesen\/\" \/>\n<meta property=\"og:locale\" content=\"en_US\" \/>\n<meta property=\"og:type\" content=\"article\" \/>\n<meta property=\"og:title\" content=\"Princ Leka, pas humbjes s\u00eb babait shtyn martes\u00ebn - Lajme nga Ulqini\" \/>\n<meta property=\"og:description\" content=\"Ka mbetur trash\u00ebgimtari i vet\u00ebm p\u00ebr fronin mbret\u00ebror shqiptar. Ashtu si edhe babai i tij, Leka I, q\u00eb nd\u00ebrroi jet\u00eb disa jav\u00eb m\u00eb par\u00eb, edhe Leka II \u00ebsht\u00eb n\u00eb\" \/>\n<meta property=\"og:url\" content=\"https:\/\/www.visit-ulcinj.com\/blog\/2011\/12\/26\/princ-leka-pas-humbjes-se-babait-shtyn-martesen\/\" \/>\n<meta property=\"og:site_name\" content=\"Lajme nga Ulqini\" \/>\n<meta property=\"article:published_time\" content=\"2011-12-26T13:02:03+00:00\" \/>\n<meta property=\"article:modified_time\" content=\"2011-12-26T13:05:58+00:00\" \/>\n<meta property=\"og:image\" content=\"http:\/\/www.visit-ulcinj.com\/blog\/wp-content\/uploads\/2011\/12\/Princ-Leka-shtyn-martes%C3%ABn.jpg\" \/>\n<meta name=\"twitter:label1\" content=\"Written by\" \/>\n\t<meta name=\"twitter:data1\" content=\"ulqini\" \/>\n\t<meta name=\"twitter:label2\" content=\"Est. reading time\" \/>\n\t<meta name=\"twitter:data2\" content=\"2 minutes\" \/>\n<script type=\"application\/ld+json\" class=\"yoast-schema-graph\">{\"@context\":\"https:\/\/schema.org\",\"@graph\":[{\"@type\":\"WebSite\",\"@id\":\"https:\/\/www.visit-ulcinj.com\/blog\/#website\",\"url\":\"https:\/\/www.visit-ulcinj.com\/blog\/\",\"name\":\"Lajme nga Ulqini\",\"description\":\"Lajme,Vijesti,Ulqini,Ulqin,Crna Gora,Mali i Zi\",\"potentialAction\":[{\"@type\":\"SearchAction\",\"target\":{\"@type\":\"EntryPoint\",\"urlTemplate\":\"https:\/\/www.visit-ulcinj.com\/blog\/?s={search_term_string}\"},\"query-input\":\"required name=search_term_string\"}],\"inLanguage\":\"en-US\"},{\"@type\":\"ImageObject\",\"inLanguage\":\"en-US\",\"@id\":\"https:\/\/www.visit-ulcinj.com\/blog\/2011\/12\/26\/princ-leka-pas-humbjes-se-babait-shtyn-martesen\/#primaryimage\",\"url\":\"http:\/\/www.visit-ulcinj.com\/blog\/wp-content\/uploads\/2011\/12\/Princ-Leka-shtyn-martes%C3%ABn.jpg\",\"contentUrl\":\"http:\/\/www.visit-ulcinj.com\/blog\/wp-content\/uploads\/2011\/12\/Princ-Leka-shtyn-martes%C3%ABn.jpg\"},{\"@type\":\"WebPage\",\"@id\":\"https:\/\/www.visit-ulcinj.com\/blog\/2011\/12\/26\/princ-leka-pas-humbjes-se-babait-shtyn-martesen\/#webpage\",\"url\":\"https:\/\/www.visit-ulcinj.com\/blog\/2011\/12\/26\/princ-leka-pas-humbjes-se-babait-shtyn-martesen\/\",\"name\":\"Princ Leka, pas humbjes s\u00eb babait shtyn martes\u00ebn - Lajme nga Ulqini\",\"isPartOf\":{\"@id\":\"https:\/\/www.visit-ulcinj.com\/blog\/#website\"},\"primaryImageOfPage\":{\"@id\":\"https:\/\/www.visit-ulcinj.com\/blog\/2011\/12\/26\/princ-leka-pas-humbjes-se-babait-shtyn-martesen\/#primaryimage\"},\"datePublished\":\"2011-12-26T13:02:03+00:00\",\"dateModified\":\"2011-12-26T13:05:58+00:00\",\"author\":{\"@id\":\"https:\/\/www.visit-ulcinj.com\/blog\/#\/schema\/person\/dcab619c614d3038751c63bc2aadc06d\"},\"description\":\"Ka mbetur trash\u00ebgimtari i vet\u00ebm p\u00ebr fronin mbret\u00ebror shqiptar. Ashtu si edhe babai i tij, Leka I, q\u00eb nd\u00ebrroi jet\u00eb disa jav\u00eb m\u00eb par\u00eb, edhe Leka II \u00ebsht\u00eb n\u00eb\",\"breadcrumb\":{\"@id\":\"https:\/\/www.visit-ulcinj.com\/blog\/2011\/12\/26\/princ-leka-pas-humbjes-se-babait-shtyn-martesen\/#breadcrumb\"},\"inLanguage\":\"en-US\",\"potentialAction\":[{\"@type\":\"ReadAction\",\"target\":[\"https:\/\/www.visit-ulcinj.com\/blog\/2011\/12\/26\/princ-leka-pas-humbjes-se-babait-shtyn-martesen\/\"]}]},{\"@type\":\"BreadcrumbList\",\"@id\":\"https:\/\/www.visit-ulcinj.com\/blog\/2011\/12\/26\/princ-leka-pas-humbjes-se-babait-shtyn-martesen\/#breadcrumb\",\"itemListElement\":[{\"@type\":\"ListItem\",\"position\":1,\"name\":\"Princ Leka, pas humbjes s\u00eb babait shtyn martes\u00ebn\"}]},{\"@type\":\"Person\",\"@id\":\"https:\/\/www.visit-ulcinj.com\/blog\/#\/schema\/person\/dcab619c614d3038751c63bc2aadc06d\",\"name\":\"ulqini\",\"sameAs\":[\"http:\/\/www.visit-ulcinj.com\"],\"url\":\"https:\/\/www.visit-ulcinj.com\/blog\/author\/admin\/\"}]}<\/script>\n<!-- \/ Yoast SEO plugin. -->","yoast_head_json":{"title":"Princ Leka, pas humbjes s\u00eb babait shtyn martes\u00ebn - Lajme nga Ulqini","description":"Ka mbetur trash\u00ebgimtari i vet\u00ebm p\u00ebr fronin mbret\u00ebror shqiptar. Ashtu si edhe babai i tij, Leka I, q\u00eb nd\u00ebrroi jet\u00eb disa jav\u00eb m\u00eb par\u00eb, edhe Leka II \u00ebsht\u00eb n\u00eb","robots":{"index":"index","follow":"follow","max-snippet":"max-snippet:-1","max-image-preview":"max-image-preview:large","max-video-preview":"max-video-preview:-1"},"canonical":"https:\/\/www.visit-ulcinj.com\/blog\/2011\/12\/26\/princ-leka-pas-humbjes-se-babait-shtyn-martesen\/","og_locale":"en_US","og_type":"article","og_title":"Princ Leka, pas humbjes s\u00eb babait shtyn martes\u00ebn - Lajme nga Ulqini","og_description":"Ka mbetur trash\u00ebgimtari i vet\u00ebm p\u00ebr fronin mbret\u00ebror shqiptar. Ashtu si edhe babai i tij, Leka I, q\u00eb nd\u00ebrroi jet\u00eb disa jav\u00eb m\u00eb par\u00eb, edhe Leka II \u00ebsht\u00eb n\u00eb","og_url":"https:\/\/www.visit-ulcinj.com\/blog\/2011\/12\/26\/princ-leka-pas-humbjes-se-babait-shtyn-martesen\/","og_site_name":"Lajme nga Ulqini","article_published_time":"2011-12-26T13:02:03+00:00","article_modified_time":"2011-12-26T13:05:58+00:00","og_image":[{"url":"http:\/\/www.visit-ulcinj.com\/blog\/wp-content\/uploads\/2011\/12\/Princ-Leka-shtyn-martes%C3%ABn.jpg"}],"twitter_misc":{"Written by":"ulqini","Est. reading time":"2 minutes"},"schema":{"@context":"https:\/\/schema.org","@graph":[{"@type":"WebSite","@id":"https:\/\/www.visit-ulcinj.com\/blog\/#website","url":"https:\/\/www.visit-ulcinj.com\/blog\/","name":"Lajme nga Ulqini","description":"Lajme,Vijesti,Ulqini,Ulqin,Crna Gora,Mali i Zi","potentialAction":[{"@type":"SearchAction","target":{"@type":"EntryPoint","urlTemplate":"https:\/\/www.visit-ulcinj.com\/blog\/?s={search_term_string}"},"query-input":"required name=search_term_string"}],"inLanguage":"en-US"},{"@type":"ImageObject","inLanguage":"en-US","@id":"https:\/\/www.visit-ulcinj.com\/blog\/2011\/12\/26\/princ-leka-pas-humbjes-se-babait-shtyn-martesen\/#primaryimage","url":"http:\/\/www.visit-ulcinj.com\/blog\/wp-content\/uploads\/2011\/12\/Princ-Leka-shtyn-martes%C3%ABn.jpg","contentUrl":"http:\/\/www.visit-ulcinj.com\/blog\/wp-content\/uploads\/2011\/12\/Princ-Leka-shtyn-martes%C3%ABn.jpg"},{"@type":"WebPage","@id":"https:\/\/www.visit-ulcinj.com\/blog\/2011\/12\/26\/princ-leka-pas-humbjes-se-babait-shtyn-martesen\/#webpage","url":"https:\/\/www.visit-ulcinj.com\/blog\/2011\/12\/26\/princ-leka-pas-humbjes-se-babait-shtyn-martesen\/","name":"Princ Leka, pas humbjes s\u00eb babait shtyn martes\u00ebn - Lajme nga Ulqini","isPartOf":{"@id":"https:\/\/www.visit-ulcinj.com\/blog\/#website"},"primaryImageOfPage":{"@id":"https:\/\/www.visit-ulcinj.com\/blog\/2011\/12\/26\/princ-leka-pas-humbjes-se-babait-shtyn-martesen\/#primaryimage"},"datePublished":"2011-12-26T13:02:03+00:00","dateModified":"2011-12-26T13:05:58+00:00","author":{"@id":"https:\/\/www.visit-ulcinj.com\/blog\/#\/schema\/person\/dcab619c614d3038751c63bc2aadc06d"},"description":"Ka mbetur trash\u00ebgimtari i vet\u00ebm p\u00ebr fronin mbret\u00ebror shqiptar. Ashtu si edhe babai i tij, Leka I, q\u00eb nd\u00ebrroi jet\u00eb disa jav\u00eb m\u00eb par\u00eb, edhe Leka II \u00ebsht\u00eb n\u00eb","breadcrumb":{"@id":"https:\/\/www.visit-ulcinj.com\/blog\/2011\/12\/26\/princ-leka-pas-humbjes-se-babait-shtyn-martesen\/#breadcrumb"},"inLanguage":"en-US","potentialAction":[{"@type":"ReadAction","target":["https:\/\/www.visit-ulcinj.com\/blog\/2011\/12\/26\/princ-leka-pas-humbjes-se-babait-shtyn-martesen\/"]}]},{"@type":"BreadcrumbList","@id":"https:\/\/www.visit-ulcinj.com\/blog\/2011\/12\/26\/princ-leka-pas-humbjes-se-babait-shtyn-martesen\/#breadcrumb","itemListElement":[{"@type":"ListItem","position":1,"name":"Princ Leka, pas humbjes s\u00eb babait shtyn martes\u00ebn"}]},{"@type":"Person","@id":"https:\/\/www.visit-ulcinj.com\/blog\/#\/schema\/person\/dcab619c614d3038751c63bc2aadc06d","name":"ulqini","sameAs":["http:\/\/www.visit-ulcinj.com"],"url":"https:\/\/www.visit-ulcinj.com\/blog\/author\/admin\/"}]}},"jetpack_featured_media_url":"","jetpack_sharing_enabled":true,"jetpack_shortlink":"https:\/\/wp.me\/pe6lTn-ejH","_links":{"self":[{"href":"https:\/\/www.visit-ulcinj.com\/blog\/wp-json\/wp\/v2\/posts\/55037"}],"collection":[{"href":"https:\/\/www.visit-ulcinj.com\/blog\/wp-json\/wp\/v2\/posts"}],"about":[{"href":"https:\/\/www.visit-ulcinj.com\/blog\/wp-json\/wp\/v2\/types\/post"}],"author":[{"embeddable":true,"href":"https:\/\/www.visit-ulcinj.com\/blog\/wp-json\/wp\/v2\/users\/1"}],"replies":[{"embeddable":true,"href":"https:\/\/www.visit-ulcinj.com\/blog\/wp-json\/wp\/v2\/comments?post=55037"}],"version-history":[{"count":2,"href":"https:\/\/www.visit-ulcinj.com\/blog\/wp-json\/wp\/v2\/posts\/55037\/revisions"}],"predecessor-version":[{"id":55041,"href":"https:\/\/www.visit-ulcinj.com\/blog\/wp-json\/wp\/v2\/posts\/55037\/revisions\/55041"}],"wp:attachment":[{"href":"https:\/\/www.visit-ulcinj.com\/blog\/wp-json\/wp\/v2\/media?parent=55037"}],"wp:term":[{"taxonomy":"category","embeddable":true,"href":"https:\/\/www.visit-ulcinj.com\/blog\/wp-json\/wp\/v2\/categories?post=55037"},{"taxonomy":"post_tag","embeddable":true,"href":"https:\/\/www.visit-ulcinj.com\/blog\/wp-json\/wp\/v2\/tags?post=55037"}],"curies":[{"name":"wp","href":"https:\/\/api.w.org\/{rel}","templated":true}]}}