{"id":55062,"date":"2011-12-26T18:05:08","date_gmt":"2011-12-26T17:05:08","guid":{"rendered":"http:\/\/www.visit-ulcinj.com\/blog\/?p=55062"},"modified":"2011-12-26T22:38:54","modified_gmt":"2011-12-26T21:38:54","slug":"fikret-dushku-trajneri-me-i-mire-per-vitin-2011-ne-komunen-e-ulqinit","status":"publish","type":"post","link":"https:\/\/www.visit-ulcinj.com\/blog\/2011\/12\/26\/fikret-dushku-trajneri-me-i-mire-per-vitin-2011-ne-komunen-e-ulqinit\/","title":{"rendered":"Fikret Dushku trajneri m\u00eb i mir\u00eb p\u00ebr vitin 2011 n\u00eb komun\u00ebn e Ulqinit"},"content":{"rendered":"<p><a href=\"http:\/\/www.visit-ulcinj.com\/blog\/2011\/12\/26\/fikret-dushku-trajneri-me-i-mire-per-vitin-2011-ne-komunen-e-ulqinit\/fikret-dushku-trajneri-me-i-mire-per-vitin-2011-ne-komunen-e-ulqinit\/\" rel=\"attachment wp-att-55063\"><img loading=\"lazy\" class=\"alignleft size-full wp-image-55063\" title=\"Fikret Dushku trajneri m\u00eb i mir\u00eb p\u00ebr vitin 2011 n\u00eb komun\u00ebn e Ulqinit\" src=\"http:\/\/www.visit-ulcinj.com\/blog\/wp-content\/uploads\/2011\/12\/Fikret-Dushku-trajneri-m%C3%AB-i-mir%C3%AB-p%C3%ABr-vitin-2011-n%C3%AB-komun%C3%ABn-e-Ulqinit.jpg\" alt=\"\" width=\"508\" height=\"380\" \/><\/a>Me dat\u00eb 26.12.2011 Komuna Ulqinit shpalli zyrtarisht\u00eb sportist\u00ebt m\u00eb t\u00eb suksesh\u00ebm p\u00ebr vitin 2011.<\/p>\n<p>Nga klubi i Taekwondo-s\u00eb Ulqini kryetrajneri i k\u00ebtij klubi Fikret Dushku u shpall\u00eb trajneri m\u00eb i suksesh\u00ebm p\u00ebr vitin 2011.<\/p>\n<p>Si selektor i Malit t\u00eb Zi p\u00ebr Junior dhe Forma, poashtu p\u00ebrfaqsues i Malit t\u00eb Zi n\u00eb forma, pjesmarr\u00ebs n\u00eb kampionatin europin p\u00ebr junior dhe forma, trajner\u00eb interncional i cili me sukses e kaloi seminarin 20 ditor\u00eb n\u00eb Koren e Jugut, fitues i 172 medaljeve dhe 12 kupave p\u00ebrgjate vitin 2011, fitues i kup\u00ebs s\u00eb Malit t\u00eb Zi, si dhe pjesmarr\u00ebs n\u00eb turne t\u00eb ndryeshme komb\u00ebtare dhe nd\u00ebrkomb\u00ebrate, me k\u00ebt\u00eb rezultat t\u00eb arritur gjat\u00eb k\u00ebtij viti vjen edhe shp\u00ebrblimi nga Komuna e Ulqinit si trajneri m\u00eb i suksesh\u00ebm p\u00ebr vitin 2011.<\/p>\n<!--YouTube Error: bad URL entered-->\n","protected":false},"excerpt":{"rendered":"<p>Me dat\u00eb 26.12.2011 Komuna Ulqinit shpalli zyrtarisht\u00eb sportist\u00ebt m\u00eb t\u00eb suksesh\u00ebm p\u00ebr vitin 2011. Nga klubi i Taekwondo-s\u00eb Ulqini kryetrajneri i k\u00ebtij klubi Fikret Dushku u shpall\u00eb trajneri m\u00eb i suksesh\u00ebm p\u00ebr vitin 2011. Si selektor i Malit t\u00eb Zi p\u00ebr Junior dhe Forma, poashtu p\u00ebrfaqsues i Malit t\u00eb Zi n\u00eb forma, pjesmarr\u00ebs n\u00eb kampionatin [&hellip;]<\/p>\n","protected":false},"author":1,"featured_media":0,"comment_status":"open","ping_status":"closed","sticky":false,"template":"","format":"standard","meta":{"spay_email":"","jetpack_publicize_message":"","jetpack_is_tweetstorm":false,"jetpack_publicize_feature_enabled":true},"categories":[1,3],"tags":[5926,6336,297,118],"jetpack_publicize_connections":[],"yoast_head":"<!-- This site is optimized with the Yoast SEO plugin v19.1 - https:\/\/yoast.com\/wordpress\/plugins\/seo\/ -->\n<title>Fikret Dushku trajneri m\u00eb i mir\u00eb p\u00ebr vitin 2011 n\u00eb komun\u00ebn e Ulqinit - Lajme nga Ulqini<\/title>\n<meta name=\"description\" content=\"Me dat\u00eb 26.12.2011 Komuna Ulqinit shpalli zyrtarisht\u00eb sportist\u00ebt m\u00eb t\u00eb suksesh\u00ebm p\u00ebr vitin 2011. Nga klubi i Taekwondo-s\u00eb Ulqini kryetrajneri i k\u00ebtij\" \/>\n<meta name=\"robots\" content=\"index, follow, max-snippet:-1, max-image-preview:large, max-video-preview:-1\" \/>\n<link rel=\"canonical\" href=\"https:\/\/www.visit-ulcinj.com\/blog\/2011\/12\/26\/fikret-dushku-trajneri-me-i-mire-per-vitin-2011-ne-komunen-e-ulqinit\/\" \/>\n<meta property=\"og:locale\" content=\"en_US\" \/>\n<meta property=\"og:type\" content=\"article\" \/>\n<meta property=\"og:title\" content=\"Fikret Dushku trajneri m\u00eb i mir\u00eb p\u00ebr vitin 2011 n\u00eb komun\u00ebn e Ulqinit - Lajme nga Ulqini\" \/>\n<meta property=\"og:description\" content=\"Me dat\u00eb 26.12.2011 Komuna Ulqinit shpalli zyrtarisht\u00eb sportist\u00ebt m\u00eb t\u00eb suksesh\u00ebm p\u00ebr vitin 2011. Nga klubi i Taekwondo-s\u00eb Ulqini kryetrajneri i k\u00ebtij\" \/>\n<meta property=\"og:url\" content=\"https:\/\/www.visit-ulcinj.com\/blog\/2011\/12\/26\/fikret-dushku-trajneri-me-i-mire-per-vitin-2011-ne-komunen-e-ulqinit\/\" \/>\n<meta property=\"og:site_name\" content=\"Lajme nga Ulqini\" \/>\n<meta property=\"article:published_time\" content=\"2011-12-26T17:05:08+00:00\" \/>\n<meta property=\"article:modified_time\" content=\"2011-12-26T21:38:54+00:00\" \/>\n<meta property=\"og:image\" content=\"http:\/\/www.visit-ulcinj.com\/blog\/wp-content\/uploads\/2011\/12\/Fikret-Dushku-trajneri-m%C3%AB-i-mir%C3%AB-p%C3%ABr-vitin-2011-n%C3%AB-komun%C3%ABn-e-Ulqinit.jpg\" \/>\n<meta name=\"twitter:label1\" content=\"Written by\" \/>\n\t<meta name=\"twitter:data1\" content=\"ulqini\" \/>\n\t<meta name=\"twitter:label2\" content=\"Est. reading time\" \/>\n\t<meta name=\"twitter:data2\" content=\"1 minute\" \/>\n<script type=\"application\/ld+json\" class=\"yoast-schema-graph\">{\"@context\":\"https:\/\/schema.org\",\"@graph\":[{\"@type\":\"WebSite\",\"@id\":\"https:\/\/www.visit-ulcinj.com\/blog\/#website\",\"url\":\"https:\/\/www.visit-ulcinj.com\/blog\/\",\"name\":\"Lajme nga Ulqini\",\"description\":\"Lajme,Vijesti,Ulqini,Ulqin,Crna Gora,Mali i Zi\",\"potentialAction\":[{\"@type\":\"SearchAction\",\"target\":{\"@type\":\"EntryPoint\",\"urlTemplate\":\"https:\/\/www.visit-ulcinj.com\/blog\/?s={search_term_string}\"},\"query-input\":\"required name=search_term_string\"}],\"inLanguage\":\"en-US\"},{\"@type\":\"ImageObject\",\"inLanguage\":\"en-US\",\"@id\":\"https:\/\/www.visit-ulcinj.com\/blog\/2011\/12\/26\/fikret-dushku-trajneri-me-i-mire-per-vitin-2011-ne-komunen-e-ulqinit\/#primaryimage\",\"url\":\"http:\/\/www.visit-ulcinj.com\/blog\/wp-content\/uploads\/2011\/12\/Fikret-Dushku-trajneri-m%C3%AB-i-mir%C3%AB-p%C3%ABr-vitin-2011-n%C3%AB-komun%C3%ABn-e-Ulqinit.jpg\",\"contentUrl\":\"http:\/\/www.visit-ulcinj.com\/blog\/wp-content\/uploads\/2011\/12\/Fikret-Dushku-trajneri-m%C3%AB-i-mir%C3%AB-p%C3%ABr-vitin-2011-n%C3%AB-komun%C3%ABn-e-Ulqinit.jpg\"},{\"@type\":\"WebPage\",\"@id\":\"https:\/\/www.visit-ulcinj.com\/blog\/2011\/12\/26\/fikret-dushku-trajneri-me-i-mire-per-vitin-2011-ne-komunen-e-ulqinit\/#webpage\",\"url\":\"https:\/\/www.visit-ulcinj.com\/blog\/2011\/12\/26\/fikret-dushku-trajneri-me-i-mire-per-vitin-2011-ne-komunen-e-ulqinit\/\",\"name\":\"Fikret Dushku trajneri m\u00eb i mir\u00eb p\u00ebr vitin 2011 n\u00eb komun\u00ebn e Ulqinit - Lajme nga Ulqini\",\"isPartOf\":{\"@id\":\"https:\/\/www.visit-ulcinj.com\/blog\/#website\"},\"primaryImageOfPage\":{\"@id\":\"https:\/\/www.visit-ulcinj.com\/blog\/2011\/12\/26\/fikret-dushku-trajneri-me-i-mire-per-vitin-2011-ne-komunen-e-ulqinit\/#primaryimage\"},\"datePublished\":\"2011-12-26T17:05:08+00:00\",\"dateModified\":\"2011-12-26T21:38:54+00:00\",\"author\":{\"@id\":\"https:\/\/www.visit-ulcinj.com\/blog\/#\/schema\/person\/dcab619c614d3038751c63bc2aadc06d\"},\"description\":\"Me dat\u00eb 26.12.2011 Komuna Ulqinit shpalli zyrtarisht\u00eb sportist\u00ebt m\u00eb t\u00eb suksesh\u00ebm p\u00ebr vitin 2011. Nga klubi i Taekwondo-s\u00eb Ulqini kryetrajneri i k\u00ebtij\",\"breadcrumb\":{\"@id\":\"https:\/\/www.visit-ulcinj.com\/blog\/2011\/12\/26\/fikret-dushku-trajneri-me-i-mire-per-vitin-2011-ne-komunen-e-ulqinit\/#breadcrumb\"},\"inLanguage\":\"en-US\",\"potentialAction\":[{\"@type\":\"ReadAction\",\"target\":[\"https:\/\/www.visit-ulcinj.com\/blog\/2011\/12\/26\/fikret-dushku-trajneri-me-i-mire-per-vitin-2011-ne-komunen-e-ulqinit\/\"]}]},{\"@type\":\"BreadcrumbList\",\"@id\":\"https:\/\/www.visit-ulcinj.com\/blog\/2011\/12\/26\/fikret-dushku-trajneri-me-i-mire-per-vitin-2011-ne-komunen-e-ulqinit\/#breadcrumb\",\"itemListElement\":[{\"@type\":\"ListItem\",\"position\":1,\"name\":\"Fikret Dushku trajneri m\u00eb i mir\u00eb p\u00ebr vitin 2011 n\u00eb komun\u00ebn e Ulqinit\"}]},{\"@type\":\"Person\",\"@id\":\"https:\/\/www.visit-ulcinj.com\/blog\/#\/schema\/person\/dcab619c614d3038751c63bc2aadc06d\",\"name\":\"ulqini\",\"sameAs\":[\"http:\/\/www.visit-ulcinj.com\"],\"url\":\"https:\/\/www.visit-ulcinj.com\/blog\/author\/admin\/\"}]}<\/script>\n<!-- \/ Yoast SEO plugin. -->","yoast_head_json":{"title":"Fikret Dushku trajneri m\u00eb i mir\u00eb p\u00ebr vitin 2011 n\u00eb komun\u00ebn e Ulqinit - Lajme nga Ulqini","description":"Me dat\u00eb 26.12.2011 Komuna Ulqinit shpalli zyrtarisht\u00eb sportist\u00ebt m\u00eb t\u00eb suksesh\u00ebm p\u00ebr vitin 2011. Nga klubi i Taekwondo-s\u00eb Ulqini kryetrajneri i k\u00ebtij","robots":{"index":"index","follow":"follow","max-snippet":"max-snippet:-1","max-image-preview":"max-image-preview:large","max-video-preview":"max-video-preview:-1"},"canonical":"https:\/\/www.visit-ulcinj.com\/blog\/2011\/12\/26\/fikret-dushku-trajneri-me-i-mire-per-vitin-2011-ne-komunen-e-ulqinit\/","og_locale":"en_US","og_type":"article","og_title":"Fikret Dushku trajneri m\u00eb i mir\u00eb p\u00ebr vitin 2011 n\u00eb komun\u00ebn e Ulqinit - Lajme nga Ulqini","og_description":"Me dat\u00eb 26.12.2011 Komuna Ulqinit shpalli zyrtarisht\u00eb sportist\u00ebt m\u00eb t\u00eb suksesh\u00ebm p\u00ebr vitin 2011. Nga klubi i Taekwondo-s\u00eb Ulqini kryetrajneri i k\u00ebtij","og_url":"https:\/\/www.visit-ulcinj.com\/blog\/2011\/12\/26\/fikret-dushku-trajneri-me-i-mire-per-vitin-2011-ne-komunen-e-ulqinit\/","og_site_name":"Lajme nga Ulqini","article_published_time":"2011-12-26T17:05:08+00:00","article_modified_time":"2011-12-26T21:38:54+00:00","og_image":[{"url":"http:\/\/www.visit-ulcinj.com\/blog\/wp-content\/uploads\/2011\/12\/Fikret-Dushku-trajneri-m%C3%AB-i-mir%C3%AB-p%C3%ABr-vitin-2011-n%C3%AB-komun%C3%ABn-e-Ulqinit.jpg"}],"twitter_misc":{"Written by":"ulqini","Est. reading time":"1 minute"},"schema":{"@context":"https:\/\/schema.org","@graph":[{"@type":"WebSite","@id":"https:\/\/www.visit-ulcinj.com\/blog\/#website","url":"https:\/\/www.visit-ulcinj.com\/blog\/","name":"Lajme nga Ulqini","description":"Lajme,Vijesti,Ulqini,Ulqin,Crna Gora,Mali i Zi","potentialAction":[{"@type":"SearchAction","target":{"@type":"EntryPoint","urlTemplate":"https:\/\/www.visit-ulcinj.com\/blog\/?s={search_term_string}"},"query-input":"required name=search_term_string"}],"inLanguage":"en-US"},{"@type":"ImageObject","inLanguage":"en-US","@id":"https:\/\/www.visit-ulcinj.com\/blog\/2011\/12\/26\/fikret-dushku-trajneri-me-i-mire-per-vitin-2011-ne-komunen-e-ulqinit\/#primaryimage","url":"http:\/\/www.visit-ulcinj.com\/blog\/wp-content\/uploads\/2011\/12\/Fikret-Dushku-trajneri-m%C3%AB-i-mir%C3%AB-p%C3%ABr-vitin-2011-n%C3%AB-komun%C3%ABn-e-Ulqinit.jpg","contentUrl":"http:\/\/www.visit-ulcinj.com\/blog\/wp-content\/uploads\/2011\/12\/Fikret-Dushku-trajneri-m%C3%AB-i-mir%C3%AB-p%C3%ABr-vitin-2011-n%C3%AB-komun%C3%ABn-e-Ulqinit.jpg"},{"@type":"WebPage","@id":"https:\/\/www.visit-ulcinj.com\/blog\/2011\/12\/26\/fikret-dushku-trajneri-me-i-mire-per-vitin-2011-ne-komunen-e-ulqinit\/#webpage","url":"https:\/\/www.visit-ulcinj.com\/blog\/2011\/12\/26\/fikret-dushku-trajneri-me-i-mire-per-vitin-2011-ne-komunen-e-ulqinit\/","name":"Fikret Dushku trajneri m\u00eb i mir\u00eb p\u00ebr vitin 2011 n\u00eb komun\u00ebn e Ulqinit - Lajme nga Ulqini","isPartOf":{"@id":"https:\/\/www.visit-ulcinj.com\/blog\/#website"},"primaryImageOfPage":{"@id":"https:\/\/www.visit-ulcinj.com\/blog\/2011\/12\/26\/fikret-dushku-trajneri-me-i-mire-per-vitin-2011-ne-komunen-e-ulqinit\/#primaryimage"},"datePublished":"2011-12-26T17:05:08+00:00","dateModified":"2011-12-26T21:38:54+00:00","author":{"@id":"https:\/\/www.visit-ulcinj.com\/blog\/#\/schema\/person\/dcab619c614d3038751c63bc2aadc06d"},"description":"Me dat\u00eb 26.12.2011 Komuna Ulqinit shpalli zyrtarisht\u00eb sportist\u00ebt m\u00eb t\u00eb suksesh\u00ebm p\u00ebr vitin 2011. Nga klubi i Taekwondo-s\u00eb Ulqini kryetrajneri i k\u00ebtij","breadcrumb":{"@id":"https:\/\/www.visit-ulcinj.com\/blog\/2011\/12\/26\/fikret-dushku-trajneri-me-i-mire-per-vitin-2011-ne-komunen-e-ulqinit\/#breadcrumb"},"inLanguage":"en-US","potentialAction":[{"@type":"ReadAction","target":["https:\/\/www.visit-ulcinj.com\/blog\/2011\/12\/26\/fikret-dushku-trajneri-me-i-mire-per-vitin-2011-ne-komunen-e-ulqinit\/"]}]},{"@type":"BreadcrumbList","@id":"https:\/\/www.visit-ulcinj.com\/blog\/2011\/12\/26\/fikret-dushku-trajneri-me-i-mire-per-vitin-2011-ne-komunen-e-ulqinit\/#breadcrumb","itemListElement":[{"@type":"ListItem","position":1,"name":"Fikret Dushku trajneri m\u00eb i mir\u00eb p\u00ebr vitin 2011 n\u00eb komun\u00ebn e Ulqinit"}]},{"@type":"Person","@id":"https:\/\/www.visit-ulcinj.com\/blog\/#\/schema\/person\/dcab619c614d3038751c63bc2aadc06d","name":"ulqini","sameAs":["http:\/\/www.visit-ulcinj.com"],"url":"https:\/\/www.visit-ulcinj.com\/blog\/author\/admin\/"}]}},"jetpack_featured_media_url":"","jetpack_sharing_enabled":true,"jetpack_shortlink":"https:\/\/wp.me\/pe6lTn-ek6","_links":{"self":[{"href":"https:\/\/www.visit-ulcinj.com\/blog\/wp-json\/wp\/v2\/posts\/55062"}],"collection":[{"href":"https:\/\/www.visit-ulcinj.com\/blog\/wp-json\/wp\/v2\/posts"}],"about":[{"href":"https:\/\/www.visit-ulcinj.com\/blog\/wp-json\/wp\/v2\/types\/post"}],"author":[{"embeddable":true,"href":"https:\/\/www.visit-ulcinj.com\/blog\/wp-json\/wp\/v2\/users\/1"}],"replies":[{"embeddable":true,"href":"https:\/\/www.visit-ulcinj.com\/blog\/wp-json\/wp\/v2\/comments?post=55062"}],"version-history":[{"count":9,"href":"https:\/\/www.visit-ulcinj.com\/blog\/wp-json\/wp\/v2\/posts\/55062\/revisions"}],"predecessor-version":[{"id":55103,"href":"https:\/\/www.visit-ulcinj.com\/blog\/wp-json\/wp\/v2\/posts\/55062\/revisions\/55103"}],"wp:attachment":[{"href":"https:\/\/www.visit-ulcinj.com\/blog\/wp-json\/wp\/v2\/media?parent=55062"}],"wp:term":[{"taxonomy":"category","embeddable":true,"href":"https:\/\/www.visit-ulcinj.com\/blog\/wp-json\/wp\/v2\/categories?post=55062"},{"taxonomy":"post_tag","embeddable":true,"href":"https:\/\/www.visit-ulcinj.com\/blog\/wp-json\/wp\/v2\/tags?post=55062"}],"curies":[{"name":"wp","href":"https:\/\/api.w.org\/{rel}","templated":true}]}}