{"id":55074,"date":"2011-12-26T19:14:38","date_gmt":"2011-12-26T18:14:38","guid":{"rendered":"http:\/\/www.visit-ulcinj.com\/blog\/?p=55074"},"modified":"2012-01-11T17:52:35","modified_gmt":"2012-01-11T16:52:35","slug":"peticija-za-zastitu-ulcinjske-solane","status":"publish","type":"post","link":"https:\/\/www.visit-ulcinj.com\/blog\/2011\/12\/26\/peticija-za-zastitu-ulcinjske-solane\/","title":{"rendered":"Peticija za za\u0161titu Ulcinjske solane!"},"content":{"rendered":"<p><strong><a title=\"Peticija za za\u0161titu Ulcinjske solane!\" href=\"http:\/\/www.ipetitions.com\/petition\/zastita-ulcinjske-solane\/\" target=\"_blank\"><img loading=\"lazy\" class=\"alignleft size-full wp-image-55075\" title=\"Ulcinjska Solana_Crna Gora na prodaju\" src=\"http:\/\/www.visit-ulcinj.com\/blog\/wp-content\/uploads\/2011\/12\/Ulcinjska-Solana_Crna-Gora-na-prodaju.jpg\" alt=\"Sign petition, Signez la p\u00e9tition, Unterst\u00fctzt die Petition, \u041f\u043e\u0434\u043f\u0438\u0448\u0435\u0442\u0435 \u043f\u0435\u0442\u0438\u0446\u0438\u044f\u0442\u0430, Prijavite se peticija, Tilmeld andragende, Firme la petici\u00f3n, Logi avalduse, Kirjaudu vetoomus, \u03a5\u03c0\u03bf\u03b3\u03c1\u03ac\u03c8\u03c4\u03b5 \u03c4\u03b7\u03bd \u03b1\u03af\u03c4\u03b7\u03c3\u03b7, Jelentkezzen pet\u00edci\u00f3t, Cl\u00e1raigh achain\u00ed, Skr\u00e1 bei\u00f0ni, firma la petizione, Sign libellus, Pierakstieties l\u016bgumraksta, Pasira\u0161ykite peticij\u0105, \u0421\u0438 \u043f\u0435\u0442\u0438\u0446\u0438\u0458\u0430, jiffirmaw petizzjoni, teken petitie, Signer oppropet, Podpisz petycje, assinar a peti\u00e7\u00e3o, Conecta\u0163i-v\u0103 peti\u0163ie, \u041f\u043e\u0434\u043f\u0438\u0448\u0438\u0442\u0435 \u043f\u0435\u0442\u0438\u0446\u0438\u044e, \u041f\u043e\u0442\u043f\u0438\u0448\u0438\u0442\u0435 \u043f\u0435\u0442\u0438\u0446\u0438\u0458\u0443, prihl\u00e1si\u0165 pet\u00edciu, Prijava peticijo, Skriv petitionen, P\u0159ihl\u00e1sit petici, dilek\u00e7e, \u043f\u0456\u0434\u043f\u0438\u0448\u0456\u0442\u044c \u043f\u0435\u0442\u0438\u0446\u0456\u044e,Nenshkruaj peticionin,\" width=\"508\" height=\"189\" srcset=\"https:\/\/www.visit-ulcinj.com\/blog\/wp-content\/uploads\/2011\/12\/Ulcinjska-Solana_Crna-Gora-na-prodaju.jpg 508w, https:\/\/www.visit-ulcinj.com\/blog\/wp-content\/uploads\/2011\/12\/Ulcinjska-Solana_Crna-Gora-na-prodaju-300x111.jpg 300w\" sizes=\"(max-width: 508px) 100vw, 508px\" \/><\/a><a title=\"Peticija za za\u0161titu Ulcinjske solane!\" href=\"http:\/\/www.ipetitions.com\/petition\/zastita-ulcinjske-solane\/\" target=\"_blank\">The Petition<\/a><\/strong><\/p>\n<p><a title=\"Peticija za za\u0161titu Ulcinjske solane!\" href=\"http:\/\/www.ipetitions.com\/petition\/zastita-ulcinjske-solane\/\" target=\"_blank\">Premijer Crne Gore<br \/>\nG-din.Dr Igor Luk\u0161i\u0107<br \/>\nAdresa: Kara\u0111or\u0111eva bb,<\/a><\/p>\n<p><a title=\"Peticija za za\u0161titu Ulcinjske solane!\" href=\"http:\/\/www.ipetitions.com\/petition\/zastita-ulcinjske-solane\/\" target=\"_blank\">81000 Podgorica, Montenegro<\/a><\/p>\n<p><a title=\"Peticija za za\u0161titu Ulcinjske solane!\" href=\"http:\/\/www.ipetitions.com\/petition\/zastita-ulcinjske-solane\/\" target=\"_blank\">Po\u0161tovani gospodine Luk\u0161i\u0107u,<\/a><\/p>\n<p><a title=\"Peticija za za\u0161titu Ulcinjske solane!\" href=\"http:\/\/www.ipetitions.com\/petition\/zastita-ulcinjske-solane\/\" target=\"_blank\">Mi dolje potpisani, o\u0161tro protestvujemo protiv prenamjene 15 km2,Ulcinjske solane u turisti\u010dko-razvojnu zonu namjenjenu izgradnji hotela i golf terena. Ne \u017eelimo da se pomirimo sa \u010dinjenicom da u godini obilje\u017eavanja 20 godina progla\u0161enja Crne Gore ekolo\u0161kom dr\u017eavom Vlada ne \u010dini ni\u0161ta na za\u0161titi jednog od najvrijednijih ekolo\u0161kih podru\u010dja u dr\u017eavi.<\/a><\/p>\n<p><a title=\"Peticija za za\u0161titu Ulcinjske solane!\" href=\"http:\/\/www.ipetitions.com\/petition\/zastita-ulcinjske-solane\/\" target=\"_blank\">Za Va\u0161u informaciju:<\/a><\/p>\n<p><a title=\"Peticija za za\u0161titu Ulcinjske solane!\" href=\"http:\/\/www.ipetitions.com\/petition\/zastita-ulcinjske-solane\/\" target=\"_blank\">1989. godine prepoznata je kao IBA-podru\u010dje od me\u0111unarodnog<br \/>\nzna\u010daja za boravak ptica;<br \/>\n2004. godine Upravni odbor solane proglasio je prvim privatnim<br \/>\nparkom prirode u Crnoj Gori;<br \/>\n2006. godine prepoznata kao Emerald stani\u0161te Bernske konvencije;<\/a><\/p>\n<p><a title=\"Peticija za za\u0161titu Ulcinjske solane!\" href=\"http:\/\/www.ipetitions.com\/petition\/zastita-ulcinjske-solane\/\" target=\"_blank\">2007. godine ispunjen je formular za njeno progla\u0161enje<br \/>\nRamsarskom mo\u010dvarom od me\u0111unarodnog zna\u010daja, jer od 9<br \/>\nu potpunosti ispunjava 6 kriterijuma;<\/a><\/p>\n<p><a title=\"Peticija za za\u0161titu Ulcinjske solane!\" href=\"http:\/\/www.ipetitions.com\/petition\/zastita-ulcinjske-solane\/\" target=\"_blank\">Od 2008. godine Solana se nalazi na isti potencijalnih<br \/>\nNatura2000 stani\u0161ta u Crnoj Gori.<br \/>\nSolana je najzna\u010dajnije gnijezdili\u0161te, zimovali\u0161te i odmori\u0161te pri seobi ptica na isto\u010dnoj obali Jadrana. Od oko 500 vrsta evropskih ptica, na Solani je registrovano 250 vrsta ili 50%.<br \/>\n\u010cetvrtina ukupnog broja gnjezdarica Crne Gore gnijezdi na Ulcinjskoj solani. Solana pru\u017ea servis za vi\u0161e ugro\u017eenih vrsta riba, vodozemaca i gmizavaca, te vi\u0161e od 70 vrsta ptica sa Anexa I Pti\u010dje direktive. 15 vrsta ptica registrovanih na solani u odre\u0111enim periodima godine prelaze jedan procenat regionalne globalne populacije ovih vrsta.<\/a><\/p>\n<p><a title=\"Peticija za za\u0161titu Ulcinjske solane!\" href=\"http:\/\/www.ipetitions.com\/petition\/zastita-ulcinjske-solane\/\" target=\"_blank\">Na Solani je ve\u0107 postavljena infrastruktura za posmatranje ptica sa muzejem solane, i u posljednje vrijeme predmet je istra\u017eivanja velikog broja institucija i organizacija u zemlji i van nje. Ve\u0107 zauzima zna\u010dajno mjesto na evropskoj mapi posmatra\u010da ptica.<\/a><\/p>\n<p><a title=\"Peticija za za\u0161titu Ulcinjske solane!\" href=\"http:\/\/www.ipetitions.com\/petition\/zastita-ulcinjske-solane\/\" target=\"_blank\">Molimo da preispitate odredbe prostornog plana Crne Gore do 2020. godine, a koji je done\u0161en 2007. godine, koji je uprkos protivljenju gra\u0111ana Ulcinja i brojnih nevladinih organizacija,od potencijalno za\u0161ti\u0107enog podru\u010dja, a kako je bila definisana u draftu ovog plana, izmjenjeno u turisti\u010dko-razvojnu zonu.<\/a><\/p>\n<p><a title=\"Peticija za za\u0161titu Ulcinjske solane!\" href=\"http:\/\/www.ipetitions.com\/petition\/zastita-ulcinjske-solane\/\" target=\"_blank\">Solana pored zna\u010daja za biodiverzitet i ekonomiju dr\u017eave, ima I svoj kulturolo\u0161ko-istorijski zna\u010daj jer du\u017ee od 80 godina nosilac razvoja grada Ulcinja i jedna od najstarijih fabrika u zemlji. Solana je najidealniji primjer sinergije ekonomskog iskori\u0161\u0107avanja prostora (proizvodnje soli) i za\u0161tite prirode.<br \/>\nOna je primjer odr\u017eive proizvodnje jer je ista zasnovana na djelovanju sunca i vjetra. Samo funkcionisanje ove fabrike omogu\u0107ava opstanak flore i faune.<\/a><\/p>\n<p><a title=\"Peticija za za\u0161titu Ulcinjske solane!\" href=\"http:\/\/www.ipetitions.com\/petition\/zastita-ulcinjske-solane\/\" target=\"_blank\">Zahtjevamo od Vas kao premijera dr\u017eave, da preispitate na\u010din privatizacije Ulcinjske solane i prenamjenu njenih basena iz oaze biodiverziteta u turisti\u010dko-razvojnu zonu.<\/a><\/p>\n<p><a title=\"Peticija za za\u0161titu Ulcinjske solane!\" href=\"http:\/\/www.ipetitions.com\/petition\/zastita-ulcinjske-solane\/\" target=\"_blank\">O\u010dekujemo da iskoristite svoj uticaj i da privatni interes vlasnika solane u ovom slu\u010daju podredite javnom interesu &#8211; o\u010duvanju rada fabrike soli i omogu\u0107avanju nastavka pru\u017eanja njenog servisa, kako ljudima, tako flori i fauni solane, kao me\u0111unarodnom bogatstvu.Betoniranjem i isu\u0161ivanjem solanskih bazena Crna Gora, koja je sebe prije 20 godina proglasila prvom ekolo\u0161kom dr\u017eavom, na svijetu rizikuje svoj ugled u\u00a0 me\u0111unarodnim krugovima, kako ekolo\u0161kim, tako i politi\u010dkim.<br \/>\n<span style=\"color: #ffffff;\"><strong>Sign petition,<\/strong> Signez la p\u00e9tition, Unterst\u00fctzt die Petition, \u041f\u043e\u0434\u043f\u0438\u0448\u0435\u0442\u0435 \u043f\u0435\u0442\u0438\u0446\u0438\u044f\u0442\u0430, Prijavite se peticija, Tilmeld andragende, Firme la petici\u00f3n, Logi avalduse, Kirjaudu vetoomus, \u03a5\u03c0\u03bf\u03b3\u03c1\u03ac\u03c8\u03c4\u03b5 \u03c4\u03b7\u03bd \u03b1\u03af\u03c4\u03b7\u03c3\u03b7, Jelentkezzen pet\u00edci\u00f3t, Cl\u00e1raigh achain\u00ed, Skr\u00e1 bei\u00f0ni, firma la petizione, Sign libellus, Pierakstieties l\u016bgumraksta, Pasira\u0161ykite peticij\u0105, \u0421\u0438 \u043f\u0435\u0442\u0438\u0446\u0438\u0458\u0430, jiffirmaw petizzjoni, teken petitie, Signer oppropet, Podpisz petycje, assinar a peti\u00e7\u00e3o, Conecta\u0163i-v\u0103 peti\u0163ie, \u041f\u043e\u0434\u043f\u0438\u0448\u0438\u0442\u0435 \u043f\u0435\u0442\u0438\u0446\u0438\u044e, \u041f\u043e\u0442\u043f\u0438\u0448\u0438\u0442\u0435 \u043f\u0435\u0442\u0438\u0446\u0438\u0458\u0443, prihl\u00e1si\u0165 pet\u00edciu, Prijava peticijo, Skriv petitionen, P\u0159ihl\u00e1sit petici, dilek\u00e7e, \u043f\u0456\u0434\u043f\u0438\u0448\u0456\u0442\u044c \u043f\u0435\u0442\u0438\u0446\u0456\u044e,Nenshkruaj peticionin,<strong><\/strong><\/span><\/a><\/p>\n<h2><a title=\"Peticija za za\u0161titu Ulcinjske solane!\" href=\"http:\/\/www.ipetitions.com\/petition\/zastita-ulcinjske-solane\/\" target=\"_blank\"><strong>Sign petition<\/strong><\/a><\/h2>\n<p><iframe loading=\"lazy\" src=\"http:\/\/www.youtube.com\/embed\/smy30gutrZU\" frameborder=\"0\" width=\"508\" height=\"315\"><\/iframe><br \/>\nPETITION<br \/>\nAn den<br \/>\nPremierminister  der Republik Montenegro<br \/>\nHerrn Igor Luk\u0161i\u0107<br \/>\nKara\u0111or\u0111eva bb,<br \/>\n81000 Podgorica, Montenegro<br \/>\nSehr geehrter Herr Premierminister Luk\u0161i\u0107,<br \/>\nwir, die Unterzeichnenden, protestieren aufs Sch\u00e4rfste gegen die touristische Erschlie\u00dfung<br \/>\nvon 15 km\u00b2 Fl\u00e4che der Saline Ulcinj zum Bau von Hotels und Golfpl\u00e4tzen. Dass die<br \/>\nRegierung nichts zum Schutz eines der \u00f6kologisch wertvollsten Gebiete Montenegros<br \/>\nunternimmt, steht in keiner Weise im Einklang mit der Tatsache, dass Montenegro sich<br \/>\ngem\u00e4\u00df seiner Verfassung seit genau zwanzig Jahren als &#8220;\u00f6kologischer Staat&#8221; deklariert.<br \/>\nZu Ihrer Information:<br \/>\n1989: Die Saline Ulcinj wurde als Important Bird Area und damit als bedeutendes Gebiet f\u00fcr<br \/>\nden Vogelschutz anerkannt;<br \/>\n2004:  Die Direktion der Saline Ulcinj proklamierte das Gebiet zum ersten privaten Naturpark<br \/>\nMontenegros;<br \/>\n2006: Die Saline Ulcinj wird gem\u00e4\u00df der Berner Konvention als Emerald-Gebiet anerkannt;<br \/>\n2007:  Die Ausweisung zum Ramsar-Schutzgebiet ist vorbereitet.  Von neun m\u00f6glichen<br \/>\nKriterien werden gleich sechs komplett erf\u00fcllt;<br \/>\n2008: Die Saline Ulcinj wird in die Liste potentieller Natura 2000-Gebiete in Montenegro<br \/>\naufgenommen.<br \/>\nDie Saline Ulcinj ist das bedeutendste Brut-, \u00dcberwinterungs- und Rastgebiet f\u00fcr Zugv\u00f6gel<br \/>\nan der Adria-Ostk\u00fcste. Von den circa 500 europ\u00e4ischen Vogelarten werden 250, das hei\u00dft<br \/>\n50 Prozent, in der Saline Ulcinj registriert. Ein Viertel der in Montenegro br\u00fctenden<br \/>\nVogelarten nisten in der Saline Ulcinj. 2<br \/>\nDes Weiteren bietet die Saline Ulcinj Schutz f\u00fcr eine Reihe gef\u00e4hrdeter Fischarten,<br \/>\nAmphibien und Reptilien sowie f\u00fcr \u00fcber 70 unter Anhang I der Vogelschutzrichtlinie gelistete<br \/>\nVogelarten. 15 Vogelarten, die zu bestimmten Jahreszeiten in der Saline Ulcinj gez\u00e4hlt<br \/>\nwurden, \u00fcbertreffen  entsprechend der Ramsar-Konvention das  1 Prozent-Kriterium der<br \/>\nregionalen bzw. globalen Population f\u00fcr diese  Arten.<br \/>\nIn der Saline Ulcinj gibt es bereits Infrastruktur  f\u00fcr die Vogelbeobachtung sowie ein<br \/>\nSalzmuseum;  seit neuestem ist die Saline Ulcinj auch Ziel f\u00fcr viele nationale sowie<br \/>\ninternationale Forschungsteams und stellt einen wichtigen Punkt auf der Landkarte<br \/>\neurop\u00e4ischer Vogelbeobachter dar.<br \/>\nWir bitten Sie, die Verordnungen des Raumplans Montenegros (2005-2020), der 2007<br \/>\nverabschiedet wurde, zu \u00fcberdenken. Trotz des Protests der Einwohner von Ulcinj und<br \/>\nzahlreicher Nichtregierungsorganisationen sieht dieser vor, das  vorgeschlagene<br \/>\nSchutzgebiet \u2013 wie es im Entwurf des Raumplans definiert war &#8211; f\u00fcr den Tourismus zu<br \/>\nerschlie\u00dfen.<br \/>\n\u00dcber die Bedeutung f\u00fcr die Artenvielfalt und die Wirtschaft Montenegros hinaus hat die<br \/>\nSaline auch kulturelle und historische Bedeutung, denn seit \u00fcber achtzig Jahren hat sie zur<br \/>\nEntwicklung von Ulcinj beigetragen und ist eine der \u00e4ltesten Firmen des Landes. Die Saline<br \/>\nist ein Musterbeispiel  f\u00fcr die Synergie zwischen wirtschaftlicher Landnutzung<br \/>\n(Salzgewinnung) und Naturschutz. Sie ist auch ein Beispiel f\u00fcr nachhaltige Produktion, da<br \/>\ndiese in der Saline auf regenerative Energien wie Sonne und Wind zur\u00fcckgreift.  Der Betrieb<br \/>\ndieser Anlage ist f\u00fcr das \u00dcberleben der Tier- und Pflanzenwelt existenziell.<br \/>\nAls Premierminister der Republik Montenegro fordern wir Sie auf, den Privatisierungsablauf<br \/>\nder Saline Ulcinj und die Umwandlung der Becken, die  Oasen der Artenvielfalt sind,  zu<br \/>\neinem touristischen Entwicklungsgebiet zu pr\u00fcfen. Wir erwarten von Ihnen, dass Sie hierbei<br \/>\nIhren Einfluss nutzen und in diesem Fall die Privatinteressen der Salineneigent\u00fcmer dem<br \/>\n\u00f6ffentlichen Interesse unterordnen . Dieses besteht in der Erhaltung der Saline und dem<br \/>\ndamit verbundenen Nutzen f\u00fcr Mensch und Natur, auch auf internationaler Ebene.<br \/>\nMit dem Trockenlegen und Zubetonieren der Salinebecken setzt Montenegro sowohl  aus<br \/>\npolitischer als auch aus \u00f6kologischer Sicht seinen internationalen Ruf aufs Spiel. Schlie\u00dflich<br \/>\nhat sich das Land vor zwanzig Jahren als erster &#8220;\u00f6kologischer Staat&#8221; der Welt deklariert.<\/p>\n","protected":false},"excerpt":{"rendered":"<p>The Petition Premijer Crne Gore G-din.Dr Igor Luk\u0161i\u0107 Adresa: Kara\u0111or\u0111eva bb, 81000 Podgorica, Montenegro Po\u0161tovani gospodine Luk\u0161i\u0107u, Mi dolje potpisani, o\u0161tro protestvujemo protiv prenamjene 15 km2,Ulcinjske solane u turisti\u010dko-razvojnu zonu namjenjenu izgradnji hotela i golf terena. Ne \u017eelimo da se pomirimo sa \u010dinjenicom da u godini obilje\u017eavanja 20 godina progla\u0161enja Crne Gore ekolo\u0161kom dr\u017eavom Vlada [&hellip;]<\/p>\n","protected":false},"author":1,"featured_media":0,"comment_status":"open","ping_status":"closed","sticky":false,"template":"","format":"standard","meta":{"spay_email":"","jetpack_publicize_message":"","jetpack_is_tweetstorm":false,"jetpack_publicize_feature_enabled":true},"categories":[7,8337],"tags":[19714,19706,19728,19721,19722,19700,19719,19708,19720,19727,19710,19703,19707,19715,19705,19704,19729,19726,19713,19730,19712,19718,19723,19724,19701,19711,19697,19717,19698,19709,19725,19731,19716,19702,5143,19699],"jetpack_publicize_connections":[],"yoast_head":"<!-- This site is optimized with the Yoast SEO plugin v19.1 - https:\/\/yoast.com\/wordpress\/plugins\/seo\/ -->\n<title>Peticija za za\u0161titu Ulcinjske solane! - Lajme nga Ulqini<\/title>\n<meta name=\"description\" content=\"The Petition Premijer Crne Gore G-din.Dr Igor Luk\u0161i\u0107 Adresa: Kara\u0111or\u0111eva bb, 81000 Podgorica, Montenegro Po\u0161tovani gospodine Luk\u0161i\u0107u, Mi dolje potpisani,\" \/>\n<meta name=\"robots\" content=\"index, follow, max-snippet:-1, max-image-preview:large, max-video-preview:-1\" \/>\n<link rel=\"canonical\" href=\"https:\/\/www.visit-ulcinj.com\/blog\/2011\/12\/26\/peticija-za-zastitu-ulcinjske-solane\/\" \/>\n<meta property=\"og:locale\" content=\"en_US\" \/>\n<meta property=\"og:type\" content=\"article\" \/>\n<meta property=\"og:title\" content=\"Peticija za za\u0161titu Ulcinjske solane! - Lajme nga Ulqini\" \/>\n<meta property=\"og:description\" content=\"The Petition Premijer Crne Gore G-din.Dr Igor Luk\u0161i\u0107 Adresa: Kara\u0111or\u0111eva bb, 81000 Podgorica, Montenegro Po\u0161tovani gospodine Luk\u0161i\u0107u, Mi dolje potpisani,\" \/>\n<meta property=\"og:url\" content=\"https:\/\/www.visit-ulcinj.com\/blog\/2011\/12\/26\/peticija-za-zastitu-ulcinjske-solane\/\" \/>\n<meta property=\"og:site_name\" content=\"Lajme nga Ulqini\" \/>\n<meta property=\"article:published_time\" content=\"2011-12-26T18:14:38+00:00\" \/>\n<meta property=\"article:modified_time\" content=\"2012-01-11T16:52:35+00:00\" \/>\n<meta property=\"og:image\" content=\"http:\/\/www.visit-ulcinj.com\/blog\/wp-content\/uploads\/2011\/12\/Ulcinjska-Solana_Crna-Gora-na-prodaju.jpg\" \/>\n<meta name=\"twitter:label1\" content=\"Written by\" \/>\n\t<meta name=\"twitter:data1\" content=\"ulqini\" \/>\n\t<meta name=\"twitter:label2\" content=\"Est. reading time\" \/>\n\t<meta name=\"twitter:data2\" content=\"6 minutes\" \/>\n<script type=\"application\/ld+json\" class=\"yoast-schema-graph\">{\"@context\":\"https:\/\/schema.org\",\"@graph\":[{\"@type\":\"WebSite\",\"@id\":\"https:\/\/www.visit-ulcinj.com\/blog\/#website\",\"url\":\"https:\/\/www.visit-ulcinj.com\/blog\/\",\"name\":\"Lajme nga Ulqini\",\"description\":\"Lajme,Vijesti,Ulqini,Ulqin,Crna Gora,Mali i Zi\",\"potentialAction\":[{\"@type\":\"SearchAction\",\"target\":{\"@type\":\"EntryPoint\",\"urlTemplate\":\"https:\/\/www.visit-ulcinj.com\/blog\/?s={search_term_string}\"},\"query-input\":\"required name=search_term_string\"}],\"inLanguage\":\"en-US\"},{\"@type\":\"ImageObject\",\"inLanguage\":\"en-US\",\"@id\":\"https:\/\/www.visit-ulcinj.com\/blog\/2011\/12\/26\/peticija-za-zastitu-ulcinjske-solane\/#primaryimage\",\"url\":\"https:\/\/www.visit-ulcinj.com\/blog\/wp-content\/uploads\/2011\/12\/Ulcinjska-Solana_Crna-Gora-na-prodaju.jpg\",\"contentUrl\":\"https:\/\/www.visit-ulcinj.com\/blog\/wp-content\/uploads\/2011\/12\/Ulcinjska-Solana_Crna-Gora-na-prodaju.jpg\",\"width\":\"508\",\"height\":\"189\",\"caption\":\"Sign petition, Signez la p\u00e9tition, Unterst\u00fctzt die Petition, ????????? ?????????, Prijavite se peticija, Tilmeld andragende, Firme la petici\u00f3n, Logi avalduse, Kirjaudu vetoomus, ????????? ??? ??????, Jelentkezzen pet\u00edci\u00f3t, Cl\u00e1raigh achain\u00ed, Skr\u00e1 bei\u00f0ni, firma la petizione, Sign libellus, Pierakstieties l?gumraksta, Pasira\u0161ykite peticij?, ?? ????????, jiffirmaw petizzjoni, teken petitie, Signer oppropet, Podpisz petycje, assinar a peti\u00e7\u00e3o, Conecta?i-v? peti?ie, ????????? ???????, ????????? ????????, prihl\u00e1si? pet\u00edciu, Prijava peticijo, Skriv petitionen, P?ihl\u00e1sit petici, dilek\u00e7e, ????????? ???????,Nenshkruaj peticionin,\"},{\"@type\":\"WebPage\",\"@id\":\"https:\/\/www.visit-ulcinj.com\/blog\/2011\/12\/26\/peticija-za-zastitu-ulcinjske-solane\/#webpage\",\"url\":\"https:\/\/www.visit-ulcinj.com\/blog\/2011\/12\/26\/peticija-za-zastitu-ulcinjske-solane\/\",\"name\":\"Peticija za za\u0161titu Ulcinjske solane! - Lajme nga Ulqini\",\"isPartOf\":{\"@id\":\"https:\/\/www.visit-ulcinj.com\/blog\/#website\"},\"primaryImageOfPage\":{\"@id\":\"https:\/\/www.visit-ulcinj.com\/blog\/2011\/12\/26\/peticija-za-zastitu-ulcinjske-solane\/#primaryimage\"},\"datePublished\":\"2011-12-26T18:14:38+00:00\",\"dateModified\":\"2012-01-11T16:52:35+00:00\",\"author\":{\"@id\":\"https:\/\/www.visit-ulcinj.com\/blog\/#\/schema\/person\/dcab619c614d3038751c63bc2aadc06d\"},\"description\":\"The Petition Premijer Crne Gore G-din.Dr Igor Luk\u0161i\u0107 Adresa: Kara\u0111or\u0111eva bb, 81000 Podgorica, Montenegro Po\u0161tovani gospodine Luk\u0161i\u0107u, Mi dolje potpisani,\",\"breadcrumb\":{\"@id\":\"https:\/\/www.visit-ulcinj.com\/blog\/2011\/12\/26\/peticija-za-zastitu-ulcinjske-solane\/#breadcrumb\"},\"inLanguage\":\"en-US\",\"potentialAction\":[{\"@type\":\"ReadAction\",\"target\":[\"https:\/\/www.visit-ulcinj.com\/blog\/2011\/12\/26\/peticija-za-zastitu-ulcinjske-solane\/\"]}]},{\"@type\":\"BreadcrumbList\",\"@id\":\"https:\/\/www.visit-ulcinj.com\/blog\/2011\/12\/26\/peticija-za-zastitu-ulcinjske-solane\/#breadcrumb\",\"itemListElement\":[{\"@type\":\"ListItem\",\"position\":1,\"name\":\"Peticija za za\u0161titu Ulcinjske solane!\"}]},{\"@type\":\"Person\",\"@id\":\"https:\/\/www.visit-ulcinj.com\/blog\/#\/schema\/person\/dcab619c614d3038751c63bc2aadc06d\",\"name\":\"ulqini\",\"sameAs\":[\"http:\/\/www.visit-ulcinj.com\"],\"url\":\"https:\/\/www.visit-ulcinj.com\/blog\/author\/admin\/\"}]}<\/script>\n<!-- \/ Yoast SEO plugin. -->","yoast_head_json":{"title":"Peticija za za\u0161titu Ulcinjske solane! - Lajme nga Ulqini","description":"The Petition Premijer Crne Gore G-din.Dr Igor Luk\u0161i\u0107 Adresa: Kara\u0111or\u0111eva bb, 81000 Podgorica, Montenegro Po\u0161tovani gospodine Luk\u0161i\u0107u, Mi dolje potpisani,","robots":{"index":"index","follow":"follow","max-snippet":"max-snippet:-1","max-image-preview":"max-image-preview:large","max-video-preview":"max-video-preview:-1"},"canonical":"https:\/\/www.visit-ulcinj.com\/blog\/2011\/12\/26\/peticija-za-zastitu-ulcinjske-solane\/","og_locale":"en_US","og_type":"article","og_title":"Peticija za za\u0161titu Ulcinjske solane! - Lajme nga Ulqini","og_description":"The Petition Premijer Crne Gore G-din.Dr Igor Luk\u0161i\u0107 Adresa: Kara\u0111or\u0111eva bb, 81000 Podgorica, Montenegro Po\u0161tovani gospodine Luk\u0161i\u0107u, Mi dolje potpisani,","og_url":"https:\/\/www.visit-ulcinj.com\/blog\/2011\/12\/26\/peticija-za-zastitu-ulcinjske-solane\/","og_site_name":"Lajme nga Ulqini","article_published_time":"2011-12-26T18:14:38+00:00","article_modified_time":"2012-01-11T16:52:35+00:00","og_image":[{"url":"http:\/\/www.visit-ulcinj.com\/blog\/wp-content\/uploads\/2011\/12\/Ulcinjska-Solana_Crna-Gora-na-prodaju.jpg"}],"twitter_misc":{"Written by":"ulqini","Est. reading time":"6 minutes"},"schema":{"@context":"https:\/\/schema.org","@graph":[{"@type":"WebSite","@id":"https:\/\/www.visit-ulcinj.com\/blog\/#website","url":"https:\/\/www.visit-ulcinj.com\/blog\/","name":"Lajme nga Ulqini","description":"Lajme,Vijesti,Ulqini,Ulqin,Crna Gora,Mali i Zi","potentialAction":[{"@type":"SearchAction","target":{"@type":"EntryPoint","urlTemplate":"https:\/\/www.visit-ulcinj.com\/blog\/?s={search_term_string}"},"query-input":"required name=search_term_string"}],"inLanguage":"en-US"},{"@type":"ImageObject","inLanguage":"en-US","@id":"https:\/\/www.visit-ulcinj.com\/blog\/2011\/12\/26\/peticija-za-zastitu-ulcinjske-solane\/#primaryimage","url":"https:\/\/www.visit-ulcinj.com\/blog\/wp-content\/uploads\/2011\/12\/Ulcinjska-Solana_Crna-Gora-na-prodaju.jpg","contentUrl":"https:\/\/www.visit-ulcinj.com\/blog\/wp-content\/uploads\/2011\/12\/Ulcinjska-Solana_Crna-Gora-na-prodaju.jpg","width":"508","height":"189","caption":"Sign petition, Signez la p\u00e9tition, Unterst\u00fctzt die Petition, ????????? ?????????, Prijavite se peticija, Tilmeld andragende, Firme la petici\u00f3n, Logi avalduse, Kirjaudu vetoomus, ????????? ??? ??????, Jelentkezzen pet\u00edci\u00f3t, Cl\u00e1raigh achain\u00ed, Skr\u00e1 bei\u00f0ni, firma la petizione, Sign libellus, Pierakstieties l?gumraksta, Pasira\u0161ykite peticij?, ?? ????????, jiffirmaw petizzjoni, teken petitie, Signer oppropet, Podpisz petycje, assinar a peti\u00e7\u00e3o, Conecta?i-v? peti?ie, ????????? ???????, ????????? ????????, prihl\u00e1si? pet\u00edciu, Prijava peticijo, Skriv petitionen, P?ihl\u00e1sit petici, dilek\u00e7e, ????????? ???????,Nenshkruaj peticionin,"},{"@type":"WebPage","@id":"https:\/\/www.visit-ulcinj.com\/blog\/2011\/12\/26\/peticija-za-zastitu-ulcinjske-solane\/#webpage","url":"https:\/\/www.visit-ulcinj.com\/blog\/2011\/12\/26\/peticija-za-zastitu-ulcinjske-solane\/","name":"Peticija za za\u0161titu Ulcinjske solane! - Lajme nga Ulqini","isPartOf":{"@id":"https:\/\/www.visit-ulcinj.com\/blog\/#website"},"primaryImageOfPage":{"@id":"https:\/\/www.visit-ulcinj.com\/blog\/2011\/12\/26\/peticija-za-zastitu-ulcinjske-solane\/#primaryimage"},"datePublished":"2011-12-26T18:14:38+00:00","dateModified":"2012-01-11T16:52:35+00:00","author":{"@id":"https:\/\/www.visit-ulcinj.com\/blog\/#\/schema\/person\/dcab619c614d3038751c63bc2aadc06d"},"description":"The Petition Premijer Crne Gore G-din.Dr Igor Luk\u0161i\u0107 Adresa: Kara\u0111or\u0111eva bb, 81000 Podgorica, Montenegro Po\u0161tovani gospodine Luk\u0161i\u0107u, Mi dolje potpisani,","breadcrumb":{"@id":"https:\/\/www.visit-ulcinj.com\/blog\/2011\/12\/26\/peticija-za-zastitu-ulcinjske-solane\/#breadcrumb"},"inLanguage":"en-US","potentialAction":[{"@type":"ReadAction","target":["https:\/\/www.visit-ulcinj.com\/blog\/2011\/12\/26\/peticija-za-zastitu-ulcinjske-solane\/"]}]},{"@type":"BreadcrumbList","@id":"https:\/\/www.visit-ulcinj.com\/blog\/2011\/12\/26\/peticija-za-zastitu-ulcinjske-solane\/#breadcrumb","itemListElement":[{"@type":"ListItem","position":1,"name":"Peticija za za\u0161titu Ulcinjske solane!"}]},{"@type":"Person","@id":"https:\/\/www.visit-ulcinj.com\/blog\/#\/schema\/person\/dcab619c614d3038751c63bc2aadc06d","name":"ulqini","sameAs":["http:\/\/www.visit-ulcinj.com"],"url":"https:\/\/www.visit-ulcinj.com\/blog\/author\/admin\/"}]}},"jetpack_featured_media_url":"","jetpack_sharing_enabled":true,"jetpack_shortlink":"https:\/\/wp.me\/pe6lTn-eki","_links":{"self":[{"href":"https:\/\/www.visit-ulcinj.com\/blog\/wp-json\/wp\/v2\/posts\/55074"}],"collection":[{"href":"https:\/\/www.visit-ulcinj.com\/blog\/wp-json\/wp\/v2\/posts"}],"about":[{"href":"https:\/\/www.visit-ulcinj.com\/blog\/wp-json\/wp\/v2\/types\/post"}],"author":[{"embeddable":true,"href":"https:\/\/www.visit-ulcinj.com\/blog\/wp-json\/wp\/v2\/users\/1"}],"replies":[{"embeddable":true,"href":"https:\/\/www.visit-ulcinj.com\/blog\/wp-json\/wp\/v2\/comments?post=55074"}],"version-history":[{"count":15,"href":"https:\/\/www.visit-ulcinj.com\/blog\/wp-json\/wp\/v2\/posts\/55074\/revisions"}],"predecessor-version":[{"id":55881,"href":"https:\/\/www.visit-ulcinj.com\/blog\/wp-json\/wp\/v2\/posts\/55074\/revisions\/55881"}],"wp:attachment":[{"href":"https:\/\/www.visit-ulcinj.com\/blog\/wp-json\/wp\/v2\/media?parent=55074"}],"wp:term":[{"taxonomy":"category","embeddable":true,"href":"https:\/\/www.visit-ulcinj.com\/blog\/wp-json\/wp\/v2\/categories?post=55074"},{"taxonomy":"post_tag","embeddable":true,"href":"https:\/\/www.visit-ulcinj.com\/blog\/wp-json\/wp\/v2\/tags?post=55074"}],"curies":[{"name":"wp","href":"https:\/\/api.w.org\/{rel}","templated":true}]}}