{"id":55089,"date":"2011-12-26T22:38:05","date_gmt":"2011-12-26T21:38:05","guid":{"rendered":"http:\/\/www.visit-ulcinj.com\/blog\/?p=55089"},"modified":"2011-12-27T12:24:16","modified_gmt":"2011-12-27T11:24:16","slug":"sportiset-shperblehen-per-suksesin-e-arritur-nga-kryetari-i-komunes-se-ulqinitnazif-cungu","status":"publish","type":"post","link":"https:\/\/www.visit-ulcinj.com\/blog\/2011\/12\/26\/sportiset-shperblehen-per-suksesin-e-arritur-nga-kryetari-i-komunes-se-ulqinitnazif-cungu\/","title":{"rendered":"Sportis\u00ebt shp\u00ebrblehen p\u00ebr suksesin e arritur nga kryetari i Komun\u00ebs s\u00eb Ulqinit,Nazif Cungu"},"content":{"rendered":"<p><a href=\"http:\/\/www.visit-ulcinj.com\/blog\/wp-content\/uploads\/2011\/12\/Sportis%C3%ABt-shp%C3%ABrblehen-p%C3%ABr-suksesin-e-arritur-nga-kryetari-i-Komun%C3%ABs-s%C3%AB-UlqinitNazif-Cungu.1.jpg\"><img loading=\"lazy\" class=\"alignleft size-full wp-image-55090\" title=\"Sportis\u00ebt shp\u00ebrblehen p\u00ebr suksesin e arritur nga kryetari i Komun\u00ebs s\u00eb Ulqinit,Nazif Cungu.1\" src=\"http:\/\/www.visit-ulcinj.com\/blog\/wp-content\/uploads\/2011\/12\/Sportis%C3%ABt-shp%C3%ABrblehen-p%C3%ABr-suksesin-e-arritur-nga-kryetari-i-Komun%C3%ABs-s%C3%AB-UlqinitNazif-Cungu.1.jpg\" alt=\"\" width=\"508\" height=\"380\" \/><\/a>Kryetari i komun\u00ebs s\u00eb Ulqinit, Nazif Cungu, priti n\u00eb lokalet e komunes s\u00eb Ulqinit,sportist\u00ebt q\u00eb kan arritur suksese n\u00eb vitin 2011.<\/p>\n<p>N\u00eb em\u00ebr t\u00eb t\u00eb gjith\u00eb qytetar\u00ebve ju shpreh respektin, sepse ju nderuat komun\u00ebn e Ulqinit n\u00eb vitin 2011 dhe nderuat popullin e Ulqinit n\u00eb p\u00ebrgjith\u00ebsi.<\/p>\n<p>Cungu u shpreh p\u00ebr meritat t\u00eb ve\u00e7anta t\u00eb ngritjes s\u00eb nivelit t\u00eb sportit n\u00eb Ulqin dhe n\u00eb nivel komb\u00ebtar dhe nd\u00ebrkomb\u00ebtar.<\/p>\n<p>Me sukseset e deritashme dhe sukseset q\u00eb do t\u00eb pasoj\u00ebn sportist\u00ebt e Ulqinitt do t\u00eb integrohen n\u00eb konkurrenc\u00ebn m\u00eb t\u00eb lart\u00eb sportive bot\u00ebrore\u201d deklaroi p\u00ebr mediet kryetari Cungu.<\/p>\n<p>&nbsp;<\/p>\n<ul>\n<li><strong>1. Sportisti m\u00eb i mir\u00eb i Ulqinit p\u00ebr k\u00ebt\u00eb vit 2011 u zgjodh atleti Nikolla Maroviq nga Klubi i Atletik\u00ebs \u201cMaroviq\u201d. Ai \u00ebsht\u00eb kampion shtet\u00ebror n\u00eb vrapim, n\u00eb 110 dhe 400 metra me pengesa. N\u00eb Kampionatin Evropian ku p\u00ebrfaq\u00ebsoi Malin e Zi zuri vendin e shtat\u00eb, kurse n\u00eb at\u00eb Ballkanik vendin e pest\u00eb.<\/strong><\/li>\n<li><strong>2. Klubi i karates\u00eb &#8220;Ulqini&#8221; u shpall klubi m\u00eb i mir\u00eb sportiv n\u00eb komun\u00ebn e Ulqinit p\u00ebr vitin 2011. shp\u00ebrblimin dor\u00ebzoi kryetari i komun\u00ebs zot\u00ebri Nazif Cungu.<\/strong><\/li>\n<li><strong>3. Nga klubi i Taekwondo-s\u00eb Ulqini kryetrajneri i k\u00ebtij klubi Fikret Dushku u shpall\u00eb trajneri m\u00eb i suksesh\u00ebm p\u00ebr vitin 2011.<\/strong><\/li>\n<li><strong>4. Puntori me i mire sportiv ne komunen e Ulqinit u shpalle Dusan Hajdukovic nga Klubi i Hendbollit \u201cUlqini\u201d.<br \/>\n<\/strong><\/li>\n<li><strong>5. Rrezart Cungu u shpall teniseri m\u00eb i suksesh\u00ebm p\u00ebr vitin 2011\u00a0ga Klubi i Tenisit \u201cBellevue\u201d<\/strong><\/li>\n<li><strong>P\u00ebrpos pes\u00eb kategorive, organizatori ndau jasht\u00eb konkurrimit Mir\u00ebnjohje p\u00ebr pun\u00ebtorin e sportit Beqir Truma, me motivacion \u201cp\u00ebr pun\u00ebn shum\u00ebvje\u00e7are n\u00eb zhvillimin e sportit n\u00eb Ulqin\n<p><\/strong><\/li>\n<\/ul>\n<p><strong>Lajme nga Ulqini<\/strong><\/p>\n<p><strong>Autori i fotografive \u00ebsht\u00eb &#8211; <a href=\"https:\/\/www.facebook.com\/media\/set\/?set=a.2531762769611.2118665.1119765684&amp;type=1\" target=\"_blank\">Ruzhdi Rama Facebook<\/a><\/strong>\n\t\t<style type=\"text\/css\">\n\t\t\t#gallery-1 {\n\t\t\t\tmargin: auto;\n\t\t\t}\n\t\t\t#gallery-1 .gallery-item {\n\t\t\t\tfloat: left;\n\t\t\t\tmargin-top: 10px;\n\t\t\t\ttext-align: center;\n\t\t\t\twidth: 33%;\n\t\t\t}\n\t\t\t#gallery-1 img {\n\t\t\t\tborder: 2px solid #cfcfcf;\n\t\t\t}\n\t\t\t#gallery-1 .gallery-caption {\n\t\t\t\tmargin-left: 0;\n\t\t\t}\n\t\t\t\/* see gallery_shortcode() in wp-includes\/media.php *\/\n\t\t<\/style>\n\t\t<div id='gallery-1' class='gallery galleryid-55089 gallery-columns-3 gallery-size-thumbnail'><dl class='gallery-item'>\n\t\t\t<dt class='gallery-icon landscape'>\n\t\t\t\t<a href='https:\/\/www.visit-ulcinj.com\/blog\/wp-content\/uploads\/2011\/12\/Sportis\u00ebt-shp\u00ebrblehen-p\u00ebr-suksesin-e-arritur-nga-kryetari-i-Komun\u00ebs-s\u00eb-UlqinitNazif-Cungu.1.jpg'><img width=\"150\" height=\"150\" src=\"https:\/\/www.visit-ulcinj.com\/blog\/wp-content\/uploads\/2011\/12\/Sportis\u00ebt-shp\u00ebrblehen-p\u00ebr-suksesin-e-arritur-nga-kryetari-i-Komun\u00ebs-s\u00eb-UlqinitNazif-Cungu.1-150x150.jpg\" class=\"attachment-thumbnail size-thumbnail\" alt=\"\" loading=\"lazy\" \/><\/a>\n\t\t\t<\/dt><\/dl><dl class='gallery-item'>\n\t\t\t<dt class='gallery-icon landscape'>\n\t\t\t\t<a href='https:\/\/www.visit-ulcinj.com\/blog\/wp-content\/uploads\/2011\/12\/Sportis\u00ebt-shp\u00ebrblehen-p\u00ebr-suksesin-e-arritur-nga-kryetari-i-Komun\u00ebs-s\u00eb-UlqinitNazif-Cungu.2.jpg'><img width=\"150\" height=\"150\" src=\"https:\/\/www.visit-ulcinj.com\/blog\/wp-content\/uploads\/2011\/12\/Sportis\u00ebt-shp\u00ebrblehen-p\u00ebr-suksesin-e-arritur-nga-kryetari-i-Komun\u00ebs-s\u00eb-UlqinitNazif-Cungu.2-150x150.jpg\" class=\"attachment-thumbnail size-thumbnail\" alt=\"\" loading=\"lazy\" \/><\/a>\n\t\t\t<\/dt><\/dl><dl class='gallery-item'>\n\t\t\t<dt class='gallery-icon landscape'>\n\t\t\t\t<a href='https:\/\/www.visit-ulcinj.com\/blog\/wp-content\/uploads\/2011\/12\/Sportis\u00ebt-shp\u00ebrblehen-p\u00ebr-suksesin-e-arritur-nga-kryetari-i-Komun\u00ebs-s\u00eb-UlqinitNazif-Cungu.3.jpg'><img width=\"150\" height=\"150\" src=\"https:\/\/www.visit-ulcinj.com\/blog\/wp-content\/uploads\/2011\/12\/Sportis\u00ebt-shp\u00ebrblehen-p\u00ebr-suksesin-e-arritur-nga-kryetari-i-Komun\u00ebs-s\u00eb-UlqinitNazif-Cungu.3-150x150.jpg\" class=\"attachment-thumbnail size-thumbnail\" alt=\"\" loading=\"lazy\" \/><\/a>\n\t\t\t<\/dt><\/dl><br style=\"clear: both\" \/><dl class='gallery-item'>\n\t\t\t<dt class='gallery-icon landscape'>\n\t\t\t\t<a href='https:\/\/www.visit-ulcinj.com\/blog\/wp-content\/uploads\/2011\/12\/Sportis\u00ebt-shp\u00ebrblehen-p\u00ebr-suksesin-e-arritur-nga-kryetari-i-Komun\u00ebs-s\u00eb-UlqinitNazif-Cungu.4.jpg'><img width=\"150\" height=\"150\" src=\"https:\/\/www.visit-ulcinj.com\/blog\/wp-content\/uploads\/2011\/12\/Sportis\u00ebt-shp\u00ebrblehen-p\u00ebr-suksesin-e-arritur-nga-kryetari-i-Komun\u00ebs-s\u00eb-UlqinitNazif-Cungu.4-150x150.jpg\" class=\"attachment-thumbnail size-thumbnail\" alt=\"\" loading=\"lazy\" \/><\/a>\n\t\t\t<\/dt><\/dl><dl class='gallery-item'>\n\t\t\t<dt class='gallery-icon landscape'>\n\t\t\t\t<a href='https:\/\/www.visit-ulcinj.com\/blog\/wp-content\/uploads\/2011\/12\/Sportis\u00ebt-shp\u00ebrblehen-p\u00ebr-suksesin-e-arritur-nga-kryetari-i-Komun\u00ebs-s\u00eb-UlqinitNazif-Cungu.5.jpg'><img width=\"150\" height=\"150\" src=\"https:\/\/www.visit-ulcinj.com\/blog\/wp-content\/uploads\/2011\/12\/Sportis\u00ebt-shp\u00ebrblehen-p\u00ebr-suksesin-e-arritur-nga-kryetari-i-Komun\u00ebs-s\u00eb-UlqinitNazif-Cungu.5-150x150.jpg\" class=\"attachment-thumbnail size-thumbnail\" alt=\"\" loading=\"lazy\" \/><\/a>\n\t\t\t<\/dt><\/dl><dl class='gallery-item'>\n\t\t\t<dt class='gallery-icon landscape'>\n\t\t\t\t<a href='https:\/\/www.visit-ulcinj.com\/blog\/wp-content\/uploads\/2011\/12\/Sportis\u00ebt-shp\u00ebrblehen-p\u00ebr-suksesin-e-arritur-nga-kryetari-i-Komun\u00ebs-s\u00eb-UlqinitNazif-Cungu.6.jpg'><img width=\"150\" height=\"150\" src=\"https:\/\/www.visit-ulcinj.com\/blog\/wp-content\/uploads\/2011\/12\/Sportis\u00ebt-shp\u00ebrblehen-p\u00ebr-suksesin-e-arritur-nga-kryetari-i-Komun\u00ebs-s\u00eb-UlqinitNazif-Cungu.6-150x150.jpg\" class=\"attachment-thumbnail size-thumbnail\" alt=\"\" loading=\"lazy\" \/><\/a>\n\t\t\t<\/dt><\/dl><br style=\"clear: both\" \/><dl class='gallery-item'>\n\t\t\t<dt class='gallery-icon portrait'>\n\t\t\t\t<a href='https:\/\/www.visit-ulcinj.com\/blog\/wp-content\/uploads\/2011\/12\/Sportis\u00ebt-shp\u00ebrblehen-p\u00ebr-suksesin-e-arritur-nga-kryetari-i-Komun\u00ebs-s\u00eb-UlqinitNazif-Cungu.7.jpg'><img width=\"150\" height=\"150\" src=\"https:\/\/www.visit-ulcinj.com\/blog\/wp-content\/uploads\/2011\/12\/Sportis\u00ebt-shp\u00ebrblehen-p\u00ebr-suksesin-e-arritur-nga-kryetari-i-Komun\u00ebs-s\u00eb-UlqinitNazif-Cungu.7-150x150.jpg\" class=\"attachment-thumbnail size-thumbnail\" alt=\"\" loading=\"lazy\" \/><\/a>\n\t\t\t<\/dt><\/dl><dl class='gallery-item'>\n\t\t\t<dt class='gallery-icon landscape'>\n\t\t\t\t<a href='https:\/\/www.visit-ulcinj.com\/blog\/wp-content\/uploads\/2011\/12\/Sportis\u00ebt-shp\u00ebrblehen-p\u00ebr-suksesin-e-arritur-nga-kryetari-i-Komun\u00ebs-s\u00eb-UlqinitNazif-Cungu.8.jpg'><img width=\"150\" height=\"150\" src=\"https:\/\/www.visit-ulcinj.com\/blog\/wp-content\/uploads\/2011\/12\/Sportis\u00ebt-shp\u00ebrblehen-p\u00ebr-suksesin-e-arritur-nga-kryetari-i-Komun\u00ebs-s\u00eb-UlqinitNazif-Cungu.8-150x150.jpg\" class=\"attachment-thumbnail size-thumbnail\" alt=\"\" loading=\"lazy\" \/><\/a>\n\t\t\t<\/dt><\/dl><dl class='gallery-item'>\n\t\t\t<dt class='gallery-icon landscape'>\n\t\t\t\t<a href='https:\/\/www.visit-ulcinj.com\/blog\/wp-content\/uploads\/2011\/12\/Sportis\u00ebt-shp\u00ebrblehen-p\u00ebr-suksesin-e-arritur-nga-kryetari-i-Komun\u00ebs-s\u00eb-UlqinitNazif-Cungu.9.jpg'><img width=\"150\" height=\"150\" src=\"https:\/\/www.visit-ulcinj.com\/blog\/wp-content\/uploads\/2011\/12\/Sportis\u00ebt-shp\u00ebrblehen-p\u00ebr-suksesin-e-arritur-nga-kryetari-i-Komun\u00ebs-s\u00eb-UlqinitNazif-Cungu.9-150x150.jpg\" class=\"attachment-thumbnail size-thumbnail\" alt=\"\" loading=\"lazy\" \/><\/a>\n\t\t\t<\/dt><\/dl><br style=\"clear: both\" \/><dl class='gallery-item'>\n\t\t\t<dt class='gallery-icon landscape'>\n\t\t\t\t<a href='https:\/\/www.visit-ulcinj.com\/blog\/wp-content\/uploads\/2011\/12\/Sportis\u00ebt-shp\u00ebrblehen-p\u00ebr-suksesin-e-arritur-nga-kryetari-i-Komun\u00ebs-s\u00eb-UlqinitNazif-Cungu.jpg'><img width=\"150\" height=\"150\" src=\"https:\/\/www.visit-ulcinj.com\/blog\/wp-content\/uploads\/2011\/12\/Sportis\u00ebt-shp\u00ebrblehen-p\u00ebr-suksesin-e-arritur-nga-kryetari-i-Komun\u00ebs-s\u00eb-UlqinitNazif-Cungu-150x150.jpg\" class=\"attachment-thumbnail size-thumbnail\" alt=\"\" loading=\"lazy\" \/><\/a>\n\t\t\t<\/dt><\/dl><dl class='gallery-item'>\n\t\t\t<dt class='gallery-icon landscape'>\n\t\t\t\t<a href='https:\/\/www.visit-ulcinj.com\/blog\/wp-content\/uploads\/2011\/12\/Sportis\u00ebt-shp\u00ebrblehen-p\u00ebr-suksesin-e-arritur-nga-kryetari-i-Komun\u00ebs-s\u00eb-UlqinitNazif-Cungu.10.jpg'><img width=\"150\" height=\"150\" src=\"https:\/\/www.visit-ulcinj.com\/blog\/wp-content\/uploads\/2011\/12\/Sportis\u00ebt-shp\u00ebrblehen-p\u00ebr-suksesin-e-arritur-nga-kryetari-i-Komun\u00ebs-s\u00eb-UlqinitNazif-Cungu.10-150x150.jpg\" class=\"attachment-thumbnail size-thumbnail\" alt=\"\" loading=\"lazy\" \/><\/a>\n\t\t\t<\/dt><\/dl>\n\t\t\t<br style='clear: both' \/>\n\t\t<\/div>\n<\/p>\n","protected":false},"excerpt":{"rendered":"<p>Kryetari i komun\u00ebs s\u00eb Ulqinit, Nazif Cungu, priti n\u00eb lokalet e komunes s\u00eb Ulqinit,sportist\u00ebt q\u00eb kan arritur suksese n\u00eb vitin 2011. N\u00eb em\u00ebr t\u00eb t\u00eb gjith\u00eb qytetar\u00ebve ju shpreh respektin, sepse ju nderuat komun\u00ebn e Ulqinit n\u00eb vitin 2011 dhe nderuat popullin e Ulqinit n\u00eb p\u00ebrgjith\u00ebsi. Cungu u shpreh p\u00ebr meritat t\u00eb ve\u00e7anta t\u00eb ngritjes [&hellip;]<\/p>\n","protected":false},"author":1,"featured_media":0,"comment_status":"open","ping_status":"closed","sticky":false,"template":"","format":"standard","meta":{"spay_email":"","jetpack_publicize_message":"","jetpack_is_tweetstorm":false,"jetpack_publicize_feature_enabled":true},"categories":[1,3],"tags":[19734,5024,6336,9670,19732,19733,200,18],"jetpack_publicize_connections":[],"yoast_head":"<!-- This site is optimized with the Yoast SEO plugin v19.1 - https:\/\/yoast.com\/wordpress\/plugins\/seo\/ -->\n<title>Sportis\u00ebt shp\u00ebrblehen p\u00ebr suksesin e arritur nga kryetari i Komun\u00ebs s\u00eb Ulqinit,Nazif Cungu - Lajme nga Ulqini<\/title>\n<meta name=\"description\" content=\"Kryetari i komun\u00ebs s\u00eb Ulqinit, Nazif Cungu, priti n\u00eb lokalet e komunes s\u00eb Ulqinit,sportist\u00ebt q\u00eb kan arritur suksese n\u00eb vitin 2011. N\u00eb em\u00ebr t\u00eb t\u00eb gjith\u00eb\" \/>\n<meta name=\"robots\" content=\"index, follow, max-snippet:-1, max-image-preview:large, max-video-preview:-1\" \/>\n<link rel=\"canonical\" href=\"https:\/\/www.visit-ulcinj.com\/blog\/2011\/12\/26\/sportiset-shperblehen-per-suksesin-e-arritur-nga-kryetari-i-komunes-se-ulqinitnazif-cungu\/\" \/>\n<meta property=\"og:locale\" content=\"en_US\" \/>\n<meta property=\"og:type\" content=\"article\" \/>\n<meta property=\"og:title\" content=\"Sportis\u00ebt shp\u00ebrblehen p\u00ebr suksesin e arritur nga kryetari i Komun\u00ebs s\u00eb Ulqinit,Nazif Cungu - Lajme nga Ulqini\" \/>\n<meta property=\"og:description\" content=\"Kryetari i komun\u00ebs s\u00eb Ulqinit, Nazif Cungu, priti n\u00eb lokalet e komunes s\u00eb Ulqinit,sportist\u00ebt q\u00eb kan arritur suksese n\u00eb vitin 2011. N\u00eb em\u00ebr t\u00eb t\u00eb gjith\u00eb\" \/>\n<meta property=\"og:url\" content=\"https:\/\/www.visit-ulcinj.com\/blog\/2011\/12\/26\/sportiset-shperblehen-per-suksesin-e-arritur-nga-kryetari-i-komunes-se-ulqinitnazif-cungu\/\" \/>\n<meta property=\"og:site_name\" content=\"Lajme nga Ulqini\" \/>\n<meta property=\"article:published_time\" content=\"2011-12-26T21:38:05+00:00\" \/>\n<meta property=\"article:modified_time\" content=\"2011-12-27T11:24:16+00:00\" \/>\n<meta property=\"og:image\" content=\"https:\/\/www.visit-ulcinj.com\/blog\/wp-content\/uploads\/2011\/12\/Sportis\u00ebt-shp\u00ebrblehen-p\u00ebr-suksesin-e-arritur-nga-kryetari-i-Komun\u00ebs-s\u00eb-UlqinitNazif-Cungu.1-150x150.jpg\" \/>\n<meta name=\"twitter:label1\" content=\"Written by\" \/>\n\t<meta name=\"twitter:data1\" content=\"ulqini\" \/>\n\t<meta name=\"twitter:label2\" content=\"Est. reading time\" \/>\n\t<meta name=\"twitter:data2\" content=\"2 minutes\" \/>\n<script type=\"application\/ld+json\" class=\"yoast-schema-graph\">{\"@context\":\"https:\/\/schema.org\",\"@graph\":[{\"@type\":\"WebSite\",\"@id\":\"https:\/\/www.visit-ulcinj.com\/blog\/#website\",\"url\":\"https:\/\/www.visit-ulcinj.com\/blog\/\",\"name\":\"Lajme nga Ulqini\",\"description\":\"Lajme,Vijesti,Ulqini,Ulqin,Crna Gora,Mali i Zi\",\"potentialAction\":[{\"@type\":\"SearchAction\",\"target\":{\"@type\":\"EntryPoint\",\"urlTemplate\":\"https:\/\/www.visit-ulcinj.com\/blog\/?s={search_term_string}\"},\"query-input\":\"required name=search_term_string\"}],\"inLanguage\":\"en-US\"},{\"@type\":\"ImageObject\",\"inLanguage\":\"en-US\",\"@id\":\"https:\/\/www.visit-ulcinj.com\/blog\/2011\/12\/26\/sportiset-shperblehen-per-suksesin-e-arritur-nga-kryetari-i-komunes-se-ulqinitnazif-cungu\/#primaryimage\",\"url\":\"http:\/\/www.visit-ulcinj.com\/blog\/wp-content\/uploads\/2011\/12\/Sportis%C3%ABt-shp%C3%ABrblehen-p%C3%ABr-suksesin-e-arritur-nga-kryetari-i-Komun%C3%ABs-s%C3%AB-UlqinitNazif-Cungu.1.jpg\",\"contentUrl\":\"http:\/\/www.visit-ulcinj.com\/blog\/wp-content\/uploads\/2011\/12\/Sportis%C3%ABt-shp%C3%ABrblehen-p%C3%ABr-suksesin-e-arritur-nga-kryetari-i-Komun%C3%ABs-s%C3%AB-UlqinitNazif-Cungu.1.jpg\"},{\"@type\":\"WebPage\",\"@id\":\"https:\/\/www.visit-ulcinj.com\/blog\/2011\/12\/26\/sportiset-shperblehen-per-suksesin-e-arritur-nga-kryetari-i-komunes-se-ulqinitnazif-cungu\/#webpage\",\"url\":\"https:\/\/www.visit-ulcinj.com\/blog\/2011\/12\/26\/sportiset-shperblehen-per-suksesin-e-arritur-nga-kryetari-i-komunes-se-ulqinitnazif-cungu\/\",\"name\":\"Sportis\u00ebt shp\u00ebrblehen p\u00ebr suksesin e arritur nga kryetari i Komun\u00ebs s\u00eb Ulqinit,Nazif Cungu - Lajme nga Ulqini\",\"isPartOf\":{\"@id\":\"https:\/\/www.visit-ulcinj.com\/blog\/#website\"},\"primaryImageOfPage\":{\"@id\":\"https:\/\/www.visit-ulcinj.com\/blog\/2011\/12\/26\/sportiset-shperblehen-per-suksesin-e-arritur-nga-kryetari-i-komunes-se-ulqinitnazif-cungu\/#primaryimage\"},\"datePublished\":\"2011-12-26T21:38:05+00:00\",\"dateModified\":\"2011-12-27T11:24:16+00:00\",\"author\":{\"@id\":\"https:\/\/www.visit-ulcinj.com\/blog\/#\/schema\/person\/dcab619c614d3038751c63bc2aadc06d\"},\"description\":\"Kryetari i komun\u00ebs s\u00eb Ulqinit, Nazif Cungu, priti n\u00eb lokalet e komunes s\u00eb Ulqinit,sportist\u00ebt q\u00eb kan arritur suksese n\u00eb vitin 2011. N\u00eb em\u00ebr t\u00eb t\u00eb gjith\u00eb\",\"breadcrumb\":{\"@id\":\"https:\/\/www.visit-ulcinj.com\/blog\/2011\/12\/26\/sportiset-shperblehen-per-suksesin-e-arritur-nga-kryetari-i-komunes-se-ulqinitnazif-cungu\/#breadcrumb\"},\"inLanguage\":\"en-US\",\"potentialAction\":[{\"@type\":\"ReadAction\",\"target\":[\"https:\/\/www.visit-ulcinj.com\/blog\/2011\/12\/26\/sportiset-shperblehen-per-suksesin-e-arritur-nga-kryetari-i-komunes-se-ulqinitnazif-cungu\/\"]}]},{\"@type\":\"BreadcrumbList\",\"@id\":\"https:\/\/www.visit-ulcinj.com\/blog\/2011\/12\/26\/sportiset-shperblehen-per-suksesin-e-arritur-nga-kryetari-i-komunes-se-ulqinitnazif-cungu\/#breadcrumb\",\"itemListElement\":[{\"@type\":\"ListItem\",\"position\":1,\"name\":\"Sportis\u00ebt shp\u00ebrblehen p\u00ebr suksesin e arritur nga kryetari i Komun\u00ebs s\u00eb Ulqinit,Nazif Cungu\"}]},{\"@type\":\"Person\",\"@id\":\"https:\/\/www.visit-ulcinj.com\/blog\/#\/schema\/person\/dcab619c614d3038751c63bc2aadc06d\",\"name\":\"ulqini\",\"sameAs\":[\"http:\/\/www.visit-ulcinj.com\"],\"url\":\"https:\/\/www.visit-ulcinj.com\/blog\/author\/admin\/\"}]}<\/script>\n<!-- \/ Yoast SEO plugin. -->","yoast_head_json":{"title":"Sportis\u00ebt shp\u00ebrblehen p\u00ebr suksesin e arritur nga kryetari i Komun\u00ebs s\u00eb Ulqinit,Nazif Cungu - Lajme nga Ulqini","description":"Kryetari i komun\u00ebs s\u00eb Ulqinit, Nazif Cungu, priti n\u00eb lokalet e komunes s\u00eb Ulqinit,sportist\u00ebt q\u00eb kan arritur suksese n\u00eb vitin 2011. N\u00eb em\u00ebr t\u00eb t\u00eb gjith\u00eb","robots":{"index":"index","follow":"follow","max-snippet":"max-snippet:-1","max-image-preview":"max-image-preview:large","max-video-preview":"max-video-preview:-1"},"canonical":"https:\/\/www.visit-ulcinj.com\/blog\/2011\/12\/26\/sportiset-shperblehen-per-suksesin-e-arritur-nga-kryetari-i-komunes-se-ulqinitnazif-cungu\/","og_locale":"en_US","og_type":"article","og_title":"Sportis\u00ebt shp\u00ebrblehen p\u00ebr suksesin e arritur nga kryetari i Komun\u00ebs s\u00eb Ulqinit,Nazif Cungu - Lajme nga Ulqini","og_description":"Kryetari i komun\u00ebs s\u00eb Ulqinit, Nazif Cungu, priti n\u00eb lokalet e komunes s\u00eb Ulqinit,sportist\u00ebt q\u00eb kan arritur suksese n\u00eb vitin 2011. N\u00eb em\u00ebr t\u00eb t\u00eb gjith\u00eb","og_url":"https:\/\/www.visit-ulcinj.com\/blog\/2011\/12\/26\/sportiset-shperblehen-per-suksesin-e-arritur-nga-kryetari-i-komunes-se-ulqinitnazif-cungu\/","og_site_name":"Lajme nga Ulqini","article_published_time":"2011-12-26T21:38:05+00:00","article_modified_time":"2011-12-27T11:24:16+00:00","og_image":[{"url":"https:\/\/www.visit-ulcinj.com\/blog\/wp-content\/uploads\/2011\/12\/Sportis\u00ebt-shp\u00ebrblehen-p\u00ebr-suksesin-e-arritur-nga-kryetari-i-Komun\u00ebs-s\u00eb-UlqinitNazif-Cungu.1-150x150.jpg"}],"twitter_misc":{"Written by":"ulqini","Est. reading time":"2 minutes"},"schema":{"@context":"https:\/\/schema.org","@graph":[{"@type":"WebSite","@id":"https:\/\/www.visit-ulcinj.com\/blog\/#website","url":"https:\/\/www.visit-ulcinj.com\/blog\/","name":"Lajme nga Ulqini","description":"Lajme,Vijesti,Ulqini,Ulqin,Crna Gora,Mali i Zi","potentialAction":[{"@type":"SearchAction","target":{"@type":"EntryPoint","urlTemplate":"https:\/\/www.visit-ulcinj.com\/blog\/?s={search_term_string}"},"query-input":"required name=search_term_string"}],"inLanguage":"en-US"},{"@type":"ImageObject","inLanguage":"en-US","@id":"https:\/\/www.visit-ulcinj.com\/blog\/2011\/12\/26\/sportiset-shperblehen-per-suksesin-e-arritur-nga-kryetari-i-komunes-se-ulqinitnazif-cungu\/#primaryimage","url":"http:\/\/www.visit-ulcinj.com\/blog\/wp-content\/uploads\/2011\/12\/Sportis%C3%ABt-shp%C3%ABrblehen-p%C3%ABr-suksesin-e-arritur-nga-kryetari-i-Komun%C3%ABs-s%C3%AB-UlqinitNazif-Cungu.1.jpg","contentUrl":"http:\/\/www.visit-ulcinj.com\/blog\/wp-content\/uploads\/2011\/12\/Sportis%C3%ABt-shp%C3%ABrblehen-p%C3%ABr-suksesin-e-arritur-nga-kryetari-i-Komun%C3%ABs-s%C3%AB-UlqinitNazif-Cungu.1.jpg"},{"@type":"WebPage","@id":"https:\/\/www.visit-ulcinj.com\/blog\/2011\/12\/26\/sportiset-shperblehen-per-suksesin-e-arritur-nga-kryetari-i-komunes-se-ulqinitnazif-cungu\/#webpage","url":"https:\/\/www.visit-ulcinj.com\/blog\/2011\/12\/26\/sportiset-shperblehen-per-suksesin-e-arritur-nga-kryetari-i-komunes-se-ulqinitnazif-cungu\/","name":"Sportis\u00ebt shp\u00ebrblehen p\u00ebr suksesin e arritur nga kryetari i Komun\u00ebs s\u00eb Ulqinit,Nazif Cungu - Lajme nga Ulqini","isPartOf":{"@id":"https:\/\/www.visit-ulcinj.com\/blog\/#website"},"primaryImageOfPage":{"@id":"https:\/\/www.visit-ulcinj.com\/blog\/2011\/12\/26\/sportiset-shperblehen-per-suksesin-e-arritur-nga-kryetari-i-komunes-se-ulqinitnazif-cungu\/#primaryimage"},"datePublished":"2011-12-26T21:38:05+00:00","dateModified":"2011-12-27T11:24:16+00:00","author":{"@id":"https:\/\/www.visit-ulcinj.com\/blog\/#\/schema\/person\/dcab619c614d3038751c63bc2aadc06d"},"description":"Kryetari i komun\u00ebs s\u00eb Ulqinit, Nazif Cungu, priti n\u00eb lokalet e komunes s\u00eb Ulqinit,sportist\u00ebt q\u00eb kan arritur suksese n\u00eb vitin 2011. N\u00eb em\u00ebr t\u00eb t\u00eb gjith\u00eb","breadcrumb":{"@id":"https:\/\/www.visit-ulcinj.com\/blog\/2011\/12\/26\/sportiset-shperblehen-per-suksesin-e-arritur-nga-kryetari-i-komunes-se-ulqinitnazif-cungu\/#breadcrumb"},"inLanguage":"en-US","potentialAction":[{"@type":"ReadAction","target":["https:\/\/www.visit-ulcinj.com\/blog\/2011\/12\/26\/sportiset-shperblehen-per-suksesin-e-arritur-nga-kryetari-i-komunes-se-ulqinitnazif-cungu\/"]}]},{"@type":"BreadcrumbList","@id":"https:\/\/www.visit-ulcinj.com\/blog\/2011\/12\/26\/sportiset-shperblehen-per-suksesin-e-arritur-nga-kryetari-i-komunes-se-ulqinitnazif-cungu\/#breadcrumb","itemListElement":[{"@type":"ListItem","position":1,"name":"Sportis\u00ebt shp\u00ebrblehen p\u00ebr suksesin e arritur nga kryetari i Komun\u00ebs s\u00eb Ulqinit,Nazif Cungu"}]},{"@type":"Person","@id":"https:\/\/www.visit-ulcinj.com\/blog\/#\/schema\/person\/dcab619c614d3038751c63bc2aadc06d","name":"ulqini","sameAs":["http:\/\/www.visit-ulcinj.com"],"url":"https:\/\/www.visit-ulcinj.com\/blog\/author\/admin\/"}]}},"jetpack_featured_media_url":"","jetpack_sharing_enabled":true,"jetpack_shortlink":"https:\/\/wp.me\/pe6lTn-ekx","_links":{"self":[{"href":"https:\/\/www.visit-ulcinj.com\/blog\/wp-json\/wp\/v2\/posts\/55089"}],"collection":[{"href":"https:\/\/www.visit-ulcinj.com\/blog\/wp-json\/wp\/v2\/posts"}],"about":[{"href":"https:\/\/www.visit-ulcinj.com\/blog\/wp-json\/wp\/v2\/types\/post"}],"author":[{"embeddable":true,"href":"https:\/\/www.visit-ulcinj.com\/blog\/wp-json\/wp\/v2\/users\/1"}],"replies":[{"embeddable":true,"href":"https:\/\/www.visit-ulcinj.com\/blog\/wp-json\/wp\/v2\/comments?post=55089"}],"version-history":[{"count":7,"href":"https:\/\/www.visit-ulcinj.com\/blog\/wp-json\/wp\/v2\/posts\/55089\/revisions"}],"predecessor-version":[{"id":55118,"href":"https:\/\/www.visit-ulcinj.com\/blog\/wp-json\/wp\/v2\/posts\/55089\/revisions\/55118"}],"wp:attachment":[{"href":"https:\/\/www.visit-ulcinj.com\/blog\/wp-json\/wp\/v2\/media?parent=55089"}],"wp:term":[{"taxonomy":"category","embeddable":true,"href":"https:\/\/www.visit-ulcinj.com\/blog\/wp-json\/wp\/v2\/categories?post=55089"},{"taxonomy":"post_tag","embeddable":true,"href":"https:\/\/www.visit-ulcinj.com\/blog\/wp-json\/wp\/v2\/tags?post=55089"}],"curies":[{"name":"wp","href":"https:\/\/api.w.org\/{rel}","templated":true}]}}