{"id":55110,"date":"2011-12-27T10:47:43","date_gmt":"2011-12-27T09:47:43","guid":{"rendered":"http:\/\/www.visit-ulcinj.com\/blog\/?p=55110"},"modified":"2011-12-27T10:47:43","modified_gmt":"2011-12-27T09:47:43","slug":"hajdinaga-radio-sam-sve-po-zakonu","status":"publish","type":"post","link":"https:\/\/www.visit-ulcinj.com\/blog\/2011\/12\/27\/hajdinaga-radio-sam-sve-po-zakonu\/","title":{"rendered":"Hajdinaga: Radio sam sve po zakonu"},"content":{"rendered":"<p><a href=\"http:\/\/www.visit-ulcinj.com\/blog\/wp-content\/uploads\/2011\/12\/Bivsi-gradonacelnik-Ulcinja-Gzim-Hajdinaga-Srecan-Bozic.jpg\"><img loading=\"lazy\" class=\"alignleft size-full wp-image-55111\" title=\"Bivsi gradonacelnik Ulcinja Gzim Hajdinaga - Srecan Bozic\" src=\"http:\/\/www.visit-ulcinj.com\/blog\/wp-content\/uploads\/2011\/12\/Bivsi-gradonacelnik-Ulcinja-Gzim-Hajdinaga-Srecan-Bozic.jpg\" alt=\"\" width=\"508\" height=\"376\" \/><\/a>Biv\u0161i gradona\u010delnik Ulcinja Gzim Hajdinaga odbacio je ve\u010deras optu\u017ebe da je po\u010dinio krivi\u010dno djelo zloupotreba slu\u017ebenog polo\u017eaja u produ\u017eenom trajanju.<\/p>\n<p>Slu\u017ebenici Uprave policije podnijeli su Osnovnom dr\u017eavnom tu\u017eila\u0161tvu u Ulcinju krivi\u010dnu prijavu protiv Hajdinage, zbog osnovane sumnje da je po\u010dinio krivi\u010dno djelo zloupotreba slu\u017ebenog polo\u017eaja u produ\u017eenom trajanju.<\/p>\n<p>Hajdinaga je rekao agenciji Mina da je kao predsjednik op\u0161tine Ulcinj sve radio u skladu sa zakonima Crne Gore i u interesu op\u0161tine i gra\u0111ana.<\/p>\n<p>On je kazao da nije informisan da je podignuta krivi\u010dna prijava protiv njega, ali i da ima povjerenje u pravosudne organe, njihovu stru\u010dnost i korektnost.<\/p>\n<p>&#8211; To su neosnovane optu\u017ebe i nema nikakve osnove za njih. Ja spavam mirno, rekao je Hajdinaga.<\/p>\n<p>Iz Uprave policije je saop\u0161teno da je krivi\u010dna prijava podnijeta i protiv osniva\u010da i zakonskog zastupnika preduze\u0107a Donata kompani Nasera Kelmendija (54), zbog osnovane sumnje da je po\u010dinio krivi\u010dno djelo gra\u0111enje objekta bez gra\u0111evinske dozvole.<\/p>\n<p>Kako se navodi, policijske radnje upu\u0107uju na sumnju da je Hajdinaga oktobra 2008. do kraja pro\u0161le godine zloupotrebljavao slu\u017ebeni polo\u017eaj tako \u0161to je u svojstvu predsjednika Op\u0161tine Ulcinj \u201eprekora\u010denjem granica svog slu\u017ebenog ovla\u0161\u0107enja, pribavio korist investitorima\u201c.<\/p>\n<p><strong><a href=\"http:\/\/www.portalanalitika.me\/drustvo\/vijesti\/46583-hajdinaga-radio-sam-sve-po-zakonu.html\" target=\"_blank\">MINA<br \/>\nAnalitika &#8211; Informativni Porta<\/a>l<\/strong><\/p>\n","protected":false},"excerpt":{"rendered":"<p>Biv\u0161i gradona\u010delnik Ulcinja Gzim Hajdinaga odbacio je ve\u010deras optu\u017ebe da je po\u010dinio krivi\u010dno djelo zloupotreba slu\u017ebenog polo\u017eaja u produ\u017eenom trajanju. Slu\u017ebenici Uprave policije podnijeli su Osnovnom dr\u017eavnom tu\u017eila\u0161tvu u Ulcinju krivi\u010dnu prijavu protiv Hajdinage, zbog osnovane sumnje da je po\u010dinio krivi\u010dno djelo zloupotreba slu\u017ebenog polo\u017eaja u produ\u017eenom trajanju. Hajdinaga je rekao agenciji Mina da je [&hellip;]<\/p>\n","protected":false},"author":1,"featured_media":0,"comment_status":"closed","ping_status":"closed","sticky":false,"template":"","format":"standard","meta":{"spay_email":"","jetpack_publicize_message":"","jetpack_is_tweetstorm":false,"jetpack_publicize_feature_enabled":true},"categories":[8337],"tags":[19735,264,19],"jetpack_publicize_connections":[],"yoast_head":"<!-- This site is optimized with the Yoast SEO plugin v19.1 - https:\/\/yoast.com\/wordpress\/plugins\/seo\/ -->\n<title>Hajdinaga: Radio sam sve po zakonu - Lajme nga Ulqini<\/title>\n<meta name=\"description\" content=\"Biv\u0161i gradona\u010delnik Ulcinja Gzim Hajdinaga odbacio je ve\u010deras optu\u017ebe da je po\u010dinio krivi\u010dno djelo zloupotreba slu\u017ebenog polo\u017eaja u produ\u017eenom trajanju.\" \/>\n<meta name=\"robots\" content=\"index, follow, max-snippet:-1, max-image-preview:large, max-video-preview:-1\" \/>\n<link rel=\"canonical\" href=\"https:\/\/www.visit-ulcinj.com\/blog\/2011\/12\/27\/hajdinaga-radio-sam-sve-po-zakonu\/\" \/>\n<meta property=\"og:locale\" content=\"en_US\" \/>\n<meta property=\"og:type\" content=\"article\" \/>\n<meta property=\"og:title\" content=\"Hajdinaga: Radio sam sve po zakonu - Lajme nga Ulqini\" \/>\n<meta property=\"og:description\" content=\"Biv\u0161i gradona\u010delnik Ulcinja Gzim Hajdinaga odbacio je ve\u010deras optu\u017ebe da je po\u010dinio krivi\u010dno djelo zloupotreba slu\u017ebenog polo\u017eaja u produ\u017eenom trajanju.\" \/>\n<meta property=\"og:url\" content=\"https:\/\/www.visit-ulcinj.com\/blog\/2011\/12\/27\/hajdinaga-radio-sam-sve-po-zakonu\/\" \/>\n<meta property=\"og:site_name\" content=\"Lajme nga Ulqini\" \/>\n<meta property=\"article:published_time\" content=\"2011-12-27T09:47:43+00:00\" \/>\n<meta property=\"og:image\" content=\"http:\/\/www.visit-ulcinj.com\/blog\/wp-content\/uploads\/2011\/12\/Bivsi-gradonacelnik-Ulcinja-Gzim-Hajdinaga-Srecan-Bozic.jpg\" \/>\n<meta name=\"twitter:label1\" content=\"Written by\" \/>\n\t<meta name=\"twitter:data1\" content=\"ulqini\" \/>\n\t<meta name=\"twitter:label2\" content=\"Est. reading time\" \/>\n\t<meta name=\"twitter:data2\" content=\"1 minute\" \/>\n<script type=\"application\/ld+json\" class=\"yoast-schema-graph\">{\"@context\":\"https:\/\/schema.org\",\"@graph\":[{\"@type\":\"WebSite\",\"@id\":\"https:\/\/www.visit-ulcinj.com\/blog\/#website\",\"url\":\"https:\/\/www.visit-ulcinj.com\/blog\/\",\"name\":\"Lajme nga Ulqini\",\"description\":\"Lajme,Vijesti,Ulqini,Ulqin,Crna Gora,Mali i Zi\",\"potentialAction\":[{\"@type\":\"SearchAction\",\"target\":{\"@type\":\"EntryPoint\",\"urlTemplate\":\"https:\/\/www.visit-ulcinj.com\/blog\/?s={search_term_string}\"},\"query-input\":\"required name=search_term_string\"}],\"inLanguage\":\"en-US\"},{\"@type\":\"ImageObject\",\"inLanguage\":\"en-US\",\"@id\":\"https:\/\/www.visit-ulcinj.com\/blog\/2011\/12\/27\/hajdinaga-radio-sam-sve-po-zakonu\/#primaryimage\",\"url\":\"https:\/\/www.visit-ulcinj.com\/blog\/wp-content\/uploads\/2011\/12\/Bivsi-gradonacelnik-Ulcinja-Gzim-Hajdinaga-Srecan-Bozic.jpg\",\"contentUrl\":\"https:\/\/www.visit-ulcinj.com\/blog\/wp-content\/uploads\/2011\/12\/Bivsi-gradonacelnik-Ulcinja-Gzim-Hajdinaga-Srecan-Bozic.jpg\",\"width\":\"768\",\"height\":\"576\"},{\"@type\":\"WebPage\",\"@id\":\"https:\/\/www.visit-ulcinj.com\/blog\/2011\/12\/27\/hajdinaga-radio-sam-sve-po-zakonu\/#webpage\",\"url\":\"https:\/\/www.visit-ulcinj.com\/blog\/2011\/12\/27\/hajdinaga-radio-sam-sve-po-zakonu\/\",\"name\":\"Hajdinaga: Radio sam sve po zakonu - Lajme nga Ulqini\",\"isPartOf\":{\"@id\":\"https:\/\/www.visit-ulcinj.com\/blog\/#website\"},\"primaryImageOfPage\":{\"@id\":\"https:\/\/www.visit-ulcinj.com\/blog\/2011\/12\/27\/hajdinaga-radio-sam-sve-po-zakonu\/#primaryimage\"},\"datePublished\":\"2011-12-27T09:47:43+00:00\",\"dateModified\":\"2011-12-27T09:47:43+00:00\",\"author\":{\"@id\":\"https:\/\/www.visit-ulcinj.com\/blog\/#\/schema\/person\/dcab619c614d3038751c63bc2aadc06d\"},\"description\":\"Biv\u0161i gradona\u010delnik Ulcinja Gzim Hajdinaga odbacio je ve\u010deras optu\u017ebe da je po\u010dinio krivi\u010dno djelo zloupotreba slu\u017ebenog polo\u017eaja u produ\u017eenom trajanju.\",\"breadcrumb\":{\"@id\":\"https:\/\/www.visit-ulcinj.com\/blog\/2011\/12\/27\/hajdinaga-radio-sam-sve-po-zakonu\/#breadcrumb\"},\"inLanguage\":\"en-US\",\"potentialAction\":[{\"@type\":\"ReadAction\",\"target\":[\"https:\/\/www.visit-ulcinj.com\/blog\/2011\/12\/27\/hajdinaga-radio-sam-sve-po-zakonu\/\"]}]},{\"@type\":\"BreadcrumbList\",\"@id\":\"https:\/\/www.visit-ulcinj.com\/blog\/2011\/12\/27\/hajdinaga-radio-sam-sve-po-zakonu\/#breadcrumb\",\"itemListElement\":[{\"@type\":\"ListItem\",\"position\":1,\"name\":\"Hajdinaga: Radio sam sve po zakonu\"}]},{\"@type\":\"Person\",\"@id\":\"https:\/\/www.visit-ulcinj.com\/blog\/#\/schema\/person\/dcab619c614d3038751c63bc2aadc06d\",\"name\":\"ulqini\",\"sameAs\":[\"http:\/\/www.visit-ulcinj.com\"],\"url\":\"https:\/\/www.visit-ulcinj.com\/blog\/author\/admin\/\"}]}<\/script>\n<!-- \/ Yoast SEO plugin. -->","yoast_head_json":{"title":"Hajdinaga: Radio sam sve po zakonu - Lajme nga Ulqini","description":"Biv\u0161i gradona\u010delnik Ulcinja Gzim Hajdinaga odbacio je ve\u010deras optu\u017ebe da je po\u010dinio krivi\u010dno djelo zloupotreba slu\u017ebenog polo\u017eaja u produ\u017eenom trajanju.","robots":{"index":"index","follow":"follow","max-snippet":"max-snippet:-1","max-image-preview":"max-image-preview:large","max-video-preview":"max-video-preview:-1"},"canonical":"https:\/\/www.visit-ulcinj.com\/blog\/2011\/12\/27\/hajdinaga-radio-sam-sve-po-zakonu\/","og_locale":"en_US","og_type":"article","og_title":"Hajdinaga: Radio sam sve po zakonu - Lajme nga Ulqini","og_description":"Biv\u0161i gradona\u010delnik Ulcinja Gzim Hajdinaga odbacio je ve\u010deras optu\u017ebe da je po\u010dinio krivi\u010dno djelo zloupotreba slu\u017ebenog polo\u017eaja u produ\u017eenom trajanju.","og_url":"https:\/\/www.visit-ulcinj.com\/blog\/2011\/12\/27\/hajdinaga-radio-sam-sve-po-zakonu\/","og_site_name":"Lajme nga Ulqini","article_published_time":"2011-12-27T09:47:43+00:00","og_image":[{"url":"http:\/\/www.visit-ulcinj.com\/blog\/wp-content\/uploads\/2011\/12\/Bivsi-gradonacelnik-Ulcinja-Gzim-Hajdinaga-Srecan-Bozic.jpg"}],"twitter_misc":{"Written by":"ulqini","Est. reading time":"1 minute"},"schema":{"@context":"https:\/\/schema.org","@graph":[{"@type":"WebSite","@id":"https:\/\/www.visit-ulcinj.com\/blog\/#website","url":"https:\/\/www.visit-ulcinj.com\/blog\/","name":"Lajme nga Ulqini","description":"Lajme,Vijesti,Ulqini,Ulqin,Crna Gora,Mali i Zi","potentialAction":[{"@type":"SearchAction","target":{"@type":"EntryPoint","urlTemplate":"https:\/\/www.visit-ulcinj.com\/blog\/?s={search_term_string}"},"query-input":"required name=search_term_string"}],"inLanguage":"en-US"},{"@type":"ImageObject","inLanguage":"en-US","@id":"https:\/\/www.visit-ulcinj.com\/blog\/2011\/12\/27\/hajdinaga-radio-sam-sve-po-zakonu\/#primaryimage","url":"https:\/\/www.visit-ulcinj.com\/blog\/wp-content\/uploads\/2011\/12\/Bivsi-gradonacelnik-Ulcinja-Gzim-Hajdinaga-Srecan-Bozic.jpg","contentUrl":"https:\/\/www.visit-ulcinj.com\/blog\/wp-content\/uploads\/2011\/12\/Bivsi-gradonacelnik-Ulcinja-Gzim-Hajdinaga-Srecan-Bozic.jpg","width":"768","height":"576"},{"@type":"WebPage","@id":"https:\/\/www.visit-ulcinj.com\/blog\/2011\/12\/27\/hajdinaga-radio-sam-sve-po-zakonu\/#webpage","url":"https:\/\/www.visit-ulcinj.com\/blog\/2011\/12\/27\/hajdinaga-radio-sam-sve-po-zakonu\/","name":"Hajdinaga: Radio sam sve po zakonu - Lajme nga Ulqini","isPartOf":{"@id":"https:\/\/www.visit-ulcinj.com\/blog\/#website"},"primaryImageOfPage":{"@id":"https:\/\/www.visit-ulcinj.com\/blog\/2011\/12\/27\/hajdinaga-radio-sam-sve-po-zakonu\/#primaryimage"},"datePublished":"2011-12-27T09:47:43+00:00","dateModified":"2011-12-27T09:47:43+00:00","author":{"@id":"https:\/\/www.visit-ulcinj.com\/blog\/#\/schema\/person\/dcab619c614d3038751c63bc2aadc06d"},"description":"Biv\u0161i gradona\u010delnik Ulcinja Gzim Hajdinaga odbacio je ve\u010deras optu\u017ebe da je po\u010dinio krivi\u010dno djelo zloupotreba slu\u017ebenog polo\u017eaja u produ\u017eenom trajanju.","breadcrumb":{"@id":"https:\/\/www.visit-ulcinj.com\/blog\/2011\/12\/27\/hajdinaga-radio-sam-sve-po-zakonu\/#breadcrumb"},"inLanguage":"en-US","potentialAction":[{"@type":"ReadAction","target":["https:\/\/www.visit-ulcinj.com\/blog\/2011\/12\/27\/hajdinaga-radio-sam-sve-po-zakonu\/"]}]},{"@type":"BreadcrumbList","@id":"https:\/\/www.visit-ulcinj.com\/blog\/2011\/12\/27\/hajdinaga-radio-sam-sve-po-zakonu\/#breadcrumb","itemListElement":[{"@type":"ListItem","position":1,"name":"Hajdinaga: Radio sam sve po zakonu"}]},{"@type":"Person","@id":"https:\/\/www.visit-ulcinj.com\/blog\/#\/schema\/person\/dcab619c614d3038751c63bc2aadc06d","name":"ulqini","sameAs":["http:\/\/www.visit-ulcinj.com"],"url":"https:\/\/www.visit-ulcinj.com\/blog\/author\/admin\/"}]}},"jetpack_featured_media_url":"","jetpack_sharing_enabled":true,"jetpack_shortlink":"https:\/\/wp.me\/pe6lTn-ekS","_links":{"self":[{"href":"https:\/\/www.visit-ulcinj.com\/blog\/wp-json\/wp\/v2\/posts\/55110"}],"collection":[{"href":"https:\/\/www.visit-ulcinj.com\/blog\/wp-json\/wp\/v2\/posts"}],"about":[{"href":"https:\/\/www.visit-ulcinj.com\/blog\/wp-json\/wp\/v2\/types\/post"}],"author":[{"embeddable":true,"href":"https:\/\/www.visit-ulcinj.com\/blog\/wp-json\/wp\/v2\/users\/1"}],"replies":[{"embeddable":true,"href":"https:\/\/www.visit-ulcinj.com\/blog\/wp-json\/wp\/v2\/comments?post=55110"}],"version-history":[{"count":1,"href":"https:\/\/www.visit-ulcinj.com\/blog\/wp-json\/wp\/v2\/posts\/55110\/revisions"}],"predecessor-version":[{"id":55112,"href":"https:\/\/www.visit-ulcinj.com\/blog\/wp-json\/wp\/v2\/posts\/55110\/revisions\/55112"}],"wp:attachment":[{"href":"https:\/\/www.visit-ulcinj.com\/blog\/wp-json\/wp\/v2\/media?parent=55110"}],"wp:term":[{"taxonomy":"category","embeddable":true,"href":"https:\/\/www.visit-ulcinj.com\/blog\/wp-json\/wp\/v2\/categories?post=55110"},{"taxonomy":"post_tag","embeddable":true,"href":"https:\/\/www.visit-ulcinj.com\/blog\/wp-json\/wp\/v2\/tags?post=55110"}],"curies":[{"name":"wp","href":"https:\/\/api.w.org\/{rel}","templated":true}]}}