{"id":55113,"date":"2011-12-27T11:24:03","date_gmt":"2011-12-27T10:24:03","guid":{"rendered":"http:\/\/www.visit-ulcinj.com\/blog\/?p=55113"},"modified":"2011-12-27T19:38:46","modified_gmt":"2011-12-27T18:38:46","slug":"forca-kokteji-i-fundvitit-%e2%80%93-novogodisnji-koktel-28-12-2011","status":"publish","type":"post","link":"https:\/\/www.visit-ulcinj.com\/blog\/2011\/12\/27\/forca-kokteji-i-fundvitit-%e2%80%93-novogodisnji-koktel-28-12-2011\/","title":{"rendered":"Forca: Kokteji i Fundvitit \u2013 Novogodisnji Koktel &#8211; 28.12.2011"},"content":{"rendered":"<p><strong><a href=\"http:\/\/www.visit-ulcinj.com\/blog\/wp-content\/uploads\/2011\/12\/Kokteji-i-Fundvitit-Novogodisnji-Koktel.jpg\"><img loading=\"lazy\" class=\"alignleft size-full wp-image-55114\" title=\"Kokteji-i-Fundvitit-Novogodisnji-Koktel\" src=\"http:\/\/www.visit-ulcinj.com\/blog\/wp-content\/uploads\/2011\/12\/Kokteji-i-Fundvitit-Novogodisnji-Koktel.jpg\" alt=\"\" width=\"508\" height=\"375\" \/><\/a><a href=\"http:\/\/www.facebook.com\/event.php?eid=138298686228335\" target=\"_blank\">Kokteji i Fundvitit<\/a><\/strong><\/p>\n<p>Ftojm\u00eb t\u00eb gjith\u00eb an\u00ebtar\u00ebt dhe simpatizuesit t\u00eb marrnin pjes\u00eb n\u00eb koktejin tradicional t\u00eb fundvitit q\u00eb organizon FORCA.<\/p>\n<p>Me 28 Dhjetor 2011 n\u00eb ora 19:00 n\u00eb Hotelin \u201cMediteran\u201d<\/p>\n<p><a href=\"http:\/\/www.facebook.com\/event.php?eid=138298686228335\" target=\"_blank\"><strong>Novogodisnji Koktel<\/strong><\/a><br \/>\nPozivamo sve \u010dlanove i simpatizere na tradicionalnom novogodisjem koktelu koji organizuje FORCA.<\/p>\n<p>28. decembra 2011 u 19:00 u hotelu \u201cMediteran\u201d<\/p>\n<p><strong>Forca Press<br \/>\n<!--YouTube Error: bad URL entered--><br \/>\n<\/strong><\/p>\n","protected":false},"excerpt":{"rendered":"<p>Kokteji i Fundvitit Ftojm\u00eb t\u00eb gjith\u00eb an\u00ebtar\u00ebt dhe simpatizuesit t\u00eb marrnin pjes\u00eb n\u00eb koktejin tradicional t\u00eb fundvitit q\u00eb organizon FORCA. Me 28 Dhjetor 2011 n\u00eb ora 19:00 n\u00eb Hotelin \u201cMediteran\u201d Novogodisnji Koktel Pozivamo sve \u010dlanove i simpatizere na tradicionalnom novogodisjem koktelu koji organizuje FORCA. 28. decembra 2011 u 19:00 u hotelu \u201cMediteran\u201d Forca Press<\/p>\n","protected":false},"author":1,"featured_media":0,"comment_status":"open","ping_status":"closed","sticky":false,"template":"","format":"standard","meta":{"spay_email":"","jetpack_publicize_message":"","jetpack_is_tweetstorm":false,"jetpack_publicize_feature_enabled":true},"categories":[1,6950],"tags":[17551,14351,19655,19654,14833,14834,14840,14839,14849,14843,14845,14854,14851,14841,17828,11813,17834,18370,17811,14352,17831,18362,15136,14353,17808,17401,14354,12340,14355,17840,17839,18363,17835,17814,17810,17816,14356,17071,17807,3901,3516,14652,3511,15139,17837,13701,10529,3642,13243,17827,10203,14358,222,17802,17812,17803,17820,17825,17817,14850,13382,15892,17805,22011,305,14838,17823,17832,14359,3506,17818,3499,214,17680,14360,14361,16210,17402,14362,19541,19736,14363,18371,19501,3507,49,17800,498,3717,3500,1762,4625,115,14364,22008,19544,17799,3327,15140,17841,17826,15213,18236,13230,3512,17806,11648,18289,17838,19653,95,3945,17813,17804,14365,15141,17836,14366,79,3637,17073,18294,118,18368,18369,19652,19737,19650,1653,1909,17553,14367,4857,17555,16984,2354,17801,18360,8870,7672,7666,14887,7667,18504,7671,7665,22016,15894,19543,17822,14368,14369,19542,12035,17824,14370,18291,10472,2083,3231,14371,41,3617,3946,14835,15143,14372,14373,14374,17844,17821,18372,17830,17077,2800,18295,18568,14375,17833,17829,899,5882,2797,17554,19,17078,200,18,561,17819,17809,4265,14376],"jetpack_publicize_connections":[],"yoast_head":"<!-- This site is optimized with the Yoast SEO plugin v19.1 - https:\/\/yoast.com\/wordpress\/plugins\/seo\/ -->\n<title>Forca: Kokteji i Fundvitit \u2013 Novogodisnji Koktel - 28.12.2011 - Lajme nga Ulqini<\/title>\n<meta name=\"description\" content=\"Kokteji i Fundvitit Ftojm\u00eb t\u00eb gjith\u00eb an\u00ebtar\u00ebt dhe simpatizuesit t\u00eb marrnin pjes\u00eb n\u00eb koktejin tradicional t\u00eb fundvitit q\u00eb organizon FORCA. Me 28 Dhjetor\" \/>\n<meta name=\"robots\" content=\"index, follow, max-snippet:-1, max-image-preview:large, max-video-preview:-1\" \/>\n<link rel=\"canonical\" href=\"https:\/\/www.visit-ulcinj.com\/blog\/2011\/12\/27\/forca-kokteji-i-fundvitit-\u2013-novogodisnji-koktel-28-12-2011\/\" \/>\n<meta property=\"og:locale\" content=\"en_US\" \/>\n<meta property=\"og:type\" content=\"article\" \/>\n<meta property=\"og:title\" content=\"Forca: Kokteji i Fundvitit \u2013 Novogodisnji Koktel - 28.12.2011 - Lajme nga Ulqini\" \/>\n<meta property=\"og:description\" content=\"Kokteji i Fundvitit Ftojm\u00eb t\u00eb gjith\u00eb an\u00ebtar\u00ebt dhe simpatizuesit t\u00eb marrnin pjes\u00eb n\u00eb koktejin tradicional t\u00eb fundvitit q\u00eb organizon FORCA. Me 28 Dhjetor\" \/>\n<meta property=\"og:url\" content=\"https:\/\/www.visit-ulcinj.com\/blog\/2011\/12\/27\/forca-kokteji-i-fundvitit-\u2013-novogodisnji-koktel-28-12-2011\/\" \/>\n<meta property=\"og:site_name\" content=\"Lajme nga Ulqini\" \/>\n<meta property=\"article:published_time\" content=\"2011-12-27T10:24:03+00:00\" \/>\n<meta property=\"article:modified_time\" content=\"2011-12-27T18:38:46+00:00\" \/>\n<meta property=\"og:image\" content=\"http:\/\/www.visit-ulcinj.com\/blog\/wp-content\/uploads\/2011\/12\/Kokteji-i-Fundvitit-Novogodisnji-Koktel.jpg\" \/>\n<meta name=\"twitter:label1\" content=\"Written by\" \/>\n\t<meta name=\"twitter:data1\" content=\"ulqini\" \/>\n<script type=\"application\/ld+json\" class=\"yoast-schema-graph\">{\"@context\":\"https:\/\/schema.org\",\"@graph\":[{\"@type\":\"WebSite\",\"@id\":\"https:\/\/www.visit-ulcinj.com\/blog\/#website\",\"url\":\"https:\/\/www.visit-ulcinj.com\/blog\/\",\"name\":\"Lajme nga Ulqini\",\"description\":\"Lajme,Vijesti,Ulqini,Ulqin,Crna Gora,Mali i Zi\",\"potentialAction\":[{\"@type\":\"SearchAction\",\"target\":{\"@type\":\"EntryPoint\",\"urlTemplate\":\"https:\/\/www.visit-ulcinj.com\/blog\/?s={search_term_string}\"},\"query-input\":\"required name=search_term_string\"}],\"inLanguage\":\"en-US\"},{\"@type\":\"ImageObject\",\"inLanguage\":\"en-US\",\"@id\":\"https:\/\/www.visit-ulcinj.com\/blog\/2011\/12\/27\/forca-kokteji-i-fundvitit-%e2%80%93-novogodisnji-koktel-28-12-2011\/#primaryimage\",\"url\":\"https:\/\/www.visit-ulcinj.com\/blog\/wp-content\/uploads\/2011\/12\/Kokteji-i-Fundvitit-Novogodisnji-Koktel.jpg\",\"contentUrl\":\"https:\/\/www.visit-ulcinj.com\/blog\/wp-content\/uploads\/2011\/12\/Kokteji-i-Fundvitit-Novogodisnji-Koktel.jpg\",\"width\":\"500\",\"height\":\"375\"},{\"@type\":\"WebPage\",\"@id\":\"https:\/\/www.visit-ulcinj.com\/blog\/2011\/12\/27\/forca-kokteji-i-fundvitit-%e2%80%93-novogodisnji-koktel-28-12-2011\/#webpage\",\"url\":\"https:\/\/www.visit-ulcinj.com\/blog\/2011\/12\/27\/forca-kokteji-i-fundvitit-%e2%80%93-novogodisnji-koktel-28-12-2011\/\",\"name\":\"Forca: Kokteji i Fundvitit \u2013 Novogodisnji Koktel - 28.12.2011 - Lajme nga Ulqini\",\"isPartOf\":{\"@id\":\"https:\/\/www.visit-ulcinj.com\/blog\/#website\"},\"primaryImageOfPage\":{\"@id\":\"https:\/\/www.visit-ulcinj.com\/blog\/2011\/12\/27\/forca-kokteji-i-fundvitit-%e2%80%93-novogodisnji-koktel-28-12-2011\/#primaryimage\"},\"datePublished\":\"2011-12-27T10:24:03+00:00\",\"dateModified\":\"2011-12-27T18:38:46+00:00\",\"author\":{\"@id\":\"https:\/\/www.visit-ulcinj.com\/blog\/#\/schema\/person\/dcab619c614d3038751c63bc2aadc06d\"},\"description\":\"Kokteji i Fundvitit Ftojm\u00eb t\u00eb gjith\u00eb an\u00ebtar\u00ebt dhe simpatizuesit t\u00eb marrnin pjes\u00eb n\u00eb koktejin tradicional t\u00eb fundvitit q\u00eb organizon FORCA. Me 28 Dhjetor\",\"breadcrumb\":{\"@id\":\"https:\/\/www.visit-ulcinj.com\/blog\/2011\/12\/27\/forca-kokteji-i-fundvitit-%e2%80%93-novogodisnji-koktel-28-12-2011\/#breadcrumb\"},\"inLanguage\":\"en-US\",\"potentialAction\":[{\"@type\":\"ReadAction\",\"target\":[\"https:\/\/www.visit-ulcinj.com\/blog\/2011\/12\/27\/forca-kokteji-i-fundvitit-%e2%80%93-novogodisnji-koktel-28-12-2011\/\"]}]},{\"@type\":\"BreadcrumbList\",\"@id\":\"https:\/\/www.visit-ulcinj.com\/blog\/2011\/12\/27\/forca-kokteji-i-fundvitit-%e2%80%93-novogodisnji-koktel-28-12-2011\/#breadcrumb\",\"itemListElement\":[{\"@type\":\"ListItem\",\"position\":1,\"name\":\"Forca: Kokteji i Fundvitit \u2013 Novogodisnji Koktel &#8211; 28.12.2011\"}]},{\"@type\":\"Person\",\"@id\":\"https:\/\/www.visit-ulcinj.com\/blog\/#\/schema\/person\/dcab619c614d3038751c63bc2aadc06d\",\"name\":\"ulqini\",\"sameAs\":[\"http:\/\/www.visit-ulcinj.com\"],\"url\":\"https:\/\/www.visit-ulcinj.com\/blog\/author\/admin\/\"}]}<\/script>\n<!-- \/ Yoast SEO plugin. -->","yoast_head_json":{"title":"Forca: Kokteji i Fundvitit \u2013 Novogodisnji Koktel - 28.12.2011 - Lajme nga Ulqini","description":"Kokteji i Fundvitit Ftojm\u00eb t\u00eb gjith\u00eb an\u00ebtar\u00ebt dhe simpatizuesit t\u00eb marrnin pjes\u00eb n\u00eb koktejin tradicional t\u00eb fundvitit q\u00eb organizon FORCA. Me 28 Dhjetor","robots":{"index":"index","follow":"follow","max-snippet":"max-snippet:-1","max-image-preview":"max-image-preview:large","max-video-preview":"max-video-preview:-1"},"canonical":"https:\/\/www.visit-ulcinj.com\/blog\/2011\/12\/27\/forca-kokteji-i-fundvitit-\u2013-novogodisnji-koktel-28-12-2011\/","og_locale":"en_US","og_type":"article","og_title":"Forca: Kokteji i Fundvitit \u2013 Novogodisnji Koktel - 28.12.2011 - Lajme nga Ulqini","og_description":"Kokteji i Fundvitit Ftojm\u00eb t\u00eb gjith\u00eb an\u00ebtar\u00ebt dhe simpatizuesit t\u00eb marrnin pjes\u00eb n\u00eb koktejin tradicional t\u00eb fundvitit q\u00eb organizon FORCA. Me 28 Dhjetor","og_url":"https:\/\/www.visit-ulcinj.com\/blog\/2011\/12\/27\/forca-kokteji-i-fundvitit-\u2013-novogodisnji-koktel-28-12-2011\/","og_site_name":"Lajme nga Ulqini","article_published_time":"2011-12-27T10:24:03+00:00","article_modified_time":"2011-12-27T18:38:46+00:00","og_image":[{"url":"http:\/\/www.visit-ulcinj.com\/blog\/wp-content\/uploads\/2011\/12\/Kokteji-i-Fundvitit-Novogodisnji-Koktel.jpg"}],"twitter_misc":{"Written by":"ulqini"},"schema":{"@context":"https:\/\/schema.org","@graph":[{"@type":"WebSite","@id":"https:\/\/www.visit-ulcinj.com\/blog\/#website","url":"https:\/\/www.visit-ulcinj.com\/blog\/","name":"Lajme nga Ulqini","description":"Lajme,Vijesti,Ulqini,Ulqin,Crna Gora,Mali i Zi","potentialAction":[{"@type":"SearchAction","target":{"@type":"EntryPoint","urlTemplate":"https:\/\/www.visit-ulcinj.com\/blog\/?s={search_term_string}"},"query-input":"required name=search_term_string"}],"inLanguage":"en-US"},{"@type":"ImageObject","inLanguage":"en-US","@id":"https:\/\/www.visit-ulcinj.com\/blog\/2011\/12\/27\/forca-kokteji-i-fundvitit-%e2%80%93-novogodisnji-koktel-28-12-2011\/#primaryimage","url":"https:\/\/www.visit-ulcinj.com\/blog\/wp-content\/uploads\/2011\/12\/Kokteji-i-Fundvitit-Novogodisnji-Koktel.jpg","contentUrl":"https:\/\/www.visit-ulcinj.com\/blog\/wp-content\/uploads\/2011\/12\/Kokteji-i-Fundvitit-Novogodisnji-Koktel.jpg","width":"500","height":"375"},{"@type":"WebPage","@id":"https:\/\/www.visit-ulcinj.com\/blog\/2011\/12\/27\/forca-kokteji-i-fundvitit-%e2%80%93-novogodisnji-koktel-28-12-2011\/#webpage","url":"https:\/\/www.visit-ulcinj.com\/blog\/2011\/12\/27\/forca-kokteji-i-fundvitit-%e2%80%93-novogodisnji-koktel-28-12-2011\/","name":"Forca: Kokteji i Fundvitit \u2013 Novogodisnji Koktel - 28.12.2011 - Lajme nga Ulqini","isPartOf":{"@id":"https:\/\/www.visit-ulcinj.com\/blog\/#website"},"primaryImageOfPage":{"@id":"https:\/\/www.visit-ulcinj.com\/blog\/2011\/12\/27\/forca-kokteji-i-fundvitit-%e2%80%93-novogodisnji-koktel-28-12-2011\/#primaryimage"},"datePublished":"2011-12-27T10:24:03+00:00","dateModified":"2011-12-27T18:38:46+00:00","author":{"@id":"https:\/\/www.visit-ulcinj.com\/blog\/#\/schema\/person\/dcab619c614d3038751c63bc2aadc06d"},"description":"Kokteji i Fundvitit Ftojm\u00eb t\u00eb gjith\u00eb an\u00ebtar\u00ebt dhe simpatizuesit t\u00eb marrnin pjes\u00eb n\u00eb koktejin tradicional t\u00eb fundvitit q\u00eb organizon FORCA. Me 28 Dhjetor","breadcrumb":{"@id":"https:\/\/www.visit-ulcinj.com\/blog\/2011\/12\/27\/forca-kokteji-i-fundvitit-%e2%80%93-novogodisnji-koktel-28-12-2011\/#breadcrumb"},"inLanguage":"en-US","potentialAction":[{"@type":"ReadAction","target":["https:\/\/www.visit-ulcinj.com\/blog\/2011\/12\/27\/forca-kokteji-i-fundvitit-%e2%80%93-novogodisnji-koktel-28-12-2011\/"]}]},{"@type":"BreadcrumbList","@id":"https:\/\/www.visit-ulcinj.com\/blog\/2011\/12\/27\/forca-kokteji-i-fundvitit-%e2%80%93-novogodisnji-koktel-28-12-2011\/#breadcrumb","itemListElement":[{"@type":"ListItem","position":1,"name":"Forca: Kokteji i Fundvitit \u2013 Novogodisnji Koktel &#8211; 28.12.2011"}]},{"@type":"Person","@id":"https:\/\/www.visit-ulcinj.com\/blog\/#\/schema\/person\/dcab619c614d3038751c63bc2aadc06d","name":"ulqini","sameAs":["http:\/\/www.visit-ulcinj.com"],"url":"https:\/\/www.visit-ulcinj.com\/blog\/author\/admin\/"}]}},"jetpack_featured_media_url":"","jetpack_sharing_enabled":true,"jetpack_shortlink":"https:\/\/wp.me\/pe6lTn-ekV","_links":{"self":[{"href":"https:\/\/www.visit-ulcinj.com\/blog\/wp-json\/wp\/v2\/posts\/55113"}],"collection":[{"href":"https:\/\/www.visit-ulcinj.com\/blog\/wp-json\/wp\/v2\/posts"}],"about":[{"href":"https:\/\/www.visit-ulcinj.com\/blog\/wp-json\/wp\/v2\/types\/post"}],"author":[{"embeddable":true,"href":"https:\/\/www.visit-ulcinj.com\/blog\/wp-json\/wp\/v2\/users\/1"}],"replies":[{"embeddable":true,"href":"https:\/\/www.visit-ulcinj.com\/blog\/wp-json\/wp\/v2\/comments?post=55113"}],"version-history":[{"count":3,"href":"https:\/\/www.visit-ulcinj.com\/blog\/wp-json\/wp\/v2\/posts\/55113\/revisions"}],"predecessor-version":[{"id":55133,"href":"https:\/\/www.visit-ulcinj.com\/blog\/wp-json\/wp\/v2\/posts\/55113\/revisions\/55133"}],"wp:attachment":[{"href":"https:\/\/www.visit-ulcinj.com\/blog\/wp-json\/wp\/v2\/media?parent=55113"}],"wp:term":[{"taxonomy":"category","embeddable":true,"href":"https:\/\/www.visit-ulcinj.com\/blog\/wp-json\/wp\/v2\/categories?post=55113"},{"taxonomy":"post_tag","embeddable":true,"href":"https:\/\/www.visit-ulcinj.com\/blog\/wp-json\/wp\/v2\/tags?post=55113"}],"curies":[{"name":"wp","href":"https:\/\/api.w.org\/{rel}","templated":true}]}}