{"id":55119,"date":"2011-12-27T19:23:33","date_gmt":"2011-12-27T18:23:33","guid":{"rendered":"http:\/\/www.visit-ulcinj.com\/blog\/?p=55119"},"modified":"2011-12-27T23:42:14","modified_gmt":"2011-12-27T22:42:14","slug":"reagim-i-udsh-se-ne-intervisten-e-fatmir-gjekes","status":"publish","type":"post","link":"https:\/\/www.visit-ulcinj.com\/blog\/2011\/12\/27\/reagim-i-udsh-se-ne-intervisten-e-fatmir-gjekes\/","title":{"rendered":"Reagim i UDSH-s\u00eb n\u00eb intervist\u00ebn e Fatmir Gjek\u00ebs"},"content":{"rendered":"<h3><img loading=\"lazy\" class=\"alignleft size-thumbnail wp-image-36988\" title=\"UNIONI  DEMOKRATIK I SHQIPTAR\u00cbVE\" src=\"http:\/\/www.visit-ulcinj.com\/blog\/wp-content\/uploads\/2010\/09\/UNIONI-DEMOKRATIK-I-SHQIPTAR\u00cbVE-150x150.jpg\" alt=\"\" width=\"150\" height=\"150\" \/> UNIONI DEMOKRATIK I SHQIPTAR\u00cbVE<\/h3>\n<h3>DEMOKRATSKA UNIJA ALBANACA<\/h3>\n<h3><strong> THE DEMOCRATIC UNION OF ALBANIANS <\/strong><\/h3>\n<h4><strong><strong> <strong>Ulqin, m\u00eb 27.12.2011<\/strong><\/strong><\/strong><\/h4>\n<p style=\"text-align: center;\"><strong>REAGIM N\u00cb INTERVIST\u00cbN E FATMIR GJEK\u00cbS<\/strong><\/p>\n<p style=\"text-align: center;\"><strong>\u00a0\u00a0\u00a0\u00a0\u00a0\u00a0\u00a0\u00a0\u00a0\u00a0 ( n\u00eb gazet\u00ebn ditore DAN m\u00eb 27.12.2011)<\/strong><\/p>\n<p>N\u00eb fakt, reagim ndaj deklarat\u00ebs s\u00eb Kryetarit t\u00eb partis\u00eb politike t\u00eb porsaformuar \u2013 Partia Demokratike e Fatmir Gjek\u00ebs.<\/p>\n<p>Na habit guximi i funksionarit \u00a0ton\u00eb t\u00eb deri-djesh\u00ebm i cili me aq guxim pretendon se Unioni Demokratik i Shqiptar\u00ebve nuk p\u00ebrfaq\u00ebson m\u00eb interesat e qytetar\u00ebve.\u00a0 Unioni Demokratik i Shqiptareve si partia m\u00eb e madhe shqiptare n\u00eb Mal t\u00eb Zi nuk p\u00ebrballet p\u00ebr her\u00eb t\u00eb par\u00eb me sulme t\u00eb k\u00ebsaj natyre, por drejt\u00ebsia gjithmon\u00eb ka qen\u00eb n\u00eb an\u00ebn e tij dhe e v\u00ebrteta gjithmon\u00eb ka dale n\u00eb sip\u00ebrfaqe, por na habit fakti se m\u00eb s\u00eb shumti sulmohemi nga ata individ\u00eb t\u00eb cil\u00ebt kan\u00eb g\u00ebzuar m\u00eb shum\u00eb privilegje se \u00e7dokush tjet\u00ebr n\u00eb Unionin Demokratik t\u00eb Shqiptar\u00ebve, nd\u00ebrsa n\u00eb 10 vitet e fundit pik\u00ebrisht zot\u00ebriu n\u00eb fjal\u00eb ka qen\u00eb p\u00ebrfituesi kryesor i k\u00ebtyre privilegjeve.<\/p>\n<p>Unioni Demokratik i Shqiptar\u00ebve do t\u00eb reagoj\u00eb ashp\u00ebr ndaj \u00e7do sulmi apo deklarate t\u00eb rrejshme t\u00eb ish funksionar\u00ebve t\u00eb UDSH, dhe me vrull edhe m\u00eb t\u00eb madh do t\u00eb p\u00ebrfaq\u00ebsoj\u00eb interesat e popullit shqiptar\u00eb n\u00eb\u00a0 Mal t\u00eb Zi.<\/p>\n<p>Zot\u00ebriu i lartp\u00ebrmendur tani e tutje le t\u00eb merret me interesat e partis\u00eb s\u00eb tij t\u00eb porsaformuar dhe me interesat e tija personale, sepse, nga sa dim\u00eb ne, mu k\u00ebto interesa jan\u00eb ato q\u00eb ai njeh m\u00eb s\u00eb miri.\u00a0 Shum\u00eb prej tyre na akuzojn\u00eb se jemi n\u00eb pushtet, e nga ana tjet\u00ebr p\u00ebrgjojn\u00eb edhe mund\u00ebsin\u00eb m\u00eb t\u00eb vog\u00ebl p\u00ebr t\u2019iu vardisur pushtetit.<\/p>\n<p>UDSH si deri m\u00eb tani edhe n\u00eb t\u00eb ardhmen do t\u00eb zhvilloj\u00eb nj\u00eb politik\u00eb transparente dhe qartazi t\u00eb definuar, me nj\u00eb q\u00ebllim t\u00eb vet\u00ebm, avancimin e statusit t\u00eb shqiptar\u00ebve n\u00eb Mal t\u00eb Zi.\u00a0 Asnj\u00ebher\u00eb nuk kemi shitur e as nuk do t\u00eb shesim mjegull, por, si edhe deri tani, do t\u00eb jemi t\u00eb nd\u00ebrgjegjsh\u00ebm si ndaj partis\u00eb ashtu edhe ndaj votuesve tan\u00eb.<\/p>\n<p>N\u00eb nj\u00eb gj\u00eb pajtohemi me t\u00eb gjith\u00eb ata q\u00eb ndajn\u00eb bindjen ton\u00eb, e ajo \u00ebsht\u00eb: qytetar\u00ebt do t\u00eb japin verdiktin dhe fjal\u00ebn\u00a0 fundit.<\/p>\n<p>Dhe, n\u00eb fund u sugjerojm\u00eb t\u00eb gjith\u00eb atyre t\u00eb cil\u00ebt gjoja brengosen p\u00ebr ne, q\u00eb most a qajn\u00eb hallin tone dhe t\u00eb flejn\u00eb rehat (poqese u lejon nd\u00ebrgjegjja) sepse UDSH si deri m\u00eb tani do t\u00eb triumfoj\u00eb dhe do t\u00eb mbetet faktor politik i respektuar n\u00eb Mal t\u00eb Zi, gj\u00eb q\u00eb nuk mund t\u00eb thuhet p\u00ebr partin\u00eb e porsalindur.<\/p>\n<p>&nbsp;<\/p>\n<p><strong>Sh\u00ebrbimi\u00a0 informativ i UDSH-s\u00eb <\/strong><\/p>\n<p>&nbsp;<\/p>\n","protected":false},"excerpt":{"rendered":"<p>UNIONI DEMOKRATIK I SHQIPTAR\u00cbVE DEMOKRATSKA UNIJA ALBANACA THE DEMOCRATIC UNION OF ALBANIANS Ulqin, m\u00eb 27.12.2011 REAGIM N\u00cb INTERVIST\u00cbN E FATMIR GJEK\u00cbS \u00a0\u00a0\u00a0\u00a0\u00a0\u00a0\u00a0\u00a0\u00a0\u00a0 ( n\u00eb gazet\u00ebn ditore DAN m\u00eb 27.12.2011) N\u00eb fakt, reagim ndaj deklarat\u00ebs s\u00eb Kryetarit t\u00eb partis\u00eb politike t\u00eb porsaformuar \u2013 Partia Demokratike e Fatmir Gjek\u00ebs. Na habit guximi i funksionarit \u00a0ton\u00eb t\u00eb deri-djesh\u00ebm [&hellip;]<\/p>\n","protected":false},"author":1,"featured_media":0,"comment_status":"open","ping_status":"closed","sticky":false,"template":"","format":"standard","meta":{"spay_email":"","jetpack_publicize_message":"","jetpack_is_tweetstorm":false,"jetpack_publicize_feature_enabled":true},"categories":[1,12],"tags":[8027,14351,19655,19654,17828,17834,18370,17811,14352,17831,18362,15136,14353,17808,17401,14354,12340,14355,17840,17839,18363,17835,17814,17810,17816,14356,17071,17807,3516,14652,3511,15139,17837,13701,10529,17827,4607,10203,14358,222,17802,17812,17803,17820,17825,17817,17805,22011,305,17823,17832,14359,3506,17818,3499,214,17680,14360,14361,16210,17402,14362,19541,14363,18371,19501,3507,49,17800,498,3717,3500,1762,4625,115,14364,22008,19544,17799,3327,15140,17841,17826,15213,18236,13230,3512,17806,11648,18289,17838,19653,95,3945,17813,17804,14365,15141,17836,14366,79,17073,18294,118,18368,18369,19652,19650,1653,1909,14367,4857,16984,2354,17801,18360,19543,17822,14368,14369,19542,17824,14370,18291,10472,2083,3231,14371,41,3617,3946,15143,14372,14373,14374,17844,17821,18372,17830,17077,2800,18295,14375,17833,17829,899,5882,200,18,2445,561,17819,17809,4265,14376],"jetpack_publicize_connections":[],"yoast_head":"<!-- This site is optimized with the Yoast SEO plugin v19.1 - https:\/\/yoast.com\/wordpress\/plugins\/seo\/ -->\n<title>Reagim i UDSH-s\u00eb n\u00eb intervist\u00ebn e Fatmir Gjek\u00ebs - Lajme nga Ulqini<\/title>\n<meta name=\"description\" content=\"UNIONI DEMOKRATIK I SHQIPTAR\u00cbVE DEMOKRATSKA UNIJA ALBANACA THE DEMOCRATIC UNION OF ALBANIANS Ulqin, m\u00eb 27.12.2011 REAGIM N\u00cb INTERVIST\u00cbN E FATMIR GJEK\u00cbS\" \/>\n<meta name=\"robots\" content=\"index, follow, max-snippet:-1, max-image-preview:large, max-video-preview:-1\" \/>\n<link rel=\"canonical\" href=\"https:\/\/www.visit-ulcinj.com\/blog\/2011\/12\/27\/reagim-i-udsh-se-ne-intervisten-e-fatmir-gjekes\/\" \/>\n<meta property=\"og:locale\" content=\"en_US\" \/>\n<meta property=\"og:type\" content=\"article\" \/>\n<meta property=\"og:title\" content=\"Reagim i UDSH-s\u00eb n\u00eb intervist\u00ebn e Fatmir Gjek\u00ebs - Lajme nga Ulqini\" \/>\n<meta property=\"og:description\" content=\"UNIONI DEMOKRATIK I SHQIPTAR\u00cbVE DEMOKRATSKA UNIJA ALBANACA THE DEMOCRATIC UNION OF ALBANIANS Ulqin, m\u00eb 27.12.2011 REAGIM N\u00cb INTERVIST\u00cbN E FATMIR GJEK\u00cbS\" \/>\n<meta property=\"og:url\" content=\"https:\/\/www.visit-ulcinj.com\/blog\/2011\/12\/27\/reagim-i-udsh-se-ne-intervisten-e-fatmir-gjekes\/\" \/>\n<meta property=\"og:site_name\" content=\"Lajme nga Ulqini\" \/>\n<meta property=\"article:published_time\" content=\"2011-12-27T18:23:33+00:00\" \/>\n<meta property=\"article:modified_time\" content=\"2011-12-27T22:42:14+00:00\" \/>\n<meta name=\"twitter:label1\" content=\"Written by\" \/>\n\t<meta name=\"twitter:data1\" content=\"ulqini\" \/>\n\t<meta name=\"twitter:label2\" content=\"Est. reading time\" \/>\n\t<meta name=\"twitter:data2\" content=\"2 minutes\" \/>\n<script type=\"application\/ld+json\" class=\"yoast-schema-graph\">{\"@context\":\"https:\/\/schema.org\",\"@graph\":[{\"@type\":\"WebSite\",\"@id\":\"https:\/\/www.visit-ulcinj.com\/blog\/#website\",\"url\":\"https:\/\/www.visit-ulcinj.com\/blog\/\",\"name\":\"Lajme nga Ulqini\",\"description\":\"Lajme,Vijesti,Ulqini,Ulqin,Crna Gora,Mali i Zi\",\"potentialAction\":[{\"@type\":\"SearchAction\",\"target\":{\"@type\":\"EntryPoint\",\"urlTemplate\":\"https:\/\/www.visit-ulcinj.com\/blog\/?s={search_term_string}\"},\"query-input\":\"required name=search_term_string\"}],\"inLanguage\":\"en-US\"},{\"@type\":\"WebPage\",\"@id\":\"https:\/\/www.visit-ulcinj.com\/blog\/2011\/12\/27\/reagim-i-udsh-se-ne-intervisten-e-fatmir-gjekes\/#webpage\",\"url\":\"https:\/\/www.visit-ulcinj.com\/blog\/2011\/12\/27\/reagim-i-udsh-se-ne-intervisten-e-fatmir-gjekes\/\",\"name\":\"Reagim i UDSH-s\u00eb n\u00eb intervist\u00ebn e Fatmir Gjek\u00ebs - Lajme nga Ulqini\",\"isPartOf\":{\"@id\":\"https:\/\/www.visit-ulcinj.com\/blog\/#website\"},\"datePublished\":\"2011-12-27T18:23:33+00:00\",\"dateModified\":\"2011-12-27T22:42:14+00:00\",\"author\":{\"@id\":\"https:\/\/www.visit-ulcinj.com\/blog\/#\/schema\/person\/dcab619c614d3038751c63bc2aadc06d\"},\"description\":\"UNIONI DEMOKRATIK I SHQIPTAR\u00cbVE DEMOKRATSKA UNIJA ALBANACA THE DEMOCRATIC UNION OF ALBANIANS Ulqin, m\u00eb 27.12.2011 REAGIM N\u00cb INTERVIST\u00cbN E FATMIR GJEK\u00cbS\",\"breadcrumb\":{\"@id\":\"https:\/\/www.visit-ulcinj.com\/blog\/2011\/12\/27\/reagim-i-udsh-se-ne-intervisten-e-fatmir-gjekes\/#breadcrumb\"},\"inLanguage\":\"en-US\",\"potentialAction\":[{\"@type\":\"ReadAction\",\"target\":[\"https:\/\/www.visit-ulcinj.com\/blog\/2011\/12\/27\/reagim-i-udsh-se-ne-intervisten-e-fatmir-gjekes\/\"]}]},{\"@type\":\"BreadcrumbList\",\"@id\":\"https:\/\/www.visit-ulcinj.com\/blog\/2011\/12\/27\/reagim-i-udsh-se-ne-intervisten-e-fatmir-gjekes\/#breadcrumb\",\"itemListElement\":[{\"@type\":\"ListItem\",\"position\":1,\"name\":\"Reagim i UDSH-s\u00eb n\u00eb intervist\u00ebn e Fatmir Gjek\u00ebs\"}]},{\"@type\":\"Person\",\"@id\":\"https:\/\/www.visit-ulcinj.com\/blog\/#\/schema\/person\/dcab619c614d3038751c63bc2aadc06d\",\"name\":\"ulqini\",\"sameAs\":[\"http:\/\/www.visit-ulcinj.com\"],\"url\":\"https:\/\/www.visit-ulcinj.com\/blog\/author\/admin\/\"}]}<\/script>\n<!-- \/ Yoast SEO plugin. -->","yoast_head_json":{"title":"Reagim i UDSH-s\u00eb n\u00eb intervist\u00ebn e Fatmir Gjek\u00ebs - Lajme nga Ulqini","description":"UNIONI DEMOKRATIK I SHQIPTAR\u00cbVE DEMOKRATSKA UNIJA ALBANACA THE DEMOCRATIC UNION OF ALBANIANS Ulqin, m\u00eb 27.12.2011 REAGIM N\u00cb INTERVIST\u00cbN E FATMIR GJEK\u00cbS","robots":{"index":"index","follow":"follow","max-snippet":"max-snippet:-1","max-image-preview":"max-image-preview:large","max-video-preview":"max-video-preview:-1"},"canonical":"https:\/\/www.visit-ulcinj.com\/blog\/2011\/12\/27\/reagim-i-udsh-se-ne-intervisten-e-fatmir-gjekes\/","og_locale":"en_US","og_type":"article","og_title":"Reagim i UDSH-s\u00eb n\u00eb intervist\u00ebn e Fatmir Gjek\u00ebs - Lajme nga Ulqini","og_description":"UNIONI DEMOKRATIK I SHQIPTAR\u00cbVE DEMOKRATSKA UNIJA ALBANACA THE DEMOCRATIC UNION OF ALBANIANS Ulqin, m\u00eb 27.12.2011 REAGIM N\u00cb INTERVIST\u00cbN E FATMIR GJEK\u00cbS","og_url":"https:\/\/www.visit-ulcinj.com\/blog\/2011\/12\/27\/reagim-i-udsh-se-ne-intervisten-e-fatmir-gjekes\/","og_site_name":"Lajme nga Ulqini","article_published_time":"2011-12-27T18:23:33+00:00","article_modified_time":"2011-12-27T22:42:14+00:00","twitter_misc":{"Written by":"ulqini","Est. reading time":"2 minutes"},"schema":{"@context":"https:\/\/schema.org","@graph":[{"@type":"WebSite","@id":"https:\/\/www.visit-ulcinj.com\/blog\/#website","url":"https:\/\/www.visit-ulcinj.com\/blog\/","name":"Lajme nga Ulqini","description":"Lajme,Vijesti,Ulqini,Ulqin,Crna Gora,Mali i Zi","potentialAction":[{"@type":"SearchAction","target":{"@type":"EntryPoint","urlTemplate":"https:\/\/www.visit-ulcinj.com\/blog\/?s={search_term_string}"},"query-input":"required name=search_term_string"}],"inLanguage":"en-US"},{"@type":"WebPage","@id":"https:\/\/www.visit-ulcinj.com\/blog\/2011\/12\/27\/reagim-i-udsh-se-ne-intervisten-e-fatmir-gjekes\/#webpage","url":"https:\/\/www.visit-ulcinj.com\/blog\/2011\/12\/27\/reagim-i-udsh-se-ne-intervisten-e-fatmir-gjekes\/","name":"Reagim i UDSH-s\u00eb n\u00eb intervist\u00ebn e Fatmir Gjek\u00ebs - Lajme nga Ulqini","isPartOf":{"@id":"https:\/\/www.visit-ulcinj.com\/blog\/#website"},"datePublished":"2011-12-27T18:23:33+00:00","dateModified":"2011-12-27T22:42:14+00:00","author":{"@id":"https:\/\/www.visit-ulcinj.com\/blog\/#\/schema\/person\/dcab619c614d3038751c63bc2aadc06d"},"description":"UNIONI DEMOKRATIK I SHQIPTAR\u00cbVE DEMOKRATSKA UNIJA ALBANACA THE DEMOCRATIC UNION OF ALBANIANS Ulqin, m\u00eb 27.12.2011 REAGIM N\u00cb INTERVIST\u00cbN E FATMIR GJEK\u00cbS","breadcrumb":{"@id":"https:\/\/www.visit-ulcinj.com\/blog\/2011\/12\/27\/reagim-i-udsh-se-ne-intervisten-e-fatmir-gjekes\/#breadcrumb"},"inLanguage":"en-US","potentialAction":[{"@type":"ReadAction","target":["https:\/\/www.visit-ulcinj.com\/blog\/2011\/12\/27\/reagim-i-udsh-se-ne-intervisten-e-fatmir-gjekes\/"]}]},{"@type":"BreadcrumbList","@id":"https:\/\/www.visit-ulcinj.com\/blog\/2011\/12\/27\/reagim-i-udsh-se-ne-intervisten-e-fatmir-gjekes\/#breadcrumb","itemListElement":[{"@type":"ListItem","position":1,"name":"Reagim i UDSH-s\u00eb n\u00eb intervist\u00ebn e Fatmir Gjek\u00ebs"}]},{"@type":"Person","@id":"https:\/\/www.visit-ulcinj.com\/blog\/#\/schema\/person\/dcab619c614d3038751c63bc2aadc06d","name":"ulqini","sameAs":["http:\/\/www.visit-ulcinj.com"],"url":"https:\/\/www.visit-ulcinj.com\/blog\/author\/admin\/"}]}},"jetpack_featured_media_url":"","jetpack_sharing_enabled":true,"jetpack_shortlink":"https:\/\/wp.me\/pe6lTn-el1","_links":{"self":[{"href":"https:\/\/www.visit-ulcinj.com\/blog\/wp-json\/wp\/v2\/posts\/55119"}],"collection":[{"href":"https:\/\/www.visit-ulcinj.com\/blog\/wp-json\/wp\/v2\/posts"}],"about":[{"href":"https:\/\/www.visit-ulcinj.com\/blog\/wp-json\/wp\/v2\/types\/post"}],"author":[{"embeddable":true,"href":"https:\/\/www.visit-ulcinj.com\/blog\/wp-json\/wp\/v2\/users\/1"}],"replies":[{"embeddable":true,"href":"https:\/\/www.visit-ulcinj.com\/blog\/wp-json\/wp\/v2\/comments?post=55119"}],"version-history":[{"count":8,"href":"https:\/\/www.visit-ulcinj.com\/blog\/wp-json\/wp\/v2\/posts\/55119\/revisions"}],"predecessor-version":[{"id":55127,"href":"https:\/\/www.visit-ulcinj.com\/blog\/wp-json\/wp\/v2\/posts\/55119\/revisions\/55127"}],"wp:attachment":[{"href":"https:\/\/www.visit-ulcinj.com\/blog\/wp-json\/wp\/v2\/media?parent=55119"}],"wp:term":[{"taxonomy":"category","embeddable":true,"href":"https:\/\/www.visit-ulcinj.com\/blog\/wp-json\/wp\/v2\/categories?post=55119"},{"taxonomy":"post_tag","embeddable":true,"href":"https:\/\/www.visit-ulcinj.com\/blog\/wp-json\/wp\/v2\/tags?post=55119"}],"curies":[{"name":"wp","href":"https:\/\/api.w.org\/{rel}","templated":true}]}}