{"id":55134,"date":"2011-12-27T20:37:48","date_gmt":"2011-12-27T19:37:48","guid":{"rendered":"http:\/\/www.visit-ulcinj.com\/blog\/?p=55134"},"modified":"2011-12-27T20:40:06","modified_gmt":"2011-12-27T19:40:06","slug":"fatmir-deka-u-intervjuu-za-dan","status":"publish","type":"post","link":"https:\/\/www.visit-ulcinj.com\/blog\/2011\/12\/27\/fatmir-deka-u-intervjuu-za-dan\/","title":{"rendered":"Fatmir \u0110eka u intervjuu za &#8220;Dan&#8221;"},"content":{"rendered":"<p><strong><a href=\"http:\/\/www.visit-ulcinj.com\/blog\/wp-content\/uploads\/2011\/12\/Fatmir-Djeka-Lider-Demokratske-partije-DP.jpg\"><img loading=\"lazy\" class=\"alignleft size-full wp-image-55136\" title=\"Fatmir Djeka- Lider Demokratske partije (DP)\" src=\"http:\/\/www.visit-ulcinj.com\/blog\/wp-content\/uploads\/2011\/12\/Fatmir-Djeka-Lider-Demokratske-partije-DP.jpg\" alt=\"\" width=\"508\" height=\"380\" \/><\/a>Ujedini\u0107emo albansko bira\u010dko tijelo<\/strong><br \/>\nDemokratska partija (DP) je moderna proevropska partija, spremna na saradnju sa svima. Radi\u0107emo za dobrobit Albanaca i svih gra\u0111ana Crne Gore, istakao je u intervjuu za \u201eDan\u201c lider ove novoosnovane nacionalne albanske stranke Fatmir \u0110eka.<br \/>\nNastala od nezadovoljnih \u010dlanova nekoliko albanskih stranka i frakcija, poput Demokratskog saveza i Demokratske unije Albanaca, Demokratska partija je za kratko vrijeme uspjela da okupi zna\u010dajan broj \u010dlanova i simpatizera.<br \/>\n\u0110eka smatra da \u0107e DP, kao nova politi\u010dka opcija Albanaca, ja\u010dati kako vrijeme bude prolazilo, a najavljuje i homogenizaciju nacionalnog bira\u010dkog tijela.<br \/>\nKoja su programska na\u010dela partije, koji su vam ciljevi i prioriteti?<br \/>\n<a href=\"http:\/\/www.visit-ulcinj.com\/blog\/wp-content\/uploads\/2011\/12\/Fatmir-Djeka-Lider-Demokratske-partije-DP.4.jpg\"><img loading=\"lazy\" class=\"alignleft size-full wp-image-55137\" title=\"Fatmir Djeka- Lider Demokratske partije (DP).4\" src=\"http:\/\/www.visit-ulcinj.com\/blog\/wp-content\/uploads\/2011\/12\/Fatmir-Djeka-Lider-Demokratske-partije-DP.4.jpg\" alt=\"\" width=\"508\" height=\"300\" \/><\/a><br \/>\n\u2013 \u0160to se ti\u010de na\u0161eg programa, mnogo se ne razlikujemo od ostalih partija Albanaca u Crnoj Gori. U su\u0161tini, to je pobolj\u0161anje polo\u017eaja Albanaca evropske i atlantske integracije i ekonomski razvoj. Tome \u0107emo najvi\u0161e posvetiti pa\u017enju. Imamo nove ljude, novu energiju i snagu. Planiramo formiranje foruma \u017eena i omladine kao i ogranaka na svim podru\u010djima gdje \u017eive Albanci.<br \/>\nDP je sa Forcom, SDP i Gra\u0111anskom listom \u201ePerspektiva\u201c u vladaju\u0107oj koaliciji u Ulcinju. Iako ste relativno kratko na vlasti, da li ste zadovoljni dosada\u0161njim rezultatima?<br \/>\n<a href=\"http:\/\/www.visit-ulcinj.com\/blog\/wp-content\/uploads\/2011\/12\/Fatmir-Djeka-Lider-Demokratske-partije-DP.1.jpg\"><img loading=\"lazy\" class=\"alignleft size-full wp-image-55138\" title=\"Fatmir Djeka- Lider Demokratske partije (DP).1\" src=\"http:\/\/www.visit-ulcinj.com\/blog\/wp-content\/uploads\/2011\/12\/Fatmir-Djeka-Lider-Demokratske-partije-DP.1.jpg\" alt=\"\" width=\"340\" height=\"400\" \/><\/a>\u2013 Mislim da je do sada bilo sve korektno. Po\u010detak je dobar, posla ima mnogo i o\u010dekujem da \u0107emo uspjeti da pokrenemo stvari na bolje. Raduju me dobri odnosi i razumjevanje na nivou koalicije, a to je najva\u017enije jer sloga ku\u0107u gradi. Dobro sara\u0111ujemo i uvjeren sam da ova koalicija ima budu\u0107nost i da \u0107e trajati i nakon isteka trogodi\u0161njeg mandata.<br \/>\nUlcinju je, evidentno, potrebna pomo\u0107 dr\u017eave. Kao dio lokalne vlasti o\u010dekujete li tu pomo\u0107 i ho\u0107ete li sara\u0111ivati sa DPS-om?<br \/>\n\u2013 Radi\u0107emo sve \u0161to je u interesu gra\u0111ana. Ne bi trebalo da bude druga\u010dije. Za saradnju smo sa Vladom i to smo otvoreno i kazali. Mislim da su i predstavnici Vlade koji su boravili u Ulcinju obe\u0107ali podr\u0161ku, tako da tu nema ni\u0161ta sporno. Interes je obostran.<br \/>\nHo\u0107ete li sara\u0111ivati sa ostalim albanskim strankama, a i sa va\u0161im biv\u0161im partijskim drugovima iz DUA?<br \/>\n\u2013 Politika je umjetnost mogu\u0107eg. Tako da ni\u0161ta nije nemogu\u0107e. To \u0161to je bilo ostaje iza nas i ne treba se previ\u0161e osvrtati. Treba gledati naprijed. Od momenta podjele u DUA, od nas niste mogli \u010duti neprikladne komentare ili ru\u017ene rije\u010di za na\u0161e kolege. Ipak smo proveli mnogo godina zajedno i postoje stvari koje se ne mogu izbrisati. Putevi su nam se razi\u0161li a vrijeme \u0107e pokazati ko je na pravom putu.<br \/>\nNakon podjele stranke biv\u0161i lider DUA Ferhat Dino\u0161a optu\u017eio je Vas i jo\u0161 neke politi\u010dare iz Ulcinja da vodite politiku koja Ulcinj udaljava od Crne Gore. Kako to komentari\u0161ete?<br \/>\n\u2013 Nekorektno je od Dino\u0161e \u0161to tvrdi da se Ulcinj udaljava od Podgorice. To je tendenciozno i zlonamjerno i to Ferhatu nije trebalo. Mislim da je upravo on taj koji se udaljava jer odlazi na mjesto ambasadora. Za sve \u0161to smo radili zajedno dok smo bili u DUA i u koaliciji sa DPS pojedinci u vrhu su nagra\u0111eni i to se vidi. Tako da ne stoje te optu\u017ebe. Za saradnju smo sa Podgoricom, i sa drugim centrima i to \u0107emo konkretno dokazati.<br \/>\n<strong>M.K.<\/strong><\/p>\n<p><strong><a href=\"http:\/\/www.visit-ulcinj.com\/blog\/wp-content\/uploads\/2011\/12\/Fatmir-Djeka-Lider-Demokratske-partije-DP.2.jpg\"><img loading=\"lazy\" class=\"alignleft size-full wp-image-55139\" title=\"Fatmir Djeka- Lider Demokratske partije (DP).2\" src=\"http:\/\/www.visit-ulcinj.com\/blog\/wp-content\/uploads\/2011\/12\/Fatmir-Djeka-Lider-Demokratske-partije-DP.2.jpg\" alt=\"\" width=\"246\" height=\"339\" srcset=\"https:\/\/www.visit-ulcinj.com\/blog\/wp-content\/uploads\/2011\/12\/Fatmir-Djeka-Lider-Demokratske-partije-DP.2.jpg 246w, https:\/\/www.visit-ulcinj.com\/blog\/wp-content\/uploads\/2011\/12\/Fatmir-Djeka-Lider-Demokratske-partije-DP.2-217x300.jpg 217w\" sizes=\"(max-width: 246px) 100vw, 246px\" \/><\/a>Malo nas je u dr\u017eavnoj upravi<\/strong><br \/>\nRekli ste da je DP nacionalna stranka i da \u0107e jedan od va\u0161ih ciljeva biti pobolj\u0161anje statusa Albanaca. Jesu li i u kojoj mjeri Albanci obespravljeni?<br \/>\n\u2013 Stepen po\u0161tovanja prava sigurno mo\u017ee biti ve\u0107i. Dodu\u0161e, u politici i u \u017eivotu se \u010desto ne ostvari sve \u0161to se zacrta. Kroz institucije dr\u017eave, u saradnji sa drugim partijama sigurno \u0107emo tra\u017eiti prava koja smatramo da nas sleduju. Prije svega, zalaga\u0107emo se za ve\u0107u zastupljenost u dr\u017eavnoj upravi. Tako\u0111e, o\u010dekujemo puno po\u0161tovanje zagarantovanih prava manjina. Na kongresu smo usvojili deklaraciju kojom upozoravamo i na antidemokratski i antievropski metod rada prilikom usvajanja diskriminatorskih zakona, poput zabrane upotrebe nacionalnih simbola.<\/p>\n<p><strong>DUA ne zastupa interese gra\u0111ana<\/strong><br \/>\nKoji su razlozi rascjepa i podjele u DUA?<br \/>\n\u2013 U anamalskom ogranku nezadovoljstvo je tinjalo dvije ili tri godine, a pred poslednje izbore oni su kulminirali. Anamalski kraj dao je partiji ogroman broj glasova, oko 85 odsto. Shodno tome, tra\u017eili smo ve\u0107u zastupljenost u rukovodstvu, odnosno odre\u0111ene funkcije. Vrh je to ignorisao i danas smo tu gdje smo.<br \/>\nPokrenuli smo inicijativu da formiramo stranku i da poku\u0161amo da objedinimo vi\u0161e manjih partija, koje su u tom trenutku postojale, ali skoro da nijesu funkcionisale. Dobrim dijelom smo uspjeli u tome. Imamo budu\u0107nost ali za DUA nisam siguran i \u017ealim \u0161to je tako. Oni vi\u0161e ne zastupaju interese gra\u0111ana i to \u0107e se vidjeti na narednim izborima.<\/p>\n<p><a href=\"http:\/\/www.dan.co.me\/?nivo=3&amp;rubrika=Politika&amp;datum=2011-12-27&amp;clanak=313176\" target=\"_blank\"><strong>Izvor: DAN<\/strong><\/a><\/p>\n","protected":false},"excerpt":{"rendered":"<p>Ujedini\u0107emo albansko bira\u010dko tijelo Demokratska partija (DP) je moderna proevropska partija, spremna na saradnju sa svima. Radi\u0107emo za dobrobit Albanaca i svih gra\u0111ana Crne Gore, istakao je u intervjuu za \u201eDan\u201c lider ove novoosnovane nacionalne albanske stranke Fatmir \u0110eka. Nastala od nezadovoljnih \u010dlanova nekoliko albanskih stranka i frakcija, poput Demokratskog saveza i Demokratske unije Albanaca, [&hellip;]<\/p>\n","protected":false},"author":1,"featured_media":0,"comment_status":"open","ping_status":"closed","sticky":false,"template":"","format":"standard","meta":{"spay_email":"","jetpack_publicize_message":"","jetpack_is_tweetstorm":false,"jetpack_publicize_feature_enabled":true},"categories":[8337],"tags":[19739,4608,19738,19],"jetpack_publicize_connections":[],"yoast_head":"<!-- This site is optimized with the Yoast SEO plugin v19.1 - https:\/\/yoast.com\/wordpress\/plugins\/seo\/ -->\n<title>Fatmir \u0110eka u intervjuu za &quot;Dan&quot; - Lajme nga Ulqini<\/title>\n<meta name=\"description\" content=\"Ujedini\u0107emo albansko bira\u010dko tijelo Demokratska partija (DP) je moderna proevropska partija, spremna na saradnju sa svima. Radi\u0107emo za dobrobit Albanaca i\" \/>\n<meta name=\"robots\" content=\"index, follow, max-snippet:-1, max-image-preview:large, max-video-preview:-1\" \/>\n<link rel=\"canonical\" href=\"https:\/\/www.visit-ulcinj.com\/blog\/2011\/12\/27\/fatmir-deka-u-intervjuu-za-dan\/\" \/>\n<meta property=\"og:locale\" content=\"en_US\" \/>\n<meta property=\"og:type\" content=\"article\" \/>\n<meta property=\"og:title\" content=\"Fatmir \u0110eka u intervjuu za &quot;Dan&quot; - Lajme nga Ulqini\" \/>\n<meta property=\"og:description\" content=\"Ujedini\u0107emo albansko bira\u010dko tijelo Demokratska partija (DP) je moderna proevropska partija, spremna na saradnju sa svima. Radi\u0107emo za dobrobit Albanaca i\" \/>\n<meta property=\"og:url\" content=\"https:\/\/www.visit-ulcinj.com\/blog\/2011\/12\/27\/fatmir-deka-u-intervjuu-za-dan\/\" \/>\n<meta property=\"og:site_name\" content=\"Lajme nga Ulqini\" \/>\n<meta property=\"article:published_time\" content=\"2011-12-27T19:37:48+00:00\" \/>\n<meta property=\"article:modified_time\" content=\"2011-12-27T19:40:06+00:00\" \/>\n<meta property=\"og:image\" content=\"http:\/\/www.visit-ulcinj.com\/blog\/wp-content\/uploads\/2011\/12\/Fatmir-Djeka-Lider-Demokratske-partije-DP.jpg\" \/>\n<meta name=\"twitter:label1\" content=\"Written by\" \/>\n\t<meta name=\"twitter:data1\" content=\"ulqini\" \/>\n\t<meta name=\"twitter:label2\" content=\"Est. reading time\" \/>\n\t<meta name=\"twitter:data2\" content=\"4 minutes\" \/>\n<script type=\"application\/ld+json\" class=\"yoast-schema-graph\">{\"@context\":\"https:\/\/schema.org\",\"@graph\":[{\"@type\":\"WebSite\",\"@id\":\"https:\/\/www.visit-ulcinj.com\/blog\/#website\",\"url\":\"https:\/\/www.visit-ulcinj.com\/blog\/\",\"name\":\"Lajme nga Ulqini\",\"description\":\"Lajme,Vijesti,Ulqini,Ulqin,Crna Gora,Mali i Zi\",\"potentialAction\":[{\"@type\":\"SearchAction\",\"target\":{\"@type\":\"EntryPoint\",\"urlTemplate\":\"https:\/\/www.visit-ulcinj.com\/blog\/?s={search_term_string}\"},\"query-input\":\"required name=search_term_string\"}],\"inLanguage\":\"en-US\"},{\"@type\":\"ImageObject\",\"inLanguage\":\"en-US\",\"@id\":\"https:\/\/www.visit-ulcinj.com\/blog\/2011\/12\/27\/fatmir-deka-u-intervjuu-za-dan\/#primaryimage\",\"url\":\"https:\/\/www.visit-ulcinj.com\/blog\/wp-content\/uploads\/2011\/12\/Fatmir-Djeka-Lider-Demokratske-partije-DP.jpg\",\"contentUrl\":\"https:\/\/www.visit-ulcinj.com\/blog\/wp-content\/uploads\/2011\/12\/Fatmir-Djeka-Lider-Demokratske-partije-DP.jpg\",\"width\":\"800\",\"height\":\"533\"},{\"@type\":\"WebPage\",\"@id\":\"https:\/\/www.visit-ulcinj.com\/blog\/2011\/12\/27\/fatmir-deka-u-intervjuu-za-dan\/#webpage\",\"url\":\"https:\/\/www.visit-ulcinj.com\/blog\/2011\/12\/27\/fatmir-deka-u-intervjuu-za-dan\/\",\"name\":\"Fatmir \u0110eka u intervjuu za \\\"Dan\\\" - Lajme nga Ulqini\",\"isPartOf\":{\"@id\":\"https:\/\/www.visit-ulcinj.com\/blog\/#website\"},\"primaryImageOfPage\":{\"@id\":\"https:\/\/www.visit-ulcinj.com\/blog\/2011\/12\/27\/fatmir-deka-u-intervjuu-za-dan\/#primaryimage\"},\"datePublished\":\"2011-12-27T19:37:48+00:00\",\"dateModified\":\"2011-12-27T19:40:06+00:00\",\"author\":{\"@id\":\"https:\/\/www.visit-ulcinj.com\/blog\/#\/schema\/person\/dcab619c614d3038751c63bc2aadc06d\"},\"description\":\"Ujedini\u0107emo albansko bira\u010dko tijelo Demokratska partija (DP) je moderna proevropska partija, spremna na saradnju sa svima. Radi\u0107emo za dobrobit Albanaca i\",\"breadcrumb\":{\"@id\":\"https:\/\/www.visit-ulcinj.com\/blog\/2011\/12\/27\/fatmir-deka-u-intervjuu-za-dan\/#breadcrumb\"},\"inLanguage\":\"en-US\",\"potentialAction\":[{\"@type\":\"ReadAction\",\"target\":[\"https:\/\/www.visit-ulcinj.com\/blog\/2011\/12\/27\/fatmir-deka-u-intervjuu-za-dan\/\"]}]},{\"@type\":\"BreadcrumbList\",\"@id\":\"https:\/\/www.visit-ulcinj.com\/blog\/2011\/12\/27\/fatmir-deka-u-intervjuu-za-dan\/#breadcrumb\",\"itemListElement\":[{\"@type\":\"ListItem\",\"position\":1,\"name\":\"Fatmir \u0110eka u intervjuu za &#8220;Dan&#8221;\"}]},{\"@type\":\"Person\",\"@id\":\"https:\/\/www.visit-ulcinj.com\/blog\/#\/schema\/person\/dcab619c614d3038751c63bc2aadc06d\",\"name\":\"ulqini\",\"sameAs\":[\"http:\/\/www.visit-ulcinj.com\"],\"url\":\"https:\/\/www.visit-ulcinj.com\/blog\/author\/admin\/\"}]}<\/script>\n<!-- \/ Yoast SEO plugin. -->","yoast_head_json":{"title":"Fatmir \u0110eka u intervjuu za \"Dan\" - Lajme nga Ulqini","description":"Ujedini\u0107emo albansko bira\u010dko tijelo Demokratska partija (DP) je moderna proevropska partija, spremna na saradnju sa svima. Radi\u0107emo za dobrobit Albanaca i","robots":{"index":"index","follow":"follow","max-snippet":"max-snippet:-1","max-image-preview":"max-image-preview:large","max-video-preview":"max-video-preview:-1"},"canonical":"https:\/\/www.visit-ulcinj.com\/blog\/2011\/12\/27\/fatmir-deka-u-intervjuu-za-dan\/","og_locale":"en_US","og_type":"article","og_title":"Fatmir \u0110eka u intervjuu za \"Dan\" - Lajme nga Ulqini","og_description":"Ujedini\u0107emo albansko bira\u010dko tijelo Demokratska partija (DP) je moderna proevropska partija, spremna na saradnju sa svima. Radi\u0107emo za dobrobit Albanaca i","og_url":"https:\/\/www.visit-ulcinj.com\/blog\/2011\/12\/27\/fatmir-deka-u-intervjuu-za-dan\/","og_site_name":"Lajme nga Ulqini","article_published_time":"2011-12-27T19:37:48+00:00","article_modified_time":"2011-12-27T19:40:06+00:00","og_image":[{"url":"http:\/\/www.visit-ulcinj.com\/blog\/wp-content\/uploads\/2011\/12\/Fatmir-Djeka-Lider-Demokratske-partije-DP.jpg"}],"twitter_misc":{"Written by":"ulqini","Est. reading time":"4 minutes"},"schema":{"@context":"https:\/\/schema.org","@graph":[{"@type":"WebSite","@id":"https:\/\/www.visit-ulcinj.com\/blog\/#website","url":"https:\/\/www.visit-ulcinj.com\/blog\/","name":"Lajme nga Ulqini","description":"Lajme,Vijesti,Ulqini,Ulqin,Crna Gora,Mali i Zi","potentialAction":[{"@type":"SearchAction","target":{"@type":"EntryPoint","urlTemplate":"https:\/\/www.visit-ulcinj.com\/blog\/?s={search_term_string}"},"query-input":"required name=search_term_string"}],"inLanguage":"en-US"},{"@type":"ImageObject","inLanguage":"en-US","@id":"https:\/\/www.visit-ulcinj.com\/blog\/2011\/12\/27\/fatmir-deka-u-intervjuu-za-dan\/#primaryimage","url":"https:\/\/www.visit-ulcinj.com\/blog\/wp-content\/uploads\/2011\/12\/Fatmir-Djeka-Lider-Demokratske-partije-DP.jpg","contentUrl":"https:\/\/www.visit-ulcinj.com\/blog\/wp-content\/uploads\/2011\/12\/Fatmir-Djeka-Lider-Demokratske-partije-DP.jpg","width":"800","height":"533"},{"@type":"WebPage","@id":"https:\/\/www.visit-ulcinj.com\/blog\/2011\/12\/27\/fatmir-deka-u-intervjuu-za-dan\/#webpage","url":"https:\/\/www.visit-ulcinj.com\/blog\/2011\/12\/27\/fatmir-deka-u-intervjuu-za-dan\/","name":"Fatmir \u0110eka u intervjuu za \"Dan\" - Lajme nga Ulqini","isPartOf":{"@id":"https:\/\/www.visit-ulcinj.com\/blog\/#website"},"primaryImageOfPage":{"@id":"https:\/\/www.visit-ulcinj.com\/blog\/2011\/12\/27\/fatmir-deka-u-intervjuu-za-dan\/#primaryimage"},"datePublished":"2011-12-27T19:37:48+00:00","dateModified":"2011-12-27T19:40:06+00:00","author":{"@id":"https:\/\/www.visit-ulcinj.com\/blog\/#\/schema\/person\/dcab619c614d3038751c63bc2aadc06d"},"description":"Ujedini\u0107emo albansko bira\u010dko tijelo Demokratska partija (DP) je moderna proevropska partija, spremna na saradnju sa svima. Radi\u0107emo za dobrobit Albanaca i","breadcrumb":{"@id":"https:\/\/www.visit-ulcinj.com\/blog\/2011\/12\/27\/fatmir-deka-u-intervjuu-za-dan\/#breadcrumb"},"inLanguage":"en-US","potentialAction":[{"@type":"ReadAction","target":["https:\/\/www.visit-ulcinj.com\/blog\/2011\/12\/27\/fatmir-deka-u-intervjuu-za-dan\/"]}]},{"@type":"BreadcrumbList","@id":"https:\/\/www.visit-ulcinj.com\/blog\/2011\/12\/27\/fatmir-deka-u-intervjuu-za-dan\/#breadcrumb","itemListElement":[{"@type":"ListItem","position":1,"name":"Fatmir \u0110eka u intervjuu za &#8220;Dan&#8221;"}]},{"@type":"Person","@id":"https:\/\/www.visit-ulcinj.com\/blog\/#\/schema\/person\/dcab619c614d3038751c63bc2aadc06d","name":"ulqini","sameAs":["http:\/\/www.visit-ulcinj.com"],"url":"https:\/\/www.visit-ulcinj.com\/blog\/author\/admin\/"}]}},"jetpack_featured_media_url":"","jetpack_sharing_enabled":true,"jetpack_shortlink":"https:\/\/wp.me\/pe6lTn-elg","_links":{"self":[{"href":"https:\/\/www.visit-ulcinj.com\/blog\/wp-json\/wp\/v2\/posts\/55134"}],"collection":[{"href":"https:\/\/www.visit-ulcinj.com\/blog\/wp-json\/wp\/v2\/posts"}],"about":[{"href":"https:\/\/www.visit-ulcinj.com\/blog\/wp-json\/wp\/v2\/types\/post"}],"author":[{"embeddable":true,"href":"https:\/\/www.visit-ulcinj.com\/blog\/wp-json\/wp\/v2\/users\/1"}],"replies":[{"embeddable":true,"href":"https:\/\/www.visit-ulcinj.com\/blog\/wp-json\/wp\/v2\/comments?post=55134"}],"version-history":[{"count":4,"href":"https:\/\/www.visit-ulcinj.com\/blog\/wp-json\/wp\/v2\/posts\/55134\/revisions"}],"predecessor-version":[{"id":55143,"href":"https:\/\/www.visit-ulcinj.com\/blog\/wp-json\/wp\/v2\/posts\/55134\/revisions\/55143"}],"wp:attachment":[{"href":"https:\/\/www.visit-ulcinj.com\/blog\/wp-json\/wp\/v2\/media?parent=55134"}],"wp:term":[{"taxonomy":"category","embeddable":true,"href":"https:\/\/www.visit-ulcinj.com\/blog\/wp-json\/wp\/v2\/categories?post=55134"},{"taxonomy":"post_tag","embeddable":true,"href":"https:\/\/www.visit-ulcinj.com\/blog\/wp-json\/wp\/v2\/tags?post=55134"}],"curies":[{"name":"wp","href":"https:\/\/api.w.org\/{rel}","templated":true}]}}