{"id":55144,"date":"2011-12-27T21:30:45","date_gmt":"2011-12-27T20:30:45","guid":{"rendered":"http:\/\/www.visit-ulcinj.com\/blog\/?p=55144"},"modified":"2011-12-27T21:39:30","modified_gmt":"2011-12-27T20:39:30","slug":"luigj-shkrela-per-shum-mot-kshnellat-krishtlindjet","status":"publish","type":"post","link":"https:\/\/www.visit-ulcinj.com\/blog\/2011\/12\/27\/luigj-shkrela-per-shum-mot-kshnellat-krishtlindjet\/","title":{"rendered":"Luigj Shkrela: P\u00ebr shum mot Kshnellat-Krishtlindjet"},"content":{"rendered":"<p style=\"text-align: center;\" align=\"center\"><strong><a href=\"http:\/\/www.visit-ulcinj.com\/blog\/wp-content\/uploads\/2011\/12\/Luigj-Shkrela-P%C3%ABr-shum-mot-Kshnellat-Krishtlindjet.jpg\"><img loading=\"lazy\" class=\"alignleft size-full wp-image-55145\" title=\"Luigj Shkrela- P\u00ebr shum mot Kshnellat-Krishtlindjet\" src=\"http:\/\/www.visit-ulcinj.com\/blog\/wp-content\/uploads\/2011\/12\/Luigj-Shkrela-P%C3%ABr-shum-mot-Kshnellat-Krishtlindjet.jpg\" alt=\"\" width=\"508\" height=\"400\" \/><\/a>KUMTES\u00cb P\u00cbR OPINION<\/strong><\/p>\n<p style=\"text-align: center;\">Shk\u00eblq\u00ebsi e p\u00ebrndritshme<br \/>\nArgjipeshkvit te Tivarit<br \/>\nZotri Monsinjor Dom Zef Gashit<br \/>\nMbar\u00eb klerit si dhe t\u00eb gjith\u00eb besimtar\u00ebve fes\u00eb katolike<\/p>\n<p>Festat e Kshnellave-Krishtlindja,jan festat e paqes toleranc\u00ebs familjare dhe takimeve miq\u00ebsore.<br \/>\nN\u00eb k\u00ebto dit q\u00eb me modesti por njikoh\u00ebsisht nd\u00ebrgjegje t\u00eb thell shpirt\u00ebrore shenohet dhe festohet ardhja ne jet\u00ebn ton e Jesus Krishtit-si d\u00ebshmi e s\u00eb mir\u00ebs,njerzimit,mir\u00ebkuptimit,dhe nder\u00ebs.Vjen t\u00eb na d\u00ebshmojne se lindja e Tij \u00ebsht\u00eb n\u00eb t\u00eb mir\u00ebn e njerzimit, dhe me jet\u00ebn dhe veprat do t\u00eb d\u00ebshmojn\u00eb se vuajtjet e Tija kan qen\u00eb n\u00eb favor t\u00eb gjith neve pa dallim feje,race dhe kombi.<br \/>\nPra s\u00eb bashku me Jezus Krishtin ka lind dhe jeton n\u00eb \u00e7do njeri t\u00eb \u00e7far\u00ebdo besimi &#8211; e mira njerzija,durimi dhe dashurija.<br \/>\nQytetar t\u00eb nderuar &#8211; besimtar t\u00eb fes\u00eb katolike duani nj\u00ebri tjetrin sepse dashurija vjen prej Krishtit dhe secili q\u00eb ka dashuri ka lindur prej Zotit dhe ate e njeh\u00eb.<br \/>\nD\u00ebshiroj q\u00eb gjithmon\u00eb jeta e juaj t\u00eb jet\u00eb mbushur me g\u00ebzime dhe e sh\u00ebndritur me drit\u00eb t\u00eb njer\u00ebzis.Mos lejoni t\u00eb b\u00ebheni t\u00eb vartjur p\u00ebr dashurin ndaj Zotit dhe t\u00eb njeriut.<br \/>\nP\u00ebr shum mot Kshnellat Krishtlindjet dhe gjithmon\u00eb i pritshi dhe i festofshi me zem\u00ebr t\u00eb mir.<br \/>\nG\u00ebzuar dhe Zoti ju bekoft\u00eb.<\/p>\n<p>Deputet n\u00eb parlamentin e Malit t\u00eb Zi<br \/>\n<strong>Luigj Shkreli<br \/>\n<!--YouTube Error: bad URL entered--><br \/>\n<\/strong><\/p>\n","protected":false},"excerpt":{"rendered":"<p>KUMTES\u00cb P\u00cbR OPINION Shk\u00eblq\u00ebsi e p\u00ebrndritshme Argjipeshkvit te Tivarit Zotri Monsinjor Dom Zef Gashit Mbar\u00eb klerit si dhe t\u00eb gjith\u00eb besimtar\u00ebve fes\u00eb katolike Festat e Kshnellave-Krishtlindja,jan festat e paqes toleranc\u00ebs familjare dhe takimeve miq\u00ebsore. N\u00eb k\u00ebto dit q\u00eb me modesti por njikoh\u00ebsisht nd\u00ebrgjegje t\u00eb thell shpirt\u00ebrore shenohet dhe festohet ardhja ne jet\u00ebn ton e Jesus [&hellip;]<\/p>\n","protected":false},"author":1,"featured_media":0,"comment_status":"open","ping_status":"closed","sticky":false,"template":"","format":"standard","meta":{"spay_email":"","jetpack_publicize_message":"","jetpack_is_tweetstorm":false,"jetpack_publicize_feature_enabled":true},"categories":[6950],"tags":[714,14356,3509,13230,15269,19740,5229,17844,1005,19,200,18,19676],"jetpack_publicize_connections":[],"yoast_head":"<!-- This site is optimized with the Yoast SEO plugin v19.1 - https:\/\/yoast.com\/wordpress\/plugins\/seo\/ -->\n<title>Luigj Shkrela: P\u00ebr shum mot Kshnellat-Krishtlindjet - Lajme nga Ulqini<\/title>\n<meta name=\"description\" content=\"KUMTES\u00cb P\u00cbR OPINION Shk\u00eblq\u00ebsi e p\u00ebrndritshme Argjipeshkvit te Tivarit Zotri Monsinjor Dom Zef Gashit Mbar\u00eb klerit si dhe t\u00eb gjith\u00eb besimtar\u00ebve fes\u00eb\" \/>\n<meta name=\"robots\" content=\"index, follow, max-snippet:-1, max-image-preview:large, max-video-preview:-1\" \/>\n<link rel=\"canonical\" href=\"https:\/\/www.visit-ulcinj.com\/blog\/2011\/12\/27\/luigj-shkrela-per-shum-mot-kshnellat-krishtlindjet\/\" \/>\n<meta property=\"og:locale\" content=\"en_US\" \/>\n<meta property=\"og:type\" content=\"article\" \/>\n<meta property=\"og:title\" content=\"Luigj Shkrela: P\u00ebr shum mot Kshnellat-Krishtlindjet - Lajme nga Ulqini\" \/>\n<meta property=\"og:description\" content=\"KUMTES\u00cb P\u00cbR OPINION Shk\u00eblq\u00ebsi e p\u00ebrndritshme Argjipeshkvit te Tivarit Zotri Monsinjor Dom Zef Gashit Mbar\u00eb klerit si dhe t\u00eb gjith\u00eb besimtar\u00ebve fes\u00eb\" \/>\n<meta property=\"og:url\" content=\"https:\/\/www.visit-ulcinj.com\/blog\/2011\/12\/27\/luigj-shkrela-per-shum-mot-kshnellat-krishtlindjet\/\" \/>\n<meta property=\"og:site_name\" content=\"Lajme nga Ulqini\" \/>\n<meta property=\"article:published_time\" content=\"2011-12-27T20:30:45+00:00\" \/>\n<meta property=\"article:modified_time\" content=\"2011-12-27T20:39:30+00:00\" \/>\n<meta property=\"og:image\" content=\"http:\/\/www.visit-ulcinj.com\/blog\/wp-content\/uploads\/2011\/12\/Luigj-Shkrela-P%C3%ABr-shum-mot-Kshnellat-Krishtlindjet.jpg\" \/>\n<meta name=\"twitter:label1\" content=\"Written by\" \/>\n\t<meta name=\"twitter:data1\" content=\"ulqini\" \/>\n\t<meta name=\"twitter:label2\" content=\"Est. reading time\" \/>\n\t<meta name=\"twitter:data2\" content=\"1 minute\" \/>\n<script type=\"application\/ld+json\" class=\"yoast-schema-graph\">{\"@context\":\"https:\/\/schema.org\",\"@graph\":[{\"@type\":\"WebSite\",\"@id\":\"https:\/\/www.visit-ulcinj.com\/blog\/#website\",\"url\":\"https:\/\/www.visit-ulcinj.com\/blog\/\",\"name\":\"Lajme nga Ulqini\",\"description\":\"Lajme,Vijesti,Ulqini,Ulqin,Crna Gora,Mali i Zi\",\"potentialAction\":[{\"@type\":\"SearchAction\",\"target\":{\"@type\":\"EntryPoint\",\"urlTemplate\":\"https:\/\/www.visit-ulcinj.com\/blog\/?s={search_term_string}\"},\"query-input\":\"required name=search_term_string\"}],\"inLanguage\":\"en-US\"},{\"@type\":\"ImageObject\",\"inLanguage\":\"en-US\",\"@id\":\"https:\/\/www.visit-ulcinj.com\/blog\/2011\/12\/27\/luigj-shkrela-per-shum-mot-kshnellat-krishtlindjet\/#primaryimage\",\"url\":\"http:\/\/www.visit-ulcinj.com\/blog\/wp-content\/uploads\/2011\/12\/Luigj-Shkrela-P%C3%ABr-shum-mot-Kshnellat-Krishtlindjet.jpg\",\"contentUrl\":\"http:\/\/www.visit-ulcinj.com\/blog\/wp-content\/uploads\/2011\/12\/Luigj-Shkrela-P%C3%ABr-shum-mot-Kshnellat-Krishtlindjet.jpg\"},{\"@type\":\"WebPage\",\"@id\":\"https:\/\/www.visit-ulcinj.com\/blog\/2011\/12\/27\/luigj-shkrela-per-shum-mot-kshnellat-krishtlindjet\/#webpage\",\"url\":\"https:\/\/www.visit-ulcinj.com\/blog\/2011\/12\/27\/luigj-shkrela-per-shum-mot-kshnellat-krishtlindjet\/\",\"name\":\"Luigj Shkrela: P\u00ebr shum mot Kshnellat-Krishtlindjet - Lajme nga Ulqini\",\"isPartOf\":{\"@id\":\"https:\/\/www.visit-ulcinj.com\/blog\/#website\"},\"primaryImageOfPage\":{\"@id\":\"https:\/\/www.visit-ulcinj.com\/blog\/2011\/12\/27\/luigj-shkrela-per-shum-mot-kshnellat-krishtlindjet\/#primaryimage\"},\"datePublished\":\"2011-12-27T20:30:45+00:00\",\"dateModified\":\"2011-12-27T20:39:30+00:00\",\"author\":{\"@id\":\"https:\/\/www.visit-ulcinj.com\/blog\/#\/schema\/person\/dcab619c614d3038751c63bc2aadc06d\"},\"description\":\"KUMTES\u00cb P\u00cbR OPINION Shk\u00eblq\u00ebsi e p\u00ebrndritshme Argjipeshkvit te Tivarit Zotri Monsinjor Dom Zef Gashit Mbar\u00eb klerit si dhe t\u00eb gjith\u00eb besimtar\u00ebve fes\u00eb\",\"breadcrumb\":{\"@id\":\"https:\/\/www.visit-ulcinj.com\/blog\/2011\/12\/27\/luigj-shkrela-per-shum-mot-kshnellat-krishtlindjet\/#breadcrumb\"},\"inLanguage\":\"en-US\",\"potentialAction\":[{\"@type\":\"ReadAction\",\"target\":[\"https:\/\/www.visit-ulcinj.com\/blog\/2011\/12\/27\/luigj-shkrela-per-shum-mot-kshnellat-krishtlindjet\/\"]}]},{\"@type\":\"BreadcrumbList\",\"@id\":\"https:\/\/www.visit-ulcinj.com\/blog\/2011\/12\/27\/luigj-shkrela-per-shum-mot-kshnellat-krishtlindjet\/#breadcrumb\",\"itemListElement\":[{\"@type\":\"ListItem\",\"position\":1,\"name\":\"Luigj Shkrela: P\u00ebr shum mot Kshnellat-Krishtlindjet\"}]},{\"@type\":\"Person\",\"@id\":\"https:\/\/www.visit-ulcinj.com\/blog\/#\/schema\/person\/dcab619c614d3038751c63bc2aadc06d\",\"name\":\"ulqini\",\"sameAs\":[\"http:\/\/www.visit-ulcinj.com\"],\"url\":\"https:\/\/www.visit-ulcinj.com\/blog\/author\/admin\/\"}]}<\/script>\n<!-- \/ Yoast SEO plugin. -->","yoast_head_json":{"title":"Luigj Shkrela: P\u00ebr shum mot Kshnellat-Krishtlindjet - Lajme nga Ulqini","description":"KUMTES\u00cb P\u00cbR OPINION Shk\u00eblq\u00ebsi e p\u00ebrndritshme Argjipeshkvit te Tivarit Zotri Monsinjor Dom Zef Gashit Mbar\u00eb klerit si dhe t\u00eb gjith\u00eb besimtar\u00ebve fes\u00eb","robots":{"index":"index","follow":"follow","max-snippet":"max-snippet:-1","max-image-preview":"max-image-preview:large","max-video-preview":"max-video-preview:-1"},"canonical":"https:\/\/www.visit-ulcinj.com\/blog\/2011\/12\/27\/luigj-shkrela-per-shum-mot-kshnellat-krishtlindjet\/","og_locale":"en_US","og_type":"article","og_title":"Luigj Shkrela: P\u00ebr shum mot Kshnellat-Krishtlindjet - Lajme nga Ulqini","og_description":"KUMTES\u00cb P\u00cbR OPINION Shk\u00eblq\u00ebsi e p\u00ebrndritshme Argjipeshkvit te Tivarit Zotri Monsinjor Dom Zef Gashit Mbar\u00eb klerit si dhe t\u00eb gjith\u00eb besimtar\u00ebve fes\u00eb","og_url":"https:\/\/www.visit-ulcinj.com\/blog\/2011\/12\/27\/luigj-shkrela-per-shum-mot-kshnellat-krishtlindjet\/","og_site_name":"Lajme nga Ulqini","article_published_time":"2011-12-27T20:30:45+00:00","article_modified_time":"2011-12-27T20:39:30+00:00","og_image":[{"url":"http:\/\/www.visit-ulcinj.com\/blog\/wp-content\/uploads\/2011\/12\/Luigj-Shkrela-P%C3%ABr-shum-mot-Kshnellat-Krishtlindjet.jpg"}],"twitter_misc":{"Written by":"ulqini","Est. reading time":"1 minute"},"schema":{"@context":"https:\/\/schema.org","@graph":[{"@type":"WebSite","@id":"https:\/\/www.visit-ulcinj.com\/blog\/#website","url":"https:\/\/www.visit-ulcinj.com\/blog\/","name":"Lajme nga Ulqini","description":"Lajme,Vijesti,Ulqini,Ulqin,Crna Gora,Mali i Zi","potentialAction":[{"@type":"SearchAction","target":{"@type":"EntryPoint","urlTemplate":"https:\/\/www.visit-ulcinj.com\/blog\/?s={search_term_string}"},"query-input":"required name=search_term_string"}],"inLanguage":"en-US"},{"@type":"ImageObject","inLanguage":"en-US","@id":"https:\/\/www.visit-ulcinj.com\/blog\/2011\/12\/27\/luigj-shkrela-per-shum-mot-kshnellat-krishtlindjet\/#primaryimage","url":"http:\/\/www.visit-ulcinj.com\/blog\/wp-content\/uploads\/2011\/12\/Luigj-Shkrela-P%C3%ABr-shum-mot-Kshnellat-Krishtlindjet.jpg","contentUrl":"http:\/\/www.visit-ulcinj.com\/blog\/wp-content\/uploads\/2011\/12\/Luigj-Shkrela-P%C3%ABr-shum-mot-Kshnellat-Krishtlindjet.jpg"},{"@type":"WebPage","@id":"https:\/\/www.visit-ulcinj.com\/blog\/2011\/12\/27\/luigj-shkrela-per-shum-mot-kshnellat-krishtlindjet\/#webpage","url":"https:\/\/www.visit-ulcinj.com\/blog\/2011\/12\/27\/luigj-shkrela-per-shum-mot-kshnellat-krishtlindjet\/","name":"Luigj Shkrela: P\u00ebr shum mot Kshnellat-Krishtlindjet - Lajme nga Ulqini","isPartOf":{"@id":"https:\/\/www.visit-ulcinj.com\/blog\/#website"},"primaryImageOfPage":{"@id":"https:\/\/www.visit-ulcinj.com\/blog\/2011\/12\/27\/luigj-shkrela-per-shum-mot-kshnellat-krishtlindjet\/#primaryimage"},"datePublished":"2011-12-27T20:30:45+00:00","dateModified":"2011-12-27T20:39:30+00:00","author":{"@id":"https:\/\/www.visit-ulcinj.com\/blog\/#\/schema\/person\/dcab619c614d3038751c63bc2aadc06d"},"description":"KUMTES\u00cb P\u00cbR OPINION Shk\u00eblq\u00ebsi e p\u00ebrndritshme Argjipeshkvit te Tivarit Zotri Monsinjor Dom Zef Gashit Mbar\u00eb klerit si dhe t\u00eb gjith\u00eb besimtar\u00ebve fes\u00eb","breadcrumb":{"@id":"https:\/\/www.visit-ulcinj.com\/blog\/2011\/12\/27\/luigj-shkrela-per-shum-mot-kshnellat-krishtlindjet\/#breadcrumb"},"inLanguage":"en-US","potentialAction":[{"@type":"ReadAction","target":["https:\/\/www.visit-ulcinj.com\/blog\/2011\/12\/27\/luigj-shkrela-per-shum-mot-kshnellat-krishtlindjet\/"]}]},{"@type":"BreadcrumbList","@id":"https:\/\/www.visit-ulcinj.com\/blog\/2011\/12\/27\/luigj-shkrela-per-shum-mot-kshnellat-krishtlindjet\/#breadcrumb","itemListElement":[{"@type":"ListItem","position":1,"name":"Luigj Shkrela: P\u00ebr shum mot Kshnellat-Krishtlindjet"}]},{"@type":"Person","@id":"https:\/\/www.visit-ulcinj.com\/blog\/#\/schema\/person\/dcab619c614d3038751c63bc2aadc06d","name":"ulqini","sameAs":["http:\/\/www.visit-ulcinj.com"],"url":"https:\/\/www.visit-ulcinj.com\/blog\/author\/admin\/"}]}},"jetpack_featured_media_url":"","jetpack_sharing_enabled":true,"jetpack_shortlink":"https:\/\/wp.me\/pe6lTn-elq","_links":{"self":[{"href":"https:\/\/www.visit-ulcinj.com\/blog\/wp-json\/wp\/v2\/posts\/55144"}],"collection":[{"href":"https:\/\/www.visit-ulcinj.com\/blog\/wp-json\/wp\/v2\/posts"}],"about":[{"href":"https:\/\/www.visit-ulcinj.com\/blog\/wp-json\/wp\/v2\/types\/post"}],"author":[{"embeddable":true,"href":"https:\/\/www.visit-ulcinj.com\/blog\/wp-json\/wp\/v2\/users\/1"}],"replies":[{"embeddable":true,"href":"https:\/\/www.visit-ulcinj.com\/blog\/wp-json\/wp\/v2\/comments?post=55144"}],"version-history":[{"count":3,"href":"https:\/\/www.visit-ulcinj.com\/blog\/wp-json\/wp\/v2\/posts\/55144\/revisions"}],"predecessor-version":[{"id":55149,"href":"https:\/\/www.visit-ulcinj.com\/blog\/wp-json\/wp\/v2\/posts\/55144\/revisions\/55149"}],"wp:attachment":[{"href":"https:\/\/www.visit-ulcinj.com\/blog\/wp-json\/wp\/v2\/media?parent=55144"}],"wp:term":[{"taxonomy":"category","embeddable":true,"href":"https:\/\/www.visit-ulcinj.com\/blog\/wp-json\/wp\/v2\/categories?post=55144"},{"taxonomy":"post_tag","embeddable":true,"href":"https:\/\/www.visit-ulcinj.com\/blog\/wp-json\/wp\/v2\/tags?post=55144"}],"curies":[{"name":"wp","href":"https:\/\/api.w.org\/{rel}","templated":true}]}}