{"id":55166,"date":"2011-12-28T00:21:26","date_gmt":"2011-12-27T23:21:26","guid":{"rendered":"http:\/\/www.visit-ulcinj.com\/blog\/?p=55166"},"modified":"2011-12-28T15:04:06","modified_gmt":"2011-12-28T14:04:06","slug":"partia-demokratike-rrosh-dhe-diaspora-shqiptaro-amerikane-perkrahin-protesten-ne-tuz","status":"publish","type":"post","link":"https:\/\/www.visit-ulcinj.com\/blog\/2011\/12\/28\/partia-demokratike-rrosh-dhe-diaspora-shqiptaro-amerikane-perkrahin-protesten-ne-tuz\/","title":{"rendered":"Partia Demokratike &#038; RROSH dhe diaspora Shqiptaro-Amerikane p\u00ebrkrahin protest\u00ebn n\u00eb Tuz"},"content":{"rendered":"<p><a href=\"http:\/\/www.visit-ulcinj.com\/blog\/wp-content\/uploads\/2011\/12\/Partia-Demokratike-dhe-diaspora-Shqiptaro-Amerikane-p%C3%ABrkrahin-protest%C3%ABn-n%C3%AB-Tuz.jpg\"><img loading=\"lazy\" class=\"alignleft size-medium wp-image-55167\" title=\"Partia Demokratike dhe diaspora Shqiptaro-Amerikane p\u00ebrkrahin protest\u00ebn n\u00eb Tuz\" src=\"http:\/\/www.visit-ulcinj.com\/blog\/wp-content\/uploads\/2011\/12\/Partia-Demokratike-dhe-diaspora-Shqiptaro-Amerikane-p%C3%ABrkrahin-protest%C3%ABn-n%C3%AB-Tuz-300x182.jpg\" alt=\"\" width=\"340\" height=\"182\" \/><\/a>N\u00eb Tuz me 28 dhjetor, n\u00eb ora 14, n\u00ebn organizimin e Forumit Demokratik p\u00ebr Integrim do t\u00eb organizohet\u00a0 nj\u00eb protest\u00eb p\u00ebr shkak t\u00eb pak\u00ebnaq\u00ebsis\u00eb me gjendjen politike, ekonomike dhe sociale t\u00eb shqiptareve n\u00eb Mal t\u00eb Zi.<br \/>\nNga faktor\u00ebt politik shqiptar\u00eb q\u00eb veprojn\u00eb n\u00eb Mal t\u00eb Zi shumica mb\u00ebshtesin arsyet e protest\u00ebs dhe vet protest\u00ebn. K\u00ebshtu, deputetet Mehmet Bardhi dhe Genci Nimanbegu mb\u00ebshtesin arsyet e protest\u00ebs kurse aktivist\u00ebt politik nga Mal\u00ebsia Nikoll\u00eb Camaj dhe Smail \u00c7unmulaj do t\u00eb jen\u00eb prezent edhe vet\u00eb n\u00eb protest\u00eb. E vetmja mosmb\u00ebshtetje vjen nga kryetari i kuvendit t\u00eb komun\u00ebs urbane t\u00eb Tuzit Fadil Kajoshaj nga radh\u00ebt e UDSH duke deklaruar se protestat nuk do i sjellin asgj\u00eb t\u00eb mire shqiptar\u00ebve.\u00a0 Kryetari i komun\u00ebs urbane t\u00eb Tuzit, Nikoll\u00eb Gegaj nga radh\u00ebt e DPS (PDS) nuk u shpreh n\u00eb lidhje me organizimin e k\u00ebsaj proteste.<br \/>\nPublikisht, Partia Demokratike, partia m\u00eb e re shqiptare n\u00eb Mal t\u00eb Zi dhe disa subjekte t\u00eb Diaspor\u00ebs Shqiptaro-Amerikane p\u00ebrkrahin k\u00ebt\u00eb protest\u00eb.\u00a0<strong> \/Ulqini-Online\/ \/Malesia.Org\/Lajme nga Ulqini\/<\/strong><\/p>\n<!--YouTube Error: bad URL entered-->\n<p><a href=\"http:\/\/www.visit-ulcinj.com\/blog\/wp-content\/uploads\/2011\/12\/RROSH.jpg\"><img loading=\"lazy\" class=\"alignleft size-medium wp-image-55183\" title=\"RROSH\" src=\"http:\/\/www.visit-ulcinj.com\/blog\/wp-content\/uploads\/2011\/12\/RROSH-300x158.jpg\" alt=\"\" width=\"300\" height=\"158\" srcset=\"https:\/\/www.visit-ulcinj.com\/blog\/wp-content\/uploads\/2011\/12\/RROSH-300x158.jpg 300w, https:\/\/www.visit-ulcinj.com\/blog\/wp-content\/uploads\/2011\/12\/RROSH.jpg 417w\" sizes=\"(max-width: 300px) 100vw, 300px\" \/><\/a>Rrjeti i Organizatave Shqiptare, duke ndjekur me v\u00ebmendje situat\u00ebn e koh\u00ebve t\u00eb fundit n\u00eb Mal t\u00eb Zi, l\u00ebshon k\u00ebt\u00eb komunikat\u00eb p\u00ebr t\u00eb shprehur shqet\u00ebsimin p\u00ebr gjendjen e p\u00ebr t\u00eb drejtat e shqiptar\u00ebve n\u00eb k\u00ebt\u00eb shtet, sidomos pas njoftimit p\u00ebr nism\u00ebn e qeveris\u00eb s\u00eb Malit t\u00eb Zi q\u00eb synon t\u00eb miratoj\u00eb nj\u00eb ligj q\u00eb ia heq shqiptar\u00ebve t\u00eb drejt\u00ebn p\u00ebr t\u00eb p\u00ebrdorur flamurin komb\u00ebtar.<br \/>\nRrOSh e konsideron k\u00ebt\u00eb projektligj si nj\u00eb provokim ndaj shqiptar\u00ebve, e si nj\u00eb prapakthim n\u00eb politika t\u00eb represionit. T\u00eb njoftuar me aktivitetet e shqiptar\u00ebve t\u00eb Malit t\u00eb Zi kund\u00ebr k\u00ebsaj iniciative, RrOSh p\u00ebrmes k\u00ebsaj komunikate mb\u00ebshtet q\u00ebndrimin dhe organizimin e Forumit Demokratik p\u00ebr Integrim (FDI).<\/p>\n<p>RrOSh mb\u00ebshtet protest\u00ebn q\u00eb FDI organizon n\u00eb dat\u00ebn 28 dhjetor, protest\u00eb q\u00eb synon ruajtjen e dinjitetit t\u00eb gjith\u00eb shqiptar\u00ebve, e q\u00eb n\u00eb t\u00eb nj\u00ebjt\u00ebn koh\u00eb synon p\u00ebrmir\u00ebsimin e qeverisjes n\u00eb Tuz e n\u00eb Mal\u00ebsi t\u00eb Madhe. Nisma e shqiptar\u00ebve p\u00ebr t\u00eb patur nj\u00eb komun\u00eb t\u00eb ve\u00e7ant\u00eb n\u00eb Mal\u00ebsi t\u00eb Madhe \u00ebsht\u00eb nj\u00eb nism\u00eb konstruktive q\u00eb merr n\u00eb konsiderat\u00eb nevojat e komunitetit shqiptar p\u00ebr t\u00eb ruajtur e p\u00ebr t\u00eb zhvilluar kultur\u00ebn dhe ekonomin\u00eb e tyre, si dhe p\u00ebr t\u00eb mbrojtur tok\u00ebn e tyre nga pla\u00e7kitjet e shpron\u00ebsimet, n\u00eb t\u00eb gjitha trevat ku historikisht ata kan\u00eb banuar.<\/p>\n<p>RrOSh i fton t\u00eb gjith\u00eb shqiptar\u00ebt e Mal\u00ebsis\u00eb t\u2019i bashkangjiten protest\u00ebs s\u00eb FDI n\u00eb 28 dhjetor n\u00eb Tuz, pasi \u00e7do ndryshim e \u00e7do p\u00ebrmir\u00ebsim n\u00eb gjendjen e tyre n\u00eb shtetin e Malit t\u00eb Zi do t\u00eb mund t\u00eb vij\u00eb vet\u00ebm n\u00ebp\u00ebrmjet angazhimit t\u00eb tyre n\u00eb mbrojtje t\u00eb identitetit ton\u00eb komb\u00ebtar. P\u00ebrmes organizimit n\u00eb aksion populli shqiptar ka qen\u00eb n\u00eb gjendje t\u00eb mbroj\u00eb t\u00eb drejtat e veta, e sa her\u00eb q\u00eb ka p\u00ebrfunduar i \u00e7organizuar e i fjetur, k\u00ebto t\u00eb drejta i jan\u00eb shkelur e i jan\u00eb tkurrur. Pra ve\u00e7 ngritja e z\u00ebrit prej gjith\u00eb popullit, konsistenca e k\u00ebmb\u00ebngulja n\u00eb realizimin e k\u00ebtyre t\u00eb drejtave do ta vendos\u00eb para p\u00ebrgjegj\u00ebsis\u00eb jo vet\u00ebm qeverin\u00eb dhe parlamentin e Malit t\u00eb Zi, por edhe qeverit\u00eb e Shqip\u00ebris\u00eb dhe Kosov\u00ebs, t\u00eb cilat gjithashtu duhet t\u00eb jen\u00eb m\u00eb aktive n\u00eb mb\u00ebshtetje t\u00eb t\u00eb drejtave t\u00eb shqiptar\u00ebve t\u00eb Mal\u00ebsis\u00eb s\u00eb Madhe e t\u00eb trevave t\u00eb tjera n\u00eb Mal t\u00eb Zi.<\/p>\n<p><em>(Rrjeti i Organizatave Shqiptare \u00ebsht\u00eb nj\u00eb forum i organizatave shoq\u00ebrore shqiptare nga Republika e Shqip\u00ebris\u00eb, Republika e Kosov\u00ebs, Republika e Maqedonis\u00eb, Republika e Malit t\u00eb Zi, Lugina e Preshev\u00ebs p\u00ebr t\u00eb bashk\u00ebrenduar p\u00ebrpjekjet p\u00ebr nj\u00eb jet\u00eb sa m\u00eb t\u00eb mir\u00eb dhe me dinjitet t\u00eb shqiptar\u00ebve kudo ku jan\u00eb)<\/em>.<\/p>\n","protected":false},"excerpt":{"rendered":"<p>N\u00eb Tuz me 28 dhjetor, n\u00eb ora 14, n\u00ebn organizimin e Forumit Demokratik p\u00ebr Integrim do t\u00eb organizohet\u00a0 nj\u00eb protest\u00eb p\u00ebr shkak t\u00eb pak\u00ebnaq\u00ebsis\u00eb me gjendjen politike, ekonomike dhe sociale t\u00eb shqiptareve n\u00eb Mal t\u00eb Zi. Nga faktor\u00ebt politik shqiptar\u00eb q\u00eb veprojn\u00eb n\u00eb Mal t\u00eb Zi shumica mb\u00ebshtesin arsyet e protest\u00ebs dhe vet protest\u00ebn. K\u00ebshtu, [&hellip;]<\/p>\n","protected":false},"author":1,"featured_media":0,"comment_status":"open","ping_status":"closed","sticky":false,"template":"","format":"standard","meta":{"spay_email":"","jetpack_publicize_message":"","jetpack_is_tweetstorm":false,"jetpack_publicize_feature_enabled":true},"categories":[14],"tags":[3909,14351,19655,19654,17828,17834,18370,17811,14352,17831,18362,15136,14353,17808,17401,14354,12340,14355,17840,17839,18363,17835,17814,17810,17816,14356,17071,17807,3516,14652,3511,15139,17837,13701,10529,17827,10203,14358,19663,222,17802,17812,17803,17820,17825,17817,16249,17805,22011,305,17823,17832,14359,3506,17818,3499,214,17680,14360,14361,16210,17402,14362,19541,14363,18371,19501,3507,49,17800,498,3717,3500,1762,4625,115,14364,19667,22008,19544,17799,3327,15140,17841,17826,15213,18236,13230,3512,17806,11648,18289,17838,19653,130,95,3945,17813,17804,14365,15141,17836,14366,19666,19669,79,17073,18294,118,18368,18369,19652,4642,19650,1653,19668,19661,19662,19660,19664,1909,14367,4857,16984,2354,17801,18360,19658,19659,19665,19543,17822,14368,14369,19542,17824,14370,18291,10472,2083,3231,14371,41,3617,3946,15143,14372,14373,14374,17844,17821,5589,18372,17830,17077,2800,18295,14375,17833,17829,899,5882,201,200,18,479,561,17819,19671,17809,4265,14376],"jetpack_publicize_connections":[],"yoast_head":"<!-- This site is optimized with the Yoast SEO plugin v19.1 - https:\/\/yoast.com\/wordpress\/plugins\/seo\/ -->\n<title>Partia Demokratike &amp; RROSH dhe diaspora Shqiptaro-Amerikane p\u00ebrkrahin protest\u00ebn n\u00eb Tuz - Lajme nga Ulqini<\/title>\n<meta name=\"description\" content=\"N\u00eb Tuz me 28 dhjetor, n\u00eb ora 14, n\u00ebn organizimin e Forumit Demokratik p\u00ebr Integrim do t\u00eb organizohet\u00a0 nj\u00eb protest\u00eb p\u00ebr shkak t\u00eb pak\u00ebnaq\u00ebsis\u00eb me gjendjen\" \/>\n<meta name=\"robots\" content=\"index, follow, max-snippet:-1, max-image-preview:large, max-video-preview:-1\" \/>\n<link rel=\"canonical\" href=\"https:\/\/www.visit-ulcinj.com\/blog\/2011\/12\/28\/partia-demokratike-rrosh-dhe-diaspora-shqiptaro-amerikane-perkrahin-protesten-ne-tuz\/\" \/>\n<meta property=\"og:locale\" content=\"en_US\" \/>\n<meta property=\"og:type\" content=\"article\" \/>\n<meta property=\"og:title\" content=\"Partia Demokratike &amp; RROSH dhe diaspora Shqiptaro-Amerikane p\u00ebrkrahin protest\u00ebn n\u00eb Tuz - Lajme nga Ulqini\" \/>\n<meta property=\"og:description\" content=\"N\u00eb Tuz me 28 dhjetor, n\u00eb ora 14, n\u00ebn organizimin e Forumit Demokratik p\u00ebr Integrim do t\u00eb organizohet\u00a0 nj\u00eb protest\u00eb p\u00ebr shkak t\u00eb pak\u00ebnaq\u00ebsis\u00eb me gjendjen\" \/>\n<meta property=\"og:url\" content=\"https:\/\/www.visit-ulcinj.com\/blog\/2011\/12\/28\/partia-demokratike-rrosh-dhe-diaspora-shqiptaro-amerikane-perkrahin-protesten-ne-tuz\/\" \/>\n<meta property=\"og:site_name\" content=\"Lajme nga Ulqini\" \/>\n<meta property=\"article:published_time\" content=\"2011-12-27T23:21:26+00:00\" \/>\n<meta property=\"article:modified_time\" content=\"2011-12-28T14:04:06+00:00\" \/>\n<meta property=\"og:image\" content=\"http:\/\/www.visit-ulcinj.com\/blog\/wp-content\/uploads\/2011\/12\/Partia-Demokratike-dhe-diaspora-Shqiptaro-Amerikane-p%C3%ABrkrahin-protest%C3%ABn-n%C3%AB-Tuz-300x182.jpg\" \/>\n<meta name=\"twitter:label1\" content=\"Written by\" \/>\n\t<meta name=\"twitter:data1\" content=\"ulqini\" \/>\n\t<meta name=\"twitter:label2\" content=\"Est. reading time\" \/>\n\t<meta name=\"twitter:data2\" content=\"3 minutes\" \/>\n<script type=\"application\/ld+json\" class=\"yoast-schema-graph\">{\"@context\":\"https:\/\/schema.org\",\"@graph\":[{\"@type\":\"WebSite\",\"@id\":\"https:\/\/www.visit-ulcinj.com\/blog\/#website\",\"url\":\"https:\/\/www.visit-ulcinj.com\/blog\/\",\"name\":\"Lajme nga Ulqini\",\"description\":\"Lajme,Vijesti,Ulqini,Ulqin,Crna Gora,Mali i Zi\",\"potentialAction\":[{\"@type\":\"SearchAction\",\"target\":{\"@type\":\"EntryPoint\",\"urlTemplate\":\"https:\/\/www.visit-ulcinj.com\/blog\/?s={search_term_string}\"},\"query-input\":\"required name=search_term_string\"}],\"inLanguage\":\"en-US\"},{\"@type\":\"ImageObject\",\"inLanguage\":\"en-US\",\"@id\":\"https:\/\/www.visit-ulcinj.com\/blog\/2011\/12\/28\/partia-demokratike-rrosh-dhe-diaspora-shqiptaro-amerikane-perkrahin-protesten-ne-tuz\/#primaryimage\",\"url\":\"http:\/\/www.visit-ulcinj.com\/blog\/wp-content\/uploads\/2011\/12\/Partia-Demokratike-dhe-diaspora-Shqiptaro-Amerikane-p%C3%ABrkrahin-protest%C3%ABn-n%C3%AB-Tuz-300x182.jpg\",\"contentUrl\":\"http:\/\/www.visit-ulcinj.com\/blog\/wp-content\/uploads\/2011\/12\/Partia-Demokratike-dhe-diaspora-Shqiptaro-Amerikane-p%C3%ABrkrahin-protest%C3%ABn-n%C3%AB-Tuz-300x182.jpg\"},{\"@type\":\"WebPage\",\"@id\":\"https:\/\/www.visit-ulcinj.com\/blog\/2011\/12\/28\/partia-demokratike-rrosh-dhe-diaspora-shqiptaro-amerikane-perkrahin-protesten-ne-tuz\/#webpage\",\"url\":\"https:\/\/www.visit-ulcinj.com\/blog\/2011\/12\/28\/partia-demokratike-rrosh-dhe-diaspora-shqiptaro-amerikane-perkrahin-protesten-ne-tuz\/\",\"name\":\"Partia Demokratike & RROSH dhe diaspora Shqiptaro-Amerikane p\u00ebrkrahin protest\u00ebn n\u00eb Tuz - Lajme nga Ulqini\",\"isPartOf\":{\"@id\":\"https:\/\/www.visit-ulcinj.com\/blog\/#website\"},\"primaryImageOfPage\":{\"@id\":\"https:\/\/www.visit-ulcinj.com\/blog\/2011\/12\/28\/partia-demokratike-rrosh-dhe-diaspora-shqiptaro-amerikane-perkrahin-protesten-ne-tuz\/#primaryimage\"},\"datePublished\":\"2011-12-27T23:21:26+00:00\",\"dateModified\":\"2011-12-28T14:04:06+00:00\",\"author\":{\"@id\":\"https:\/\/www.visit-ulcinj.com\/blog\/#\/schema\/person\/dcab619c614d3038751c63bc2aadc06d\"},\"description\":\"N\u00eb Tuz me 28 dhjetor, n\u00eb ora 14, n\u00ebn organizimin e Forumit Demokratik p\u00ebr Integrim do t\u00eb organizohet\u00a0 nj\u00eb protest\u00eb p\u00ebr shkak t\u00eb pak\u00ebnaq\u00ebsis\u00eb me gjendjen\",\"breadcrumb\":{\"@id\":\"https:\/\/www.visit-ulcinj.com\/blog\/2011\/12\/28\/partia-demokratike-rrosh-dhe-diaspora-shqiptaro-amerikane-perkrahin-protesten-ne-tuz\/#breadcrumb\"},\"inLanguage\":\"en-US\",\"potentialAction\":[{\"@type\":\"ReadAction\",\"target\":[\"https:\/\/www.visit-ulcinj.com\/blog\/2011\/12\/28\/partia-demokratike-rrosh-dhe-diaspora-shqiptaro-amerikane-perkrahin-protesten-ne-tuz\/\"]}]},{\"@type\":\"BreadcrumbList\",\"@id\":\"https:\/\/www.visit-ulcinj.com\/blog\/2011\/12\/28\/partia-demokratike-rrosh-dhe-diaspora-shqiptaro-amerikane-perkrahin-protesten-ne-tuz\/#breadcrumb\",\"itemListElement\":[{\"@type\":\"ListItem\",\"position\":1,\"name\":\"Partia Demokratike &#038; RROSH dhe diaspora Shqiptaro-Amerikane p\u00ebrkrahin protest\u00ebn n\u00eb Tuz\"}]},{\"@type\":\"Person\",\"@id\":\"https:\/\/www.visit-ulcinj.com\/blog\/#\/schema\/person\/dcab619c614d3038751c63bc2aadc06d\",\"name\":\"ulqini\",\"sameAs\":[\"http:\/\/www.visit-ulcinj.com\"],\"url\":\"https:\/\/www.visit-ulcinj.com\/blog\/author\/admin\/\"}]}<\/script>\n<!-- \/ Yoast SEO plugin. -->","yoast_head_json":{"title":"Partia Demokratike & RROSH dhe diaspora Shqiptaro-Amerikane p\u00ebrkrahin protest\u00ebn n\u00eb Tuz - Lajme nga Ulqini","description":"N\u00eb Tuz me 28 dhjetor, n\u00eb ora 14, n\u00ebn organizimin e Forumit Demokratik p\u00ebr Integrim do t\u00eb organizohet\u00a0 nj\u00eb protest\u00eb p\u00ebr shkak t\u00eb pak\u00ebnaq\u00ebsis\u00eb me gjendjen","robots":{"index":"index","follow":"follow","max-snippet":"max-snippet:-1","max-image-preview":"max-image-preview:large","max-video-preview":"max-video-preview:-1"},"canonical":"https:\/\/www.visit-ulcinj.com\/blog\/2011\/12\/28\/partia-demokratike-rrosh-dhe-diaspora-shqiptaro-amerikane-perkrahin-protesten-ne-tuz\/","og_locale":"en_US","og_type":"article","og_title":"Partia Demokratike & RROSH dhe diaspora Shqiptaro-Amerikane p\u00ebrkrahin protest\u00ebn n\u00eb Tuz - Lajme nga Ulqini","og_description":"N\u00eb Tuz me 28 dhjetor, n\u00eb ora 14, n\u00ebn organizimin e Forumit Demokratik p\u00ebr Integrim do t\u00eb organizohet\u00a0 nj\u00eb protest\u00eb p\u00ebr shkak t\u00eb pak\u00ebnaq\u00ebsis\u00eb me gjendjen","og_url":"https:\/\/www.visit-ulcinj.com\/blog\/2011\/12\/28\/partia-demokratike-rrosh-dhe-diaspora-shqiptaro-amerikane-perkrahin-protesten-ne-tuz\/","og_site_name":"Lajme nga Ulqini","article_published_time":"2011-12-27T23:21:26+00:00","article_modified_time":"2011-12-28T14:04:06+00:00","og_image":[{"url":"http:\/\/www.visit-ulcinj.com\/blog\/wp-content\/uploads\/2011\/12\/Partia-Demokratike-dhe-diaspora-Shqiptaro-Amerikane-p%C3%ABrkrahin-protest%C3%ABn-n%C3%AB-Tuz-300x182.jpg"}],"twitter_misc":{"Written by":"ulqini","Est. reading time":"3 minutes"},"schema":{"@context":"https:\/\/schema.org","@graph":[{"@type":"WebSite","@id":"https:\/\/www.visit-ulcinj.com\/blog\/#website","url":"https:\/\/www.visit-ulcinj.com\/blog\/","name":"Lajme nga Ulqini","description":"Lajme,Vijesti,Ulqini,Ulqin,Crna Gora,Mali i Zi","potentialAction":[{"@type":"SearchAction","target":{"@type":"EntryPoint","urlTemplate":"https:\/\/www.visit-ulcinj.com\/blog\/?s={search_term_string}"},"query-input":"required name=search_term_string"}],"inLanguage":"en-US"},{"@type":"ImageObject","inLanguage":"en-US","@id":"https:\/\/www.visit-ulcinj.com\/blog\/2011\/12\/28\/partia-demokratike-rrosh-dhe-diaspora-shqiptaro-amerikane-perkrahin-protesten-ne-tuz\/#primaryimage","url":"http:\/\/www.visit-ulcinj.com\/blog\/wp-content\/uploads\/2011\/12\/Partia-Demokratike-dhe-diaspora-Shqiptaro-Amerikane-p%C3%ABrkrahin-protest%C3%ABn-n%C3%AB-Tuz-300x182.jpg","contentUrl":"http:\/\/www.visit-ulcinj.com\/blog\/wp-content\/uploads\/2011\/12\/Partia-Demokratike-dhe-diaspora-Shqiptaro-Amerikane-p%C3%ABrkrahin-protest%C3%ABn-n%C3%AB-Tuz-300x182.jpg"},{"@type":"WebPage","@id":"https:\/\/www.visit-ulcinj.com\/blog\/2011\/12\/28\/partia-demokratike-rrosh-dhe-diaspora-shqiptaro-amerikane-perkrahin-protesten-ne-tuz\/#webpage","url":"https:\/\/www.visit-ulcinj.com\/blog\/2011\/12\/28\/partia-demokratike-rrosh-dhe-diaspora-shqiptaro-amerikane-perkrahin-protesten-ne-tuz\/","name":"Partia Demokratike & RROSH dhe diaspora Shqiptaro-Amerikane p\u00ebrkrahin protest\u00ebn n\u00eb Tuz - Lajme nga Ulqini","isPartOf":{"@id":"https:\/\/www.visit-ulcinj.com\/blog\/#website"},"primaryImageOfPage":{"@id":"https:\/\/www.visit-ulcinj.com\/blog\/2011\/12\/28\/partia-demokratike-rrosh-dhe-diaspora-shqiptaro-amerikane-perkrahin-protesten-ne-tuz\/#primaryimage"},"datePublished":"2011-12-27T23:21:26+00:00","dateModified":"2011-12-28T14:04:06+00:00","author":{"@id":"https:\/\/www.visit-ulcinj.com\/blog\/#\/schema\/person\/dcab619c614d3038751c63bc2aadc06d"},"description":"N\u00eb Tuz me 28 dhjetor, n\u00eb ora 14, n\u00ebn organizimin e Forumit Demokratik p\u00ebr Integrim do t\u00eb organizohet\u00a0 nj\u00eb protest\u00eb p\u00ebr shkak t\u00eb pak\u00ebnaq\u00ebsis\u00eb me gjendjen","breadcrumb":{"@id":"https:\/\/www.visit-ulcinj.com\/blog\/2011\/12\/28\/partia-demokratike-rrosh-dhe-diaspora-shqiptaro-amerikane-perkrahin-protesten-ne-tuz\/#breadcrumb"},"inLanguage":"en-US","potentialAction":[{"@type":"ReadAction","target":["https:\/\/www.visit-ulcinj.com\/blog\/2011\/12\/28\/partia-demokratike-rrosh-dhe-diaspora-shqiptaro-amerikane-perkrahin-protesten-ne-tuz\/"]}]},{"@type":"BreadcrumbList","@id":"https:\/\/www.visit-ulcinj.com\/blog\/2011\/12\/28\/partia-demokratike-rrosh-dhe-diaspora-shqiptaro-amerikane-perkrahin-protesten-ne-tuz\/#breadcrumb","itemListElement":[{"@type":"ListItem","position":1,"name":"Partia Demokratike &#038; RROSH dhe diaspora Shqiptaro-Amerikane p\u00ebrkrahin protest\u00ebn n\u00eb Tuz"}]},{"@type":"Person","@id":"https:\/\/www.visit-ulcinj.com\/blog\/#\/schema\/person\/dcab619c614d3038751c63bc2aadc06d","name":"ulqini","sameAs":["http:\/\/www.visit-ulcinj.com"],"url":"https:\/\/www.visit-ulcinj.com\/blog\/author\/admin\/"}]}},"jetpack_featured_media_url":"","jetpack_sharing_enabled":true,"jetpack_shortlink":"https:\/\/wp.me\/pe6lTn-elM","_links":{"self":[{"href":"https:\/\/www.visit-ulcinj.com\/blog\/wp-json\/wp\/v2\/posts\/55166"}],"collection":[{"href":"https:\/\/www.visit-ulcinj.com\/blog\/wp-json\/wp\/v2\/posts"}],"about":[{"href":"https:\/\/www.visit-ulcinj.com\/blog\/wp-json\/wp\/v2\/types\/post"}],"author":[{"embeddable":true,"href":"https:\/\/www.visit-ulcinj.com\/blog\/wp-json\/wp\/v2\/users\/1"}],"replies":[{"embeddable":true,"href":"https:\/\/www.visit-ulcinj.com\/blog\/wp-json\/wp\/v2\/comments?post=55166"}],"version-history":[{"count":5,"href":"https:\/\/www.visit-ulcinj.com\/blog\/wp-json\/wp\/v2\/posts\/55166\/revisions"}],"predecessor-version":[{"id":55182,"href":"https:\/\/www.visit-ulcinj.com\/blog\/wp-json\/wp\/v2\/posts\/55166\/revisions\/55182"}],"wp:attachment":[{"href":"https:\/\/www.visit-ulcinj.com\/blog\/wp-json\/wp\/v2\/media?parent=55166"}],"wp:term":[{"taxonomy":"category","embeddable":true,"href":"https:\/\/www.visit-ulcinj.com\/blog\/wp-json\/wp\/v2\/categories?post=55166"},{"taxonomy":"post_tag","embeddable":true,"href":"https:\/\/www.visit-ulcinj.com\/blog\/wp-json\/wp\/v2\/tags?post=55166"}],"curies":[{"name":"wp","href":"https:\/\/api.w.org\/{rel}","templated":true}]}}