{"id":55187,"date":"2011-12-28T13:04:02","date_gmt":"2011-12-28T12:04:02","guid":{"rendered":"http:\/\/www.visit-ulcinj.com\/blog\/?p=55187"},"modified":"2011-12-28T13:05:05","modified_gmt":"2011-12-28T12:05:05","slug":"kosova-bllokon-shqiptaret-e-malit-te-zi-dhe-te-lugines-se-presheves","status":"publish","type":"post","link":"https:\/\/www.visit-ulcinj.com\/blog\/2011\/12\/28\/kosova-bllokon-shqiptaret-e-malit-te-zi-dhe-te-lugines-se-presheves\/","title":{"rendered":"Kosova \u201cbllokon\u201d shqiptar\u00ebt e Malit t\u00eb Zi dhe t\u00eb Lugin\u00ebs s\u00eb Preshev\u00ebs &#8211; Video"},"content":{"rendered":"<p><a href=\"http:\/\/www.visit-ulcinj.com\/blog\/wp-content\/uploads\/2011\/12\/HYRJA-NE-KUFI-ME-KOSOVE.jpg\"><img loading=\"lazy\" class=\"alignleft size-full wp-image-55189\" title=\"HYRJA NE KUFI ME KOSOVE\" src=\"http:\/\/www.visit-ulcinj.com\/blog\/wp-content\/uploads\/2011\/12\/HYRJA-NE-KUFI-ME-KOSOVE.jpg\" alt=\"\" width=\"508\" height=\"380\" \/><\/a>Koh\u00eb m\u00eb para Qeveria e Kosov\u00ebs solli nj\u00eb vendim me an\u00eb te s\u00eb cilit hyrja e automjeteve nga Mali i Zi n\u00eb territorin e Kosov\u00ebs kushton 35 Euro. Me k\u00ebt\u00eb pages\u00eb n\u00eb Kosov\u00eb mund t\u00eb q\u00ebndrohet vetem 15 dit\u00eb.<\/p>\n<p>Popullata shqiptare q\u00eb jeton n\u00eb Mal t\u00eb Zi \u00ebsht\u00eb e zhg\u00ebnjyer nga nje vendim i till\u00eb duke ditur faktin se rrug\u00ebtimin p\u00ebr n\u00eb Kosov\u00eb m\u00eb s\u00eb shumti e marrin pjesatar\u00ebt e popullsis\u00eb shqiptare nga ky vend dhe se ky vendim bie kryek\u00ebput mbi ta.<\/p>\n<p>Problem t\u00eb nj\u00ebjt\u00eb prej para pak dit\u00ebve kan\u00eb edhe qytetaret e Lugin\u00ebs s\u00eb Preshev\u00ebs t\u00eb cil\u00ebve p\u00ebr t\u00eb shkuar n\u00eb Kosov\u00eb, duhet t\u00eb paguajn\u00eb 60 euro n\u00eb vendkalimin administrativ. L\u00ebvizja e Progresit Demokratik q\u00eb vepron atje, ka reaguar ashp\u00ebr kund\u00ebr vendosjes s\u00eb tarifave p\u00ebr polisat kufitare mes Kosov\u00ebs dhe Serbis\u00eb, duke i quajtur ato t\u00eb pakuptimta, madje edhe diskriminuese p\u00ebr shqiptar\u00ebt e Lugin\u00ebs s\u00eb Preshev\u00ebs. <strong>\/Ulqini Online\/<\/strong><\/p>\n<p>[flv]http:\/\/kosovapress.com\/repository\/videos\/261211_merdare.flv[\/flv]<\/p>\n","protected":false},"excerpt":{"rendered":"<p>Koh\u00eb m\u00eb para Qeveria e Kosov\u00ebs solli nj\u00eb vendim me an\u00eb te s\u00eb cilit hyrja e automjeteve nga Mali i Zi n\u00eb territorin e Kosov\u00ebs kushton 35 Euro. Me k\u00ebt\u00eb pages\u00eb n\u00eb Kosov\u00eb mund t\u00eb q\u00ebndrohet vetem 15 dit\u00eb. Popullata shqiptare q\u00eb jeton n\u00eb Mal t\u00eb Zi \u00ebsht\u00eb e zhg\u00ebnjyer nga nje vendim i till\u00eb [&hellip;]<\/p>\n","protected":false},"author":1,"featured_media":0,"comment_status":"open","ping_status":"closed","sticky":false,"template":"","format":"standard","meta":{"spay_email":"","jetpack_publicize_message":"","jetpack_is_tweetstorm":false,"jetpack_publicize_feature_enabled":true},"categories":[14],"tags":[19746,19747],"jetpack_publicize_connections":[],"yoast_head":"<!-- This site is optimized with the Yoast SEO plugin v19.1 - https:\/\/yoast.com\/wordpress\/plugins\/seo\/ -->\n<title>Kosova \u201cbllokon\u201d shqiptar\u00ebt e Malit t\u00eb Zi dhe t\u00eb Lugin\u00ebs s\u00eb Preshev\u00ebs - Video - Lajme nga Ulqini<\/title>\n<meta name=\"description\" content=\"Koh\u00eb m\u00eb para Qeveria e Kosov\u00ebs solli nj\u00eb vendim me an\u00eb te s\u00eb cilit hyrja e automjeteve nga Mali i Zi n\u00eb territorin e Kosov\u00ebs kushton 35 Euro. Me k\u00ebt\u00eb\" \/>\n<meta name=\"robots\" content=\"index, follow, max-snippet:-1, max-image-preview:large, max-video-preview:-1\" \/>\n<link rel=\"canonical\" href=\"https:\/\/www.visit-ulcinj.com\/blog\/2011\/12\/28\/kosova-bllokon-shqiptaret-e-malit-te-zi-dhe-te-lugines-se-presheves\/\" \/>\n<meta property=\"og:locale\" content=\"en_US\" \/>\n<meta property=\"og:type\" content=\"article\" \/>\n<meta property=\"og:title\" content=\"Kosova \u201cbllokon\u201d shqiptar\u00ebt e Malit t\u00eb Zi dhe t\u00eb Lugin\u00ebs s\u00eb Preshev\u00ebs - Video - Lajme nga Ulqini\" \/>\n<meta property=\"og:description\" content=\"Koh\u00eb m\u00eb para Qeveria e Kosov\u00ebs solli nj\u00eb vendim me an\u00eb te s\u00eb cilit hyrja e automjeteve nga Mali i Zi n\u00eb territorin e Kosov\u00ebs kushton 35 Euro. Me k\u00ebt\u00eb\" \/>\n<meta property=\"og:url\" content=\"https:\/\/www.visit-ulcinj.com\/blog\/2011\/12\/28\/kosova-bllokon-shqiptaret-e-malit-te-zi-dhe-te-lugines-se-presheves\/\" \/>\n<meta property=\"og:site_name\" content=\"Lajme nga Ulqini\" \/>\n<meta property=\"article:published_time\" content=\"2011-12-28T12:04:02+00:00\" \/>\n<meta property=\"article:modified_time\" content=\"2011-12-28T12:05:05+00:00\" \/>\n<meta property=\"og:image\" content=\"http:\/\/www.visit-ulcinj.com\/blog\/wp-content\/uploads\/2011\/12\/HYRJA-NE-KUFI-ME-KOSOVE.jpg\" \/>\n<meta name=\"twitter:label1\" content=\"Written by\" \/>\n\t<meta name=\"twitter:data1\" content=\"ulqini\" \/>\n\t<meta name=\"twitter:label2\" content=\"Est. reading time\" \/>\n\t<meta name=\"twitter:data2\" content=\"1 minute\" \/>\n<script type=\"application\/ld+json\" class=\"yoast-schema-graph\">{\"@context\":\"https:\/\/schema.org\",\"@graph\":[{\"@type\":\"WebSite\",\"@id\":\"https:\/\/www.visit-ulcinj.com\/blog\/#website\",\"url\":\"https:\/\/www.visit-ulcinj.com\/blog\/\",\"name\":\"Lajme nga Ulqini\",\"description\":\"Lajme,Vijesti,Ulqini,Ulqin,Crna Gora,Mali i Zi\",\"potentialAction\":[{\"@type\":\"SearchAction\",\"target\":{\"@type\":\"EntryPoint\",\"urlTemplate\":\"https:\/\/www.visit-ulcinj.com\/blog\/?s={search_term_string}\"},\"query-input\":\"required name=search_term_string\"}],\"inLanguage\":\"en-US\"},{\"@type\":\"ImageObject\",\"inLanguage\":\"en-US\",\"@id\":\"https:\/\/www.visit-ulcinj.com\/blog\/2011\/12\/28\/kosova-bllokon-shqiptaret-e-malit-te-zi-dhe-te-lugines-se-presheves\/#primaryimage\",\"url\":\"https:\/\/www.visit-ulcinj.com\/blog\/wp-content\/uploads\/2011\/12\/HYRJA-NE-KUFI-ME-KOSOVE.jpg\",\"contentUrl\":\"https:\/\/www.visit-ulcinj.com\/blog\/wp-content\/uploads\/2011\/12\/HYRJA-NE-KUFI-ME-KOSOVE.jpg\",\"width\":\"556\",\"height\":\"444\"},{\"@type\":\"WebPage\",\"@id\":\"https:\/\/www.visit-ulcinj.com\/blog\/2011\/12\/28\/kosova-bllokon-shqiptaret-e-malit-te-zi-dhe-te-lugines-se-presheves\/#webpage\",\"url\":\"https:\/\/www.visit-ulcinj.com\/blog\/2011\/12\/28\/kosova-bllokon-shqiptaret-e-malit-te-zi-dhe-te-lugines-se-presheves\/\",\"name\":\"Kosova \u201cbllokon\u201d shqiptar\u00ebt e Malit t\u00eb Zi dhe t\u00eb Lugin\u00ebs s\u00eb Preshev\u00ebs - Video - Lajme nga Ulqini\",\"isPartOf\":{\"@id\":\"https:\/\/www.visit-ulcinj.com\/blog\/#website\"},\"primaryImageOfPage\":{\"@id\":\"https:\/\/www.visit-ulcinj.com\/blog\/2011\/12\/28\/kosova-bllokon-shqiptaret-e-malit-te-zi-dhe-te-lugines-se-presheves\/#primaryimage\"},\"datePublished\":\"2011-12-28T12:04:02+00:00\",\"dateModified\":\"2011-12-28T12:05:05+00:00\",\"author\":{\"@id\":\"https:\/\/www.visit-ulcinj.com\/blog\/#\/schema\/person\/dcab619c614d3038751c63bc2aadc06d\"},\"description\":\"Koh\u00eb m\u00eb para Qeveria e Kosov\u00ebs solli nj\u00eb vendim me an\u00eb te s\u00eb cilit hyrja e automjeteve nga Mali i Zi n\u00eb territorin e Kosov\u00ebs kushton 35 Euro. Me k\u00ebt\u00eb\",\"breadcrumb\":{\"@id\":\"https:\/\/www.visit-ulcinj.com\/blog\/2011\/12\/28\/kosova-bllokon-shqiptaret-e-malit-te-zi-dhe-te-lugines-se-presheves\/#breadcrumb\"},\"inLanguage\":\"en-US\",\"potentialAction\":[{\"@type\":\"ReadAction\",\"target\":[\"https:\/\/www.visit-ulcinj.com\/blog\/2011\/12\/28\/kosova-bllokon-shqiptaret-e-malit-te-zi-dhe-te-lugines-se-presheves\/\"]}]},{\"@type\":\"BreadcrumbList\",\"@id\":\"https:\/\/www.visit-ulcinj.com\/blog\/2011\/12\/28\/kosova-bllokon-shqiptaret-e-malit-te-zi-dhe-te-lugines-se-presheves\/#breadcrumb\",\"itemListElement\":[{\"@type\":\"ListItem\",\"position\":1,\"name\":\"Kosova \u201cbllokon\u201d shqiptar\u00ebt e Malit t\u00eb Zi dhe t\u00eb Lugin\u00ebs s\u00eb Preshev\u00ebs &#8211; Video\"}]},{\"@type\":\"Person\",\"@id\":\"https:\/\/www.visit-ulcinj.com\/blog\/#\/schema\/person\/dcab619c614d3038751c63bc2aadc06d\",\"name\":\"ulqini\",\"sameAs\":[\"http:\/\/www.visit-ulcinj.com\"],\"url\":\"https:\/\/www.visit-ulcinj.com\/blog\/author\/admin\/\"}]}<\/script>\n<!-- \/ Yoast SEO plugin. -->","yoast_head_json":{"title":"Kosova \u201cbllokon\u201d shqiptar\u00ebt e Malit t\u00eb Zi dhe t\u00eb Lugin\u00ebs s\u00eb Preshev\u00ebs - Video - Lajme nga Ulqini","description":"Koh\u00eb m\u00eb para Qeveria e Kosov\u00ebs solli nj\u00eb vendim me an\u00eb te s\u00eb cilit hyrja e automjeteve nga Mali i Zi n\u00eb territorin e Kosov\u00ebs kushton 35 Euro. Me k\u00ebt\u00eb","robots":{"index":"index","follow":"follow","max-snippet":"max-snippet:-1","max-image-preview":"max-image-preview:large","max-video-preview":"max-video-preview:-1"},"canonical":"https:\/\/www.visit-ulcinj.com\/blog\/2011\/12\/28\/kosova-bllokon-shqiptaret-e-malit-te-zi-dhe-te-lugines-se-presheves\/","og_locale":"en_US","og_type":"article","og_title":"Kosova \u201cbllokon\u201d shqiptar\u00ebt e Malit t\u00eb Zi dhe t\u00eb Lugin\u00ebs s\u00eb Preshev\u00ebs - Video - Lajme nga Ulqini","og_description":"Koh\u00eb m\u00eb para Qeveria e Kosov\u00ebs solli nj\u00eb vendim me an\u00eb te s\u00eb cilit hyrja e automjeteve nga Mali i Zi n\u00eb territorin e Kosov\u00ebs kushton 35 Euro. Me k\u00ebt\u00eb","og_url":"https:\/\/www.visit-ulcinj.com\/blog\/2011\/12\/28\/kosova-bllokon-shqiptaret-e-malit-te-zi-dhe-te-lugines-se-presheves\/","og_site_name":"Lajme nga Ulqini","article_published_time":"2011-12-28T12:04:02+00:00","article_modified_time":"2011-12-28T12:05:05+00:00","og_image":[{"url":"http:\/\/www.visit-ulcinj.com\/blog\/wp-content\/uploads\/2011\/12\/HYRJA-NE-KUFI-ME-KOSOVE.jpg"}],"twitter_misc":{"Written by":"ulqini","Est. reading time":"1 minute"},"schema":{"@context":"https:\/\/schema.org","@graph":[{"@type":"WebSite","@id":"https:\/\/www.visit-ulcinj.com\/blog\/#website","url":"https:\/\/www.visit-ulcinj.com\/blog\/","name":"Lajme nga Ulqini","description":"Lajme,Vijesti,Ulqini,Ulqin,Crna Gora,Mali i Zi","potentialAction":[{"@type":"SearchAction","target":{"@type":"EntryPoint","urlTemplate":"https:\/\/www.visit-ulcinj.com\/blog\/?s={search_term_string}"},"query-input":"required name=search_term_string"}],"inLanguage":"en-US"},{"@type":"ImageObject","inLanguage":"en-US","@id":"https:\/\/www.visit-ulcinj.com\/blog\/2011\/12\/28\/kosova-bllokon-shqiptaret-e-malit-te-zi-dhe-te-lugines-se-presheves\/#primaryimage","url":"https:\/\/www.visit-ulcinj.com\/blog\/wp-content\/uploads\/2011\/12\/HYRJA-NE-KUFI-ME-KOSOVE.jpg","contentUrl":"https:\/\/www.visit-ulcinj.com\/blog\/wp-content\/uploads\/2011\/12\/HYRJA-NE-KUFI-ME-KOSOVE.jpg","width":"556","height":"444"},{"@type":"WebPage","@id":"https:\/\/www.visit-ulcinj.com\/blog\/2011\/12\/28\/kosova-bllokon-shqiptaret-e-malit-te-zi-dhe-te-lugines-se-presheves\/#webpage","url":"https:\/\/www.visit-ulcinj.com\/blog\/2011\/12\/28\/kosova-bllokon-shqiptaret-e-malit-te-zi-dhe-te-lugines-se-presheves\/","name":"Kosova \u201cbllokon\u201d shqiptar\u00ebt e Malit t\u00eb Zi dhe t\u00eb Lugin\u00ebs s\u00eb Preshev\u00ebs - Video - Lajme nga Ulqini","isPartOf":{"@id":"https:\/\/www.visit-ulcinj.com\/blog\/#website"},"primaryImageOfPage":{"@id":"https:\/\/www.visit-ulcinj.com\/blog\/2011\/12\/28\/kosova-bllokon-shqiptaret-e-malit-te-zi-dhe-te-lugines-se-presheves\/#primaryimage"},"datePublished":"2011-12-28T12:04:02+00:00","dateModified":"2011-12-28T12:05:05+00:00","author":{"@id":"https:\/\/www.visit-ulcinj.com\/blog\/#\/schema\/person\/dcab619c614d3038751c63bc2aadc06d"},"description":"Koh\u00eb m\u00eb para Qeveria e Kosov\u00ebs solli nj\u00eb vendim me an\u00eb te s\u00eb cilit hyrja e automjeteve nga Mali i Zi n\u00eb territorin e Kosov\u00ebs kushton 35 Euro. Me k\u00ebt\u00eb","breadcrumb":{"@id":"https:\/\/www.visit-ulcinj.com\/blog\/2011\/12\/28\/kosova-bllokon-shqiptaret-e-malit-te-zi-dhe-te-lugines-se-presheves\/#breadcrumb"},"inLanguage":"en-US","potentialAction":[{"@type":"ReadAction","target":["https:\/\/www.visit-ulcinj.com\/blog\/2011\/12\/28\/kosova-bllokon-shqiptaret-e-malit-te-zi-dhe-te-lugines-se-presheves\/"]}]},{"@type":"BreadcrumbList","@id":"https:\/\/www.visit-ulcinj.com\/blog\/2011\/12\/28\/kosova-bllokon-shqiptaret-e-malit-te-zi-dhe-te-lugines-se-presheves\/#breadcrumb","itemListElement":[{"@type":"ListItem","position":1,"name":"Kosova \u201cbllokon\u201d shqiptar\u00ebt e Malit t\u00eb Zi dhe t\u00eb Lugin\u00ebs s\u00eb Preshev\u00ebs &#8211; Video"}]},{"@type":"Person","@id":"https:\/\/www.visit-ulcinj.com\/blog\/#\/schema\/person\/dcab619c614d3038751c63bc2aadc06d","name":"ulqini","sameAs":["http:\/\/www.visit-ulcinj.com"],"url":"https:\/\/www.visit-ulcinj.com\/blog\/author\/admin\/"}]}},"jetpack_featured_media_url":"","jetpack_sharing_enabled":true,"jetpack_shortlink":"https:\/\/wp.me\/pe6lTn-em7","_links":{"self":[{"href":"https:\/\/www.visit-ulcinj.com\/blog\/wp-json\/wp\/v2\/posts\/55187"}],"collection":[{"href":"https:\/\/www.visit-ulcinj.com\/blog\/wp-json\/wp\/v2\/posts"}],"about":[{"href":"https:\/\/www.visit-ulcinj.com\/blog\/wp-json\/wp\/v2\/types\/post"}],"author":[{"embeddable":true,"href":"https:\/\/www.visit-ulcinj.com\/blog\/wp-json\/wp\/v2\/users\/1"}],"replies":[{"embeddable":true,"href":"https:\/\/www.visit-ulcinj.com\/blog\/wp-json\/wp\/v2\/comments?post=55187"}],"version-history":[{"count":3,"href":"https:\/\/www.visit-ulcinj.com\/blog\/wp-json\/wp\/v2\/posts\/55187\/revisions"}],"predecessor-version":[{"id":55192,"href":"https:\/\/www.visit-ulcinj.com\/blog\/wp-json\/wp\/v2\/posts\/55187\/revisions\/55192"}],"wp:attachment":[{"href":"https:\/\/www.visit-ulcinj.com\/blog\/wp-json\/wp\/v2\/media?parent=55187"}],"wp:term":[{"taxonomy":"category","embeddable":true,"href":"https:\/\/www.visit-ulcinj.com\/blog\/wp-json\/wp\/v2\/categories?post=55187"},{"taxonomy":"post_tag","embeddable":true,"href":"https:\/\/www.visit-ulcinj.com\/blog\/wp-json\/wp\/v2\/tags?post=55187"}],"curies":[{"name":"wp","href":"https:\/\/api.w.org\/{rel}","templated":true}]}}