{"id":55193,"date":"2011-12-28T15:02:06","date_gmt":"2011-12-28T14:02:06","guid":{"rendered":"http:\/\/www.visit-ulcinj.com\/blog\/?p=55193"},"modified":"2011-12-29T17:19:19","modified_gmt":"2011-12-29T16:19:19","slug":"kane-filluar-protestet-paqesore-ne-tuze","status":"publish","type":"post","link":"https:\/\/www.visit-ulcinj.com\/blog\/2011\/12\/28\/kane-filluar-protestet-paqesore-ne-tuze\/","title":{"rendered":"Kan\u00eb filluar protestet paq\u00ebsore n\u00eb Tuz\u00eb &#8211; Video"},"content":{"rendered":"<p><a href=\"http:\/\/www.visit-ulcinj.com\/blog\/wp-content\/uploads\/2011\/12\/Kan\u00eb-filluar-protestet-paq\u00ebsore-n\u00eb-Tuz\u00eb.jpg\"><img loading=\"lazy\" class=\"alignleft size-medium wp-image-55194\" title=\"Kan\u00eb filluar protestet paq\u00ebsore n\u00eb Tuz\u00eb\" src=\"http:\/\/www.visit-ulcinj.com\/blog\/wp-content\/uploads\/2011\/12\/Kan\u00eb-filluar-protestet-paq\u00ebsore-n\u00eb-Tuz\u00eb-300x224.jpg\" alt=\"\" width=\"300\" height=\"224\" srcset=\"https:\/\/www.visit-ulcinj.com\/blog\/wp-content\/uploads\/2011\/12\/Kan\u00eb-filluar-protestet-paq\u00ebsore-n\u00eb-Tuz\u00eb-300x224.jpg 300w, https:\/\/www.visit-ulcinj.com\/blog\/wp-content\/uploads\/2011\/12\/Kan\u00eb-filluar-protestet-paq\u00ebsore-n\u00eb-Tuz\u00eb.jpg 1000w\" sizes=\"(max-width: 300px) 100vw, 300px\" \/><\/a>Tuz \u2013 Mal\u00ebsi (28.12.2011) \u2013 Pran nd\u00ebrtes\u00ebs s\u00eb Komun\u00ebs urbane t\u00eb Tuzit sot n\u00eb ora 14 u zhvillua protesta paq\u00ebsor\u00eb kund\u00ebr asimilimit dhe shkeljeve t\u00eb drejtave t\u00eb shqiptar\u00ebve n\u00eb Mal\u00ebsi dhe Mal t\u00eb Zi n\u00eb p\u00ebrgjith\u00ebsi, organizuar nga subjekti m\u00eb i ri OJQ Forumi Demokratik p\u00ebr Integrim.<br \/>\nAta shprehen pak\u00ebnaq\u00ebsi p\u00ebr situat\u00ebn e shqiptar\u00ebve n\u00eb Mal t\u00eb Zi t\u00eb cil\u00ebt nuk i g\u00ebzojn\u00eb as t\u00eb drejtat m\u00eb elementare.<\/p>\n<p>Nj\u00ebri nd\u00ebr themeluesit e FDI-s\u00eb, Vasel Camaj tha se pozita e shqiptar\u00ebve \u00ebsht\u00eb e pak\u00ebnaqshme dhe se banor\u00ebve t\u00eb Mal\u00ebsis\u00eb nuk u jepet e drejta p\u00ebr vet\u00ebqeverisje (Komun\u00eb t\u00eb Plot\u00eb), t\u00eb drejt\u00ebn p\u00ebr p\u00ebrdorimin e Flamurit si dhe e drejta p\u00ebr mandatet e garantuar n\u00eb Parlamentin e Malit t\u00eb Zi.<\/p>\n<p>Kryetari i FDI-s\u00eb, Anton Lulgjuraj k\u00ebrkoj nga deputet shqiptar\u00eb n\u00eb Parlamentin malazez t\u00eb japin dor\u00ebheqje ku n\u00eb at\u00eb m\u00ebnyr\u00eb t\u00eb t\u00ebrheqin v\u00ebrejtjen p\u00ebr pozit\u00ebn e bashk\u00ebvend\u00ebsve t\u00eb tyre n\u00eb Mal t\u00eb Zi.<\/p>\n<p>Deputeti nga radh\u00ebt e Forc\u00ebs, Genci Nimanbegu i cili ishte i ftuar, tha se t\u00eb nj\u00ebjtat probleme dhe tjera i ka edhe Ulqini.<\/p>\n<p>Para protestuesve fol\u00ebn edhe an\u00ebtar\u00ebt tjer\u00eb t\u00eb FDI-s\u00eb: Angjell Goj\u00e7aj, Besnik Gjonaj si dhe kryetari i bashk\u00ebsis\u00eb lokale t\u00eb Vuksanlekajve.<\/p>\n<p>Sipas medieve tjera n\u00eb proteste ishin rreth 100 protestues, megjithat\u00eb mendohet se ishin di\u00e7ka m\u00eb shum\u00eb.<\/p>\n<p>Nga politikan\u00ebt t\u00eb pranish\u00ebm n\u00eb protest\u00eb ishin deputeti i Forc\u00ebs Genci Nimanbegu, funksionari i Lidhjes Demokratike Nikoll\u00eb Camaj, Kryetari i Alternativ\u00ebs Shqiptare Gjergj Camaj, ish kryetari i Komun\u00ebs Urbane Smajl \u00c7unmulaj, Amir Hollaj nga Perspektiva si dhe funksionari i PSP (SNP) Kol\u00eb Lulgjuraj.<\/p>\n<p>N\u00eb foltoren ishte i pranish\u00ebm flamuri shqiptar\u00eb, malazez, amerikan dhe ai i bashkimit evropian. \/<strong>Malesia.Org<\/strong>\/<\/p>\n<h3 style=\"text-align: center;\"><strong><a href=\"http:\/\/www.malesia.org\/ngjarjet\/2011\/dhjetor\/protesta_28_dhjetor_FDI\/index.html\" target=\"_blank\">FOTOGRAFIT\u00cb<\/a> &#8211; VIDEO &#8211; <a href=\"http:\/\/www.youtube.com\/watch?v=vw7_whK_sOU\" target=\"_blank\">AUDIO<\/a> &#8211;\u00a0<a href=\"http:\/\/www.malesiaforum.com\/showthread.php?p=128520&amp;posted=1#post128520\" target=\"_blank\">KOMENTOJE<\/a><\/strong><\/h3>\n<p><strong>Lajme nga Ulqini<br \/>\n<!--YouTube Error: bad URL entered--><br \/>\n<\/strong><\/p>\n","protected":false},"excerpt":{"rendered":"<p>Tuz \u2013 Mal\u00ebsi (28.12.2011) \u2013 Pran nd\u00ebrtes\u00ebs s\u00eb Komun\u00ebs urbane t\u00eb Tuzit sot n\u00eb ora 14 u zhvillua protesta paq\u00ebsor\u00eb kund\u00ebr asimilimit dhe shkeljeve t\u00eb drejtave t\u00eb shqiptar\u00ebve n\u00eb Mal\u00ebsi dhe Mal t\u00eb Zi n\u00eb p\u00ebrgjith\u00ebsi, organizuar nga subjekti m\u00eb i ri OJQ Forumi Demokratik p\u00ebr Integrim. Ata shprehen pak\u00ebnaq\u00ebsi p\u00ebr situat\u00ebn e shqiptar\u00ebve n\u00eb [&hellip;]<\/p>\n","protected":false},"author":1,"featured_media":0,"comment_status":"open","ping_status":"closed","sticky":false,"template":"","format":"standard","meta":{"spay_email":"","jetpack_publicize_message":"","jetpack_is_tweetstorm":false,"jetpack_publicize_feature_enabled":true},"categories":[1,14],"tags":[19748,201,200,18],"jetpack_publicize_connections":[],"yoast_head":"<!-- This site is optimized with the Yoast SEO plugin v19.1 - https:\/\/yoast.com\/wordpress\/plugins\/seo\/ -->\n<title>Kan\u00eb filluar protestet paq\u00ebsore n\u00eb Tuz\u00eb - Video - Lajme nga Ulqini<\/title>\n<meta name=\"description\" content=\"Tuz \u2013 Mal\u00ebsi (28.12.2011) \u2013 Pran nd\u00ebrtes\u00ebs s\u00eb Komun\u00ebs urbane t\u00eb Tuzit sot n\u00eb ora 14 u zhvillua protesta paq\u00ebsor\u00eb kund\u00ebr asimilimit dhe shkeljeve t\u00eb\" \/>\n<meta name=\"robots\" content=\"index, follow, max-snippet:-1, max-image-preview:large, max-video-preview:-1\" \/>\n<link rel=\"canonical\" href=\"https:\/\/www.visit-ulcinj.com\/blog\/2011\/12\/28\/kane-filluar-protestet-paqesore-ne-tuze\/\" \/>\n<meta property=\"og:locale\" content=\"en_US\" \/>\n<meta property=\"og:type\" content=\"article\" \/>\n<meta property=\"og:title\" content=\"Kan\u00eb filluar protestet paq\u00ebsore n\u00eb Tuz\u00eb - Video - Lajme nga Ulqini\" \/>\n<meta property=\"og:description\" content=\"Tuz \u2013 Mal\u00ebsi (28.12.2011) \u2013 Pran nd\u00ebrtes\u00ebs s\u00eb Komun\u00ebs urbane t\u00eb Tuzit sot n\u00eb ora 14 u zhvillua protesta paq\u00ebsor\u00eb kund\u00ebr asimilimit dhe shkeljeve t\u00eb\" \/>\n<meta property=\"og:url\" content=\"https:\/\/www.visit-ulcinj.com\/blog\/2011\/12\/28\/kane-filluar-protestet-paqesore-ne-tuze\/\" \/>\n<meta property=\"og:site_name\" content=\"Lajme nga Ulqini\" \/>\n<meta property=\"article:published_time\" content=\"2011-12-28T14:02:06+00:00\" \/>\n<meta property=\"article:modified_time\" content=\"2011-12-29T16:19:19+00:00\" \/>\n<meta name=\"twitter:label1\" content=\"Written by\" \/>\n\t<meta name=\"twitter:data1\" content=\"ulqini\" \/>\n\t<meta name=\"twitter:label2\" content=\"Est. reading time\" \/>\n\t<meta name=\"twitter:data2\" content=\"2 minutes\" \/>\n<script type=\"application\/ld+json\" class=\"yoast-schema-graph\">{\"@context\":\"https:\/\/schema.org\",\"@graph\":[{\"@type\":\"WebSite\",\"@id\":\"https:\/\/www.visit-ulcinj.com\/blog\/#website\",\"url\":\"https:\/\/www.visit-ulcinj.com\/blog\/\",\"name\":\"Lajme nga Ulqini\",\"description\":\"Lajme,Vijesti,Ulqini,Ulqin,Crna Gora,Mali i Zi\",\"potentialAction\":[{\"@type\":\"SearchAction\",\"target\":{\"@type\":\"EntryPoint\",\"urlTemplate\":\"https:\/\/www.visit-ulcinj.com\/blog\/?s={search_term_string}\"},\"query-input\":\"required name=search_term_string\"}],\"inLanguage\":\"en-US\"},{\"@type\":\"WebPage\",\"@id\":\"https:\/\/www.visit-ulcinj.com\/blog\/2011\/12\/28\/kane-filluar-protestet-paqesore-ne-tuze\/#webpage\",\"url\":\"https:\/\/www.visit-ulcinj.com\/blog\/2011\/12\/28\/kane-filluar-protestet-paqesore-ne-tuze\/\",\"name\":\"Kan\u00eb filluar protestet paq\u00ebsore n\u00eb Tuz\u00eb - Video - Lajme nga Ulqini\",\"isPartOf\":{\"@id\":\"https:\/\/www.visit-ulcinj.com\/blog\/#website\"},\"datePublished\":\"2011-12-28T14:02:06+00:00\",\"dateModified\":\"2011-12-29T16:19:19+00:00\",\"author\":{\"@id\":\"https:\/\/www.visit-ulcinj.com\/blog\/#\/schema\/person\/dcab619c614d3038751c63bc2aadc06d\"},\"description\":\"Tuz \u2013 Mal\u00ebsi (28.12.2011) \u2013 Pran nd\u00ebrtes\u00ebs s\u00eb Komun\u00ebs urbane t\u00eb Tuzit sot n\u00eb ora 14 u zhvillua protesta paq\u00ebsor\u00eb kund\u00ebr asimilimit dhe shkeljeve t\u00eb\",\"breadcrumb\":{\"@id\":\"https:\/\/www.visit-ulcinj.com\/blog\/2011\/12\/28\/kane-filluar-protestet-paqesore-ne-tuze\/#breadcrumb\"},\"inLanguage\":\"en-US\",\"potentialAction\":[{\"@type\":\"ReadAction\",\"target\":[\"https:\/\/www.visit-ulcinj.com\/blog\/2011\/12\/28\/kane-filluar-protestet-paqesore-ne-tuze\/\"]}]},{\"@type\":\"BreadcrumbList\",\"@id\":\"https:\/\/www.visit-ulcinj.com\/blog\/2011\/12\/28\/kane-filluar-protestet-paqesore-ne-tuze\/#breadcrumb\",\"itemListElement\":[{\"@type\":\"ListItem\",\"position\":1,\"name\":\"Kan\u00eb filluar protestet paq\u00ebsore n\u00eb Tuz\u00eb &#8211; Video\"}]},{\"@type\":\"Person\",\"@id\":\"https:\/\/www.visit-ulcinj.com\/blog\/#\/schema\/person\/dcab619c614d3038751c63bc2aadc06d\",\"name\":\"ulqini\",\"sameAs\":[\"http:\/\/www.visit-ulcinj.com\"],\"url\":\"https:\/\/www.visit-ulcinj.com\/blog\/author\/admin\/\"}]}<\/script>\n<!-- \/ Yoast SEO plugin. -->","yoast_head_json":{"title":"Kan\u00eb filluar protestet paq\u00ebsore n\u00eb Tuz\u00eb - Video - Lajme nga Ulqini","description":"Tuz \u2013 Mal\u00ebsi (28.12.2011) \u2013 Pran nd\u00ebrtes\u00ebs s\u00eb Komun\u00ebs urbane t\u00eb Tuzit sot n\u00eb ora 14 u zhvillua protesta paq\u00ebsor\u00eb kund\u00ebr asimilimit dhe shkeljeve t\u00eb","robots":{"index":"index","follow":"follow","max-snippet":"max-snippet:-1","max-image-preview":"max-image-preview:large","max-video-preview":"max-video-preview:-1"},"canonical":"https:\/\/www.visit-ulcinj.com\/blog\/2011\/12\/28\/kane-filluar-protestet-paqesore-ne-tuze\/","og_locale":"en_US","og_type":"article","og_title":"Kan\u00eb filluar protestet paq\u00ebsore n\u00eb Tuz\u00eb - Video - Lajme nga Ulqini","og_description":"Tuz \u2013 Mal\u00ebsi (28.12.2011) \u2013 Pran nd\u00ebrtes\u00ebs s\u00eb Komun\u00ebs urbane t\u00eb Tuzit sot n\u00eb ora 14 u zhvillua protesta paq\u00ebsor\u00eb kund\u00ebr asimilimit dhe shkeljeve t\u00eb","og_url":"https:\/\/www.visit-ulcinj.com\/blog\/2011\/12\/28\/kane-filluar-protestet-paqesore-ne-tuze\/","og_site_name":"Lajme nga Ulqini","article_published_time":"2011-12-28T14:02:06+00:00","article_modified_time":"2011-12-29T16:19:19+00:00","twitter_misc":{"Written by":"ulqini","Est. reading time":"2 minutes"},"schema":{"@context":"https:\/\/schema.org","@graph":[{"@type":"WebSite","@id":"https:\/\/www.visit-ulcinj.com\/blog\/#website","url":"https:\/\/www.visit-ulcinj.com\/blog\/","name":"Lajme nga Ulqini","description":"Lajme,Vijesti,Ulqini,Ulqin,Crna Gora,Mali i Zi","potentialAction":[{"@type":"SearchAction","target":{"@type":"EntryPoint","urlTemplate":"https:\/\/www.visit-ulcinj.com\/blog\/?s={search_term_string}"},"query-input":"required name=search_term_string"}],"inLanguage":"en-US"},{"@type":"WebPage","@id":"https:\/\/www.visit-ulcinj.com\/blog\/2011\/12\/28\/kane-filluar-protestet-paqesore-ne-tuze\/#webpage","url":"https:\/\/www.visit-ulcinj.com\/blog\/2011\/12\/28\/kane-filluar-protestet-paqesore-ne-tuze\/","name":"Kan\u00eb filluar protestet paq\u00ebsore n\u00eb Tuz\u00eb - Video - Lajme nga Ulqini","isPartOf":{"@id":"https:\/\/www.visit-ulcinj.com\/blog\/#website"},"datePublished":"2011-12-28T14:02:06+00:00","dateModified":"2011-12-29T16:19:19+00:00","author":{"@id":"https:\/\/www.visit-ulcinj.com\/blog\/#\/schema\/person\/dcab619c614d3038751c63bc2aadc06d"},"description":"Tuz \u2013 Mal\u00ebsi (28.12.2011) \u2013 Pran nd\u00ebrtes\u00ebs s\u00eb Komun\u00ebs urbane t\u00eb Tuzit sot n\u00eb ora 14 u zhvillua protesta paq\u00ebsor\u00eb kund\u00ebr asimilimit dhe shkeljeve t\u00eb","breadcrumb":{"@id":"https:\/\/www.visit-ulcinj.com\/blog\/2011\/12\/28\/kane-filluar-protestet-paqesore-ne-tuze\/#breadcrumb"},"inLanguage":"en-US","potentialAction":[{"@type":"ReadAction","target":["https:\/\/www.visit-ulcinj.com\/blog\/2011\/12\/28\/kane-filluar-protestet-paqesore-ne-tuze\/"]}]},{"@type":"BreadcrumbList","@id":"https:\/\/www.visit-ulcinj.com\/blog\/2011\/12\/28\/kane-filluar-protestet-paqesore-ne-tuze\/#breadcrumb","itemListElement":[{"@type":"ListItem","position":1,"name":"Kan\u00eb filluar protestet paq\u00ebsore n\u00eb Tuz\u00eb &#8211; Video"}]},{"@type":"Person","@id":"https:\/\/www.visit-ulcinj.com\/blog\/#\/schema\/person\/dcab619c614d3038751c63bc2aadc06d","name":"ulqini","sameAs":["http:\/\/www.visit-ulcinj.com"],"url":"https:\/\/www.visit-ulcinj.com\/blog\/author\/admin\/"}]}},"jetpack_featured_media_url":"","jetpack_sharing_enabled":true,"jetpack_shortlink":"https:\/\/wp.me\/pe6lTn-emd","_links":{"self":[{"href":"https:\/\/www.visit-ulcinj.com\/blog\/wp-json\/wp\/v2\/posts\/55193"}],"collection":[{"href":"https:\/\/www.visit-ulcinj.com\/blog\/wp-json\/wp\/v2\/posts"}],"about":[{"href":"https:\/\/www.visit-ulcinj.com\/blog\/wp-json\/wp\/v2\/types\/post"}],"author":[{"embeddable":true,"href":"https:\/\/www.visit-ulcinj.com\/blog\/wp-json\/wp\/v2\/users\/1"}],"replies":[{"embeddable":true,"href":"https:\/\/www.visit-ulcinj.com\/blog\/wp-json\/wp\/v2\/comments?post=55193"}],"version-history":[{"count":10,"href":"https:\/\/www.visit-ulcinj.com\/blog\/wp-json\/wp\/v2\/posts\/55193\/revisions"}],"predecessor-version":[{"id":55223,"href":"https:\/\/www.visit-ulcinj.com\/blog\/wp-json\/wp\/v2\/posts\/55193\/revisions\/55223"}],"wp:attachment":[{"href":"https:\/\/www.visit-ulcinj.com\/blog\/wp-json\/wp\/v2\/media?parent=55193"}],"wp:term":[{"taxonomy":"category","embeddable":true,"href":"https:\/\/www.visit-ulcinj.com\/blog\/wp-json\/wp\/v2\/categories?post=55193"},{"taxonomy":"post_tag","embeddable":true,"href":"https:\/\/www.visit-ulcinj.com\/blog\/wp-json\/wp\/v2\/tags?post=55193"}],"curies":[{"name":"wp","href":"https:\/\/api.w.org\/{rel}","templated":true}]}}