{"id":55202,"date":"2011-12-28T19:16:01","date_gmt":"2011-12-28T18:16:01","guid":{"rendered":"http:\/\/www.visit-ulcinj.com\/blog\/?p=55202"},"modified":"2011-12-28T19:16:39","modified_gmt":"2011-12-28T18:16:39","slug":"dua-odgovorila-doskorasnjem-partijskom-kolegi","status":"publish","type":"post","link":"https:\/\/www.visit-ulcinj.com\/blog\/2011\/12\/28\/dua-odgovorila-doskorasnjem-partijskom-kolegi\/","title":{"rendered":"DUA odgovorila doskora\u0161njem partijskom kolegi"},"content":{"rendered":"<p><strong><a href=\"http:\/\/www.visit-ulcinj.com\/blog\/wp-content\/uploads\/2011\/12\/DUA-ODGOVARA-FATMIR-DJEKI.jpg\"><img loading=\"lazy\" class=\"alignleft  wp-image-55203\" title=\"DUA ODGOVARA FATMIR DJEKI\" src=\"http:\/\/www.visit-ulcinj.com\/blog\/wp-content\/uploads\/2011\/12\/DUA-ODGOVARA-FATMIR-DJEKI.jpg\" alt=\"\" width=\"508\" height=\"380\" \/><\/a>Neka, \u0110eka<\/strong><br \/>\nDemokratska unija Albanaca poru\u010dila je ju\u010de doskora\u0161njem partijskom kolegi, lideru novoformirane Demokratske partije Fatmiru \u0110eki, da ih je za\u010dudila njegova hrabrost da saop\u0161ti kako DUA vi\u0161e ne predstavlja interese gra\u0111ana. Kako se navodi u reagovanju, \u201eDUA, kao najja\u010da albanska partija u Crnoj Gori ne suo\u010dava se prvi put sa sli\u010dnim napadima, ali je pravda uvijek bila na njenoj strani i istina je na kraju isplivala na vidjelo\u201d.<br \/>\n\u2013 \u010cudi nas da smo najvi\u0161e napadnuti od ljudi koji su u\u017eivali najve\u0107e privilegije u Demokratskoj uniji Albanaca, a u zadnjih deset godina ba\u0161 taj gospodin je bio glavni u\u017eivalac tih privilegija u pravom smislu rije\u010di \u2013 ka\u017ee se u saop\u0161tenju.<br \/>\n<a href=\"http:\/\/www.visit-ulcinj.com\/blog\/wp-content\/uploads\/2011\/12\/DUA-ODGOVARA-FATMIR-DJEKI-.1.jpg\"><img loading=\"lazy\" class=\"alignleft  wp-image-55204\" title=\"DUA ODGOVARA FATMIR DJEKI .1\" src=\"http:\/\/www.visit-ulcinj.com\/blog\/wp-content\/uploads\/2011\/12\/DUA-ODGOVARA-FATMIR-DJEKI-.1.jpg\" alt=\"\" width=\"508\" height=\"300\" \/><\/a><br \/>\nIsti\u010du da \u0107e DUA na sve napade i nekorektne izjave biv\u0161ih partijskih funkcionera odgovarati tako \u0161to \u0107e jo\u0161 \u017ee\u0161\u0107e zastupati interese albanskog naroda u Crnoj Gori.<br \/>\n\u2013 Pomenuti gospodin neka se odsad bavi interesima svoje novoformirane stranke i li\u010dnim jer mu to, koliko je nama poznato, nije nimalo strano. Mnogo njih nas optu\u017euju \u0161to smo na vlasti, a sa druge strane vrebaju i najmanju priliku da se vlasti dodvore. DUA je do sada vodila, a i nadalje \u0107e voditi transparetnu i jasno definisanu politiku, sve u cilju pobolj\u0161anja statusa Albanaca u Crnoj Gori. Nikad nismo, niti \u0107emo ikada prodavati maglu nego \u0107emo, kao i do sada, biti odgovorni prema stranci i prema na\u0161im glasa\u010dima \u2013 nagla\u0161ava se u reagovanju.<br \/>\nDUA, kako zaklju\u010duju, \u201eporu\u010duje svim takozvanim du\u0161ebri\u017enicima da ne brinu na\u0161u brigu i da spavaju mirno ako im savjest dozvoljava\u201d jer \u0107e ta partija kao i do sada uspjeti da ostane \u201erespektabilan politi\u010dki faktor u Crnoj Gori \u0161to nismo sigurni za partiju u povoju&#8221;.<\/p>\n<p><a href=\"http:\/\/www.dan.co.me\/?nivo=3&amp;rubrika=Politika&amp;datum=2011-12-28&amp;clanak=313373\" target=\"_blank\"><strong>V.R.<\/strong><br \/>\n<strong> Izvor: DAN<\/strong><\/a><\/p>\n","protected":false},"excerpt":{"rendered":"<p>Neka, \u0110eka Demokratska unija Albanaca poru\u010dila je ju\u010de doskora\u0161njem partijskom kolegi, lideru novoformirane Demokratske partije Fatmiru \u0110eki, da ih je za\u010dudila njegova hrabrost da saop\u0161ti kako DUA vi\u0161e ne predstavlja interese gra\u0111ana. Kako se navodi u reagovanju, \u201eDUA, kao najja\u010da albanska partija u Crnoj Gori ne suo\u010dava se prvi put sa sli\u010dnim napadima, ali je [&hellip;]<\/p>\n","protected":false},"author":1,"featured_media":0,"comment_status":"open","ping_status":"closed","sticky":false,"template":"","format":"standard","meta":{"spay_email":"","jetpack_publicize_message":"","jetpack_is_tweetstorm":false,"jetpack_publicize_feature_enabled":true},"categories":[8337],"tags":[87,19738,19],"jetpack_publicize_connections":[],"yoast_head":"<!-- This site is optimized with the Yoast SEO plugin v19.1 - https:\/\/yoast.com\/wordpress\/plugins\/seo\/ -->\n<title>DUA odgovorila doskora\u0161njem partijskom kolegi - Lajme nga Ulqini<\/title>\n<meta name=\"description\" content=\"Neka, \u0110eka Demokratska unija Albanaca poru\u010dila je ju\u010de doskora\u0161njem partijskom kolegi, lideru novoformirane Demokratske partije Fatmiru \u0110eki, da ih je\" \/>\n<meta name=\"robots\" content=\"index, follow, max-snippet:-1, max-image-preview:large, max-video-preview:-1\" \/>\n<link rel=\"canonical\" href=\"https:\/\/www.visit-ulcinj.com\/blog\/2011\/12\/28\/dua-odgovorila-doskorasnjem-partijskom-kolegi\/\" \/>\n<meta property=\"og:locale\" content=\"en_US\" \/>\n<meta property=\"og:type\" content=\"article\" \/>\n<meta property=\"og:title\" content=\"DUA odgovorila doskora\u0161njem partijskom kolegi - Lajme nga Ulqini\" \/>\n<meta property=\"og:description\" content=\"Neka, \u0110eka Demokratska unija Albanaca poru\u010dila je ju\u010de doskora\u0161njem partijskom kolegi, lideru novoformirane Demokratske partije Fatmiru \u0110eki, da ih je\" \/>\n<meta property=\"og:url\" content=\"https:\/\/www.visit-ulcinj.com\/blog\/2011\/12\/28\/dua-odgovorila-doskorasnjem-partijskom-kolegi\/\" \/>\n<meta property=\"og:site_name\" content=\"Lajme nga Ulqini\" \/>\n<meta property=\"article:published_time\" content=\"2011-12-28T18:16:01+00:00\" \/>\n<meta property=\"article:modified_time\" content=\"2011-12-28T18:16:39+00:00\" \/>\n<meta property=\"og:image\" content=\"http:\/\/www.visit-ulcinj.com\/blog\/wp-content\/uploads\/2011\/12\/DUA-ODGOVARA-FATMIR-DJEKI.jpg\" \/>\n<meta name=\"twitter:label1\" content=\"Written by\" \/>\n\t<meta name=\"twitter:data1\" content=\"ulqini\" \/>\n\t<meta name=\"twitter:label2\" content=\"Est. reading time\" \/>\n\t<meta name=\"twitter:data2\" content=\"2 minutes\" \/>\n<script type=\"application\/ld+json\" class=\"yoast-schema-graph\">{\"@context\":\"https:\/\/schema.org\",\"@graph\":[{\"@type\":\"WebSite\",\"@id\":\"https:\/\/www.visit-ulcinj.com\/blog\/#website\",\"url\":\"https:\/\/www.visit-ulcinj.com\/blog\/\",\"name\":\"Lajme nga Ulqini\",\"description\":\"Lajme,Vijesti,Ulqini,Ulqin,Crna Gora,Mali i Zi\",\"potentialAction\":[{\"@type\":\"SearchAction\",\"target\":{\"@type\":\"EntryPoint\",\"urlTemplate\":\"https:\/\/www.visit-ulcinj.com\/blog\/?s={search_term_string}\"},\"query-input\":\"required name=search_term_string\"}],\"inLanguage\":\"en-US\"},{\"@type\":\"ImageObject\",\"inLanguage\":\"en-US\",\"@id\":\"https:\/\/www.visit-ulcinj.com\/blog\/2011\/12\/28\/dua-odgovorila-doskorasnjem-partijskom-kolegi\/#primaryimage\",\"url\":\"https:\/\/www.visit-ulcinj.com\/blog\/wp-content\/uploads\/2011\/12\/DUA-ODGOVARA-FATMIR-DJEKI.jpg\",\"contentUrl\":\"https:\/\/www.visit-ulcinj.com\/blog\/wp-content\/uploads\/2011\/12\/DUA-ODGOVARA-FATMIR-DJEKI.jpg\",\"width\":\"720\",\"height\":\"480\"},{\"@type\":\"WebPage\",\"@id\":\"https:\/\/www.visit-ulcinj.com\/blog\/2011\/12\/28\/dua-odgovorila-doskorasnjem-partijskom-kolegi\/#webpage\",\"url\":\"https:\/\/www.visit-ulcinj.com\/blog\/2011\/12\/28\/dua-odgovorila-doskorasnjem-partijskom-kolegi\/\",\"name\":\"DUA odgovorila doskora\u0161njem partijskom kolegi - Lajme nga Ulqini\",\"isPartOf\":{\"@id\":\"https:\/\/www.visit-ulcinj.com\/blog\/#website\"},\"primaryImageOfPage\":{\"@id\":\"https:\/\/www.visit-ulcinj.com\/blog\/2011\/12\/28\/dua-odgovorila-doskorasnjem-partijskom-kolegi\/#primaryimage\"},\"datePublished\":\"2011-12-28T18:16:01+00:00\",\"dateModified\":\"2011-12-28T18:16:39+00:00\",\"author\":{\"@id\":\"https:\/\/www.visit-ulcinj.com\/blog\/#\/schema\/person\/dcab619c614d3038751c63bc2aadc06d\"},\"description\":\"Neka, \u0110eka Demokratska unija Albanaca poru\u010dila je ju\u010de doskora\u0161njem partijskom kolegi, lideru novoformirane Demokratske partije Fatmiru \u0110eki, da ih je\",\"breadcrumb\":{\"@id\":\"https:\/\/www.visit-ulcinj.com\/blog\/2011\/12\/28\/dua-odgovorila-doskorasnjem-partijskom-kolegi\/#breadcrumb\"},\"inLanguage\":\"en-US\",\"potentialAction\":[{\"@type\":\"ReadAction\",\"target\":[\"https:\/\/www.visit-ulcinj.com\/blog\/2011\/12\/28\/dua-odgovorila-doskorasnjem-partijskom-kolegi\/\"]}]},{\"@type\":\"BreadcrumbList\",\"@id\":\"https:\/\/www.visit-ulcinj.com\/blog\/2011\/12\/28\/dua-odgovorila-doskorasnjem-partijskom-kolegi\/#breadcrumb\",\"itemListElement\":[{\"@type\":\"ListItem\",\"position\":1,\"name\":\"DUA odgovorila doskora\u0161njem partijskom kolegi\"}]},{\"@type\":\"Person\",\"@id\":\"https:\/\/www.visit-ulcinj.com\/blog\/#\/schema\/person\/dcab619c614d3038751c63bc2aadc06d\",\"name\":\"ulqini\",\"sameAs\":[\"http:\/\/www.visit-ulcinj.com\"],\"url\":\"https:\/\/www.visit-ulcinj.com\/blog\/author\/admin\/\"}]}<\/script>\n<!-- \/ Yoast SEO plugin. -->","yoast_head_json":{"title":"DUA odgovorila doskora\u0161njem partijskom kolegi - Lajme nga Ulqini","description":"Neka, \u0110eka Demokratska unija Albanaca poru\u010dila je ju\u010de doskora\u0161njem partijskom kolegi, lideru novoformirane Demokratske partije Fatmiru \u0110eki, da ih je","robots":{"index":"index","follow":"follow","max-snippet":"max-snippet:-1","max-image-preview":"max-image-preview:large","max-video-preview":"max-video-preview:-1"},"canonical":"https:\/\/www.visit-ulcinj.com\/blog\/2011\/12\/28\/dua-odgovorila-doskorasnjem-partijskom-kolegi\/","og_locale":"en_US","og_type":"article","og_title":"DUA odgovorila doskora\u0161njem partijskom kolegi - Lajme nga Ulqini","og_description":"Neka, \u0110eka Demokratska unija Albanaca poru\u010dila je ju\u010de doskora\u0161njem partijskom kolegi, lideru novoformirane Demokratske partije Fatmiru \u0110eki, da ih je","og_url":"https:\/\/www.visit-ulcinj.com\/blog\/2011\/12\/28\/dua-odgovorila-doskorasnjem-partijskom-kolegi\/","og_site_name":"Lajme nga Ulqini","article_published_time":"2011-12-28T18:16:01+00:00","article_modified_time":"2011-12-28T18:16:39+00:00","og_image":[{"url":"http:\/\/www.visit-ulcinj.com\/blog\/wp-content\/uploads\/2011\/12\/DUA-ODGOVARA-FATMIR-DJEKI.jpg"}],"twitter_misc":{"Written by":"ulqini","Est. reading time":"2 minutes"},"schema":{"@context":"https:\/\/schema.org","@graph":[{"@type":"WebSite","@id":"https:\/\/www.visit-ulcinj.com\/blog\/#website","url":"https:\/\/www.visit-ulcinj.com\/blog\/","name":"Lajme nga Ulqini","description":"Lajme,Vijesti,Ulqini,Ulqin,Crna Gora,Mali i Zi","potentialAction":[{"@type":"SearchAction","target":{"@type":"EntryPoint","urlTemplate":"https:\/\/www.visit-ulcinj.com\/blog\/?s={search_term_string}"},"query-input":"required name=search_term_string"}],"inLanguage":"en-US"},{"@type":"ImageObject","inLanguage":"en-US","@id":"https:\/\/www.visit-ulcinj.com\/blog\/2011\/12\/28\/dua-odgovorila-doskorasnjem-partijskom-kolegi\/#primaryimage","url":"https:\/\/www.visit-ulcinj.com\/blog\/wp-content\/uploads\/2011\/12\/DUA-ODGOVARA-FATMIR-DJEKI.jpg","contentUrl":"https:\/\/www.visit-ulcinj.com\/blog\/wp-content\/uploads\/2011\/12\/DUA-ODGOVARA-FATMIR-DJEKI.jpg","width":"720","height":"480"},{"@type":"WebPage","@id":"https:\/\/www.visit-ulcinj.com\/blog\/2011\/12\/28\/dua-odgovorila-doskorasnjem-partijskom-kolegi\/#webpage","url":"https:\/\/www.visit-ulcinj.com\/blog\/2011\/12\/28\/dua-odgovorila-doskorasnjem-partijskom-kolegi\/","name":"DUA odgovorila doskora\u0161njem partijskom kolegi - Lajme nga Ulqini","isPartOf":{"@id":"https:\/\/www.visit-ulcinj.com\/blog\/#website"},"primaryImageOfPage":{"@id":"https:\/\/www.visit-ulcinj.com\/blog\/2011\/12\/28\/dua-odgovorila-doskorasnjem-partijskom-kolegi\/#primaryimage"},"datePublished":"2011-12-28T18:16:01+00:00","dateModified":"2011-12-28T18:16:39+00:00","author":{"@id":"https:\/\/www.visit-ulcinj.com\/blog\/#\/schema\/person\/dcab619c614d3038751c63bc2aadc06d"},"description":"Neka, \u0110eka Demokratska unija Albanaca poru\u010dila je ju\u010de doskora\u0161njem partijskom kolegi, lideru novoformirane Demokratske partije Fatmiru \u0110eki, da ih je","breadcrumb":{"@id":"https:\/\/www.visit-ulcinj.com\/blog\/2011\/12\/28\/dua-odgovorila-doskorasnjem-partijskom-kolegi\/#breadcrumb"},"inLanguage":"en-US","potentialAction":[{"@type":"ReadAction","target":["https:\/\/www.visit-ulcinj.com\/blog\/2011\/12\/28\/dua-odgovorila-doskorasnjem-partijskom-kolegi\/"]}]},{"@type":"BreadcrumbList","@id":"https:\/\/www.visit-ulcinj.com\/blog\/2011\/12\/28\/dua-odgovorila-doskorasnjem-partijskom-kolegi\/#breadcrumb","itemListElement":[{"@type":"ListItem","position":1,"name":"DUA odgovorila doskora\u0161njem partijskom kolegi"}]},{"@type":"Person","@id":"https:\/\/www.visit-ulcinj.com\/blog\/#\/schema\/person\/dcab619c614d3038751c63bc2aadc06d","name":"ulqini","sameAs":["http:\/\/www.visit-ulcinj.com"],"url":"https:\/\/www.visit-ulcinj.com\/blog\/author\/admin\/"}]}},"jetpack_featured_media_url":"","jetpack_sharing_enabled":true,"jetpack_shortlink":"https:\/\/wp.me\/pe6lTn-emm","_links":{"self":[{"href":"https:\/\/www.visit-ulcinj.com\/blog\/wp-json\/wp\/v2\/posts\/55202"}],"collection":[{"href":"https:\/\/www.visit-ulcinj.com\/blog\/wp-json\/wp\/v2\/posts"}],"about":[{"href":"https:\/\/www.visit-ulcinj.com\/blog\/wp-json\/wp\/v2\/types\/post"}],"author":[{"embeddable":true,"href":"https:\/\/www.visit-ulcinj.com\/blog\/wp-json\/wp\/v2\/users\/1"}],"replies":[{"embeddable":true,"href":"https:\/\/www.visit-ulcinj.com\/blog\/wp-json\/wp\/v2\/comments?post=55202"}],"version-history":[{"count":2,"href":"https:\/\/www.visit-ulcinj.com\/blog\/wp-json\/wp\/v2\/posts\/55202\/revisions"}],"predecessor-version":[{"id":55206,"href":"https:\/\/www.visit-ulcinj.com\/blog\/wp-json\/wp\/v2\/posts\/55202\/revisions\/55206"}],"wp:attachment":[{"href":"https:\/\/www.visit-ulcinj.com\/blog\/wp-json\/wp\/v2\/media?parent=55202"}],"wp:term":[{"taxonomy":"category","embeddable":true,"href":"https:\/\/www.visit-ulcinj.com\/blog\/wp-json\/wp\/v2\/categories?post=55202"},{"taxonomy":"post_tag","embeddable":true,"href":"https:\/\/www.visit-ulcinj.com\/blog\/wp-json\/wp\/v2\/tags?post=55202"}],"curies":[{"name":"wp","href":"https:\/\/api.w.org\/{rel}","templated":true}]}}