{"id":55219,"date":"2011-12-29T17:11:28","date_gmt":"2011-12-29T16:11:28","guid":{"rendered":"http:\/\/www.visit-ulcinj.com\/blog\/?p=55219"},"modified":"2011-12-30T21:02:37","modified_gmt":"2011-12-30T20:02:37","slug":"genci-nimanbegu-kunder-dinoshes-per-ambasador-ne-tirane","status":"publish","type":"post","link":"https:\/\/www.visit-ulcinj.com\/blog\/2011\/12\/29\/genci-nimanbegu-kunder-dinoshes-per-ambasador-ne-tirane\/","title":{"rendered":"Genci Nimanbegu kund\u00ebr Dinosh\u00ebs p\u00ebr ambasador n\u00eb Tiran\u00eb"},"content":{"rendered":"<p><a href=\"http:\/\/www.visit-ulcinj.com\/blog\/wp-content\/uploads\/2011\/12\/Genci-Nimanbegu_dinosha.jpg\"><img loading=\"lazy\" class=\"alignleft  wp-image-55220\" title=\"Genci Nimanbegu_dinosha\" src=\"http:\/\/www.visit-ulcinj.com\/blog\/wp-content\/uploads\/2011\/12\/Genci-Nimanbegu_dinosha.jpg\" alt=\"\" width=\"508\" height=\"345\" \/><\/a><strong>Dinosha ambasador n\u00eb Tiran\u00eb, Nimanbegu nuk e voton<\/strong><\/p>\n<p>Derisa me votat e mazhoranc\u00ebs n\u00eb pushtet, ku b\u00ebn pjes\u00eb edhe Unioni Demokratik i Shqiptar\u00ebve, ish \u2013lider i k\u00ebsaj partie nacionale shqiptare n\u00eb pushtet, n\u00eb K\u00ebshillin p\u00ebr marr\u00ebdh\u00ebnie nd\u00ebrkomb\u00ebtare dhe integrime evropiane, an\u00ebtari i tij, deputeti i Forc\u00ebs s\u00eb Re Demokratike, Genci Nimanbegu votoi kund\u00ebr.<\/p>\n<p><strong><a href=\"http:\/\/www.kosovalive.com\/?cid=1,2\"><img src=\"http:\/\/www.kosovalive.com\/common\/images\/back.gif\" alt=\"Kthehu\" border=\"0\" \/><\/a>KosovaLive<a href=\"http:\/\/www.kosovalive.com\/?cid=1,2\"><img src=\"http:\/\/www.kosovalive.com\/common\/images\/back.gif\" alt=\"Kthehu\" border=\"0\" \/><\/a><\/strong><\/p>\n<p><strong>Nimanbegu kund\u00ebr Dinosh\u00ebs p\u00ebr ambasador n\u00eb Tiran\u00eb<\/strong><\/p>\n<p>Genci Nimanbegu an\u00ebtar i K\u00ebshillit p\u00ebr Marr\u00ebdh\u00ebnie Nd\u00ebrkomb\u00ebtare dhe Integrime Evropiane t\u00eb Malit t\u00eb Zi, votoi kund\u00ebr caktimit t\u00eb Ferhat Dinosh\u00ebs si amabsador i Malit t\u00eb Zi n\u00eb Republik\u00ebn e Shqip\u00ebris\u00eb. Si\u00e7 njoftojn\u00eb mediumet elektronike, Nimanbegu votoi kund\u00ebr pasi, sipas tij, ai i ka mbetur borxh Ulqinit duke p\u00ebrkrahur kufirin e t\u00eb Mirave detare i cili \u00ebsht\u00eb n\u00eb d\u00ebm t\u00eb komun\u00ebs s\u00eb Ulqinit.<\/p>\n<p>Poashtu ai e akuzoi Dinosh\u00ebn pasi gjat\u00eb karrier\u00ebs se deritanishme politike ka promovuar interesat personale.<br \/>\n\u2018Nuk pres as si diplomat n\u00eb Shqip\u00ebri q\u00eb t\u00eb jap rezultat t\u00eb mira\u2019, tha Nimanbegu. <strong>\/Ulqini Online\/<\/strong><\/p>\n","protected":false},"excerpt":{"rendered":"<p>Dinosha ambasador n\u00eb Tiran\u00eb, Nimanbegu nuk e voton Derisa me votat e mazhoranc\u00ebs n\u00eb pushtet, ku b\u00ebn pjes\u00eb edhe Unioni Demokratik i Shqiptar\u00ebve, ish \u2013lider i k\u00ebsaj partie nacionale shqiptare n\u00eb pushtet, n\u00eb K\u00ebshillin p\u00ebr marr\u00ebdh\u00ebnie nd\u00ebrkomb\u00ebtare dhe integrime evropiane, an\u00ebtari i tij, deputeti i Forc\u00ebs s\u00eb Re Demokratike, Genci Nimanbegu votoi kund\u00ebr. KosovaLive Nimanbegu [&hellip;]<\/p>\n","protected":false},"author":1,"featured_media":0,"comment_status":"open","ping_status":"closed","sticky":false,"template":"","format":"standard","meta":{"spay_email":"","jetpack_publicize_message":"","jetpack_is_tweetstorm":false,"jetpack_publicize_feature_enabled":true},"categories":[1,12],"tags":[97,1073,200,18],"jetpack_publicize_connections":[],"yoast_head":"<!-- This site is optimized with the Yoast SEO plugin v19.1 - https:\/\/yoast.com\/wordpress\/plugins\/seo\/ -->\n<title>Genci Nimanbegu kund\u00ebr Dinosh\u00ebs p\u00ebr ambasador n\u00eb Tiran\u00eb - Lajme nga Ulqini<\/title>\n<meta name=\"description\" content=\"Dinosha ambasador n\u00eb Tiran\u00eb, Nimanbegu nuk e voton Derisa me votat e mazhoranc\u00ebs n\u00eb pushtet, ku b\u00ebn pjes\u00eb edhe Unioni Demokratik i Shqiptar\u00ebve, ish \u2013lider\" \/>\n<meta name=\"robots\" content=\"index, follow, max-snippet:-1, max-image-preview:large, max-video-preview:-1\" \/>\n<link rel=\"canonical\" href=\"https:\/\/www.visit-ulcinj.com\/blog\/2011\/12\/29\/genci-nimanbegu-kunder-dinoshes-per-ambasador-ne-tirane\/\" \/>\n<meta property=\"og:locale\" content=\"en_US\" \/>\n<meta property=\"og:type\" content=\"article\" \/>\n<meta property=\"og:title\" content=\"Genci Nimanbegu kund\u00ebr Dinosh\u00ebs p\u00ebr ambasador n\u00eb Tiran\u00eb - Lajme nga Ulqini\" \/>\n<meta property=\"og:description\" content=\"Dinosha ambasador n\u00eb Tiran\u00eb, Nimanbegu nuk e voton Derisa me votat e mazhoranc\u00ebs n\u00eb pushtet, ku b\u00ebn pjes\u00eb edhe Unioni Demokratik i Shqiptar\u00ebve, ish \u2013lider\" \/>\n<meta property=\"og:url\" content=\"https:\/\/www.visit-ulcinj.com\/blog\/2011\/12\/29\/genci-nimanbegu-kunder-dinoshes-per-ambasador-ne-tirane\/\" \/>\n<meta property=\"og:site_name\" content=\"Lajme nga Ulqini\" \/>\n<meta property=\"article:published_time\" content=\"2011-12-29T16:11:28+00:00\" \/>\n<meta property=\"article:modified_time\" content=\"2011-12-30T20:02:37+00:00\" \/>\n<meta property=\"og:image\" content=\"http:\/\/www.visit-ulcinj.com\/blog\/wp-content\/uploads\/2011\/12\/Genci-Nimanbegu_dinosha.jpg\" \/>\n<meta name=\"twitter:label1\" content=\"Written by\" \/>\n\t<meta name=\"twitter:data1\" content=\"ulqini\" \/>\n\t<meta name=\"twitter:label2\" content=\"Est. reading time\" \/>\n\t<meta name=\"twitter:data2\" content=\"1 minute\" \/>\n<script type=\"application\/ld+json\" class=\"yoast-schema-graph\">{\"@context\":\"https:\/\/schema.org\",\"@graph\":[{\"@type\":\"WebSite\",\"@id\":\"https:\/\/www.visit-ulcinj.com\/blog\/#website\",\"url\":\"https:\/\/www.visit-ulcinj.com\/blog\/\",\"name\":\"Lajme nga Ulqini\",\"description\":\"Lajme,Vijesti,Ulqini,Ulqin,Crna Gora,Mali i Zi\",\"potentialAction\":[{\"@type\":\"SearchAction\",\"target\":{\"@type\":\"EntryPoint\",\"urlTemplate\":\"https:\/\/www.visit-ulcinj.com\/blog\/?s={search_term_string}\"},\"query-input\":\"required name=search_term_string\"}],\"inLanguage\":\"en-US\"},{\"@type\":\"ImageObject\",\"inLanguage\":\"en-US\",\"@id\":\"https:\/\/www.visit-ulcinj.com\/blog\/2011\/12\/29\/genci-nimanbegu-kunder-dinoshes-per-ambasador-ne-tirane\/#primaryimage\",\"url\":\"https:\/\/www.visit-ulcinj.com\/blog\/wp-content\/uploads\/2011\/12\/Genci-Nimanbegu_dinosha.jpg\",\"contentUrl\":\"https:\/\/www.visit-ulcinj.com\/blog\/wp-content\/uploads\/2011\/12\/Genci-Nimanbegu_dinosha.jpg\",\"width\":\"582\",\"height\":\"345\"},{\"@type\":\"WebPage\",\"@id\":\"https:\/\/www.visit-ulcinj.com\/blog\/2011\/12\/29\/genci-nimanbegu-kunder-dinoshes-per-ambasador-ne-tirane\/#webpage\",\"url\":\"https:\/\/www.visit-ulcinj.com\/blog\/2011\/12\/29\/genci-nimanbegu-kunder-dinoshes-per-ambasador-ne-tirane\/\",\"name\":\"Genci Nimanbegu kund\u00ebr Dinosh\u00ebs p\u00ebr ambasador n\u00eb Tiran\u00eb - Lajme nga Ulqini\",\"isPartOf\":{\"@id\":\"https:\/\/www.visit-ulcinj.com\/blog\/#website\"},\"primaryImageOfPage\":{\"@id\":\"https:\/\/www.visit-ulcinj.com\/blog\/2011\/12\/29\/genci-nimanbegu-kunder-dinoshes-per-ambasador-ne-tirane\/#primaryimage\"},\"datePublished\":\"2011-12-29T16:11:28+00:00\",\"dateModified\":\"2011-12-30T20:02:37+00:00\",\"author\":{\"@id\":\"https:\/\/www.visit-ulcinj.com\/blog\/#\/schema\/person\/dcab619c614d3038751c63bc2aadc06d\"},\"description\":\"Dinosha ambasador n\u00eb Tiran\u00eb, Nimanbegu nuk e voton Derisa me votat e mazhoranc\u00ebs n\u00eb pushtet, ku b\u00ebn pjes\u00eb edhe Unioni Demokratik i Shqiptar\u00ebve, ish \u2013lider\",\"breadcrumb\":{\"@id\":\"https:\/\/www.visit-ulcinj.com\/blog\/2011\/12\/29\/genci-nimanbegu-kunder-dinoshes-per-ambasador-ne-tirane\/#breadcrumb\"},\"inLanguage\":\"en-US\",\"potentialAction\":[{\"@type\":\"ReadAction\",\"target\":[\"https:\/\/www.visit-ulcinj.com\/blog\/2011\/12\/29\/genci-nimanbegu-kunder-dinoshes-per-ambasador-ne-tirane\/\"]}]},{\"@type\":\"BreadcrumbList\",\"@id\":\"https:\/\/www.visit-ulcinj.com\/blog\/2011\/12\/29\/genci-nimanbegu-kunder-dinoshes-per-ambasador-ne-tirane\/#breadcrumb\",\"itemListElement\":[{\"@type\":\"ListItem\",\"position\":1,\"name\":\"Genci Nimanbegu kund\u00ebr Dinosh\u00ebs p\u00ebr ambasador n\u00eb Tiran\u00eb\"}]},{\"@type\":\"Person\",\"@id\":\"https:\/\/www.visit-ulcinj.com\/blog\/#\/schema\/person\/dcab619c614d3038751c63bc2aadc06d\",\"name\":\"ulqini\",\"sameAs\":[\"http:\/\/www.visit-ulcinj.com\"],\"url\":\"https:\/\/www.visit-ulcinj.com\/blog\/author\/admin\/\"}]}<\/script>\n<!-- \/ Yoast SEO plugin. -->","yoast_head_json":{"title":"Genci Nimanbegu kund\u00ebr Dinosh\u00ebs p\u00ebr ambasador n\u00eb Tiran\u00eb - Lajme nga Ulqini","description":"Dinosha ambasador n\u00eb Tiran\u00eb, Nimanbegu nuk e voton Derisa me votat e mazhoranc\u00ebs n\u00eb pushtet, ku b\u00ebn pjes\u00eb edhe Unioni Demokratik i Shqiptar\u00ebve, ish \u2013lider","robots":{"index":"index","follow":"follow","max-snippet":"max-snippet:-1","max-image-preview":"max-image-preview:large","max-video-preview":"max-video-preview:-1"},"canonical":"https:\/\/www.visit-ulcinj.com\/blog\/2011\/12\/29\/genci-nimanbegu-kunder-dinoshes-per-ambasador-ne-tirane\/","og_locale":"en_US","og_type":"article","og_title":"Genci Nimanbegu kund\u00ebr Dinosh\u00ebs p\u00ebr ambasador n\u00eb Tiran\u00eb - Lajme nga Ulqini","og_description":"Dinosha ambasador n\u00eb Tiran\u00eb, Nimanbegu nuk e voton Derisa me votat e mazhoranc\u00ebs n\u00eb pushtet, ku b\u00ebn pjes\u00eb edhe Unioni Demokratik i Shqiptar\u00ebve, ish \u2013lider","og_url":"https:\/\/www.visit-ulcinj.com\/blog\/2011\/12\/29\/genci-nimanbegu-kunder-dinoshes-per-ambasador-ne-tirane\/","og_site_name":"Lajme nga Ulqini","article_published_time":"2011-12-29T16:11:28+00:00","article_modified_time":"2011-12-30T20:02:37+00:00","og_image":[{"url":"http:\/\/www.visit-ulcinj.com\/blog\/wp-content\/uploads\/2011\/12\/Genci-Nimanbegu_dinosha.jpg"}],"twitter_misc":{"Written by":"ulqini","Est. reading time":"1 minute"},"schema":{"@context":"https:\/\/schema.org","@graph":[{"@type":"WebSite","@id":"https:\/\/www.visit-ulcinj.com\/blog\/#website","url":"https:\/\/www.visit-ulcinj.com\/blog\/","name":"Lajme nga Ulqini","description":"Lajme,Vijesti,Ulqini,Ulqin,Crna Gora,Mali i Zi","potentialAction":[{"@type":"SearchAction","target":{"@type":"EntryPoint","urlTemplate":"https:\/\/www.visit-ulcinj.com\/blog\/?s={search_term_string}"},"query-input":"required name=search_term_string"}],"inLanguage":"en-US"},{"@type":"ImageObject","inLanguage":"en-US","@id":"https:\/\/www.visit-ulcinj.com\/blog\/2011\/12\/29\/genci-nimanbegu-kunder-dinoshes-per-ambasador-ne-tirane\/#primaryimage","url":"https:\/\/www.visit-ulcinj.com\/blog\/wp-content\/uploads\/2011\/12\/Genci-Nimanbegu_dinosha.jpg","contentUrl":"https:\/\/www.visit-ulcinj.com\/blog\/wp-content\/uploads\/2011\/12\/Genci-Nimanbegu_dinosha.jpg","width":"582","height":"345"},{"@type":"WebPage","@id":"https:\/\/www.visit-ulcinj.com\/blog\/2011\/12\/29\/genci-nimanbegu-kunder-dinoshes-per-ambasador-ne-tirane\/#webpage","url":"https:\/\/www.visit-ulcinj.com\/blog\/2011\/12\/29\/genci-nimanbegu-kunder-dinoshes-per-ambasador-ne-tirane\/","name":"Genci Nimanbegu kund\u00ebr Dinosh\u00ebs p\u00ebr ambasador n\u00eb Tiran\u00eb - Lajme nga Ulqini","isPartOf":{"@id":"https:\/\/www.visit-ulcinj.com\/blog\/#website"},"primaryImageOfPage":{"@id":"https:\/\/www.visit-ulcinj.com\/blog\/2011\/12\/29\/genci-nimanbegu-kunder-dinoshes-per-ambasador-ne-tirane\/#primaryimage"},"datePublished":"2011-12-29T16:11:28+00:00","dateModified":"2011-12-30T20:02:37+00:00","author":{"@id":"https:\/\/www.visit-ulcinj.com\/blog\/#\/schema\/person\/dcab619c614d3038751c63bc2aadc06d"},"description":"Dinosha ambasador n\u00eb Tiran\u00eb, Nimanbegu nuk e voton Derisa me votat e mazhoranc\u00ebs n\u00eb pushtet, ku b\u00ebn pjes\u00eb edhe Unioni Demokratik i Shqiptar\u00ebve, ish \u2013lider","breadcrumb":{"@id":"https:\/\/www.visit-ulcinj.com\/blog\/2011\/12\/29\/genci-nimanbegu-kunder-dinoshes-per-ambasador-ne-tirane\/#breadcrumb"},"inLanguage":"en-US","potentialAction":[{"@type":"ReadAction","target":["https:\/\/www.visit-ulcinj.com\/blog\/2011\/12\/29\/genci-nimanbegu-kunder-dinoshes-per-ambasador-ne-tirane\/"]}]},{"@type":"BreadcrumbList","@id":"https:\/\/www.visit-ulcinj.com\/blog\/2011\/12\/29\/genci-nimanbegu-kunder-dinoshes-per-ambasador-ne-tirane\/#breadcrumb","itemListElement":[{"@type":"ListItem","position":1,"name":"Genci Nimanbegu kund\u00ebr Dinosh\u00ebs p\u00ebr ambasador n\u00eb Tiran\u00eb"}]},{"@type":"Person","@id":"https:\/\/www.visit-ulcinj.com\/blog\/#\/schema\/person\/dcab619c614d3038751c63bc2aadc06d","name":"ulqini","sameAs":["http:\/\/www.visit-ulcinj.com"],"url":"https:\/\/www.visit-ulcinj.com\/blog\/author\/admin\/"}]}},"jetpack_featured_media_url":"","jetpack_sharing_enabled":true,"jetpack_shortlink":"https:\/\/wp.me\/pe6lTn-emD","_links":{"self":[{"href":"https:\/\/www.visit-ulcinj.com\/blog\/wp-json\/wp\/v2\/posts\/55219"}],"collection":[{"href":"https:\/\/www.visit-ulcinj.com\/blog\/wp-json\/wp\/v2\/posts"}],"about":[{"href":"https:\/\/www.visit-ulcinj.com\/blog\/wp-json\/wp\/v2\/types\/post"}],"author":[{"embeddable":true,"href":"https:\/\/www.visit-ulcinj.com\/blog\/wp-json\/wp\/v2\/users\/1"}],"replies":[{"embeddable":true,"href":"https:\/\/www.visit-ulcinj.com\/blog\/wp-json\/wp\/v2\/comments?post=55219"}],"version-history":[{"count":5,"href":"https:\/\/www.visit-ulcinj.com\/blog\/wp-json\/wp\/v2\/posts\/55219\/revisions"}],"predecessor-version":[{"id":55277,"href":"https:\/\/www.visit-ulcinj.com\/blog\/wp-json\/wp\/v2\/posts\/55219\/revisions\/55277"}],"wp:attachment":[{"href":"https:\/\/www.visit-ulcinj.com\/blog\/wp-json\/wp\/v2\/media?parent=55219"}],"wp:term":[{"taxonomy":"category","embeddable":true,"href":"https:\/\/www.visit-ulcinj.com\/blog\/wp-json\/wp\/v2\/categories?post=55219"},{"taxonomy":"post_tag","embeddable":true,"href":"https:\/\/www.visit-ulcinj.com\/blog\/wp-json\/wp\/v2\/tags?post=55219"}],"curies":[{"name":"wp","href":"https:\/\/api.w.org\/{rel}","templated":true}]}}