{"id":5523,"date":"2008-11-06T12:31:31","date_gmt":"2008-11-06T17:31:31","guid":{"rendered":"http:\/\/www.visit-ulcinj.com\/blog\/?p=5523"},"modified":"2008-11-06T12:31:31","modified_gmt":"2008-11-06T17:31:31","slug":"alternativat-shqiptare-dhe-opozita-serbe","status":"publish","type":"post","link":"https:\/\/www.visit-ulcinj.com\/blog\/2008\/11\/06\/alternativat-shqiptare-dhe-opozita-serbe\/","title":{"rendered":"Alternativat shqiptare dhe opozita serbe"},"content":{"rendered":"<p><a href=\"http:\/\/www.visit-ulcinj.com\/blog\/wp-content\/uploads\/2008\/11\/alternativa2.jpg\"><img loading=\"lazy\" class=\"alignleft size-medium wp-image-5524\" title=\"alternativa2\" src=\"http:\/\/www.visit-ulcinj.com\/blog\/wp-content\/uploads\/2008\/11\/alternativa2-300x217.jpg\" alt=\"\" width=\"300\" height=\"217\" srcset=\"https:\/\/www.visit-ulcinj.com\/blog\/wp-content\/uploads\/2008\/11\/alternativa2-300x217.jpg 300w, https:\/\/www.visit-ulcinj.com\/blog\/wp-content\/uploads\/2008\/11\/alternativa2.jpg 713w\" sizes=\"(max-width: 300px) 100vw, 300px\" \/><\/a><strong>T\u00eb ndahet shapi nga sheqeri<\/strong><br \/>\nNjohja e Kosov\u00ebs s\u00eb Pavarur nga Ana e Qeveris\u00eb s\u00eb Malit t\u00eb Zi ka rentgenizuar m\u00eb s\u00eb miri sken\u00ebn e k\u00ebtushme politike dhe subjektet q\u00eb e b\u00ebjn\u00eb at\u00eb. Duke ditur se Kosova n\u00eb fundshekullin e shkuar dhe n\u00eb fillim t\u00eb k\u00ebtij shekulli ka qen\u00eb kauza nr. 1 e shqiptar\u00ebve n\u00eb Ballkan, reagimet e partive politike parlamentare ndaj vendimit t\u00eb Qeveris\u00eb \u00ebsht\u00eb pritur t\u00eb heqin \u00e7do iluzion se partit\u00eb shqiptare mund t`u sjellin ndonj\u00eb t\u00eb mir\u00eb shqiptar\u00ebve duke bashk\u00ebpunuar me partit\u00eb opozitare serbe ose proserbe n\u00eb Mal t\u00eb Zi.<br \/>\nProtestat e opozit\u00ebs, t\u00eb organizuara pak dit\u00eb pas k\u00ebtij vendimi nga ana e List\u00ebs Serbe, Partis\u00eb Socialiste Popullore dhe Partis\u00eb Popullore, t\u00eb p\u00ebrkrahura edhe nga L\u00ebvizja p\u00ebr Ndryshime, n\u00eb t\u00eb cilat \u00ebsht\u00eb k\u00ebrkuar q\u00eb Qeveria t\u00eb anuloj\u00eb vendimin, kan\u00eb treguar qart\u00eb se ata q\u00eb i quajn\u00eb terrorist\u00eb udh\u00ebheq\u00ebsit e shqiptar\u00ebve t\u00eb Kosov\u00ebs nuk mund t\u00eb jen\u00eb miq t\u00eb shqiptar\u00ebve n\u00eb Mal t\u00eb Zi.<br \/>\nPor dy parti shqiptare vazhdojn\u00eb t\u00eb sillen sikur asgj\u00eb t\u00eb mos kishte ndodhur. Alternativa Shqiptare dhe Lidhja Demokratike n\u00eb Mal t\u00eb Zi vazhdojn\u00eb t\u00eb ruajn\u00eb koalicionin me nj\u00ebr\u00ebn nga partit\u00eb q\u00eb ka qen\u00eb shum\u00eb e z\u00ebshme n\u00eb protestat e lart\u00ebp\u00ebrmendura, me Partin\u00eb Socialiste Popullore, me t\u00eb cil\u00ebn mbajn\u00eb pushtetin n\u00eb Komun\u00ebn Urbane t\u00eb Tuzit.<br \/>\nV\u00ebrtet\u00eb, k\u00ebto dy parti shqiptare dhe t\u00eb gjitha partit\u00eb q\u00eb mor\u00ebn pjes\u00eb n\u00eb protesta jan\u00eb angazhuar p\u00ebr komun\u00eb t\u00eb plot\u00eb t\u00eb Tuzit, kur UDSH-ja me nd\u00ebrmjet\u00ebsimin amerikan, ka p\u00ebrkrahur si zgjidhje kalimtare komun\u00ebn urbane t\u00eb draftit t\u00eb dyt\u00eb, me shum\u00eb m\u00eb tep\u00ebr elemente t\u00eb vet\u00ebqeverisjes lokale, n\u00eb kufijt\u00eb administrativ\u00eb q\u00eb p\u00ebrkojn\u00eb me ata etnik\u00eb.<br \/>\nNj\u00ebri prej elementeve q\u00eb e kishte shtyr\u00eb UDSH-n\u00eb q\u00eb t\u00eb p\u00ebrkrahte k\u00ebt\u00eb projekt-pilot ishte edhe ai se komuna e plot\u00eb e Tuzit asokohe do t\u00eb sillte n\u00eb pushtet n\u00eb Podgoric\u00eb partit\u00eb e protestave kund\u00ebr Kosov\u00ebs, partit\u00eb serbe e proserbe. Marrja e Podgoric\u00ebs do t\u00eb kishte rrezikuar edhe pushtetin n\u00eb nivel t\u00eb Malit t\u00eb Zi, at\u00eb pushtet i cili k\u00ebtyre dit\u00ebve ka njohur Kosov\u00ebn, duke u ballafaquar me protesta t\u00eb dhunshme t\u00eb partive q\u00eb p\u00ebrkrahin komun\u00ebn e plot\u00eb t\u00eb Tuzit! Dhuna dhe urrejtja ndaj shqiptar\u00ebve, e shprehur n\u00eb k\u00ebto protesta, tregon m\u00eb s\u00eb miri se qarin e komun\u00ebs s\u00eb plot\u00eb p\u00ebr Mal\u00ebsin\u00eb, t\u00eb b\u00ebr\u00eb n\u00eb pazarin me partit\u00eb serbe do e kishte ngr\u00ebn\u00eb qiraja rrug\u00ebs. Komuna e plot\u00eb duhet t\u00eb b\u00ebhet kur t\u00eb mos jet\u00eb qiraja aq e lart\u00eb dhe me forcat e pavar\u00ebsis\u00eb.<br \/>\nPra, si \u00ebsht\u00eb e mundur q\u00eb LD n\u00eb MZ dhe ASH ta mbajn\u00eb peng Mal\u00ebsin\u00eb me partin\u00eb, kryetari i s\u00eb cil\u00ebs ka derdhur aq shum\u00eb lot\u00eb k\u00ebtyre dit\u00ebve p\u00ebr Kosov\u00ebn?! Mua m\u00eb \u00e7udit m\u00eb shum\u00eb LD n\u00eb MZ, si parti e par\u00eb shqiptare, se lider\u00ebt e ASH jan\u00eb pjekur nga mosha para se t`u binte nd\u00ebrmend t\u00eb formonin parti shqiptare. Ata, madje, kan\u00eb ardhur n\u00eb pushtet, n\u00eb krah\u00ebt e manipulimit t\u00eb \u00e7\u00ebshtjes s\u00eb komun\u00ebs urbane, pas nj\u00eb fushate, gjat\u00eb t\u00eb cil\u00ebs jan\u00eb d\u00ebgjuar p\u00ebr t\u00eb par\u00ebn her\u00eb edhe ofendime nd\u00ebrshqiptare mbi baza fetare.<br \/>\nASH \u00ebsht\u00eb dalluar m\u00eb tep\u00ebr se LD n\u00eb MZ edhe n\u00eb disa momente ky\u00e7e t\u00eb proceseve demokratike n\u00eb Mal t\u00eb Zi. N\u00eb prag t\u00eb referendumit p\u00ebr pavar\u00ebsin\u00eb e Malit t\u00eb Zi nga radh\u00ebt e t\u00eb par\u00ebs jan\u00eb d\u00ebgjuar z\u00ebra p\u00ebr bojkot t\u00eb tij, derisa e dyta ka qen\u00eb asnjan\u00ebse. Vet\u00ebm UDSH e ka shprehur publikisht se pavar\u00ebsia e Malit t\u00eb Zi \u00ebsht\u00eb interes vital p\u00ebr shqiptar\u00ebt, gj\u00eb q\u00eb e kan\u00eb patur t\u00eb qart\u00eb t\u00eb gjith\u00eb shqiptar\u00ebt sepse e kan\u00eb p\u00ebrkrahur pavar\u00ebsin\u00eb. Po t\u00eb ishin sjell\u00eb si dy parti t\u00eb tyre, tjer\u00eb tupana kishin r\u00ebn\u00eb n\u00eb Dardani.<br \/>\nPartit\u00eb e tjera shqiptare, p\u00ebrve\u00e7 UDSH-s\u00eb, kan\u00eb favorizuar kandidatin e opozit\u00ebs, ose kan\u00eb qen\u00eb asnjan\u00ebse edhe n\u00eb prag t\u00eb zgjedhjeve t\u00eb fundit presidenciale. Kanakar i tyre ka qen\u00eb lideri i L\u00ebvizjes p\u00ebr Ndryshime, z. Medojeviq, i cili ka p\u00ebrkrahur projektet kund\u00ebr njohjes s\u00eb Kosov\u00ebs.<br \/>\nEdhe gjat\u00eb pun\u00ebs p\u00ebr nxjerrjen e Kushtetut\u00ebs s\u00eb re t\u00eb Malit t\u00eb Zi, q\u00eb \u00ebsht\u00eb hartuar n\u00ebn mbikqyrjen e ekspert\u00ebve europian\u00eb, LD n\u00eb MZ dhe ASH jan\u00eb rreshtuar n\u00eb an\u00ebn e opozit\u00ebs proserbe, duke tentuar t\u00eb molisnin forcat e pavar\u00ebsis\u00eb n\u00eb pushtet dhe duke bartur uj\u00eb n\u00eb mullirin e politikave serbe. UDSH -s\u00eb as k\u00ebsaj radhe, natyrisht, nuk i ka shkuar nd\u00ebrmend t\u00eb k\u00ebrkojn\u00eb m\u00eb shum\u00eb t\u00eb drejta p\u00ebr shqiptar\u00ebt n\u00eb sportelet e bosave serb\u00eb.<br \/>\nHajt se lidhur me pavar\u00ebsin\u00eb dhe me ngjarjet e tjera n\u00eb Mal t\u00eb Zi, por LD n\u00eb MZ dhe ASH nuk iu \u00e7kap\u00ebn opozit\u00ebs proserbe as kur ngjarjet e k\u00ebtushme lidhen drejtp\u00ebrs\u00ebdrejti me Kosov\u00ebn. Para se Qeveria t\u00eb merrte vendim p\u00ebr njohjen e Kosov\u00ebs, pozita malazeze (PDS e Gjukanoviqit dhe PSD e Krivokapiqit) i kishte propozuar Parlamentit rezolut\u00ebn p\u00ebr integrime q\u00eb hapte rrug\u00eb edhe p\u00ebr njohjen e Kosov\u00ebs.<br \/>\nE t\u00ebr\u00eb opozita duke nuhatur se \u00e7ka po ndodhte dhe duke e patur hal\u00eb n\u00eb sy njohjen e Kosov\u00ebs, kishte k\u00ebrkuar t\u00ebrheqjen nga procedura t\u00eb k\u00ebsaj rezolute dhe k\u00ebt\u00eb k\u00ebrkes\u00eb e kishin n\u00ebnshkruar t\u00eb gjith\u00eb lider\u00ebt e partive opozitare. Besoni a jo, n\u00ebnshkrimin n\u00eb k\u00ebt\u00eb k\u00ebrkes\u00eb e kishte v\u00ebn\u00eb edhe deputeti i ASH, z. Sinishtaj! Kryetari i LD n\u00eb MZ e deputet i saj, z. Bardhi edhe k\u00ebsaj here e kishte fshehur dor\u00ebn. N\u00eb k\u00ebrkes\u00eb figuronte vet\u00ebm emri i partis\u00eb s\u00eb tij.<br \/>\nPo t`ia kishte v\u00ebn\u00eb veshin pozita k\u00ebsaj k\u00ebrkese, kushedi kur e kishte njohur Mali i Zi Kosov\u00ebn dhe kushedi \u00e7far\u00eb kahjeje kishin marr\u00eb ngjarjet politike n\u00eb Mal t\u00eb Zi e n\u00eb rajon. Mir\u00eb se partit\u00eb serbe dhe ato t\u00eb krajlit kishin f\u00ebrkuar duart, po \u00e7`gazep kishte dyshja Sinishtaj &#8211; Bardhi p\u00ebr t`i p\u00ebrkrahur k\u00ebto parti e jo rezolut\u00ebn q\u00eb i hapte rrug\u00eb njohjes s\u00eb Kosov\u00ebs?!<br \/>\nA thua k\u00ebta t\u00eb dy vuajn\u00eb nga di\u00e7ka q\u00eb opinioni ende nuk e di?<br \/>\n\u00cbsht\u00eb evidente se sjelljet e k\u00ebtilla u kishin sjell\u00eb d\u00ebm t\u00eb pakompensuesh\u00ebm shqiptar\u00ebve n\u00eb Mal t\u00eb Zi dhe m\u00eb gjer\u00eb sikur t\u00eb mos ua kishte marr\u00eb an\u00ebn pozicionimi i sinqert\u00eb e pragmatik, realist e transparent, harmonizues e komb\u00ebtar i UDSH-s\u00eb n\u00eb sken\u00ebn politike t\u00eb Malit t\u00eb Zi. Pa k\u00ebt\u00eb pozicionim, t\u00eb konsultuar vazhdimisht me qendra t\u00eb tjera shqiptare dhe me faktorin nd\u00ebrkomb\u00ebtar, politikat shqiptare n\u00eb Mal t\u00eb Zi do t\u00eb kishin qen\u00eb vet\u00ebm m\u00eblmes\u00eb n\u00eb gjellrat e kuzhinave serbe.<br \/>\n\u00cbsht\u00eb e \u00e7uditshme, nga ana tjet\u00ebr, si sjelljet e sip\u00ebrp\u00ebrmendura nuk i kan\u00eb kritikuar asnj\u00ebher\u00eb intelektual\u00eb, gazetar\u00eb e veprimtar\u00eb t\u00eb mir\u00ebfillt\u00eb, as k\u00ebtu as n\u00eb diaspor\u00eb. P\u00ebrkundrazi, intelektual\u00eb, gazetar\u00eb e veprimtar\u00eb t\u00eb rr\u00ebjsh\u00ebm, k\u00ebtu e n\u00eb diaspor\u00eb, s\u00eb bashku me lider\u00eb t\u00eb caktuar t\u00eb LD n\u00eb MZ e t\u00eb ASH, jan\u00eb munduar koh\u00ebve t\u00eb fundit t\u00eb udh\u00ebheqin valle, t\u00eb cil\u00ebs ka mundur t`i shihej sherri edhe m\u00eb shum\u00eb se\u00e7 po ja shohin t\u00eb burgosurit e manipuluar t\u00eb Spuzh\u00ebs dhe familjar\u00ebt e tyre mal\u00ebsor\u00eb. N\u00eb epok\u00ebn e shqiptar\u00ebve q\u00eb \u00ebsht\u00eb para nesh ne nuk mund t\u00eb hyjm\u00eb pa e dalluar fytyr\u00ebn nga dyftyr\u00ebsia, t\u00eb v\u00ebrtet\u00ebn nga g\u00ebnjeshtra, t\u00eb mundshmen nga e pamundshmja, njeriun nga i panjeri\u2026Ne na duhet nj\u00eb katarz\u00eb e brendshme p\u00ebr t\u00eb evituar d\u00ebmin q\u00eb \u00ebsht\u00eb b\u00ebr\u00eb n\u00eb kontaktet tona brendashqiptare nga grupe me borxhe t\u00eb vjetra, t\u00eb cilat n\u00eb nj\u00eb faz\u00eb, duke u sh\u00ebrbyer me t\u00eb pav\u00ebrteta t\u00eb paskrupullta, ia kishin dal\u00eb t\u00eb manipulonin me nj\u00eb pjes\u00eb t\u00eb mas\u00ebs son\u00eb t\u00eb ndershme e t\u00eb sinqert\u00eb, por na\u00efve, duke ua lavd\u00ebruar dor\u00ebz\u00ebn e thik\u00ebs, tehun e s\u00eb cil\u00ebs e kishin mprehur p\u00ebr shpatullat tona.<br \/>\n\u00cbsht\u00eb koha t\u00eb ndahet shapi nga sheqeri, e v\u00ebrteta nga e pav\u00ebrteta, dija nga injoranca. \u00cbsht\u00eb koha t\u00eb jepet llogari p\u00ebr sjelljet tona n\u00eb m\u00ebnyr\u00eb q\u00eb vet\u00ebm argumenti t\u00eb na sh\u00ebrbej\u00eb p\u00ebr kontakte t\u00eb nd\u00ebrsjella dhe p\u00ebr ruajtjen e heterogjenis\u00eb fetare brenda organizmit ton\u00eb t\u00eb vet\u00ebm komb\u00ebtar. Vet\u00ebm argumenti t\u00eb na sh\u00ebrbej\u00eb p\u00ebr t\u00eb punuar tutje n\u00eb faktorizimin e shqiptar\u00ebve n\u00eb Mal t\u00eb Zi n\u00eb situat\u00ebn e marr\u00ebdh\u00ebnieve t\u00eb reja n\u00eb Ballkan, me t\u00eb cil\u00ebn s`kemi pse t\u00eb jemi t\u00eb pak\u00ebnaqur. Me shtetin e ri t\u00eb Kosov\u00ebs, me Shqip\u00ebrin\u00eb n\u00eb NATO, me Malin e Zi pa Serbi, me ruajtjen e miq\u00ebsis\u00eb shqiptaro-amerikane, s`kemi pse t\u00eb druajm\u00eb p\u00ebr t\u00eb ardhmen.<br \/>\n<strong>Ferhat Dinosha<br \/>\nKoha Javore<\/strong><\/p>\n","protected":false},"excerpt":{"rendered":"<p>T\u00eb ndahet shapi nga sheqeri Njohja e Kosov\u00ebs s\u00eb Pavarur nga Ana e Qeveris\u00eb s\u00eb Malit t\u00eb Zi ka rentgenizuar m\u00eb s\u00eb miri sken\u00ebn e k\u00ebtushme politike dhe subjektet q\u00eb e b\u00ebjn\u00eb at\u00eb. Duke ditur se Kosova n\u00eb fundshekullin e shkuar dhe n\u00eb fillim t\u00eb k\u00ebtij shekulli ka qen\u00eb kauza nr. 1 e shqiptar\u00ebve n\u00eb [&hellip;]<\/p>\n","protected":false},"author":1,"featured_media":0,"comment_status":"open","ping_status":"closed","sticky":false,"template":"","format":"standard","meta":{"spay_email":"","jetpack_publicize_message":"","jetpack_is_tweetstorm":false,"jetpack_publicize_feature_enabled":true},"categories":[6],"tags":[97,688,2394],"jetpack_publicize_connections":[],"yoast_head":"<!-- This site is optimized with the Yoast SEO plugin v19.1 - https:\/\/yoast.com\/wordpress\/plugins\/seo\/ -->\n<title>Alternativat shqiptare dhe opozita serbe - Lajme nga Ulqini<\/title>\n<meta name=\"description\" content=\"T\u00eb ndahet shapi nga sheqeri Njohja e Kosov\u00ebs s\u00eb Pavarur nga Ana e Qeveris\u00eb s\u00eb Malit t\u00eb Zi ka rentgenizuar m\u00eb s\u00eb miri sken\u00ebn e k\u00ebtushme politike dhe\" \/>\n<meta name=\"robots\" content=\"index, follow, max-snippet:-1, max-image-preview:large, max-video-preview:-1\" \/>\n<link rel=\"canonical\" href=\"https:\/\/www.visit-ulcinj.com\/blog\/2008\/11\/06\/alternativat-shqiptare-dhe-opozita-serbe\/\" \/>\n<meta property=\"og:locale\" content=\"en_US\" \/>\n<meta property=\"og:type\" content=\"article\" \/>\n<meta property=\"og:title\" content=\"Alternativat shqiptare dhe opozita serbe - Lajme nga Ulqini\" \/>\n<meta property=\"og:description\" content=\"T\u00eb ndahet shapi nga sheqeri Njohja e Kosov\u00ebs s\u00eb Pavarur nga Ana e Qeveris\u00eb s\u00eb Malit t\u00eb Zi ka rentgenizuar m\u00eb s\u00eb miri sken\u00ebn e k\u00ebtushme politike dhe\" \/>\n<meta property=\"og:url\" content=\"https:\/\/www.visit-ulcinj.com\/blog\/2008\/11\/06\/alternativat-shqiptare-dhe-opozita-serbe\/\" \/>\n<meta property=\"og:site_name\" content=\"Lajme nga Ulqini\" \/>\n<meta property=\"article:published_time\" content=\"2008-11-06T17:31:31+00:00\" \/>\n<meta property=\"og:image\" content=\"http:\/\/www.visit-ulcinj.com\/blog\/wp-content\/uploads\/2008\/11\/alternativa2-300x217.jpg\" \/>\n<meta name=\"twitter:label1\" content=\"Written by\" \/>\n\t<meta name=\"twitter:data1\" content=\"ulqini\" \/>\n\t<meta name=\"twitter:label2\" content=\"Est. reading time\" \/>\n\t<meta name=\"twitter:data2\" content=\"8 minutes\" \/>\n<script type=\"application\/ld+json\" class=\"yoast-schema-graph\">{\"@context\":\"https:\/\/schema.org\",\"@graph\":[{\"@type\":\"WebSite\",\"@id\":\"https:\/\/www.visit-ulcinj.com\/blog\/#website\",\"url\":\"https:\/\/www.visit-ulcinj.com\/blog\/\",\"name\":\"Lajme nga Ulqini\",\"description\":\"Lajme,Vijesti,Ulqini,Ulqin,Crna Gora,Mali i Zi\",\"potentialAction\":[{\"@type\":\"SearchAction\",\"target\":{\"@type\":\"EntryPoint\",\"urlTemplate\":\"https:\/\/www.visit-ulcinj.com\/blog\/?s={search_term_string}\"},\"query-input\":\"required name=search_term_string\"}],\"inLanguage\":\"en-US\"},{\"@type\":\"ImageObject\",\"inLanguage\":\"en-US\",\"@id\":\"https:\/\/www.visit-ulcinj.com\/blog\/2008\/11\/06\/alternativat-shqiptare-dhe-opozita-serbe\/#primaryimage\",\"url\":\"http:\/\/www.visit-ulcinj.com\/blog\/wp-content\/uploads\/2008\/11\/alternativa2-300x217.jpg\",\"contentUrl\":\"http:\/\/www.visit-ulcinj.com\/blog\/wp-content\/uploads\/2008\/11\/alternativa2-300x217.jpg\"},{\"@type\":\"WebPage\",\"@id\":\"https:\/\/www.visit-ulcinj.com\/blog\/2008\/11\/06\/alternativat-shqiptare-dhe-opozita-serbe\/#webpage\",\"url\":\"https:\/\/www.visit-ulcinj.com\/blog\/2008\/11\/06\/alternativat-shqiptare-dhe-opozita-serbe\/\",\"name\":\"Alternativat shqiptare dhe opozita serbe - Lajme nga Ulqini\",\"isPartOf\":{\"@id\":\"https:\/\/www.visit-ulcinj.com\/blog\/#website\"},\"primaryImageOfPage\":{\"@id\":\"https:\/\/www.visit-ulcinj.com\/blog\/2008\/11\/06\/alternativat-shqiptare-dhe-opozita-serbe\/#primaryimage\"},\"datePublished\":\"2008-11-06T17:31:31+00:00\",\"dateModified\":\"2008-11-06T17:31:31+00:00\",\"author\":{\"@id\":\"https:\/\/www.visit-ulcinj.com\/blog\/#\/schema\/person\/dcab619c614d3038751c63bc2aadc06d\"},\"description\":\"T\u00eb ndahet shapi nga sheqeri Njohja e Kosov\u00ebs s\u00eb Pavarur nga Ana e Qeveris\u00eb s\u00eb Malit t\u00eb Zi ka rentgenizuar m\u00eb s\u00eb miri sken\u00ebn e k\u00ebtushme politike dhe\",\"breadcrumb\":{\"@id\":\"https:\/\/www.visit-ulcinj.com\/blog\/2008\/11\/06\/alternativat-shqiptare-dhe-opozita-serbe\/#breadcrumb\"},\"inLanguage\":\"en-US\",\"potentialAction\":[{\"@type\":\"ReadAction\",\"target\":[\"https:\/\/www.visit-ulcinj.com\/blog\/2008\/11\/06\/alternativat-shqiptare-dhe-opozita-serbe\/\"]}]},{\"@type\":\"BreadcrumbList\",\"@id\":\"https:\/\/www.visit-ulcinj.com\/blog\/2008\/11\/06\/alternativat-shqiptare-dhe-opozita-serbe\/#breadcrumb\",\"itemListElement\":[{\"@type\":\"ListItem\",\"position\":1,\"name\":\"Alternativat shqiptare dhe opozita serbe\"}]},{\"@type\":\"Person\",\"@id\":\"https:\/\/www.visit-ulcinj.com\/blog\/#\/schema\/person\/dcab619c614d3038751c63bc2aadc06d\",\"name\":\"ulqini\",\"sameAs\":[\"http:\/\/www.visit-ulcinj.com\"],\"url\":\"https:\/\/www.visit-ulcinj.com\/blog\/author\/admin\/\"}]}<\/script>\n<!-- \/ Yoast SEO plugin. -->","yoast_head_json":{"title":"Alternativat shqiptare dhe opozita serbe - Lajme nga Ulqini","description":"T\u00eb ndahet shapi nga sheqeri Njohja e Kosov\u00ebs s\u00eb Pavarur nga Ana e Qeveris\u00eb s\u00eb Malit t\u00eb Zi ka rentgenizuar m\u00eb s\u00eb miri sken\u00ebn e k\u00ebtushme politike dhe","robots":{"index":"index","follow":"follow","max-snippet":"max-snippet:-1","max-image-preview":"max-image-preview:large","max-video-preview":"max-video-preview:-1"},"canonical":"https:\/\/www.visit-ulcinj.com\/blog\/2008\/11\/06\/alternativat-shqiptare-dhe-opozita-serbe\/","og_locale":"en_US","og_type":"article","og_title":"Alternativat shqiptare dhe opozita serbe - Lajme nga Ulqini","og_description":"T\u00eb ndahet shapi nga sheqeri Njohja e Kosov\u00ebs s\u00eb Pavarur nga Ana e Qeveris\u00eb s\u00eb Malit t\u00eb Zi ka rentgenizuar m\u00eb s\u00eb miri sken\u00ebn e k\u00ebtushme politike dhe","og_url":"https:\/\/www.visit-ulcinj.com\/blog\/2008\/11\/06\/alternativat-shqiptare-dhe-opozita-serbe\/","og_site_name":"Lajme nga Ulqini","article_published_time":"2008-11-06T17:31:31+00:00","og_image":[{"url":"http:\/\/www.visit-ulcinj.com\/blog\/wp-content\/uploads\/2008\/11\/alternativa2-300x217.jpg"}],"twitter_misc":{"Written by":"ulqini","Est. reading time":"8 minutes"},"schema":{"@context":"https:\/\/schema.org","@graph":[{"@type":"WebSite","@id":"https:\/\/www.visit-ulcinj.com\/blog\/#website","url":"https:\/\/www.visit-ulcinj.com\/blog\/","name":"Lajme nga Ulqini","description":"Lajme,Vijesti,Ulqini,Ulqin,Crna Gora,Mali i Zi","potentialAction":[{"@type":"SearchAction","target":{"@type":"EntryPoint","urlTemplate":"https:\/\/www.visit-ulcinj.com\/blog\/?s={search_term_string}"},"query-input":"required name=search_term_string"}],"inLanguage":"en-US"},{"@type":"ImageObject","inLanguage":"en-US","@id":"https:\/\/www.visit-ulcinj.com\/blog\/2008\/11\/06\/alternativat-shqiptare-dhe-opozita-serbe\/#primaryimage","url":"http:\/\/www.visit-ulcinj.com\/blog\/wp-content\/uploads\/2008\/11\/alternativa2-300x217.jpg","contentUrl":"http:\/\/www.visit-ulcinj.com\/blog\/wp-content\/uploads\/2008\/11\/alternativa2-300x217.jpg"},{"@type":"WebPage","@id":"https:\/\/www.visit-ulcinj.com\/blog\/2008\/11\/06\/alternativat-shqiptare-dhe-opozita-serbe\/#webpage","url":"https:\/\/www.visit-ulcinj.com\/blog\/2008\/11\/06\/alternativat-shqiptare-dhe-opozita-serbe\/","name":"Alternativat shqiptare dhe opozita serbe - Lajme nga Ulqini","isPartOf":{"@id":"https:\/\/www.visit-ulcinj.com\/blog\/#website"},"primaryImageOfPage":{"@id":"https:\/\/www.visit-ulcinj.com\/blog\/2008\/11\/06\/alternativat-shqiptare-dhe-opozita-serbe\/#primaryimage"},"datePublished":"2008-11-06T17:31:31+00:00","dateModified":"2008-11-06T17:31:31+00:00","author":{"@id":"https:\/\/www.visit-ulcinj.com\/blog\/#\/schema\/person\/dcab619c614d3038751c63bc2aadc06d"},"description":"T\u00eb ndahet shapi nga sheqeri Njohja e Kosov\u00ebs s\u00eb Pavarur nga Ana e Qeveris\u00eb s\u00eb Malit t\u00eb Zi ka rentgenizuar m\u00eb s\u00eb miri sken\u00ebn e k\u00ebtushme politike dhe","breadcrumb":{"@id":"https:\/\/www.visit-ulcinj.com\/blog\/2008\/11\/06\/alternativat-shqiptare-dhe-opozita-serbe\/#breadcrumb"},"inLanguage":"en-US","potentialAction":[{"@type":"ReadAction","target":["https:\/\/www.visit-ulcinj.com\/blog\/2008\/11\/06\/alternativat-shqiptare-dhe-opozita-serbe\/"]}]},{"@type":"BreadcrumbList","@id":"https:\/\/www.visit-ulcinj.com\/blog\/2008\/11\/06\/alternativat-shqiptare-dhe-opozita-serbe\/#breadcrumb","itemListElement":[{"@type":"ListItem","position":1,"name":"Alternativat shqiptare dhe opozita serbe"}]},{"@type":"Person","@id":"https:\/\/www.visit-ulcinj.com\/blog\/#\/schema\/person\/dcab619c614d3038751c63bc2aadc06d","name":"ulqini","sameAs":["http:\/\/www.visit-ulcinj.com"],"url":"https:\/\/www.visit-ulcinj.com\/blog\/author\/admin\/"}]}},"jetpack_featured_media_url":"","jetpack_sharing_enabled":true,"jetpack_shortlink":"https:\/\/wp.me\/pe6lTn-1r5","_links":{"self":[{"href":"https:\/\/www.visit-ulcinj.com\/blog\/wp-json\/wp\/v2\/posts\/5523"}],"collection":[{"href":"https:\/\/www.visit-ulcinj.com\/blog\/wp-json\/wp\/v2\/posts"}],"about":[{"href":"https:\/\/www.visit-ulcinj.com\/blog\/wp-json\/wp\/v2\/types\/post"}],"author":[{"embeddable":true,"href":"https:\/\/www.visit-ulcinj.com\/blog\/wp-json\/wp\/v2\/users\/1"}],"replies":[{"embeddable":true,"href":"https:\/\/www.visit-ulcinj.com\/blog\/wp-json\/wp\/v2\/comments?post=5523"}],"version-history":[{"count":0,"href":"https:\/\/www.visit-ulcinj.com\/blog\/wp-json\/wp\/v2\/posts\/5523\/revisions"}],"wp:attachment":[{"href":"https:\/\/www.visit-ulcinj.com\/blog\/wp-json\/wp\/v2\/media?parent=5523"}],"wp:term":[{"taxonomy":"category","embeddable":true,"href":"https:\/\/www.visit-ulcinj.com\/blog\/wp-json\/wp\/v2\/categories?post=5523"},{"taxonomy":"post_tag","embeddable":true,"href":"https:\/\/www.visit-ulcinj.com\/blog\/wp-json\/wp\/v2\/tags?post=5523"}],"curies":[{"name":"wp","href":"https:\/\/api.w.org\/{rel}","templated":true}]}}