{"id":55232,"date":"2011-12-29T18:33:17","date_gmt":"2011-12-29T17:33:17","guid":{"rendered":"http:\/\/www.visit-ulcinj.com\/blog\/?p=55232"},"modified":"2011-12-29T18:33:17","modified_gmt":"2011-12-29T17:33:17","slug":"ne-pristaju-na-zabranu-albanske-zastave","status":"publish","type":"post","link":"https:\/\/www.visit-ulcinj.com\/blog\/2011\/12\/29\/ne-pristaju-na-zabranu-albanske-zastave\/","title":{"rendered":"Ne pristaju na zabranu albanske zastave"},"content":{"rendered":"<p><strong><a href=\"http:\/\/www.visit-ulcinj.com\/blog\/wp-content\/uploads\/2011\/12\/Dvjesta-Albanaca-protestovalo-u-Tuzima.jpg\"><img loading=\"lazy\" class=\"alignleft  wp-image-55241\" title=\"Dvjesta Albanaca protestovalo u Tuzima\" src=\"http:\/\/www.visit-ulcinj.com\/blog\/wp-content\/uploads\/2011\/12\/Dvjesta-Albanaca-protestovalo-u-Tuzima.jpg\" alt=\"\" width=\"508\" height=\"380\" srcset=\"https:\/\/www.visit-ulcinj.com\/blog\/wp-content\/uploads\/2011\/12\/Dvjesta-Albanaca-protestovalo-u-Tuzima.jpg 800w, https:\/\/www.visit-ulcinj.com\/blog\/wp-content\/uploads\/2011\/12\/Dvjesta-Albanaca-protestovalo-u-Tuzima-300x225.jpg 300w\" sizes=\"(max-width: 508px) 100vw, 508px\" \/><\/a>Uz najavu da \u0107e nastaviti sa protestima, oko dvjesta gra\u0111ana Tuzi poru\u010dilo<\/strong><\/p>\n<p>Oko dvjesta Albanaca protestovalo je ju\u010de u Tuzima protive\u0107i se Zakonu o javnom redu i miru i zabrani no\u0161enja i isticanja nacionalnih zastava. Mirne proteste, koje je nadgledalo oko pedesetak policajaca, organizovao je Demokratski forum Albanaca u Crnoj Gori. Na protestu su se vijorile albanske zastave, uz poruke na albanskom jeziku \u201eNe diraj mi zastavu\u201c, \u201ePrestanite sa plja\u010dkanjem na\u0161ih imanja\u201c i \u201eOp\u0161tini DA, referendumu NE\u201c.<br \/>\nJedan od osniva\u010da Demokratskog foruma Albanaca u Crnoj Gori Vaselj Camaj kazao je da protest organizuje jedna nova organizacija koja je shvatila da Albanci nijesu uspjevali da kroz institucije sistema ostvare ono \u0161to su zahtijevali i \u0161to su njihova prava.<\/p>\n<p>\u2013Albanci ne zahtijevaju ni\u0161ta drugo ve\u0107 samo ono \u0161to im pripada po me\u0111unarodnim konvencijama \u2013 pravo na op\u0161tinu, a zahtjev Malesije povodom toga je dosta dug. Imali smo obe\u0107anja od ovog re\u017eima, kad god su im trebali glasovi, da \u0107emo dobiti op\u0161tinu Malesiju. Pored toga, \u010dujemo da su ukinuta i neka ste\u010dena prava Albanaca, poput prava na odre\u0111eni broj poslanika u parlamentu \u2013 rekao je Camaj.<br \/>\nOn je poru\u010dio da je novi zakon o nacionalnim simbolima za Albance neprihvatljiv.<br \/>\n\u2013Simbole koje smo nosili 500 godina niko ne\u0107e mo\u0107i da ukine. Naravno, to je ne\u0161to \u0161to evropska demokratija ne prepoznaje. Ne znamo za\u0161to neko poku\u0161ava da izazove Albance. Iza\u0161li smo da poru\u010dimo da ne\u0107emo prihvatiti takav na\u010din diskriminacije. Nastavi\u0107emo sa protestima. Mislim da \u0107e se neke stvari u me\u0111uvremenu i promijeniti, jer idemo prema Evropskoj uniji. Evropska unija \u0107e kroz procese pro\u010distiti diktaturu u Crnoj Gori. Da\u0107emo doprinos da se cjelokupno dru\u0161tvo u Crnoj Gori demokratizuje \u2013 rekao je Camaj.<\/p>\n<p>On je dodao da nemaju ni\u0161ta protiv podr\u0161ke Srpske liste.<br \/>\n\u2013 Apsolutno \u017eelimo podr\u0161ku svih, jer Crnu Goru vidimo kao nedjeljivu. Podjele odgovaraju samo partijama na vlasti. Kao Albanci nikada nijesmo imali ni\u0161ta protiv bilo koga. Po\u0161tovali smo sve u Crnoj Gori, a za ovu dr\u017eavu smo i glasali. Po\u0161tujemo prava Srba, Crnogoraca, Bo\u0161njaka, Hrvata i ostalih, i \u017eelimo da \u017eivimo u takvoj dr\u017eavi. Zasad ne planiramo da osnujemo politi\u010dku partiju. Albanske partije su za proteklih 20 godina ne\u0161to poku\u0161avale da urade, ali ne i u dovoljnoj mjeri, jer smo imali slu\u010dajeva da je partija na vlasti potkupila neke na\u0161e lidere. Ipak, mislimo da su pokreti najbolji za rje\u0161avanje pitanja kao \u0161to su op\u0161tina, upotreba nacionalnih simbola i jo\u0161 neki problemi sa kojima se suo\u010davamo. Imamo problema sa vlasni\u0161tvom. Poku\u0161avaju da nam oduzmu zemlju. Kroz demokratizaciju Crne Gore uspje\u0107emo da rije\u0161imo na\u0161e probleme \u2013 rekao je Camaj.<br \/>\nPoslanik Force Genci Nimanbegu naglasio je da njegova partija daje podr\u0161ku opravdanim zahtjevima za ispravljanje dugogodi\u0161njih nepravdi.<br \/>\n\u2013Dobro osje\u0107amo nepravde koje su u\u010dinjene, pogotovo u Ulcinju, usled restitucije i problema sa \u201eMorskim dobrom\u201d. Nije bitan broj u\u010desnika, ve\u0107 to da samo ujedinjeni u zahtjevima mo\u017eemo do\u0107i do rje\u0161avanja na\u0161ih opravdanih zahtjeva\u2013 kazao je Nimanbegu.<br \/>\nOdbornik Gra\u0111anske inicijative Smailj \u010cunmuljaj podr\u017eao je protest \u201ejer su nam neke stvari toliko odmakle kada su u pitanju prava, jednakost i pravednost\u201d.<br \/>\n\u2013Ne znam kuda vi\u0161e idu tretiranja prava nacionalnih manjina u Crnoj Gori, posebno autohtonih. Ako se ne bude i\u0161lo ka implementaciji i primjenjivanju svega \u0161to je zacrtano zakonom, ovakvi vidovi izra\u017eavanja nezadovoljstva bi\u0107e jedino rje\u0161enje \u2013 rekao je \u010cunmuljaj.<br \/>\nOdbornik Demokratskog saveza u Skup\u0161tini gradske op\u0161tine Tuzi Nikola Camaj ocijenio je da su Albanci obespravljeni.<br \/>\n\u2013To govorimo ve\u0107 20 godina, ali ne uspijevamo da rije\u0161imo stvar. Nadamo se da \u0107e do\u0107i bolji dani i da \u0107e ve\u0107 2012. godina biti bolja po tom pitanju \u2013 rekao je Camaj.<br \/>\n<strong>P.DABANOVI\u0106<\/strong><\/p>\n<p><strong>Uskoro najve\u0107i protesti<\/strong><br \/>\nOdbornik Albanske alternative u parlamentu gradske op\u0161tine Tuzi Marko Ljuc\u0111onaj kazao je da je njegova partija i ranije ukazivala da se na proteste ne\u0107e odazvati puno ljudi.<br \/>\n\u2013Ovo je velika stvar i treba da se dobro organizuje. I dalje mislimo da je trebalo da sve albanske partije, u Malesiji, Ulcinju i gdje god da \u017eive Albanci, zajedni\u010dki organizuju prosteste i upute jasnu poruku. Ovo nije samo problem Malesije, ve\u0107 i svih Albanaca u Crnoj Gori. Albanska alternativa \u0107e uskoro, u saradnji sa ostalim partijama, ako bude dogovora, organizovati mnogo ve\u0107e proteste \u2013najavio je Ljuc\u0111onaj.<\/p>\n<p><strong> SNP: Vlast izigrala Albance<\/strong><br \/>\nOdbornik SNP-a u Skup\u0161tini Glavnog grada Kolja Ljulj\u0111uraj kazao je da ta partija podr\u017eava protest u Tuzima.<br \/>\n\u2013Uz crnogorsku zastavu treba da ide nacionalna albanska zastava tamo gdje \u017eivi albanska manjina. Ljudi na ovim prostorima podr\u017eavaju proteste. Vlast je izigrala narod Malesije, jer im je obe\u0107ala punopravnu op\u0161tinu, ali su samo manipulisali tim pitanjem na referendumu i izborima. SNP, kao gra\u0111anska partija, zala\u017ee se za samostalnu op\u0161tinu Tuzi. Ovdje se svi zala\u017eemo za razvoj kraja, pogotovo da op\u0161tine Malesija i Zeta budu samostalne \u2013 kazao je Ljulj\u0111uraj.<\/p>\n<p><strong> Holaj: Da odlu\u010de manjine a ne ve\u0107ina<\/strong><br \/>\nPoslanik koalicije Perspektiva Amir Holaj podr\u017eava proteste i poru\u010duje da je krajnje vrijeme da se neke stvari rje\u0161avaju.<br \/>\n\u2013Ako se ti problemi ne mogu rje\u0161avati na demokratski na\u010din, preko na\u0161ih poslanika u crnogorskom parlamentu, onda treba dati ostale signale. Kr\u0161e se ona prava koja su garantovana Ustavom Crne Gore i me\u0111unarodnim dokumentima. Mislim da ovo treba shvatiti kao signal da smo nezadovoljni novim zakonima koji se usvajaju u parlamentu Crne Gore. Nije u pitanju nepovjerenje prema institucijama, naprotiv, samo ih upozoravamo da treba da povedu ra\u010duna. U ovom slu\u010daju ne mo\u017ee da odlu\u010duje ve\u0107ina, ve\u0107 manjina \u2013smatra Holaj.<\/p>\n<p><strong><a href=\"http:\/\/www.dan.co.me\/?nivo=3&amp;rubrika=Politika&amp;datum=2011-12-29&amp;clanak=313572\" target=\"_blank\">Izvor\u00a0: DAN<\/a><br \/>\n\n\t\t<style type=\"text\/css\">\n\t\t\t#gallery-1 {\n\t\t\t\tmargin: auto;\n\t\t\t}\n\t\t\t#gallery-1 .gallery-item {\n\t\t\t\tfloat: left;\n\t\t\t\tmargin-top: 10px;\n\t\t\t\ttext-align: center;\n\t\t\t\twidth: 33%;\n\t\t\t}\n\t\t\t#gallery-1 img {\n\t\t\t\tborder: 2px solid #cfcfcf;\n\t\t\t}\n\t\t\t#gallery-1 .gallery-caption {\n\t\t\t\tmargin-left: 0;\n\t\t\t}\n\t\t\t\/* see gallery_shortcode() in wp-includes\/media.php *\/\n\t\t<\/style>\n\t\t<div id='gallery-1' class='gallery galleryid-55232 gallery-columns-3 gallery-size-thumbnail'><dl class='gallery-item'>\n\t\t\t<dt class='gallery-icon portrait'>\n\t\t\t\t<a href='https:\/\/www.visit-ulcinj.com\/blog\/wp-content\/uploads\/2011\/12\/Amir-Hollaj_dvjesta-Albanaca-protestovalo-u-Tuzima.jpg'><img width=\"150\" height=\"150\" src=\"https:\/\/www.visit-ulcinj.com\/blog\/wp-content\/uploads\/2011\/12\/Amir-Hollaj_dvjesta-Albanaca-protestovalo-u-Tuzima-150x150.jpg\" class=\"attachment-thumbnail size-thumbnail\" alt=\"\" loading=\"lazy\" \/><\/a>\n\t\t\t<\/dt><\/dl><dl class='gallery-item'>\n\t\t\t<dt class='gallery-icon landscape'>\n\t\t\t\t<a href='https:\/\/www.visit-ulcinj.com\/blog\/wp-content\/uploads\/2011\/12\/Dvjesta-Albanaca-protestovalo-u-Tuzima.1.jpg'><img width=\"150\" height=\"150\" src=\"https:\/\/www.visit-ulcinj.com\/blog\/wp-content\/uploads\/2011\/12\/Dvjesta-Albanaca-protestovalo-u-Tuzima.1-150x150.jpg\" class=\"attachment-thumbnail size-thumbnail\" alt=\"\" loading=\"lazy\" \/><\/a>\n\t\t\t<\/dt><\/dl><dl class='gallery-item'>\n\t\t\t<dt class='gallery-icon landscape'>\n\t\t\t\t<a href='https:\/\/www.visit-ulcinj.com\/blog\/wp-content\/uploads\/2011\/12\/Dvjesta-Albanaca-protestovalo-u-Tuzima.2.jpg'><img width=\"150\" height=\"150\" src=\"https:\/\/www.visit-ulcinj.com\/blog\/wp-content\/uploads\/2011\/12\/Dvjesta-Albanaca-protestovalo-u-Tuzima.2-150x150.jpg\" class=\"attachment-thumbnail size-thumbnail\" alt=\"\" loading=\"lazy\" \/><\/a>\n\t\t\t<\/dt><\/dl><br style=\"clear: both\" \/><dl class='gallery-item'>\n\t\t\t<dt class='gallery-icon landscape'>\n\t\t\t\t<a href='https:\/\/www.visit-ulcinj.com\/blog\/wp-content\/uploads\/2011\/12\/Dvjesta-Albanaca-protestovalo-u-Tuzima.3.jpg'><img width=\"150\" height=\"150\" src=\"https:\/\/www.visit-ulcinj.com\/blog\/wp-content\/uploads\/2011\/12\/Dvjesta-Albanaca-protestovalo-u-Tuzima.3-150x150.jpg\" class=\"attachment-thumbnail size-thumbnail\" alt=\"\" loading=\"lazy\" \/><\/a>\n\t\t\t<\/dt><\/dl><dl class='gallery-item'>\n\t\t\t<dt class='gallery-icon landscape'>\n\t\t\t\t<a href='https:\/\/www.visit-ulcinj.com\/blog\/wp-content\/uploads\/2011\/12\/Dvjesta-Albanaca-protestovalo-u-Tuzima.4.jpg'><img width=\"150\" height=\"150\" src=\"https:\/\/www.visit-ulcinj.com\/blog\/wp-content\/uploads\/2011\/12\/Dvjesta-Albanaca-protestovalo-u-Tuzima.4-150x150.jpg\" class=\"attachment-thumbnail size-thumbnail\" alt=\"\" loading=\"lazy\" \/><\/a>\n\t\t\t<\/dt><\/dl><dl class='gallery-item'>\n\t\t\t<dt class='gallery-icon landscape'>\n\t\t\t\t<a href='https:\/\/www.visit-ulcinj.com\/blog\/wp-content\/uploads\/2011\/12\/Dvjesta-Albanaca-protestovalo-u-Tuzima.5.jpg'><img width=\"150\" height=\"150\" src=\"https:\/\/www.visit-ulcinj.com\/blog\/wp-content\/uploads\/2011\/12\/Dvjesta-Albanaca-protestovalo-u-Tuzima.5-150x150.jpg\" class=\"attachment-thumbnail size-thumbnail\" alt=\"\" loading=\"lazy\" \/><\/a>\n\t\t\t<\/dt><\/dl><br style=\"clear: both\" \/><dl class='gallery-item'>\n\t\t\t<dt class='gallery-icon portrait'>\n\t\t\t\t<a href='https:\/\/www.visit-ulcinj.com\/blog\/wp-content\/uploads\/2011\/12\/Dvjesta-Albanaca-protestovalo-u-Tuzima.6.jpg'><img width=\"150\" height=\"150\" src=\"https:\/\/www.visit-ulcinj.com\/blog\/wp-content\/uploads\/2011\/12\/Dvjesta-Albanaca-protestovalo-u-Tuzima.6-150x150.jpg\" class=\"attachment-thumbnail size-thumbnail\" alt=\"\" loading=\"lazy\" \/><\/a>\n\t\t\t<\/dt><\/dl><dl class='gallery-item'>\n\t\t\t<dt class='gallery-icon landscape'>\n\t\t\t\t<a href='https:\/\/www.visit-ulcinj.com\/blog\/wp-content\/uploads\/2011\/12\/Dvjesta-Albanaca-protestovalo-u-Tuzima.jpg'><img width=\"150\" height=\"150\" src=\"https:\/\/www.visit-ulcinj.com\/blog\/wp-content\/uploads\/2011\/12\/Dvjesta-Albanaca-protestovalo-u-Tuzima-150x150.jpg\" class=\"attachment-thumbnail size-thumbnail\" alt=\"\" loading=\"lazy\" \/><\/a>\n\t\t\t<\/dt><\/dl><dl class='gallery-item'>\n\t\t\t<dt class='gallery-icon portrait'>\n\t\t\t\t<a href='https:\/\/www.visit-ulcinj.com\/blog\/wp-content\/uploads\/2011\/12\/Genci-Nimanbegu-Dvjesta-Albanaca-protestovalo-u-Tuzima.3.jpg'><img width=\"150\" height=\"150\" src=\"https:\/\/www.visit-ulcinj.com\/blog\/wp-content\/uploads\/2011\/12\/Genci-Nimanbegu-Dvjesta-Albanaca-protestovalo-u-Tuzima.3-150x150.jpg\" class=\"attachment-thumbnail size-thumbnail\" alt=\"\" loading=\"lazy\" \/><\/a>\n\t\t\t<\/dt><\/dl><br style=\"clear: both\" \/><dl class='gallery-item'>\n\t\t\t<dt class='gallery-icon portrait'>\n\t\t\t\t<a href='https:\/\/www.visit-ulcinj.com\/blog\/wp-content\/uploads\/2011\/12\/Genci-Nimanbegu-Dvjesta-Albanaca-protestovalo-u-Tuzima.4.jpg'><img width=\"150\" height=\"150\" src=\"https:\/\/www.visit-ulcinj.com\/blog\/wp-content\/uploads\/2011\/12\/Genci-Nimanbegu-Dvjesta-Albanaca-protestovalo-u-Tuzima.4-150x150.jpg\" class=\"attachment-thumbnail size-thumbnail\" alt=\"\" loading=\"lazy\" \/><\/a>\n\t\t\t<\/dt><\/dl><dl class='gallery-item'>\n\t\t\t<dt class='gallery-icon landscape'>\n\t\t\t\t<a href='https:\/\/www.visit-ulcinj.com\/blog\/wp-content\/uploads\/2011\/12\/Nikoll-Camaj-Dvjesta-Albanaca-protestovalo-u-Tuzima.jpg'><img width=\"150\" height=\"150\" src=\"https:\/\/www.visit-ulcinj.com\/blog\/wp-content\/uploads\/2011\/12\/Nikoll-Camaj-Dvjesta-Albanaca-protestovalo-u-Tuzima-150x150.jpg\" class=\"attachment-thumbnail size-thumbnail\" alt=\"\" loading=\"lazy\" \/><\/a>\n\t\t\t<\/dt><\/dl><dl class='gallery-item'>\n\t\t\t<dt class='gallery-icon landscape'>\n\t\t\t\t<a href='https:\/\/www.visit-ulcinj.com\/blog\/wp-content\/uploads\/2011\/12\/Dvjesta-Albanaca-protestovalo-u-Tuzima.7.jpg'><img width=\"150\" height=\"150\" src=\"https:\/\/www.visit-ulcinj.com\/blog\/wp-content\/uploads\/2011\/12\/Dvjesta-Albanaca-protestovalo-u-Tuzima.7-150x150.jpg\" class=\"attachment-thumbnail size-thumbnail\" alt=\"\" loading=\"lazy\" \/><\/a>\n\t\t\t<\/dt><\/dl><br style=\"clear: both\" \/>\n\t\t<\/div>\n<br \/>\n<\/strong><\/p>\n","protected":false},"excerpt":{"rendered":"<p>Uz najavu da \u0107e nastaviti sa protestima, oko dvjesta gra\u0111ana Tuzi poru\u010dilo Oko dvjesta Albanaca protestovalo je ju\u010de u Tuzima protive\u0107i se Zakonu o javnom redu i miru i zabrani no\u0161enja i isticanja nacionalnih zastava. Mirne proteste, koje je nadgledalo oko pedesetak policajaca, organizovao je Demokratski forum Albanaca u Crnoj Gori. Na protestu su se [&hellip;]<\/p>\n","protected":false},"author":1,"featured_media":0,"comment_status":"open","ping_status":"closed","sticky":false,"template":"","format":"standard","meta":{"spay_email":"","jetpack_publicize_message":"","jetpack_is_tweetstorm":false,"jetpack_publicize_feature_enabled":true},"categories":[8337],"tags":[],"jetpack_publicize_connections":[],"yoast_head":"<!-- This site is optimized with the Yoast SEO plugin v19.1 - https:\/\/yoast.com\/wordpress\/plugins\/seo\/ -->\n<title>Ne pristaju na zabranu albanske zastave - Lajme nga Ulqini<\/title>\n<meta name=\"description\" content=\"Uz najavu da \u0107e nastaviti sa protestima, oko dvjesta gra\u0111ana Tuzi poru\u010dilo Oko dvjesta Albanaca protestovalo je ju\u010de u Tuzima protive\u0107i se Zakonu o javnom\" \/>\n<meta name=\"robots\" content=\"index, follow, max-snippet:-1, max-image-preview:large, max-video-preview:-1\" \/>\n<link rel=\"canonical\" href=\"https:\/\/www.visit-ulcinj.com\/blog\/2011\/12\/29\/ne-pristaju-na-zabranu-albanske-zastave\/\" \/>\n<meta property=\"og:locale\" content=\"en_US\" \/>\n<meta property=\"og:type\" content=\"article\" \/>\n<meta property=\"og:title\" content=\"Ne pristaju na zabranu albanske zastave - Lajme nga Ulqini\" \/>\n<meta property=\"og:description\" content=\"Uz najavu da \u0107e nastaviti sa protestima, oko dvjesta gra\u0111ana Tuzi poru\u010dilo Oko dvjesta Albanaca protestovalo je ju\u010de u Tuzima protive\u0107i se Zakonu o javnom\" \/>\n<meta property=\"og:url\" content=\"https:\/\/www.visit-ulcinj.com\/blog\/2011\/12\/29\/ne-pristaju-na-zabranu-albanske-zastave\/\" \/>\n<meta property=\"og:site_name\" content=\"Lajme nga Ulqini\" \/>\n<meta property=\"article:published_time\" content=\"2011-12-29T17:33:17+00:00\" \/>\n<meta property=\"og:image\" content=\"https:\/\/www.visit-ulcinj.com\/blog\/wp-content\/uploads\/2011\/12\/Amir-Hollaj_dvjesta-Albanaca-protestovalo-u-Tuzima-150x150.jpg\" \/>\n<meta name=\"twitter:label1\" content=\"Written by\" \/>\n\t<meta name=\"twitter:data1\" content=\"ulqini\" \/>\n\t<meta name=\"twitter:label2\" content=\"Est. reading time\" \/>\n\t<meta name=\"twitter:data2\" content=\"5 minutes\" \/>\n<script type=\"application\/ld+json\" class=\"yoast-schema-graph\">{\"@context\":\"https:\/\/schema.org\",\"@graph\":[{\"@type\":\"WebSite\",\"@id\":\"https:\/\/www.visit-ulcinj.com\/blog\/#website\",\"url\":\"https:\/\/www.visit-ulcinj.com\/blog\/\",\"name\":\"Lajme nga Ulqini\",\"description\":\"Lajme,Vijesti,Ulqini,Ulqin,Crna Gora,Mali i Zi\",\"potentialAction\":[{\"@type\":\"SearchAction\",\"target\":{\"@type\":\"EntryPoint\",\"urlTemplate\":\"https:\/\/www.visit-ulcinj.com\/blog\/?s={search_term_string}\"},\"query-input\":\"required name=search_term_string\"}],\"inLanguage\":\"en-US\"},{\"@type\":\"ImageObject\",\"inLanguage\":\"en-US\",\"@id\":\"https:\/\/www.visit-ulcinj.com\/blog\/2011\/12\/29\/ne-pristaju-na-zabranu-albanske-zastave\/#primaryimage\",\"url\":\"https:\/\/www.visit-ulcinj.com\/blog\/wp-content\/uploads\/2011\/12\/Dvjesta-Albanaca-protestovalo-u-Tuzima.jpg\",\"contentUrl\":\"https:\/\/www.visit-ulcinj.com\/blog\/wp-content\/uploads\/2011\/12\/Dvjesta-Albanaca-protestovalo-u-Tuzima.jpg\",\"width\":\"800\",\"height\":\"600\"},{\"@type\":\"WebPage\",\"@id\":\"https:\/\/www.visit-ulcinj.com\/blog\/2011\/12\/29\/ne-pristaju-na-zabranu-albanske-zastave\/#webpage\",\"url\":\"https:\/\/www.visit-ulcinj.com\/blog\/2011\/12\/29\/ne-pristaju-na-zabranu-albanske-zastave\/\",\"name\":\"Ne pristaju na zabranu albanske zastave - Lajme nga Ulqini\",\"isPartOf\":{\"@id\":\"https:\/\/www.visit-ulcinj.com\/blog\/#website\"},\"primaryImageOfPage\":{\"@id\":\"https:\/\/www.visit-ulcinj.com\/blog\/2011\/12\/29\/ne-pristaju-na-zabranu-albanske-zastave\/#primaryimage\"},\"datePublished\":\"2011-12-29T17:33:17+00:00\",\"dateModified\":\"2011-12-29T17:33:17+00:00\",\"author\":{\"@id\":\"https:\/\/www.visit-ulcinj.com\/blog\/#\/schema\/person\/dcab619c614d3038751c63bc2aadc06d\"},\"description\":\"Uz najavu da \u0107e nastaviti sa protestima, oko dvjesta gra\u0111ana Tuzi poru\u010dilo Oko dvjesta Albanaca protestovalo je ju\u010de u Tuzima protive\u0107i se Zakonu o javnom\",\"breadcrumb\":{\"@id\":\"https:\/\/www.visit-ulcinj.com\/blog\/2011\/12\/29\/ne-pristaju-na-zabranu-albanske-zastave\/#breadcrumb\"},\"inLanguage\":\"en-US\",\"potentialAction\":[{\"@type\":\"ReadAction\",\"target\":[\"https:\/\/www.visit-ulcinj.com\/blog\/2011\/12\/29\/ne-pristaju-na-zabranu-albanske-zastave\/\"]}]},{\"@type\":\"BreadcrumbList\",\"@id\":\"https:\/\/www.visit-ulcinj.com\/blog\/2011\/12\/29\/ne-pristaju-na-zabranu-albanske-zastave\/#breadcrumb\",\"itemListElement\":[{\"@type\":\"ListItem\",\"position\":1,\"name\":\"Ne pristaju na zabranu albanske zastave\"}]},{\"@type\":\"Person\",\"@id\":\"https:\/\/www.visit-ulcinj.com\/blog\/#\/schema\/person\/dcab619c614d3038751c63bc2aadc06d\",\"name\":\"ulqini\",\"sameAs\":[\"http:\/\/www.visit-ulcinj.com\"],\"url\":\"https:\/\/www.visit-ulcinj.com\/blog\/author\/admin\/\"}]}<\/script>\n<!-- \/ Yoast SEO plugin. -->","yoast_head_json":{"title":"Ne pristaju na zabranu albanske zastave - Lajme nga Ulqini","description":"Uz najavu da \u0107e nastaviti sa protestima, oko dvjesta gra\u0111ana Tuzi poru\u010dilo Oko dvjesta Albanaca protestovalo je ju\u010de u Tuzima protive\u0107i se Zakonu o javnom","robots":{"index":"index","follow":"follow","max-snippet":"max-snippet:-1","max-image-preview":"max-image-preview:large","max-video-preview":"max-video-preview:-1"},"canonical":"https:\/\/www.visit-ulcinj.com\/blog\/2011\/12\/29\/ne-pristaju-na-zabranu-albanske-zastave\/","og_locale":"en_US","og_type":"article","og_title":"Ne pristaju na zabranu albanske zastave - Lajme nga Ulqini","og_description":"Uz najavu da \u0107e nastaviti sa protestima, oko dvjesta gra\u0111ana Tuzi poru\u010dilo Oko dvjesta Albanaca protestovalo je ju\u010de u Tuzima protive\u0107i se Zakonu o javnom","og_url":"https:\/\/www.visit-ulcinj.com\/blog\/2011\/12\/29\/ne-pristaju-na-zabranu-albanske-zastave\/","og_site_name":"Lajme nga Ulqini","article_published_time":"2011-12-29T17:33:17+00:00","og_image":[{"url":"https:\/\/www.visit-ulcinj.com\/blog\/wp-content\/uploads\/2011\/12\/Amir-Hollaj_dvjesta-Albanaca-protestovalo-u-Tuzima-150x150.jpg"}],"twitter_misc":{"Written by":"ulqini","Est. reading time":"5 minutes"},"schema":{"@context":"https:\/\/schema.org","@graph":[{"@type":"WebSite","@id":"https:\/\/www.visit-ulcinj.com\/blog\/#website","url":"https:\/\/www.visit-ulcinj.com\/blog\/","name":"Lajme nga Ulqini","description":"Lajme,Vijesti,Ulqini,Ulqin,Crna Gora,Mali i Zi","potentialAction":[{"@type":"SearchAction","target":{"@type":"EntryPoint","urlTemplate":"https:\/\/www.visit-ulcinj.com\/blog\/?s={search_term_string}"},"query-input":"required name=search_term_string"}],"inLanguage":"en-US"},{"@type":"ImageObject","inLanguage":"en-US","@id":"https:\/\/www.visit-ulcinj.com\/blog\/2011\/12\/29\/ne-pristaju-na-zabranu-albanske-zastave\/#primaryimage","url":"https:\/\/www.visit-ulcinj.com\/blog\/wp-content\/uploads\/2011\/12\/Dvjesta-Albanaca-protestovalo-u-Tuzima.jpg","contentUrl":"https:\/\/www.visit-ulcinj.com\/blog\/wp-content\/uploads\/2011\/12\/Dvjesta-Albanaca-protestovalo-u-Tuzima.jpg","width":"800","height":"600"},{"@type":"WebPage","@id":"https:\/\/www.visit-ulcinj.com\/blog\/2011\/12\/29\/ne-pristaju-na-zabranu-albanske-zastave\/#webpage","url":"https:\/\/www.visit-ulcinj.com\/blog\/2011\/12\/29\/ne-pristaju-na-zabranu-albanske-zastave\/","name":"Ne pristaju na zabranu albanske zastave - Lajme nga Ulqini","isPartOf":{"@id":"https:\/\/www.visit-ulcinj.com\/blog\/#website"},"primaryImageOfPage":{"@id":"https:\/\/www.visit-ulcinj.com\/blog\/2011\/12\/29\/ne-pristaju-na-zabranu-albanske-zastave\/#primaryimage"},"datePublished":"2011-12-29T17:33:17+00:00","dateModified":"2011-12-29T17:33:17+00:00","author":{"@id":"https:\/\/www.visit-ulcinj.com\/blog\/#\/schema\/person\/dcab619c614d3038751c63bc2aadc06d"},"description":"Uz najavu da \u0107e nastaviti sa protestima, oko dvjesta gra\u0111ana Tuzi poru\u010dilo Oko dvjesta Albanaca protestovalo je ju\u010de u Tuzima protive\u0107i se Zakonu o javnom","breadcrumb":{"@id":"https:\/\/www.visit-ulcinj.com\/blog\/2011\/12\/29\/ne-pristaju-na-zabranu-albanske-zastave\/#breadcrumb"},"inLanguage":"en-US","potentialAction":[{"@type":"ReadAction","target":["https:\/\/www.visit-ulcinj.com\/blog\/2011\/12\/29\/ne-pristaju-na-zabranu-albanske-zastave\/"]}]},{"@type":"BreadcrumbList","@id":"https:\/\/www.visit-ulcinj.com\/blog\/2011\/12\/29\/ne-pristaju-na-zabranu-albanske-zastave\/#breadcrumb","itemListElement":[{"@type":"ListItem","position":1,"name":"Ne pristaju na zabranu albanske zastave"}]},{"@type":"Person","@id":"https:\/\/www.visit-ulcinj.com\/blog\/#\/schema\/person\/dcab619c614d3038751c63bc2aadc06d","name":"ulqini","sameAs":["http:\/\/www.visit-ulcinj.com"],"url":"https:\/\/www.visit-ulcinj.com\/blog\/author\/admin\/"}]}},"jetpack_featured_media_url":"","jetpack_sharing_enabled":true,"jetpack_shortlink":"https:\/\/wp.me\/pe6lTn-emQ","_links":{"self":[{"href":"https:\/\/www.visit-ulcinj.com\/blog\/wp-json\/wp\/v2\/posts\/55232"}],"collection":[{"href":"https:\/\/www.visit-ulcinj.com\/blog\/wp-json\/wp\/v2\/posts"}],"about":[{"href":"https:\/\/www.visit-ulcinj.com\/blog\/wp-json\/wp\/v2\/types\/post"}],"author":[{"embeddable":true,"href":"https:\/\/www.visit-ulcinj.com\/blog\/wp-json\/wp\/v2\/users\/1"}],"replies":[{"embeddable":true,"href":"https:\/\/www.visit-ulcinj.com\/blog\/wp-json\/wp\/v2\/comments?post=55232"}],"version-history":[{"count":2,"href":"https:\/\/www.visit-ulcinj.com\/blog\/wp-json\/wp\/v2\/posts\/55232\/revisions"}],"predecessor-version":[{"id":55247,"href":"https:\/\/www.visit-ulcinj.com\/blog\/wp-json\/wp\/v2\/posts\/55232\/revisions\/55247"}],"wp:attachment":[{"href":"https:\/\/www.visit-ulcinj.com\/blog\/wp-json\/wp\/v2\/media?parent=55232"}],"wp:term":[{"taxonomy":"category","embeddable":true,"href":"https:\/\/www.visit-ulcinj.com\/blog\/wp-json\/wp\/v2\/categories?post=55232"},{"taxonomy":"post_tag","embeddable":true,"href":"https:\/\/www.visit-ulcinj.com\/blog\/wp-json\/wp\/v2\/tags?post=55232"}],"curies":[{"name":"wp","href":"https:\/\/api.w.org\/{rel}","templated":true}]}}