{"id":55249,"date":"2011-12-29T18:51:30","date_gmt":"2011-12-29T17:51:30","guid":{"rendered":"http:\/\/www.visit-ulcinj.com\/blog\/?p=55249"},"modified":"2011-12-29T18:51:30","modified_gmt":"2011-12-29T17:51:30","slug":"dua-ne-odustaje-da-hajdinaga-bude-ministar","status":"publish","type":"post","link":"https:\/\/www.visit-ulcinj.com\/blog\/2011\/12\/29\/dua-ne-odustaje-da-hajdinaga-bude-ministar\/","title":{"rendered":"DUA ne odustaje da Hajdinaga bude ministar"},"content":{"rendered":"<p><a href=\"http:\/\/www.visit-ulcinj.com\/blog\/wp-content\/uploads\/2011\/12\/DUA-ne-odustaje-da-Hajdinaga-bude-ministar.jpg\"><img loading=\"lazy\" class=\"alignleft  wp-image-55250\" title=\"DUA ne odustaje da Hajdinaga bude ministar\" src=\"http:\/\/www.visit-ulcinj.com\/blog\/wp-content\/uploads\/2011\/12\/DUA-ne-odustaje-da-Hajdinaga-bude-ministar.jpg\" alt=\"\" width=\"508\" height=\"380\" \/><\/a>To je na\u0161 kona\u010dni stav, bez obzira na posljednji doga\u0111aj, pa tako nijesmo ni tra\u017eili alternativne kandidate, rekao je poslanik Zenka.<\/p>\n<p>Demokratska unija Albanaca ne\u0107e odustati od predloga da za nasljednika odlaze\u0107eg ministra za ljudska prava Ferhata Dino\u0161e bude imenovan predsjednik Op\u0161tine Ulcinj Gzim Hajdinaga, bez obzira na to \u0161to je policija nedavno protiv njega podnijela <a href=\"http:\/\/www.vijesti.me\/vijesti\/krivicna-prijava-protiv-keljmendija-hajdinage-clanak-53474\" target=\"_blank\">krivi\u010dnu prijavu zbog zloupotrebe slu\u017ebenog polo\u017eaja<\/a>, zajedno sa kontroverznim biznismenom Naserom Keljmendijem.<\/p>\n<p>To je \u201cVijestima\u201d saop\u0161tio predsjednik DUA Mehmet Zenka. Zenka je kazao da je Glavni odbor partije prije vi\u0161e od mjesec dana podr\u017eao predlog da Hajdinaga bude Dino\u0161in nasljednik, i da od toga ne\u0107e odustati.<\/p>\n<p>On je rekao da je sve \u0161to se de\u0161ava \u201cnepravedno prema DUA i prema Hajdinagi\u201d.<\/p>\n<p>\u201cTo je na\u0161 kona\u010dni stav, bez obzira na posljednji doga\u0111aj, pa tako nijesmo ni tra\u017eili alternativne kandidate. U potpunosti podr\u017eavamo na\u0161eg predsjednika Op\u0161tine, jer nije ni\u0161ta nelegalno uradio, niti je otu\u0111io bilo kakav novac. Isto tako ne znam za\u0161to ga povezuju sa (Naserom) Kaljmendijem, kada je na isti na\u010din legalizovano 55 objekata drugih vlasnika, kazao je Zenka.<\/p>\n<p><strong>Tina Radulovi\u0107<\/strong><\/p>\n<p><a href=\"http:\/\/www.vijesti.me\/vijesti\/dua-ne-odustaje-da-hajdinaga-bude-ministar-clanak-53838\" target=\"_blank\"><strong>Op\u0161irnije u \u0161tampanom izdanju &lt;&lt; Vijesti Online &gt;&gt;<\/strong><\/a><strong><\/strong><\/p>\n","protected":false},"excerpt":{"rendered":"<p>To je na\u0161 kona\u010dni stav, bez obzira na posljednji doga\u0111aj, pa tako nijesmo ni tra\u017eili alternativne kandidate, rekao je poslanik Zenka. Demokratska unija Albanaca ne\u0107e odustati od predloga da za nasljednika odlaze\u0107eg ministra za ljudska prava Ferhata Dino\u0161e bude imenovan predsjednik Op\u0161tine Ulcinj Gzim Hajdinaga, bez obzira na to \u0161to je policija nedavno protiv njega [&hellip;]<\/p>\n","protected":false},"author":1,"featured_media":0,"comment_status":"open","ping_status":"closed","sticky":false,"template":"","format":"standard","meta":{"spay_email":"","jetpack_publicize_message":"","jetpack_is_tweetstorm":false,"jetpack_publicize_feature_enabled":true},"categories":[8337],"tags":[86,19751,19],"jetpack_publicize_connections":[],"yoast_head":"<!-- This site is optimized with the Yoast SEO plugin v19.1 - https:\/\/yoast.com\/wordpress\/plugins\/seo\/ -->\n<title>DUA ne odustaje da Hajdinaga bude ministar - Lajme nga Ulqini<\/title>\n<meta name=\"description\" content=\"To je na\u0161 kona\u010dni stav, bez obzira na posljednji doga\u0111aj, pa tako nijesmo ni tra\u017eili alternativne kandidate, rekao je poslanik Zenka. Demokratska unija\" \/>\n<meta name=\"robots\" content=\"index, follow, max-snippet:-1, max-image-preview:large, max-video-preview:-1\" \/>\n<link rel=\"canonical\" href=\"https:\/\/www.visit-ulcinj.com\/blog\/2011\/12\/29\/dua-ne-odustaje-da-hajdinaga-bude-ministar\/\" \/>\n<meta property=\"og:locale\" content=\"en_US\" \/>\n<meta property=\"og:type\" content=\"article\" \/>\n<meta property=\"og:title\" content=\"DUA ne odustaje da Hajdinaga bude ministar - Lajme nga Ulqini\" \/>\n<meta property=\"og:description\" content=\"To je na\u0161 kona\u010dni stav, bez obzira na posljednji doga\u0111aj, pa tako nijesmo ni tra\u017eili alternativne kandidate, rekao je poslanik Zenka. Demokratska unija\" \/>\n<meta property=\"og:url\" content=\"https:\/\/www.visit-ulcinj.com\/blog\/2011\/12\/29\/dua-ne-odustaje-da-hajdinaga-bude-ministar\/\" \/>\n<meta property=\"og:site_name\" content=\"Lajme nga Ulqini\" \/>\n<meta property=\"article:published_time\" content=\"2011-12-29T17:51:30+00:00\" \/>\n<meta property=\"og:image\" content=\"http:\/\/www.visit-ulcinj.com\/blog\/wp-content\/uploads\/2011\/12\/DUA-ne-odustaje-da-Hajdinaga-bude-ministar.jpg\" \/>\n<meta name=\"twitter:label1\" content=\"Written by\" \/>\n\t<meta name=\"twitter:data1\" content=\"ulqini\" \/>\n\t<meta name=\"twitter:label2\" content=\"Est. reading time\" \/>\n\t<meta name=\"twitter:data2\" content=\"1 minute\" \/>\n<script type=\"application\/ld+json\" class=\"yoast-schema-graph\">{\"@context\":\"https:\/\/schema.org\",\"@graph\":[{\"@type\":\"WebSite\",\"@id\":\"https:\/\/www.visit-ulcinj.com\/blog\/#website\",\"url\":\"https:\/\/www.visit-ulcinj.com\/blog\/\",\"name\":\"Lajme nga Ulqini\",\"description\":\"Lajme,Vijesti,Ulqini,Ulqin,Crna Gora,Mali i Zi\",\"potentialAction\":[{\"@type\":\"SearchAction\",\"target\":{\"@type\":\"EntryPoint\",\"urlTemplate\":\"https:\/\/www.visit-ulcinj.com\/blog\/?s={search_term_string}\"},\"query-input\":\"required name=search_term_string\"}],\"inLanguage\":\"en-US\"},{\"@type\":\"ImageObject\",\"inLanguage\":\"en-US\",\"@id\":\"https:\/\/www.visit-ulcinj.com\/blog\/2011\/12\/29\/dua-ne-odustaje-da-hajdinaga-bude-ministar\/#primaryimage\",\"url\":\"https:\/\/www.visit-ulcinj.com\/blog\/wp-content\/uploads\/2011\/12\/DUA-ne-odustaje-da-Hajdinaga-bude-ministar.jpg\",\"contentUrl\":\"https:\/\/www.visit-ulcinj.com\/blog\/wp-content\/uploads\/2011\/12\/DUA-ne-odustaje-da-Hajdinaga-bude-ministar.jpg\",\"width\":\"800\",\"height\":\"533\"},{\"@type\":\"WebPage\",\"@id\":\"https:\/\/www.visit-ulcinj.com\/blog\/2011\/12\/29\/dua-ne-odustaje-da-hajdinaga-bude-ministar\/#webpage\",\"url\":\"https:\/\/www.visit-ulcinj.com\/blog\/2011\/12\/29\/dua-ne-odustaje-da-hajdinaga-bude-ministar\/\",\"name\":\"DUA ne odustaje da Hajdinaga bude ministar - Lajme nga Ulqini\",\"isPartOf\":{\"@id\":\"https:\/\/www.visit-ulcinj.com\/blog\/#website\"},\"primaryImageOfPage\":{\"@id\":\"https:\/\/www.visit-ulcinj.com\/blog\/2011\/12\/29\/dua-ne-odustaje-da-hajdinaga-bude-ministar\/#primaryimage\"},\"datePublished\":\"2011-12-29T17:51:30+00:00\",\"dateModified\":\"2011-12-29T17:51:30+00:00\",\"author\":{\"@id\":\"https:\/\/www.visit-ulcinj.com\/blog\/#\/schema\/person\/dcab619c614d3038751c63bc2aadc06d\"},\"description\":\"To je na\u0161 kona\u010dni stav, bez obzira na posljednji doga\u0111aj, pa tako nijesmo ni tra\u017eili alternativne kandidate, rekao je poslanik Zenka. Demokratska unija\",\"breadcrumb\":{\"@id\":\"https:\/\/www.visit-ulcinj.com\/blog\/2011\/12\/29\/dua-ne-odustaje-da-hajdinaga-bude-ministar\/#breadcrumb\"},\"inLanguage\":\"en-US\",\"potentialAction\":[{\"@type\":\"ReadAction\",\"target\":[\"https:\/\/www.visit-ulcinj.com\/blog\/2011\/12\/29\/dua-ne-odustaje-da-hajdinaga-bude-ministar\/\"]}]},{\"@type\":\"BreadcrumbList\",\"@id\":\"https:\/\/www.visit-ulcinj.com\/blog\/2011\/12\/29\/dua-ne-odustaje-da-hajdinaga-bude-ministar\/#breadcrumb\",\"itemListElement\":[{\"@type\":\"ListItem\",\"position\":1,\"name\":\"DUA ne odustaje da Hajdinaga bude ministar\"}]},{\"@type\":\"Person\",\"@id\":\"https:\/\/www.visit-ulcinj.com\/blog\/#\/schema\/person\/dcab619c614d3038751c63bc2aadc06d\",\"name\":\"ulqini\",\"sameAs\":[\"http:\/\/www.visit-ulcinj.com\"],\"url\":\"https:\/\/www.visit-ulcinj.com\/blog\/author\/admin\/\"}]}<\/script>\n<!-- \/ Yoast SEO plugin. -->","yoast_head_json":{"title":"DUA ne odustaje da Hajdinaga bude ministar - Lajme nga Ulqini","description":"To je na\u0161 kona\u010dni stav, bez obzira na posljednji doga\u0111aj, pa tako nijesmo ni tra\u017eili alternativne kandidate, rekao je poslanik Zenka. Demokratska unija","robots":{"index":"index","follow":"follow","max-snippet":"max-snippet:-1","max-image-preview":"max-image-preview:large","max-video-preview":"max-video-preview:-1"},"canonical":"https:\/\/www.visit-ulcinj.com\/blog\/2011\/12\/29\/dua-ne-odustaje-da-hajdinaga-bude-ministar\/","og_locale":"en_US","og_type":"article","og_title":"DUA ne odustaje da Hajdinaga bude ministar - Lajme nga Ulqini","og_description":"To je na\u0161 kona\u010dni stav, bez obzira na posljednji doga\u0111aj, pa tako nijesmo ni tra\u017eili alternativne kandidate, rekao je poslanik Zenka. Demokratska unija","og_url":"https:\/\/www.visit-ulcinj.com\/blog\/2011\/12\/29\/dua-ne-odustaje-da-hajdinaga-bude-ministar\/","og_site_name":"Lajme nga Ulqini","article_published_time":"2011-12-29T17:51:30+00:00","og_image":[{"url":"http:\/\/www.visit-ulcinj.com\/blog\/wp-content\/uploads\/2011\/12\/DUA-ne-odustaje-da-Hajdinaga-bude-ministar.jpg"}],"twitter_misc":{"Written by":"ulqini","Est. reading time":"1 minute"},"schema":{"@context":"https:\/\/schema.org","@graph":[{"@type":"WebSite","@id":"https:\/\/www.visit-ulcinj.com\/blog\/#website","url":"https:\/\/www.visit-ulcinj.com\/blog\/","name":"Lajme nga Ulqini","description":"Lajme,Vijesti,Ulqini,Ulqin,Crna Gora,Mali i Zi","potentialAction":[{"@type":"SearchAction","target":{"@type":"EntryPoint","urlTemplate":"https:\/\/www.visit-ulcinj.com\/blog\/?s={search_term_string}"},"query-input":"required name=search_term_string"}],"inLanguage":"en-US"},{"@type":"ImageObject","inLanguage":"en-US","@id":"https:\/\/www.visit-ulcinj.com\/blog\/2011\/12\/29\/dua-ne-odustaje-da-hajdinaga-bude-ministar\/#primaryimage","url":"https:\/\/www.visit-ulcinj.com\/blog\/wp-content\/uploads\/2011\/12\/DUA-ne-odustaje-da-Hajdinaga-bude-ministar.jpg","contentUrl":"https:\/\/www.visit-ulcinj.com\/blog\/wp-content\/uploads\/2011\/12\/DUA-ne-odustaje-da-Hajdinaga-bude-ministar.jpg","width":"800","height":"533"},{"@type":"WebPage","@id":"https:\/\/www.visit-ulcinj.com\/blog\/2011\/12\/29\/dua-ne-odustaje-da-hajdinaga-bude-ministar\/#webpage","url":"https:\/\/www.visit-ulcinj.com\/blog\/2011\/12\/29\/dua-ne-odustaje-da-hajdinaga-bude-ministar\/","name":"DUA ne odustaje da Hajdinaga bude ministar - Lajme nga Ulqini","isPartOf":{"@id":"https:\/\/www.visit-ulcinj.com\/blog\/#website"},"primaryImageOfPage":{"@id":"https:\/\/www.visit-ulcinj.com\/blog\/2011\/12\/29\/dua-ne-odustaje-da-hajdinaga-bude-ministar\/#primaryimage"},"datePublished":"2011-12-29T17:51:30+00:00","dateModified":"2011-12-29T17:51:30+00:00","author":{"@id":"https:\/\/www.visit-ulcinj.com\/blog\/#\/schema\/person\/dcab619c614d3038751c63bc2aadc06d"},"description":"To je na\u0161 kona\u010dni stav, bez obzira na posljednji doga\u0111aj, pa tako nijesmo ni tra\u017eili alternativne kandidate, rekao je poslanik Zenka. Demokratska unija","breadcrumb":{"@id":"https:\/\/www.visit-ulcinj.com\/blog\/2011\/12\/29\/dua-ne-odustaje-da-hajdinaga-bude-ministar\/#breadcrumb"},"inLanguage":"en-US","potentialAction":[{"@type":"ReadAction","target":["https:\/\/www.visit-ulcinj.com\/blog\/2011\/12\/29\/dua-ne-odustaje-da-hajdinaga-bude-ministar\/"]}]},{"@type":"BreadcrumbList","@id":"https:\/\/www.visit-ulcinj.com\/blog\/2011\/12\/29\/dua-ne-odustaje-da-hajdinaga-bude-ministar\/#breadcrumb","itemListElement":[{"@type":"ListItem","position":1,"name":"DUA ne odustaje da Hajdinaga bude ministar"}]},{"@type":"Person","@id":"https:\/\/www.visit-ulcinj.com\/blog\/#\/schema\/person\/dcab619c614d3038751c63bc2aadc06d","name":"ulqini","sameAs":["http:\/\/www.visit-ulcinj.com"],"url":"https:\/\/www.visit-ulcinj.com\/blog\/author\/admin\/"}]}},"jetpack_featured_media_url":"","jetpack_sharing_enabled":true,"jetpack_shortlink":"https:\/\/wp.me\/pe6lTn-en7","_links":{"self":[{"href":"https:\/\/www.visit-ulcinj.com\/blog\/wp-json\/wp\/v2\/posts\/55249"}],"collection":[{"href":"https:\/\/www.visit-ulcinj.com\/blog\/wp-json\/wp\/v2\/posts"}],"about":[{"href":"https:\/\/www.visit-ulcinj.com\/blog\/wp-json\/wp\/v2\/types\/post"}],"author":[{"embeddable":true,"href":"https:\/\/www.visit-ulcinj.com\/blog\/wp-json\/wp\/v2\/users\/1"}],"replies":[{"embeddable":true,"href":"https:\/\/www.visit-ulcinj.com\/blog\/wp-json\/wp\/v2\/comments?post=55249"}],"version-history":[{"count":1,"href":"https:\/\/www.visit-ulcinj.com\/blog\/wp-json\/wp\/v2\/posts\/55249\/revisions"}],"predecessor-version":[{"id":55251,"href":"https:\/\/www.visit-ulcinj.com\/blog\/wp-json\/wp\/v2\/posts\/55249\/revisions\/55251"}],"wp:attachment":[{"href":"https:\/\/www.visit-ulcinj.com\/blog\/wp-json\/wp\/v2\/media?parent=55249"}],"wp:term":[{"taxonomy":"category","embeddable":true,"href":"https:\/\/www.visit-ulcinj.com\/blog\/wp-json\/wp\/v2\/categories?post=55249"},{"taxonomy":"post_tag","embeddable":true,"href":"https:\/\/www.visit-ulcinj.com\/blog\/wp-json\/wp\/v2\/tags?post=55249"}],"curies":[{"name":"wp","href":"https:\/\/api.w.org\/{rel}","templated":true}]}}