{"id":55253,"date":"2011-12-29T19:05:19","date_gmt":"2011-12-29T18:05:19","guid":{"rendered":"http:\/\/www.visit-ulcinj.com\/blog\/?p=55253"},"modified":"2012-01-05T21:41:04","modified_gmt":"2012-01-05T20:41:04","slug":"skrelja-prava-albanaca-nisu-ugrozena","status":"publish","type":"post","link":"https:\/\/www.visit-ulcinj.com\/blog\/2011\/12\/29\/skrelja-prava-albanaca-nisu-ugrozena\/","title":{"rendered":"\u0160krelja: Prava Albanaca nisu ugro\u017eena"},"content":{"rendered":"<p><a href=\"http:\/\/www.visit-ulcinj.com\/blog\/wp-content\/uploads\/2011\/12\/Poslanik-DPS-a-Luidj-Skrelja-.jpg\"><img loading=\"lazy\" class=\"alignleft  wp-image-55254\" title=\"Poslanik DPS-a Luidj Skrelja\" src=\"http:\/\/www.visit-ulcinj.com\/blog\/wp-content\/uploads\/2011\/12\/Poslanik-DPS-a-Luidj-Skrelja-.jpg\" alt=\"\" width=\"340\" height=\"440\" \/><\/a>Poslanik DPS-a Lui\u0111 \u0160krelja nije saglasan sa porukama ju\u010dera\u0161njeg protesta u Tuzima da su prava Albanaca ugro\u017eena te da se u Crnoj Gori vr\u0161i njihova asimilacija.\u00a0Budimir Aleksi\u0107 iz Nove podr\u017eava protest dodaju\u0107i da su ugro\u017eena i prava Srba.<\/p>\n<p>Sa ju\u010dera\u0161njeg protesta u Tuzima, na kojem se okupilo stitinak ljudi, organizatori su pozvali vlast da zaustavi asimilaciju Albanaca u Crnoj Gori, upozoravaju\u0107i da su osnovna prava te nacionalne manjine ugro\u017eena.<\/p>\n<p>Poslanik DPS-a Lui\u0111 \u0160krelja nije saglasan.<\/p>\n<p>\u00abJa ne znam koje je osnovna poruka poslata sa tih protesta&#8230;Apsoltno ne dijelim mi\u0161ljenje sa onim akoji govore da su prava Albanaca ugro\u017eena ni da je u procesu asimilacija, ne samo Albanaca nego i drugih nacionalnih manjina.\u00bb<\/p>\n<p>Iza stotinak okupljenih je politi\u010dka pozadina, smatra \u0160krelja, i dodaje da, ako su prava Albanaca zaista ugro\u017eena, u\u010desnici protesta bi se obratili njemu da poku\u0161a da rije\u0161i eventualne nepravilnosti.<\/p>\n<p>\u00abNije pozvano 100-ak ljudi iza kojih je politi\u010dka pozadina da iska\u017eu nezadovoljstvo eventualnim \u010dinjenjem ili ne\u010dinjenjem aktuelne vlasti. U svakom slu\u010daju, kad bi se radilo o kr\u0161enju osnovnih prava Albanaca u Crnoj Gori, ne vidim nijedan razlog za\u0161to ja, kao Albanac, koji druga\u010dije politi\u010dki razmi\u0161lja od njih, ne bi bio pozvan, ne na protest, ve\u0107 da poku\u0161am da u institucijama sistema rije\u0161im eventualne nepravilnosti ili gre\u0161ke.\u00bb<\/p>\n<p>Nova srpska demokratija ranije je podr\u017eala protest jer su saglasni da\u00a0\u00a0 je prijedlog zakona o javnom redu i miru diskriminatorski. Podsjetimo, prijedlogom zakona predvi\u0111eno je da fizi\u010dko lice koje na javnom mjestu bez odobrenja istakne ili upotrijebi zastavu, grb ili drugi simbol strane dr\u017eave, bude ka\u017enjeno nov\u010dano od 200 do 1.000 eura ili kaznom zatvora do 60 dana.<\/p>\n<p>Poslanik Nove Budimir Aleksi\u0107:<\/p>\n<p>\u00abProtesti au opravdani jer, koliko ja shvatam, cilj protesta je da se suspenduje odluka kojom je zabranjeno isticanje nacionalnih simbola svim narodima, osim Crnogorcima.\u00bb<\/p>\n<p>Albanci, me\u0111utim, po mi\u0161ljenju Aleksi\u0107a, nisu jedini ugro\u017eeni u Crnoj Gori. Usvajanjem zakona bilo bi zabranjeno i podizanje srpske zastave, dodaje Aleksi\u0107.<\/p>\n<p>\u00abSve su to postupci vlasti koji idu u prilog na\u0161oj tezi da su prava Srba u Crnoj Gori ugro\u017eena.\u00bb<\/p>\n<p>Sa ju\u010dera\u0161njeg protesta moglo se \u010duti i da su prava Albanaca ugro\u017eena time \u0161to im je onemogu\u0107eno pravo na samostalnu op\u0161tinu, pravo na kori\u0161\u0107enje zastave kao i pravo na garantovane mandate u Skup\u0161tini.<\/p>\n<p><a href=\"http:\/\/antenam.net\/sajt\/index.php?option=com_content&amp;view=article&amp;id=9490:krelja-prava-albanaca-nisu-ugroena&amp;catid=34:politika&amp;Itemid=53\" target=\"_blank\"><strong>Vladana JOVANOVI\u0106<\/strong><br \/>\n<strong> Izvor: Radio Antena M<\/strong><\/a><\/p>\n","protected":false},"excerpt":{"rendered":"<p>Poslanik DPS-a Lui\u0111 \u0160krelja nije saglasan sa porukama ju\u010dera\u0161njeg protesta u Tuzima da su prava Albanaca ugro\u017eena te da se u Crnoj Gori vr\u0161i njihova asimilacija.\u00a0Budimir Aleksi\u0107 iz Nove podr\u017eava protest dodaju\u0107i da su ugro\u017eena i prava Srba. Sa ju\u010dera\u0161njeg protesta u Tuzima, na kojem se okupilo stitinak ljudi, organizatori su pozvali vlast da zaustavi [&hellip;]<\/p>\n","protected":false},"author":1,"featured_media":0,"comment_status":"closed","ping_status":"closed","sticky":false,"template":"","format":"standard","meta":{"spay_email":"","jetpack_publicize_message":"","jetpack_is_tweetstorm":false,"jetpack_publicize_feature_enabled":true},"categories":[8337],"tags":[19186,19],"jetpack_publicize_connections":[],"yoast_head":"<!-- This site is optimized with the Yoast SEO plugin v19.1 - https:\/\/yoast.com\/wordpress\/plugins\/seo\/ -->\n<title>\u0160krelja: Prava Albanaca nisu ugro\u017eena - Lajme nga Ulqini<\/title>\n<meta name=\"description\" content=\"Poslanik DPS-a Lui\u0111 \u0160krelja nije saglasan sa porukama ju\u010dera\u0161njeg protesta u Tuzima da su prava Albanaca ugro\u017eena te da se u Crnoj Gori vr\u0161i njihova\" \/>\n<meta name=\"robots\" content=\"index, follow, max-snippet:-1, max-image-preview:large, max-video-preview:-1\" \/>\n<link rel=\"canonical\" href=\"https:\/\/www.visit-ulcinj.com\/blog\/2011\/12\/29\/skrelja-prava-albanaca-nisu-ugrozena\/\" \/>\n<meta property=\"og:locale\" content=\"en_US\" \/>\n<meta property=\"og:type\" content=\"article\" \/>\n<meta property=\"og:title\" content=\"\u0160krelja: Prava Albanaca nisu ugro\u017eena - Lajme nga Ulqini\" \/>\n<meta property=\"og:description\" content=\"Poslanik DPS-a Lui\u0111 \u0160krelja nije saglasan sa porukama ju\u010dera\u0161njeg protesta u Tuzima da su prava Albanaca ugro\u017eena te da se u Crnoj Gori vr\u0161i njihova\" \/>\n<meta property=\"og:url\" content=\"https:\/\/www.visit-ulcinj.com\/blog\/2011\/12\/29\/skrelja-prava-albanaca-nisu-ugrozena\/\" \/>\n<meta property=\"og:site_name\" content=\"Lajme nga Ulqini\" \/>\n<meta property=\"article:published_time\" content=\"2011-12-29T18:05:19+00:00\" \/>\n<meta property=\"article:modified_time\" content=\"2012-01-05T20:41:04+00:00\" \/>\n<meta property=\"og:image\" content=\"http:\/\/www.visit-ulcinj.com\/blog\/wp-content\/uploads\/2011\/12\/Poslanik-DPS-a-Luidj-Skrelja-.jpg\" \/>\n<meta name=\"twitter:label1\" content=\"Written by\" \/>\n\t<meta name=\"twitter:data1\" content=\"ulqini\" \/>\n\t<meta name=\"twitter:label2\" content=\"Est. reading time\" \/>\n\t<meta name=\"twitter:data2\" content=\"2 minutes\" \/>\n<script type=\"application\/ld+json\" class=\"yoast-schema-graph\">{\"@context\":\"https:\/\/schema.org\",\"@graph\":[{\"@type\":\"WebSite\",\"@id\":\"https:\/\/www.visit-ulcinj.com\/blog\/#website\",\"url\":\"https:\/\/www.visit-ulcinj.com\/blog\/\",\"name\":\"Lajme nga Ulqini\",\"description\":\"Lajme,Vijesti,Ulqini,Ulqin,Crna Gora,Mali i Zi\",\"potentialAction\":[{\"@type\":\"SearchAction\",\"target\":{\"@type\":\"EntryPoint\",\"urlTemplate\":\"https:\/\/www.visit-ulcinj.com\/blog\/?s={search_term_string}\"},\"query-input\":\"required name=search_term_string\"}],\"inLanguage\":\"en-US\"},{\"@type\":\"ImageObject\",\"inLanguage\":\"en-US\",\"@id\":\"https:\/\/www.visit-ulcinj.com\/blog\/2011\/12\/29\/skrelja-prava-albanaca-nisu-ugrozena\/#primaryimage\",\"url\":\"https:\/\/www.visit-ulcinj.com\/blog\/wp-content\/uploads\/2011\/12\/Poslanik-DPS-a-Luidj-Skrelja-.jpg\",\"contentUrl\":\"https:\/\/www.visit-ulcinj.com\/blog\/wp-content\/uploads\/2011\/12\/Poslanik-DPS-a-Luidj-Skrelja-.jpg\",\"width\":\"432\",\"height\":\"545\"},{\"@type\":\"WebPage\",\"@id\":\"https:\/\/www.visit-ulcinj.com\/blog\/2011\/12\/29\/skrelja-prava-albanaca-nisu-ugrozena\/#webpage\",\"url\":\"https:\/\/www.visit-ulcinj.com\/blog\/2011\/12\/29\/skrelja-prava-albanaca-nisu-ugrozena\/\",\"name\":\"\u0160krelja: Prava Albanaca nisu ugro\u017eena - Lajme nga Ulqini\",\"isPartOf\":{\"@id\":\"https:\/\/www.visit-ulcinj.com\/blog\/#website\"},\"primaryImageOfPage\":{\"@id\":\"https:\/\/www.visit-ulcinj.com\/blog\/2011\/12\/29\/skrelja-prava-albanaca-nisu-ugrozena\/#primaryimage\"},\"datePublished\":\"2011-12-29T18:05:19+00:00\",\"dateModified\":\"2012-01-05T20:41:04+00:00\",\"author\":{\"@id\":\"https:\/\/www.visit-ulcinj.com\/blog\/#\/schema\/person\/dcab619c614d3038751c63bc2aadc06d\"},\"description\":\"Poslanik DPS-a Lui\u0111 \u0160krelja nije saglasan sa porukama ju\u010dera\u0161njeg protesta u Tuzima da su prava Albanaca ugro\u017eena te da se u Crnoj Gori vr\u0161i njihova\",\"breadcrumb\":{\"@id\":\"https:\/\/www.visit-ulcinj.com\/blog\/2011\/12\/29\/skrelja-prava-albanaca-nisu-ugrozena\/#breadcrumb\"},\"inLanguage\":\"en-US\",\"potentialAction\":[{\"@type\":\"ReadAction\",\"target\":[\"https:\/\/www.visit-ulcinj.com\/blog\/2011\/12\/29\/skrelja-prava-albanaca-nisu-ugrozena\/\"]}]},{\"@type\":\"BreadcrumbList\",\"@id\":\"https:\/\/www.visit-ulcinj.com\/blog\/2011\/12\/29\/skrelja-prava-albanaca-nisu-ugrozena\/#breadcrumb\",\"itemListElement\":[{\"@type\":\"ListItem\",\"position\":1,\"name\":\"\u0160krelja: Prava Albanaca nisu ugro\u017eena\"}]},{\"@type\":\"Person\",\"@id\":\"https:\/\/www.visit-ulcinj.com\/blog\/#\/schema\/person\/dcab619c614d3038751c63bc2aadc06d\",\"name\":\"ulqini\",\"sameAs\":[\"http:\/\/www.visit-ulcinj.com\"],\"url\":\"https:\/\/www.visit-ulcinj.com\/blog\/author\/admin\/\"}]}<\/script>\n<!-- \/ Yoast SEO plugin. -->","yoast_head_json":{"title":"\u0160krelja: Prava Albanaca nisu ugro\u017eena - Lajme nga Ulqini","description":"Poslanik DPS-a Lui\u0111 \u0160krelja nije saglasan sa porukama ju\u010dera\u0161njeg protesta u Tuzima da su prava Albanaca ugro\u017eena te da se u Crnoj Gori vr\u0161i njihova","robots":{"index":"index","follow":"follow","max-snippet":"max-snippet:-1","max-image-preview":"max-image-preview:large","max-video-preview":"max-video-preview:-1"},"canonical":"https:\/\/www.visit-ulcinj.com\/blog\/2011\/12\/29\/skrelja-prava-albanaca-nisu-ugrozena\/","og_locale":"en_US","og_type":"article","og_title":"\u0160krelja: Prava Albanaca nisu ugro\u017eena - Lajme nga Ulqini","og_description":"Poslanik DPS-a Lui\u0111 \u0160krelja nije saglasan sa porukama ju\u010dera\u0161njeg protesta u Tuzima da su prava Albanaca ugro\u017eena te da se u Crnoj Gori vr\u0161i njihova","og_url":"https:\/\/www.visit-ulcinj.com\/blog\/2011\/12\/29\/skrelja-prava-albanaca-nisu-ugrozena\/","og_site_name":"Lajme nga Ulqini","article_published_time":"2011-12-29T18:05:19+00:00","article_modified_time":"2012-01-05T20:41:04+00:00","og_image":[{"url":"http:\/\/www.visit-ulcinj.com\/blog\/wp-content\/uploads\/2011\/12\/Poslanik-DPS-a-Luidj-Skrelja-.jpg"}],"twitter_misc":{"Written by":"ulqini","Est. reading time":"2 minutes"},"schema":{"@context":"https:\/\/schema.org","@graph":[{"@type":"WebSite","@id":"https:\/\/www.visit-ulcinj.com\/blog\/#website","url":"https:\/\/www.visit-ulcinj.com\/blog\/","name":"Lajme nga Ulqini","description":"Lajme,Vijesti,Ulqini,Ulqin,Crna Gora,Mali i Zi","potentialAction":[{"@type":"SearchAction","target":{"@type":"EntryPoint","urlTemplate":"https:\/\/www.visit-ulcinj.com\/blog\/?s={search_term_string}"},"query-input":"required name=search_term_string"}],"inLanguage":"en-US"},{"@type":"ImageObject","inLanguage":"en-US","@id":"https:\/\/www.visit-ulcinj.com\/blog\/2011\/12\/29\/skrelja-prava-albanaca-nisu-ugrozena\/#primaryimage","url":"https:\/\/www.visit-ulcinj.com\/blog\/wp-content\/uploads\/2011\/12\/Poslanik-DPS-a-Luidj-Skrelja-.jpg","contentUrl":"https:\/\/www.visit-ulcinj.com\/blog\/wp-content\/uploads\/2011\/12\/Poslanik-DPS-a-Luidj-Skrelja-.jpg","width":"432","height":"545"},{"@type":"WebPage","@id":"https:\/\/www.visit-ulcinj.com\/blog\/2011\/12\/29\/skrelja-prava-albanaca-nisu-ugrozena\/#webpage","url":"https:\/\/www.visit-ulcinj.com\/blog\/2011\/12\/29\/skrelja-prava-albanaca-nisu-ugrozena\/","name":"\u0160krelja: Prava Albanaca nisu ugro\u017eena - Lajme nga Ulqini","isPartOf":{"@id":"https:\/\/www.visit-ulcinj.com\/blog\/#website"},"primaryImageOfPage":{"@id":"https:\/\/www.visit-ulcinj.com\/blog\/2011\/12\/29\/skrelja-prava-albanaca-nisu-ugrozena\/#primaryimage"},"datePublished":"2011-12-29T18:05:19+00:00","dateModified":"2012-01-05T20:41:04+00:00","author":{"@id":"https:\/\/www.visit-ulcinj.com\/blog\/#\/schema\/person\/dcab619c614d3038751c63bc2aadc06d"},"description":"Poslanik DPS-a Lui\u0111 \u0160krelja nije saglasan sa porukama ju\u010dera\u0161njeg protesta u Tuzima da su prava Albanaca ugro\u017eena te da se u Crnoj Gori vr\u0161i njihova","breadcrumb":{"@id":"https:\/\/www.visit-ulcinj.com\/blog\/2011\/12\/29\/skrelja-prava-albanaca-nisu-ugrozena\/#breadcrumb"},"inLanguage":"en-US","potentialAction":[{"@type":"ReadAction","target":["https:\/\/www.visit-ulcinj.com\/blog\/2011\/12\/29\/skrelja-prava-albanaca-nisu-ugrozena\/"]}]},{"@type":"BreadcrumbList","@id":"https:\/\/www.visit-ulcinj.com\/blog\/2011\/12\/29\/skrelja-prava-albanaca-nisu-ugrozena\/#breadcrumb","itemListElement":[{"@type":"ListItem","position":1,"name":"\u0160krelja: Prava Albanaca nisu ugro\u017eena"}]},{"@type":"Person","@id":"https:\/\/www.visit-ulcinj.com\/blog\/#\/schema\/person\/dcab619c614d3038751c63bc2aadc06d","name":"ulqini","sameAs":["http:\/\/www.visit-ulcinj.com"],"url":"https:\/\/www.visit-ulcinj.com\/blog\/author\/admin\/"}]}},"jetpack_featured_media_url":"","jetpack_sharing_enabled":true,"jetpack_shortlink":"https:\/\/wp.me\/pe6lTn-enb","_links":{"self":[{"href":"https:\/\/www.visit-ulcinj.com\/blog\/wp-json\/wp\/v2\/posts\/55253"}],"collection":[{"href":"https:\/\/www.visit-ulcinj.com\/blog\/wp-json\/wp\/v2\/posts"}],"about":[{"href":"https:\/\/www.visit-ulcinj.com\/blog\/wp-json\/wp\/v2\/types\/post"}],"author":[{"embeddable":true,"href":"https:\/\/www.visit-ulcinj.com\/blog\/wp-json\/wp\/v2\/users\/1"}],"replies":[{"embeddable":true,"href":"https:\/\/www.visit-ulcinj.com\/blog\/wp-json\/wp\/v2\/comments?post=55253"}],"version-history":[{"count":3,"href":"https:\/\/www.visit-ulcinj.com\/blog\/wp-json\/wp\/v2\/posts\/55253\/revisions"}],"predecessor-version":[{"id":55551,"href":"https:\/\/www.visit-ulcinj.com\/blog\/wp-json\/wp\/v2\/posts\/55253\/revisions\/55551"}],"wp:attachment":[{"href":"https:\/\/www.visit-ulcinj.com\/blog\/wp-json\/wp\/v2\/media?parent=55253"}],"wp:term":[{"taxonomy":"category","embeddable":true,"href":"https:\/\/www.visit-ulcinj.com\/blog\/wp-json\/wp\/v2\/categories?post=55253"},{"taxonomy":"post_tag","embeddable":true,"href":"https:\/\/www.visit-ulcinj.com\/blog\/wp-json\/wp\/v2\/tags?post=55253"}],"curies":[{"name":"wp","href":"https:\/\/api.w.org\/{rel}","templated":true}]}}