{"id":55271,"date":"2011-12-30T17:03:19","date_gmt":"2011-12-30T16:03:19","guid":{"rendered":"http:\/\/www.visit-ulcinj.com\/blog\/?p=55271"},"modified":"2011-12-30T23:05:33","modified_gmt":"2011-12-30T22:05:33","slug":"lajme-nga-ulqini-fitoi-mirnjohjen-e-klubit-karates-ulqini","status":"publish","type":"post","link":"https:\/\/www.visit-ulcinj.com\/blog\/2011\/12\/30\/lajme-nga-ulqini-fitoi-mirnjohjen-e-klubit-karates-ulqini\/","title":{"rendered":"Lajme nga Ulqini fitoi  mirnjohjen e klubit karates &#8220;Ulqini&#8221;"},"content":{"rendered":"<p><a href=\"http:\/\/www.visit-ulcinj.com\/blog\/wp-content\/uploads\/2011\/12\/Lajme-nga-Ulqini-fitoi-mirnjohjen-e-klubit-karates-Ulqini.jpg\"><img loading=\"lazy\" class=\"alignleft size-full wp-image-55272\" title=\"Lajme nga Ulqini fitoi  mirnjohjen e klubit karates Ulqini\" src=\"http:\/\/www.visit-ulcinj.com\/blog\/wp-content\/uploads\/2011\/12\/Lajme-nga-Ulqini-fitoi-mirnjohjen-e-klubit-karates-Ulqini.jpg\" alt=\"\" width=\"508\" height=\"718\" srcset=\"https:\/\/www.visit-ulcinj.com\/blog\/wp-content\/uploads\/2011\/12\/Lajme-nga-Ulqini-fitoi-mirnjohjen-e-klubit-karates-Ulqini.jpg 508w, https:\/\/www.visit-ulcinj.com\/blog\/wp-content\/uploads\/2011\/12\/Lajme-nga-Ulqini-fitoi-mirnjohjen-e-klubit-karates-Ulqini-212x300.jpg 212w\" sizes=\"(max-width: 508px) 100vw, 508px\" \/><\/a>P\u00ebr mirnjohjen vjetore 2011 q\u00eb na b\u00ebri \u201cKarate Klub Ulqini\u201d,Lajme nga Ulqini,ju faliminderohet ,dhe jemi shum\u00eb mirnjohes per respektin qe na bet.<\/p>\n<p>Blogu i Pamvarur \u201c Lajme nga Ulqini\u201d e cila filloj pun\u00ebn n\u00eb muajn Janar t\u00eb vitit 2008, ka arritur rekordin ditor n\u00eb 10.000 Vizitor\u00eb.<br \/>\nFal\u00ebnderojm\u00eb t\u00eb gjith Vizitor\u00ebt, Komentator\u00ebt nga t\u00eb gjitha Trojet Shqiptare.<\/p>\n<p>Ne jemi n\u00eb sh\u00ebrbimin e juaj,prandaj I fal\u00ebnderojm\u00eb t\u00eb gjith t\u00eb cil\u00ebt kan d\u00ebrguar Artikujt e tyre p\u00ebr vullnetin e tyre, p\u00ebr ndihm\u00ebn e p\u00ebrkthimeve, poashtu fal\u00ebnderojm\u00eb edhe Kritikuesit, ku kritikat e tyre kishin sjellur q\u00eb ne t\u00eb p\u00ebrmir\u00ebsohemi dhe t\u00eb arrijm\u00eb nj\u00eb nivel t\u00eb duhur medial.<\/p>\n<p>Fal\u00ebnderojm\u00eb edhe Portalet tjera Informative t\u00eb cilat nuk shkruan asgj\u00eb kund\u00ebr nesh, ngase disa e shum\u00eb \u00a0her\u00eb kemi marrur artikujt e tyre t\u00eb gatsh\u00ebm, siq jan\u00eb \u201cUlqini-Online\u201d,\u201dMalsia.org\u201d,&#8221;Koha Javore&#8221;,\u201dKosovaLive\u201d \u201cZ\u00ebri\u201d, \u201cKoha\u201d, \u201cShekulli\u201d, \u201cNOA\u201d, \u201cINA\u201d, \u201cTelegrafi\u201d, \u201cZemrashqiptare\u201d etj.<\/p>\n<p>Mbesim me shpres\u00eb se ne do vazhdojm\u00eb edhe m\u00eb tutje pun\u00ebn ton\u00eb edhe pse disa her\u00eb ishim n\u00eb v\u00ebshtir\u00ebsi (mungesa e Autor\u00ebve dhe e Koh\u00ebs, mungesa e rrjedhave t\u00eb lajmeve, p\u00ebrkthyesve dhe Informant\u00ebve kudo n\u00eb Evrop\u00eb. Me nderime dhe me repsekt, shpres\u00eb p\u00ebr nj\u00eb ardhm\u00ebri t\u00eb qet\u00eb dhe t\u00eb lumtur.<br \/>\n<a href=\"http:\/\/www.visit-ulcinj.com\/blog\/wp-content\/uploads\/2011\/12\/Gezuar-vitin-e-ri-2012-Lajmet-nga-Ulqini.jpg\"><img loading=\"lazy\" class=\"alignleft  wp-image-55274\" title=\"Gezuar vitin e ri 2012 -Lajmet nga Ulqini\" src=\"http:\/\/www.visit-ulcinj.com\/blog\/wp-content\/uploads\/2011\/12\/Gezuar-vitin-e-ri-2012-Lajmet-nga-Ulqini.jpg\" alt=\"\" width=\"508\" height=\"289\" \/><\/a><\/p>\n<p><strong>G\u00ebzuar Vitin e ri 2012<\/strong><\/p>\n<p>Urime Vitin e Ri 2012 t\u00eb gjith\u00eb qytetar\u00ebve t\u00eb Ulqinit dhe gjith\u00eb shqiptar\u00ebve kudo q\u00eb jan\u00eb. Qoft\u00eb ky viti i realizimit t\u00eb d\u00ebshirave dhe \u00ebndrrave tuaja. Paqa, dashuria, mir\u00ebkuptimi dhe suksesi mbizot\u00ebrofshin n\u00eb familjet tuaja.<\/p>\n<p>G\u00cbZUAR ! Ju p\u00ebrsh\u00ebndes dhe ju uroj shum\u00eb suksese.<\/p>\n<p><strong>Stafi Lajme nga Ulqini<\/strong><\/p>\n<p>&nbsp;<\/p>\n","protected":false},"excerpt":{"rendered":"<p>P\u00ebr mirnjohjen vjetore 2011 q\u00eb na b\u00ebri \u201cKarate Klub Ulqini\u201d,Lajme nga Ulqini,ju faliminderohet ,dhe jemi shum\u00eb mirnjohes per respektin qe na bet. Blogu i Pamvarur \u201c Lajme nga Ulqini\u201d e cila filloj pun\u00ebn n\u00eb muajn Janar t\u00eb vitit 2008, ka arritur rekordin ditor n\u00eb 10.000 Vizitor\u00eb. Fal\u00ebnderojm\u00eb t\u00eb gjith Vizitor\u00ebt, Komentator\u00ebt nga t\u00eb gjitha Trojet [&hellip;]<\/p>\n","protected":false},"author":1,"featured_media":0,"comment_status":"open","ping_status":"closed","sticky":false,"template":"","format":"standard","meta":{"spay_email":"","jetpack_publicize_message":"","jetpack_is_tweetstorm":false,"jetpack_publicize_feature_enabled":true},"categories":[1,14249],"tags":[14351,17828,17834,18370,17811,14352,17831,18362,15136,14353,17808,17401,14354,12340,14355,17840,17839,18363,19585,17835,17814,17810,17816,14356,17071,17807,3730,3516,14652,3511,15139,17837,17827,10203,14358,222,17802,17812,17803,17820,17825,17817,17805,22011,305,19584,17823,17832,19586,14359,3506,17818,5025,5024,3499,214,17680,14360,14361,16210,17402,4861,14362,19541,14363,18371,194,19501,3507,17800,498,3717,3500,1762,4625,115,14364,22008,17799,3327,15140,17841,19627,17826,15213,18236,13230,3512,17806,729,11648,18289,17838,95,19583,17813,19587,17804,14365,15141,17836,14366,79,17073,18369,1653,1909,17815,14367,17801,18360,19543,17822,14368,14369,19542,17824,2076,14370,18291,10472,2083,3231,14371,41,3617,15143,14372,14373,14374,17844,17821,18372,17830,17077,2800,18295,14375,17833,17829,899,200,18,17819,17809,14376],"jetpack_publicize_connections":[],"yoast_head":"<!-- This site is optimized with the Yoast SEO plugin v19.1 - https:\/\/yoast.com\/wordpress\/plugins\/seo\/ -->\n<title>Lajme nga Ulqini fitoi mirnjohjen e klubit karates &quot;Ulqini&quot; - Lajme nga Ulqini<\/title>\n<meta name=\"description\" content=\"P\u00ebr mirnjohjen vjetore 2011 q\u00eb na b\u00ebri \u201cKarate Klub Ulqini\u201d,Lajme nga Ulqini,ju faliminderohet ,dhe jemi shum\u00eb mirnjohes per respektin qe na bet. Blogu i\" \/>\n<meta name=\"robots\" content=\"index, follow, max-snippet:-1, max-image-preview:large, max-video-preview:-1\" \/>\n<link rel=\"canonical\" href=\"https:\/\/www.visit-ulcinj.com\/blog\/2011\/12\/30\/lajme-nga-ulqini-fitoi-mirnjohjen-e-klubit-karates-ulqini\/\" \/>\n<meta property=\"og:locale\" content=\"en_US\" \/>\n<meta property=\"og:type\" content=\"article\" \/>\n<meta property=\"og:title\" content=\"Lajme nga Ulqini fitoi mirnjohjen e klubit karates &quot;Ulqini&quot; - Lajme nga Ulqini\" \/>\n<meta property=\"og:description\" content=\"P\u00ebr mirnjohjen vjetore 2011 q\u00eb na b\u00ebri \u201cKarate Klub Ulqini\u201d,Lajme nga Ulqini,ju faliminderohet ,dhe jemi shum\u00eb mirnjohes per respektin qe na bet. Blogu i\" \/>\n<meta property=\"og:url\" content=\"https:\/\/www.visit-ulcinj.com\/blog\/2011\/12\/30\/lajme-nga-ulqini-fitoi-mirnjohjen-e-klubit-karates-ulqini\/\" \/>\n<meta property=\"og:site_name\" content=\"Lajme nga Ulqini\" \/>\n<meta property=\"article:published_time\" content=\"2011-12-30T16:03:19+00:00\" \/>\n<meta property=\"article:modified_time\" content=\"2011-12-30T22:05:33+00:00\" \/>\n<meta property=\"og:image\" content=\"http:\/\/www.visit-ulcinj.com\/blog\/wp-content\/uploads\/2011\/12\/Lajme-nga-Ulqini-fitoi-mirnjohjen-e-klubit-karates-Ulqini.jpg\" \/>\n<meta name=\"twitter:label1\" content=\"Written by\" \/>\n\t<meta name=\"twitter:data1\" content=\"ulqini\" \/>\n\t<meta name=\"twitter:label2\" content=\"Est. reading time\" \/>\n\t<meta name=\"twitter:data2\" content=\"1 minute\" \/>\n<script type=\"application\/ld+json\" class=\"yoast-schema-graph\">{\"@context\":\"https:\/\/schema.org\",\"@graph\":[{\"@type\":\"WebSite\",\"@id\":\"https:\/\/www.visit-ulcinj.com\/blog\/#website\",\"url\":\"https:\/\/www.visit-ulcinj.com\/blog\/\",\"name\":\"Lajme nga Ulqini\",\"description\":\"Lajme,Vijesti,Ulqini,Ulqin,Crna Gora,Mali i Zi\",\"potentialAction\":[{\"@type\":\"SearchAction\",\"target\":{\"@type\":\"EntryPoint\",\"urlTemplate\":\"https:\/\/www.visit-ulcinj.com\/blog\/?s={search_term_string}\"},\"query-input\":\"required name=search_term_string\"}],\"inLanguage\":\"en-US\"},{\"@type\":\"ImageObject\",\"inLanguage\":\"en-US\",\"@id\":\"https:\/\/www.visit-ulcinj.com\/blog\/2011\/12\/30\/lajme-nga-ulqini-fitoi-mirnjohjen-e-klubit-karates-ulqini\/#primaryimage\",\"url\":\"https:\/\/www.visit-ulcinj.com\/blog\/wp-content\/uploads\/2011\/12\/Lajme-nga-Ulqini-fitoi-mirnjohjen-e-klubit-karates-Ulqini.jpg\",\"contentUrl\":\"https:\/\/www.visit-ulcinj.com\/blog\/wp-content\/uploads\/2011\/12\/Lajme-nga-Ulqini-fitoi-mirnjohjen-e-klubit-karates-Ulqini.jpg\",\"width\":\"508\",\"height\":\"718\"},{\"@type\":\"WebPage\",\"@id\":\"https:\/\/www.visit-ulcinj.com\/blog\/2011\/12\/30\/lajme-nga-ulqini-fitoi-mirnjohjen-e-klubit-karates-ulqini\/#webpage\",\"url\":\"https:\/\/www.visit-ulcinj.com\/blog\/2011\/12\/30\/lajme-nga-ulqini-fitoi-mirnjohjen-e-klubit-karates-ulqini\/\",\"name\":\"Lajme nga Ulqini fitoi mirnjohjen e klubit karates \\\"Ulqini\\\" - Lajme nga Ulqini\",\"isPartOf\":{\"@id\":\"https:\/\/www.visit-ulcinj.com\/blog\/#website\"},\"primaryImageOfPage\":{\"@id\":\"https:\/\/www.visit-ulcinj.com\/blog\/2011\/12\/30\/lajme-nga-ulqini-fitoi-mirnjohjen-e-klubit-karates-ulqini\/#primaryimage\"},\"datePublished\":\"2011-12-30T16:03:19+00:00\",\"dateModified\":\"2011-12-30T22:05:33+00:00\",\"author\":{\"@id\":\"https:\/\/www.visit-ulcinj.com\/blog\/#\/schema\/person\/dcab619c614d3038751c63bc2aadc06d\"},\"description\":\"P\u00ebr mirnjohjen vjetore 2011 q\u00eb na b\u00ebri \u201cKarate Klub Ulqini\u201d,Lajme nga Ulqini,ju faliminderohet ,dhe jemi shum\u00eb mirnjohes per respektin qe na bet. Blogu i\",\"breadcrumb\":{\"@id\":\"https:\/\/www.visit-ulcinj.com\/blog\/2011\/12\/30\/lajme-nga-ulqini-fitoi-mirnjohjen-e-klubit-karates-ulqini\/#breadcrumb\"},\"inLanguage\":\"en-US\",\"potentialAction\":[{\"@type\":\"ReadAction\",\"target\":[\"https:\/\/www.visit-ulcinj.com\/blog\/2011\/12\/30\/lajme-nga-ulqini-fitoi-mirnjohjen-e-klubit-karates-ulqini\/\"]}]},{\"@type\":\"BreadcrumbList\",\"@id\":\"https:\/\/www.visit-ulcinj.com\/blog\/2011\/12\/30\/lajme-nga-ulqini-fitoi-mirnjohjen-e-klubit-karates-ulqini\/#breadcrumb\",\"itemListElement\":[{\"@type\":\"ListItem\",\"position\":1,\"name\":\"Lajme nga Ulqini fitoi mirnjohjen e klubit karates &#8220;Ulqini&#8221;\"}]},{\"@type\":\"Person\",\"@id\":\"https:\/\/www.visit-ulcinj.com\/blog\/#\/schema\/person\/dcab619c614d3038751c63bc2aadc06d\",\"name\":\"ulqini\",\"sameAs\":[\"http:\/\/www.visit-ulcinj.com\"],\"url\":\"https:\/\/www.visit-ulcinj.com\/blog\/author\/admin\/\"}]}<\/script>\n<!-- \/ Yoast SEO plugin. -->","yoast_head_json":{"title":"Lajme nga Ulqini fitoi mirnjohjen e klubit karates \"Ulqini\" - Lajme nga Ulqini","description":"P\u00ebr mirnjohjen vjetore 2011 q\u00eb na b\u00ebri \u201cKarate Klub Ulqini\u201d,Lajme nga Ulqini,ju faliminderohet ,dhe jemi shum\u00eb mirnjohes per respektin qe na bet. Blogu i","robots":{"index":"index","follow":"follow","max-snippet":"max-snippet:-1","max-image-preview":"max-image-preview:large","max-video-preview":"max-video-preview:-1"},"canonical":"https:\/\/www.visit-ulcinj.com\/blog\/2011\/12\/30\/lajme-nga-ulqini-fitoi-mirnjohjen-e-klubit-karates-ulqini\/","og_locale":"en_US","og_type":"article","og_title":"Lajme nga Ulqini fitoi mirnjohjen e klubit karates \"Ulqini\" - Lajme nga Ulqini","og_description":"P\u00ebr mirnjohjen vjetore 2011 q\u00eb na b\u00ebri \u201cKarate Klub Ulqini\u201d,Lajme nga Ulqini,ju faliminderohet ,dhe jemi shum\u00eb mirnjohes per respektin qe na bet. Blogu i","og_url":"https:\/\/www.visit-ulcinj.com\/blog\/2011\/12\/30\/lajme-nga-ulqini-fitoi-mirnjohjen-e-klubit-karates-ulqini\/","og_site_name":"Lajme nga Ulqini","article_published_time":"2011-12-30T16:03:19+00:00","article_modified_time":"2011-12-30T22:05:33+00:00","og_image":[{"url":"http:\/\/www.visit-ulcinj.com\/blog\/wp-content\/uploads\/2011\/12\/Lajme-nga-Ulqini-fitoi-mirnjohjen-e-klubit-karates-Ulqini.jpg"}],"twitter_misc":{"Written by":"ulqini","Est. reading time":"1 minute"},"schema":{"@context":"https:\/\/schema.org","@graph":[{"@type":"WebSite","@id":"https:\/\/www.visit-ulcinj.com\/blog\/#website","url":"https:\/\/www.visit-ulcinj.com\/blog\/","name":"Lajme nga Ulqini","description":"Lajme,Vijesti,Ulqini,Ulqin,Crna Gora,Mali i Zi","potentialAction":[{"@type":"SearchAction","target":{"@type":"EntryPoint","urlTemplate":"https:\/\/www.visit-ulcinj.com\/blog\/?s={search_term_string}"},"query-input":"required name=search_term_string"}],"inLanguage":"en-US"},{"@type":"ImageObject","inLanguage":"en-US","@id":"https:\/\/www.visit-ulcinj.com\/blog\/2011\/12\/30\/lajme-nga-ulqini-fitoi-mirnjohjen-e-klubit-karates-ulqini\/#primaryimage","url":"https:\/\/www.visit-ulcinj.com\/blog\/wp-content\/uploads\/2011\/12\/Lajme-nga-Ulqini-fitoi-mirnjohjen-e-klubit-karates-Ulqini.jpg","contentUrl":"https:\/\/www.visit-ulcinj.com\/blog\/wp-content\/uploads\/2011\/12\/Lajme-nga-Ulqini-fitoi-mirnjohjen-e-klubit-karates-Ulqini.jpg","width":"508","height":"718"},{"@type":"WebPage","@id":"https:\/\/www.visit-ulcinj.com\/blog\/2011\/12\/30\/lajme-nga-ulqini-fitoi-mirnjohjen-e-klubit-karates-ulqini\/#webpage","url":"https:\/\/www.visit-ulcinj.com\/blog\/2011\/12\/30\/lajme-nga-ulqini-fitoi-mirnjohjen-e-klubit-karates-ulqini\/","name":"Lajme nga Ulqini fitoi mirnjohjen e klubit karates \"Ulqini\" - Lajme nga Ulqini","isPartOf":{"@id":"https:\/\/www.visit-ulcinj.com\/blog\/#website"},"primaryImageOfPage":{"@id":"https:\/\/www.visit-ulcinj.com\/blog\/2011\/12\/30\/lajme-nga-ulqini-fitoi-mirnjohjen-e-klubit-karates-ulqini\/#primaryimage"},"datePublished":"2011-12-30T16:03:19+00:00","dateModified":"2011-12-30T22:05:33+00:00","author":{"@id":"https:\/\/www.visit-ulcinj.com\/blog\/#\/schema\/person\/dcab619c614d3038751c63bc2aadc06d"},"description":"P\u00ebr mirnjohjen vjetore 2011 q\u00eb na b\u00ebri \u201cKarate Klub Ulqini\u201d,Lajme nga Ulqini,ju faliminderohet ,dhe jemi shum\u00eb mirnjohes per respektin qe na bet. Blogu i","breadcrumb":{"@id":"https:\/\/www.visit-ulcinj.com\/blog\/2011\/12\/30\/lajme-nga-ulqini-fitoi-mirnjohjen-e-klubit-karates-ulqini\/#breadcrumb"},"inLanguage":"en-US","potentialAction":[{"@type":"ReadAction","target":["https:\/\/www.visit-ulcinj.com\/blog\/2011\/12\/30\/lajme-nga-ulqini-fitoi-mirnjohjen-e-klubit-karates-ulqini\/"]}]},{"@type":"BreadcrumbList","@id":"https:\/\/www.visit-ulcinj.com\/blog\/2011\/12\/30\/lajme-nga-ulqini-fitoi-mirnjohjen-e-klubit-karates-ulqini\/#breadcrumb","itemListElement":[{"@type":"ListItem","position":1,"name":"Lajme nga Ulqini fitoi mirnjohjen e klubit karates &#8220;Ulqini&#8221;"}]},{"@type":"Person","@id":"https:\/\/www.visit-ulcinj.com\/blog\/#\/schema\/person\/dcab619c614d3038751c63bc2aadc06d","name":"ulqini","sameAs":["http:\/\/www.visit-ulcinj.com"],"url":"https:\/\/www.visit-ulcinj.com\/blog\/author\/admin\/"}]}},"jetpack_featured_media_url":"","jetpack_sharing_enabled":true,"jetpack_shortlink":"https:\/\/wp.me\/pe6lTn-ent","_links":{"self":[{"href":"https:\/\/www.visit-ulcinj.com\/blog\/wp-json\/wp\/v2\/posts\/55271"}],"collection":[{"href":"https:\/\/www.visit-ulcinj.com\/blog\/wp-json\/wp\/v2\/posts"}],"about":[{"href":"https:\/\/www.visit-ulcinj.com\/blog\/wp-json\/wp\/v2\/types\/post"}],"author":[{"embeddable":true,"href":"https:\/\/www.visit-ulcinj.com\/blog\/wp-json\/wp\/v2\/users\/1"}],"replies":[{"embeddable":true,"href":"https:\/\/www.visit-ulcinj.com\/blog\/wp-json\/wp\/v2\/comments?post=55271"}],"version-history":[{"count":3,"href":"https:\/\/www.visit-ulcinj.com\/blog\/wp-json\/wp\/v2\/posts\/55271\/revisions"}],"predecessor-version":[{"id":55296,"href":"https:\/\/www.visit-ulcinj.com\/blog\/wp-json\/wp\/v2\/posts\/55271\/revisions\/55296"}],"wp:attachment":[{"href":"https:\/\/www.visit-ulcinj.com\/blog\/wp-json\/wp\/v2\/media?parent=55271"}],"wp:term":[{"taxonomy":"category","embeddable":true,"href":"https:\/\/www.visit-ulcinj.com\/blog\/wp-json\/wp\/v2\/categories?post=55271"},{"taxonomy":"post_tag","embeddable":true,"href":"https:\/\/www.visit-ulcinj.com\/blog\/wp-json\/wp\/v2\/tags?post=55271"}],"curies":[{"name":"wp","href":"https:\/\/api.w.org\/{rel}","templated":true}]}}