{"id":55288,"date":"2011-12-30T22:59:45","date_gmt":"2011-12-30T21:59:45","guid":{"rendered":"http:\/\/www.visit-ulcinj.com\/blog\/?p=55288"},"modified":"2012-01-21T18:08:51","modified_gmt":"2012-01-21T17:08:51","slug":"100-diteshi-i-qeverise-se-ulqinit-voto","status":"publish","type":"post","link":"https:\/\/www.visit-ulcinj.com\/blog\/2011\/12\/30\/100-diteshi-i-qeverise-se-ulqinit-voto\/","title":{"rendered":"100 dit\u00ebshi i Qeveris\u00eb s\u00eb Ulqinit &#8211; Voto"},"content":{"rendered":"<p><a href=\"http:\/\/www.visit-ulcinj.com\/blog\/wp-content\/uploads\/2011\/12\/100-dit\u00ebshi-i-Qeveris\u00eb-s\u00eb-Ulqinit-G\u00ebzuar-Vitin-e-Ri-2012-Komuna-e-Ulqinit.jpg\"><img loading=\"lazy\" class=\"alignleft  wp-image-55289\" title=\"100 dit\u00ebshi i Qeveris\u00eb s\u00eb Ulqinit - G\u00ebzuar Vitin e Ri 2012 - Komuna e Ulqinit\" src=\"http:\/\/www.visit-ulcinj.com\/blog\/wp-content\/uploads\/2011\/12\/100-dit\u00ebshi-i-Qeveris\u00eb-s\u00eb-Ulqinit-G\u00ebzuar-Vitin-e-Ri-2012-Komuna-e-Ulqinit.jpg\" alt=\"Amull, ANALIST POLITIK, an\u00ebtar i organizat\u00ebs t\u00eb shoq\u00ebris\u00eb civile Forum 2010, Aru\u00e7ij, Bardhij, bereqeti, Berjashij, Bijela Gora, Blaca, blektoria, Bojk, Bojk\u00eb, Bolejt, Brajsh, Brajshe, bratic\u00eb, Briska e Ep\u00ebrme, Brisku nelt, Brisku pasht, bujqesia, \u00c7obaj, Cukaj, Curajt nelt, Curij pasht, Darza, Darz\u00eb, Demirijt, Dodaj, Dragaj, Dragina, Dragin\u00eb, Dragoviq, Dritan Abazi., Dritan Abazoviq, Durakij, FRASKANJEL, Fraskanjell, g\u00ebzim hajdinaga, Gjecbritij, Gjenashej, Gjenciq, Gjyrjani, Hajdarijt, Hardajt, Hutij, Intervista \/ Intervju, Intervist\u00eb, Kacaj, Kaleci, Kaliman, Kalimani, Kanaqi, Katerkolla, katerkoll\u00eb, Klezna, Klezna e Ep\u00ebrme, Klezna e Poshtme, Kllezna e Nalt, Kllezna e Posht, Kod\u00ebr, Kod\u00ebr (Ulqin), Kolonza, Komisionin bamir\u00ebs Bereqeti, konferenca, Kosiq, Kosova, Kova\u00e7ej, Kraj\u00eb, KRAVAR, Kravari, kru\u00e7, Krute, Kryetari i Komun\u00ebs ulqinit, Kryth\u00eb, Lajmet \/ Vijesti, Leka I Zogu, Lekperij, Leskovac, Leskovc, Liarja, Lihari, Likaj, liqeni i shasit, Lisna Bora, Lisna Bore, Lubanijt, Lumi Buna, Lumin Buna, Madgueshi, magjist\u00ebr, Mali i Zi, maqedoni, Markashij, Maxhurej, Megjreqi, Megjure\u00e7, Millajt, Mill\u00eb, Montenegro, Mozhur\u00eb, muriqn, Nazif Cungu, ndihma, ndihme humanitare, n\u00eb Podgoric\u00eb, OJQ, ostros, peraj, Pistull, plazha madhe, politolog, Presheva, Priftij, projet, Qyrkej, Ramushje, Rastish, Re\u00e7, Re\u00e7 (Ulqin), Runji, Sal\u00e7, s\u00eb Ulqinit, Selita, Shas, Shasi, Sh\u00ebngjergj, Shkoder, shkodra, shqiperi, Shtod\u00ebr, Shtodh\u00ebr, Shtoj i Ep\u00ebrm, Shtoj i Posht\u00ebm, Shtoji, Sjerci, sos ndihma, Subashij, Sukobin\u00eb, Sukubin\u00eb, sukubon, Sutjell, Syrliq, Tafajt, Tahir Tahiri, t\u00eb Mirat Detare, ulqin, ulqini, Valdanosi, Veliqi, Vu\u00e7kij, Xhemal Peroviq, Zogaj\" width=\"508\" height=\"380\" \/><\/a>Me rastin e 100 dit\u00ebve nga zgjedhja e Qeveris\u00eb s\u00eb re n\u00eb komun\u00ebn e Ulqinit, opinionit jemi duke u \u00a0drejtuar p\u00ebrmes rrjetit social t\u00eb Facebook-ut dhe n\u00eb ueb-faqen Lajme nga Ulqini,ku ne do vendosim votimin online Votime,sa jemi apo sa nuk jemi t\u00eb knaqur me Qeverisjen e re n\u00eb komun\u00ebn e Ulqinit, ku \u00a0p\u00ebr opozit\u00ebn dhe t\u00eb tjer\u00ebt \u00a0\u00ebsht\u00eb nj\u00eb d\u00ebshmi e fuqishme t\u00eb ballafaqohemi me qytetar\u00ebt dhe me realitetin n\u00eb t\u00eb cilin jeton populli I Ulqinit<\/p>\n<p>N\u00eb intervist\u00ebn \u00a0e kryetarit t\u00eb Ulqinit z.Nazif Cungut dh\u00ebn\u00eb gazetarit\u00a0 Musa Gjoka\u00a0 p\u00ebr emisionin \u2018Mozaiku\u2019 n\u00eb TVCG.\u201d Cungu shprehet optimist p\u00ebr realizimin e \u00a0k\u00ebrkesave q\u00eb dit\u00eb m\u00eb pari i adresoi partnerit t\u00eb koalicionit qeveritar n\u00eb komun\u00ebn e Ulqinit,q\u00eb nevojitet vet\u00ebm d\u00ebshir\u00eb dhe vullnet politik q\u00eb t\u00eb arrihet realizimi t\u00eb gjth\u00eb k\u00ebrkesave \u00e7ka I nevojitet Ulqinit. Kryetari I Ulqinit,Nazif Cungu\u00a0 madje nuk p\u00ebrjashton edhe ndihm\u00ebn e qeveris\u00eb s\u00eb Malit t\u00eb Zi,q\u00eb ti vij\u00eb n\u00eb ndihm\u00eb Ulqinit p\u00ebr realizimin e projekteve madhore.<br \/>\nHer\u00eb m\u00eb pare kryetari Cungu tha se\u201dVeprat dhe realizimet tona jan\u00eb t\u00eb bazuara n\u00eb programin, i cili \u00ebsht\u00eb publik dhe transparent, mat\u00ebs dhe i duksh\u00ebm. Krejt \u00e7ka kemi premtuar n\u00eb programin p\u00ebr k\u00ebt\u00eb periudh\u00eb kat\u00ebr vje\u00e7are, do t\u00eb realizohet.<br \/>\n<strong>Opozita<\/strong><br \/>\nMegjithat\u00eb do t\u00eb ken\u00eb parasysh se tashm\u00eb \u00ebsht\u00eb nj\u00eb situat\u00eb tjet\u00ebr, ata q\u00eb fituan qeverisjen n\u00eb komun t\u00eb Ulqinit e kan\u00eb p\u00ebrgjegj\u00ebsin\u00eb e jasht\u00ebzakonshme dhe maksimale nd\u00ebrsa ne si opozit\u00eb do ta mbajm\u00eb at\u00eb pjes\u00eb t\u00eb p\u00ebrgjegj\u00ebsis\u00eb q\u00eb na takon\u201d, deklaroi\u00a0 nj\u00ebri nga opozita.\u201cAta e kan\u00eb fituar qeverisjen, t\u00eb respektojm\u00eb principet dhe parimet demokratike, i kan\u00eb pasur \u00a0100 dit\u00eb p\u00ebr t\u00eb treguar se \u00e7ka mund t\u00eb b\u00ebjn\u00eb, duhet nj\u00eb qet\u00ebsi nj\u00eb opinion q\u00eb t\u00eb kullohet uji dhe t\u00eb kuptohet se s\u2019ka keqkuptime dhe keqinterpretime t\u00eb raporteve personale por bisedohet p\u00ebr \u00e7\u00ebshtje t\u00eb p\u00ebrgjithshme n\u00eb komun t\u00eb Ulqinit.<\/p>\n<p><strong>Mesazh\u00eb Urimi<\/strong><\/p>\n<p>Duke ju ftuar t\u00eb vazhdojm\u00eb t\u00eb punojm\u00eb s\u00eb bashku, p\u00ebr nj\u00eb Ulqin t\u00eb bashk\u00ebjetes\u00ebs s\u00eb qytetar\u00ebve, p\u00ebr nj\u00eb Ulqin t\u00eb shanseve t\u00eb barabarta, ku t\u00eb gjith\u00eb t\u00eb ndihen pjes\u00eb e jet\u00ebs s\u00eb p\u00ebrditshme, ku t\u00eb gjith\u00eb t\u00eb ndihen pjes\u00eb e zhvillimit, ku pushteti t\u00eb jet\u00eb pron\u00eb dhe n\u00eb sh\u00ebrbim t\u00eb njer\u00ebzve, p\u00ebr Ulqinin e atyre q\u00eb e duan dhe kontribuojn\u00eb p\u00ebr t\u00eb.<\/p>\n<p>Edhe nj\u00ebher\u00eb ju uroj G\u00ebzuar Vitin e Ri 2012, qoft\u00eb nj\u00eb vit i mbar\u00eb dhe i lumtur p\u00ebr t\u00eb gjith\u00eb.<br \/>\n<a name=\"pd_a_5684239\"><\/a>\n<div class=\"CSS_Poll PDS_Poll\" id=\"PDI_container5684239\" style=\"display:inline-block;\"><\/div>\n<div id=\"PD_superContainer\"><\/div>\n<script type=\"text\/javascript\" charset=\"UTF-8\" src=\"\/\/static.polldaddy.com\/p\/5684239.js\"><\/script>\n<noscript><a href=\"https:\/\/poll.fm\/5684239\">Take Our Poll<\/a><\/noscript><\/p>\n<!--YouTube Error: bad URL entered-->\n","protected":false},"excerpt":{"rendered":"<p>Me rastin e 100 dit\u00ebve nga zgjedhja e Qeveris\u00eb s\u00eb re n\u00eb komun\u00ebn e Ulqinit, opinionit jemi duke u \u00a0drejtuar p\u00ebrmes rrjetit social t\u00eb Facebook-ut dhe n\u00eb ueb-faqen Lajme nga Ulqini,ku ne do vendosim votimin online Votime,sa jemi apo sa nuk jemi t\u00eb knaqur me Qeverisjen e re n\u00eb komun\u00ebn e Ulqinit, ku \u00a0p\u00ebr opozit\u00ebn [&hellip;]<\/p>\n","protected":false},"author":1,"featured_media":0,"comment_status":"open","ping_status":"closed","sticky":false,"template":"","format":"standard","meta":{"spay_email":"","jetpack_publicize_message":"","jetpack_is_tweetstorm":false,"jetpack_publicize_feature_enabled":true},"categories":[1],"tags":[19759,14351,19655,19654,17828,17834,18370,17811,14352,17831,18362,15136,14353,17808,17401,14354,12340,14355,17840,17839,18363,17835,17814,17810,17816,14356,17071,17807,3516,14652,3511,15139,17837,13701,10529,17827,10203,14358,222,19754,17802,17812,17803,17820,17825,17817,17805,19760,22011,305,17823,17832,14359,3506,17818,3499,214,17680,14360,14361,16210,17402,14362,19541,14363,18371,19501,3507,49,17800,498,3717,3500,1762,4625,115,14364,22008,19544,17799,3327,15140,17841,17826,15213,18236,13230,3512,17806,11648,18289,17838,19653,95,3945,17813,17804,14365,15141,17836,14366,79,17073,18294,118,18368,18369,19652,19650,1653,1909,14367,4857,16984,2354,17801,18360,19543,17822,14368,14369,19542,17824,14370,18291,10472,2083,3231,14371,41,3617,3946,15143,14372,14373,14374,17844,17821,18372,17830,17077,2800,18295,14375,17833,17829,899,5882,200,18,561,17819,17809,4265,14376],"jetpack_publicize_connections":[],"yoast_head":"<!-- This site is optimized with the Yoast SEO plugin v19.1 - https:\/\/yoast.com\/wordpress\/plugins\/seo\/ -->\n<title>100 dit\u00ebshi i Qeveris\u00eb s\u00eb Ulqinit - Voto - Lajme nga Ulqini<\/title>\n<meta name=\"description\" content=\"Me rastin e 100 dit\u00ebve nga zgjedhja e Qeveris\u00eb s\u00eb re n\u00eb komun\u00ebn e Ulqinit, opinionit jemi duke u \u00a0drejtuar p\u00ebrmes rrjetit social t\u00eb Facebook-ut dhe n\u00eb\" \/>\n<meta name=\"robots\" content=\"index, follow, max-snippet:-1, max-image-preview:large, max-video-preview:-1\" \/>\n<link rel=\"canonical\" href=\"https:\/\/www.visit-ulcinj.com\/blog\/2011\/12\/30\/100-diteshi-i-qeverise-se-ulqinit-voto\/\" \/>\n<meta property=\"og:locale\" content=\"en_US\" \/>\n<meta property=\"og:type\" content=\"article\" \/>\n<meta property=\"og:title\" content=\"100 dit\u00ebshi i Qeveris\u00eb s\u00eb Ulqinit - Voto - Lajme nga Ulqini\" \/>\n<meta property=\"og:description\" content=\"Me rastin e 100 dit\u00ebve nga zgjedhja e Qeveris\u00eb s\u00eb re n\u00eb komun\u00ebn e Ulqinit, opinionit jemi duke u \u00a0drejtuar p\u00ebrmes rrjetit social t\u00eb Facebook-ut dhe n\u00eb\" \/>\n<meta property=\"og:url\" content=\"https:\/\/www.visit-ulcinj.com\/blog\/2011\/12\/30\/100-diteshi-i-qeverise-se-ulqinit-voto\/\" \/>\n<meta property=\"og:site_name\" content=\"Lajme nga Ulqini\" \/>\n<meta property=\"article:published_time\" content=\"2011-12-30T21:59:45+00:00\" \/>\n<meta property=\"article:modified_time\" content=\"2012-01-21T17:08:51+00:00\" \/>\n<meta name=\"twitter:label1\" content=\"Written by\" \/>\n\t<meta name=\"twitter:data1\" content=\"ulqini\" \/>\n\t<meta name=\"twitter:label2\" content=\"Est. reading time\" \/>\n\t<meta name=\"twitter:data2\" content=\"2 minutes\" \/>\n<script type=\"application\/ld+json\" class=\"yoast-schema-graph\">{\"@context\":\"https:\/\/schema.org\",\"@graph\":[{\"@type\":\"WebSite\",\"@id\":\"https:\/\/www.visit-ulcinj.com\/blog\/#website\",\"url\":\"https:\/\/www.visit-ulcinj.com\/blog\/\",\"name\":\"Lajme nga Ulqini\",\"description\":\"Lajme,Vijesti,Ulqini,Ulqin,Crna Gora,Mali i Zi\",\"potentialAction\":[{\"@type\":\"SearchAction\",\"target\":{\"@type\":\"EntryPoint\",\"urlTemplate\":\"https:\/\/www.visit-ulcinj.com\/blog\/?s={search_term_string}\"},\"query-input\":\"required name=search_term_string\"}],\"inLanguage\":\"en-US\"},{\"@type\":\"WebPage\",\"@id\":\"https:\/\/www.visit-ulcinj.com\/blog\/2011\/12\/30\/100-diteshi-i-qeverise-se-ulqinit-voto\/#webpage\",\"url\":\"https:\/\/www.visit-ulcinj.com\/blog\/2011\/12\/30\/100-diteshi-i-qeverise-se-ulqinit-voto\/\",\"name\":\"100 dit\u00ebshi i Qeveris\u00eb s\u00eb Ulqinit - Voto - Lajme nga Ulqini\",\"isPartOf\":{\"@id\":\"https:\/\/www.visit-ulcinj.com\/blog\/#website\"},\"datePublished\":\"2011-12-30T21:59:45+00:00\",\"dateModified\":\"2012-01-21T17:08:51+00:00\",\"author\":{\"@id\":\"https:\/\/www.visit-ulcinj.com\/blog\/#\/schema\/person\/dcab619c614d3038751c63bc2aadc06d\"},\"description\":\"Me rastin e 100 dit\u00ebve nga zgjedhja e Qeveris\u00eb s\u00eb re n\u00eb komun\u00ebn e Ulqinit, opinionit jemi duke u \u00a0drejtuar p\u00ebrmes rrjetit social t\u00eb Facebook-ut dhe n\u00eb\",\"breadcrumb\":{\"@id\":\"https:\/\/www.visit-ulcinj.com\/blog\/2011\/12\/30\/100-diteshi-i-qeverise-se-ulqinit-voto\/#breadcrumb\"},\"inLanguage\":\"en-US\",\"potentialAction\":[{\"@type\":\"ReadAction\",\"target\":[\"https:\/\/www.visit-ulcinj.com\/blog\/2011\/12\/30\/100-diteshi-i-qeverise-se-ulqinit-voto\/\"]}]},{\"@type\":\"BreadcrumbList\",\"@id\":\"https:\/\/www.visit-ulcinj.com\/blog\/2011\/12\/30\/100-diteshi-i-qeverise-se-ulqinit-voto\/#breadcrumb\",\"itemListElement\":[{\"@type\":\"ListItem\",\"position\":1,\"name\":\"100 dit\u00ebshi i Qeveris\u00eb s\u00eb Ulqinit &#8211; Voto\"}]},{\"@type\":\"Person\",\"@id\":\"https:\/\/www.visit-ulcinj.com\/blog\/#\/schema\/person\/dcab619c614d3038751c63bc2aadc06d\",\"name\":\"ulqini\",\"sameAs\":[\"http:\/\/www.visit-ulcinj.com\"],\"url\":\"https:\/\/www.visit-ulcinj.com\/blog\/author\/admin\/\"}]}<\/script>\n<!-- \/ Yoast SEO plugin. -->","yoast_head_json":{"title":"100 dit\u00ebshi i Qeveris\u00eb s\u00eb Ulqinit - Voto - Lajme nga Ulqini","description":"Me rastin e 100 dit\u00ebve nga zgjedhja e Qeveris\u00eb s\u00eb re n\u00eb komun\u00ebn e Ulqinit, opinionit jemi duke u \u00a0drejtuar p\u00ebrmes rrjetit social t\u00eb Facebook-ut dhe n\u00eb","robots":{"index":"index","follow":"follow","max-snippet":"max-snippet:-1","max-image-preview":"max-image-preview:large","max-video-preview":"max-video-preview:-1"},"canonical":"https:\/\/www.visit-ulcinj.com\/blog\/2011\/12\/30\/100-diteshi-i-qeverise-se-ulqinit-voto\/","og_locale":"en_US","og_type":"article","og_title":"100 dit\u00ebshi i Qeveris\u00eb s\u00eb Ulqinit - Voto - Lajme nga Ulqini","og_description":"Me rastin e 100 dit\u00ebve nga zgjedhja e Qeveris\u00eb s\u00eb re n\u00eb komun\u00ebn e Ulqinit, opinionit jemi duke u \u00a0drejtuar p\u00ebrmes rrjetit social t\u00eb Facebook-ut dhe n\u00eb","og_url":"https:\/\/www.visit-ulcinj.com\/blog\/2011\/12\/30\/100-diteshi-i-qeverise-se-ulqinit-voto\/","og_site_name":"Lajme nga Ulqini","article_published_time":"2011-12-30T21:59:45+00:00","article_modified_time":"2012-01-21T17:08:51+00:00","twitter_misc":{"Written by":"ulqini","Est. reading time":"2 minutes"},"schema":{"@context":"https:\/\/schema.org","@graph":[{"@type":"WebSite","@id":"https:\/\/www.visit-ulcinj.com\/blog\/#website","url":"https:\/\/www.visit-ulcinj.com\/blog\/","name":"Lajme nga Ulqini","description":"Lajme,Vijesti,Ulqini,Ulqin,Crna Gora,Mali i Zi","potentialAction":[{"@type":"SearchAction","target":{"@type":"EntryPoint","urlTemplate":"https:\/\/www.visit-ulcinj.com\/blog\/?s={search_term_string}"},"query-input":"required name=search_term_string"}],"inLanguage":"en-US"},{"@type":"WebPage","@id":"https:\/\/www.visit-ulcinj.com\/blog\/2011\/12\/30\/100-diteshi-i-qeverise-se-ulqinit-voto\/#webpage","url":"https:\/\/www.visit-ulcinj.com\/blog\/2011\/12\/30\/100-diteshi-i-qeverise-se-ulqinit-voto\/","name":"100 dit\u00ebshi i Qeveris\u00eb s\u00eb Ulqinit - Voto - Lajme nga Ulqini","isPartOf":{"@id":"https:\/\/www.visit-ulcinj.com\/blog\/#website"},"datePublished":"2011-12-30T21:59:45+00:00","dateModified":"2012-01-21T17:08:51+00:00","author":{"@id":"https:\/\/www.visit-ulcinj.com\/blog\/#\/schema\/person\/dcab619c614d3038751c63bc2aadc06d"},"description":"Me rastin e 100 dit\u00ebve nga zgjedhja e Qeveris\u00eb s\u00eb re n\u00eb komun\u00ebn e Ulqinit, opinionit jemi duke u \u00a0drejtuar p\u00ebrmes rrjetit social t\u00eb Facebook-ut dhe n\u00eb","breadcrumb":{"@id":"https:\/\/www.visit-ulcinj.com\/blog\/2011\/12\/30\/100-diteshi-i-qeverise-se-ulqinit-voto\/#breadcrumb"},"inLanguage":"en-US","potentialAction":[{"@type":"ReadAction","target":["https:\/\/www.visit-ulcinj.com\/blog\/2011\/12\/30\/100-diteshi-i-qeverise-se-ulqinit-voto\/"]}]},{"@type":"BreadcrumbList","@id":"https:\/\/www.visit-ulcinj.com\/blog\/2011\/12\/30\/100-diteshi-i-qeverise-se-ulqinit-voto\/#breadcrumb","itemListElement":[{"@type":"ListItem","position":1,"name":"100 dit\u00ebshi i Qeveris\u00eb s\u00eb Ulqinit &#8211; Voto"}]},{"@type":"Person","@id":"https:\/\/www.visit-ulcinj.com\/blog\/#\/schema\/person\/dcab619c614d3038751c63bc2aadc06d","name":"ulqini","sameAs":["http:\/\/www.visit-ulcinj.com"],"url":"https:\/\/www.visit-ulcinj.com\/blog\/author\/admin\/"}]}},"jetpack_featured_media_url":"","jetpack_sharing_enabled":true,"jetpack_shortlink":"https:\/\/wp.me\/pe6lTn-enK","_links":{"self":[{"href":"https:\/\/www.visit-ulcinj.com\/blog\/wp-json\/wp\/v2\/posts\/55288"}],"collection":[{"href":"https:\/\/www.visit-ulcinj.com\/blog\/wp-json\/wp\/v2\/posts"}],"about":[{"href":"https:\/\/www.visit-ulcinj.com\/blog\/wp-json\/wp\/v2\/types\/post"}],"author":[{"embeddable":true,"href":"https:\/\/www.visit-ulcinj.com\/blog\/wp-json\/wp\/v2\/users\/1"}],"replies":[{"embeddable":true,"href":"https:\/\/www.visit-ulcinj.com\/blog\/wp-json\/wp\/v2\/comments?post=55288"}],"version-history":[{"count":16,"href":"https:\/\/www.visit-ulcinj.com\/blog\/wp-json\/wp\/v2\/posts\/55288\/revisions"}],"predecessor-version":[{"id":56213,"href":"https:\/\/www.visit-ulcinj.com\/blog\/wp-json\/wp\/v2\/posts\/55288\/revisions\/56213"}],"wp:attachment":[{"href":"https:\/\/www.visit-ulcinj.com\/blog\/wp-json\/wp\/v2\/media?parent=55288"}],"wp:term":[{"taxonomy":"category","embeddable":true,"href":"https:\/\/www.visit-ulcinj.com\/blog\/wp-json\/wp\/v2\/categories?post=55288"},{"taxonomy":"post_tag","embeddable":true,"href":"https:\/\/www.visit-ulcinj.com\/blog\/wp-json\/wp\/v2\/tags?post=55288"}],"curies":[{"name":"wp","href":"https:\/\/api.w.org\/{rel}","templated":true}]}}