{"id":55309,"date":"2011-12-31T00:30:27","date_gmt":"2011-12-30T23:30:27","guid":{"rendered":"http:\/\/www.visit-ulcinj.com\/blog\/?p=55309"},"modified":"2011-12-31T10:56:43","modified_gmt":"2011-12-31T09:56:43","slug":"mc-kresha-dhe-rozi-te-ndare-per-vitin-e-ri","status":"publish","type":"post","link":"https:\/\/www.visit-ulcinj.com\/blog\/2011\/12\/31\/mc-kresha-dhe-rozi-te-ndare-per-vitin-e-ri\/","title":{"rendered":"Mc Kresha dhe Rozi t\u00eb ndar\u00eb p\u00ebr Vitin e Ri"},"content":{"rendered":"<p><a href=\"http:\/\/www.visit-ulcinj.com\/blog\/wp-content\/uploads\/2011\/12\/Mc-Kresha-dhe-Rozi-t\u00eb-ndar\u00eb-p\u00ebr-Vitin-e-Ri.jpg\"><img loading=\"lazy\" class=\"alignleft  wp-image-55310\" title=\"Mc Kresha dhe Rozi t\u00eb ndar\u00eb p\u00ebr Vitin e Ri\" src=\"http:\/\/www.visit-ulcinj.com\/blog\/wp-content\/uploads\/2011\/12\/Mc-Kresha-dhe-Rozi-t\u00eb-ndar\u00eb-p\u00ebr-Vitin-e-Ri.jpg\" alt=\"\" width=\"508\" height=\"300\" \/><\/a>\u00c7ifti i njohur mediatik, Rozana Radi dhe MC Kresha prej disa koh\u00ebsh jetojn\u00eb s\u00eb bashku n\u00eb nj\u00eb apartament n\u00eb Prishtin\u00eb q\u00eb reperi Kreshnik Fazliu e ka bler\u00eb s\u00eb fundmi.<\/p>\n<p>Dyshja, madje, sikurse ka pohuar vet\u00eb Rozi n\u00eb nj\u00eb dalje televizive, sakt\u00ebsisht n\u00eb programin \u201cTakimi i Pasdites\u201d, e ka mobiluar k\u00ebt\u00eb sht\u00ebpi sipas shijeve t\u00eb nj\u00ebri-tjetrit. Nga kurioziteti se si do ta festojn\u00eb Vitin e Ri dy k\u00ebng\u00ebtar\u00ebt, ndoshta n\u00eb ndonj\u00eb ambient romantik ose pse jo n\u00ebn streh\u00ebn e tyre, MC Kresha i ka th\u00ebn\u00eb portalit Editorial se nuk do t\u00eb jet\u00eb aspak k\u00ebshtu, sepse q\u00eb t\u00eb dy do t\u00eb jen\u00eb tep\u00ebr t\u00eb angazhuar me pun\u00eb, pra me muzik\u00eb.<\/p>\n<p>\u201cUn\u00eb dhe Rozi jetojm\u00eb bashk\u00eb, si n\u00eb Shqip\u00ebri, ashtu edhe n\u00eb Kosov\u00eb, por Vitin e Ri do ta presim t\u00eb ndar\u00eb pasi jemi n\u00eb pun\u00eb, showbizi k\u00ebshtu e ka\u201d, ka th\u00ebn\u00eb MC Kresha, por pa b\u00ebr\u00eb me dije se ku do t\u00eb gjenden sakt\u00ebsisht. Pas fest\u00ebs ata do t\u00eb publikojn\u00eb klipin e k\u00ebng\u00ebs s\u00eb tyre, pjes\u00ebmarr\u00ebse n\u00eb festivalin \u201cK\u00ebnga Magjike 2011\u201d, \u201cJaba daba du\u201d. K\u00ebnga \u00ebsht\u00eb pritur shum\u00eb mir\u00eb nga fansat dhe u vler\u00ebsua edhe me \u00e7mim.<\/p>\n<p><strong>Koha Net<br \/>\n<!--YouTube Error: bad URL entered--><br \/>\n<\/strong><\/p>\n","protected":false},"excerpt":{"rendered":"<p>\u00c7ifti i njohur mediatik, Rozana Radi dhe MC Kresha prej disa koh\u00ebsh jetojn\u00eb s\u00eb bashku n\u00eb nj\u00eb apartament n\u00eb Prishtin\u00eb q\u00eb reperi Kreshnik Fazliu e ka bler\u00eb s\u00eb fundmi. Dyshja, madje, sikurse ka pohuar vet\u00eb Rozi n\u00eb nj\u00eb dalje televizive, sakt\u00ebsisht n\u00eb programin \u201cTakimi i Pasdites\u201d, e ka mobiluar k\u00ebt\u00eb sht\u00ebpi sipas shijeve t\u00eb nj\u00ebri-tjetrit. [&hellip;]<\/p>\n","protected":false},"author":1,"featured_media":0,"comment_status":"open","ping_status":"closed","sticky":false,"template":"","format":"standard","meta":{"spay_email":"","jetpack_publicize_message":"","jetpack_is_tweetstorm":false,"jetpack_publicize_feature_enabled":true},"categories":[1],"tags":[9382,4964,19763,19762],"jetpack_publicize_connections":[],"yoast_head":"<!-- This site is optimized with the Yoast SEO plugin v19.1 - https:\/\/yoast.com\/wordpress\/plugins\/seo\/ -->\n<title>Mc Kresha dhe Rozi t\u00eb ndar\u00eb p\u00ebr Vitin e Ri - Lajme nga Ulqini<\/title>\n<meta name=\"description\" content=\"\u00c7ifti i njohur mediatik, Rozana Radi dhe MC Kresha prej disa koh\u00ebsh jetojn\u00eb s\u00eb bashku n\u00eb nj\u00eb apartament n\u00eb Prishtin\u00eb q\u00eb reperi Kreshnik Fazliu e ka bler\u00eb\" \/>\n<meta name=\"robots\" content=\"index, follow, max-snippet:-1, max-image-preview:large, max-video-preview:-1\" \/>\n<link rel=\"canonical\" href=\"https:\/\/www.visit-ulcinj.com\/blog\/2011\/12\/31\/mc-kresha-dhe-rozi-te-ndare-per-vitin-e-ri\/\" \/>\n<meta property=\"og:locale\" content=\"en_US\" \/>\n<meta property=\"og:type\" content=\"article\" \/>\n<meta property=\"og:title\" content=\"Mc Kresha dhe Rozi t\u00eb ndar\u00eb p\u00ebr Vitin e Ri - Lajme nga Ulqini\" \/>\n<meta property=\"og:description\" content=\"\u00c7ifti i njohur mediatik, Rozana Radi dhe MC Kresha prej disa koh\u00ebsh jetojn\u00eb s\u00eb bashku n\u00eb nj\u00eb apartament n\u00eb Prishtin\u00eb q\u00eb reperi Kreshnik Fazliu e ka bler\u00eb\" \/>\n<meta property=\"og:url\" content=\"https:\/\/www.visit-ulcinj.com\/blog\/2011\/12\/31\/mc-kresha-dhe-rozi-te-ndare-per-vitin-e-ri\/\" \/>\n<meta property=\"og:site_name\" content=\"Lajme nga Ulqini\" \/>\n<meta property=\"article:published_time\" content=\"2011-12-30T23:30:27+00:00\" \/>\n<meta property=\"article:modified_time\" content=\"2011-12-31T09:56:43+00:00\" \/>\n<meta name=\"twitter:label1\" content=\"Written by\" \/>\n\t<meta name=\"twitter:data1\" content=\"ulqini\" \/>\n\t<meta name=\"twitter:label2\" content=\"Est. reading time\" \/>\n\t<meta name=\"twitter:data2\" content=\"1 minute\" \/>\n<script type=\"application\/ld+json\" class=\"yoast-schema-graph\">{\"@context\":\"https:\/\/schema.org\",\"@graph\":[{\"@type\":\"WebSite\",\"@id\":\"https:\/\/www.visit-ulcinj.com\/blog\/#website\",\"url\":\"https:\/\/www.visit-ulcinj.com\/blog\/\",\"name\":\"Lajme nga Ulqini\",\"description\":\"Lajme,Vijesti,Ulqini,Ulqin,Crna Gora,Mali i Zi\",\"potentialAction\":[{\"@type\":\"SearchAction\",\"target\":{\"@type\":\"EntryPoint\",\"urlTemplate\":\"https:\/\/www.visit-ulcinj.com\/blog\/?s={search_term_string}\"},\"query-input\":\"required name=search_term_string\"}],\"inLanguage\":\"en-US\"},{\"@type\":\"WebPage\",\"@id\":\"https:\/\/www.visit-ulcinj.com\/blog\/2011\/12\/31\/mc-kresha-dhe-rozi-te-ndare-per-vitin-e-ri\/#webpage\",\"url\":\"https:\/\/www.visit-ulcinj.com\/blog\/2011\/12\/31\/mc-kresha-dhe-rozi-te-ndare-per-vitin-e-ri\/\",\"name\":\"Mc Kresha dhe Rozi t\u00eb ndar\u00eb p\u00ebr Vitin e Ri - Lajme nga Ulqini\",\"isPartOf\":{\"@id\":\"https:\/\/www.visit-ulcinj.com\/blog\/#website\"},\"datePublished\":\"2011-12-30T23:30:27+00:00\",\"dateModified\":\"2011-12-31T09:56:43+00:00\",\"author\":{\"@id\":\"https:\/\/www.visit-ulcinj.com\/blog\/#\/schema\/person\/dcab619c614d3038751c63bc2aadc06d\"},\"description\":\"\u00c7ifti i njohur mediatik, Rozana Radi dhe MC Kresha prej disa koh\u00ebsh jetojn\u00eb s\u00eb bashku n\u00eb nj\u00eb apartament n\u00eb Prishtin\u00eb q\u00eb reperi Kreshnik Fazliu e ka bler\u00eb\",\"breadcrumb\":{\"@id\":\"https:\/\/www.visit-ulcinj.com\/blog\/2011\/12\/31\/mc-kresha-dhe-rozi-te-ndare-per-vitin-e-ri\/#breadcrumb\"},\"inLanguage\":\"en-US\",\"potentialAction\":[{\"@type\":\"ReadAction\",\"target\":[\"https:\/\/www.visit-ulcinj.com\/blog\/2011\/12\/31\/mc-kresha-dhe-rozi-te-ndare-per-vitin-e-ri\/\"]}]},{\"@type\":\"BreadcrumbList\",\"@id\":\"https:\/\/www.visit-ulcinj.com\/blog\/2011\/12\/31\/mc-kresha-dhe-rozi-te-ndare-per-vitin-e-ri\/#breadcrumb\",\"itemListElement\":[{\"@type\":\"ListItem\",\"position\":1,\"name\":\"Mc Kresha dhe Rozi t\u00eb ndar\u00eb p\u00ebr Vitin e Ri\"}]},{\"@type\":\"Person\",\"@id\":\"https:\/\/www.visit-ulcinj.com\/blog\/#\/schema\/person\/dcab619c614d3038751c63bc2aadc06d\",\"name\":\"ulqini\",\"sameAs\":[\"http:\/\/www.visit-ulcinj.com\"],\"url\":\"https:\/\/www.visit-ulcinj.com\/blog\/author\/admin\/\"}]}<\/script>\n<!-- \/ Yoast SEO plugin. -->","yoast_head_json":{"title":"Mc Kresha dhe Rozi t\u00eb ndar\u00eb p\u00ebr Vitin e Ri - Lajme nga Ulqini","description":"\u00c7ifti i njohur mediatik, Rozana Radi dhe MC Kresha prej disa koh\u00ebsh jetojn\u00eb s\u00eb bashku n\u00eb nj\u00eb apartament n\u00eb Prishtin\u00eb q\u00eb reperi Kreshnik Fazliu e ka bler\u00eb","robots":{"index":"index","follow":"follow","max-snippet":"max-snippet:-1","max-image-preview":"max-image-preview:large","max-video-preview":"max-video-preview:-1"},"canonical":"https:\/\/www.visit-ulcinj.com\/blog\/2011\/12\/31\/mc-kresha-dhe-rozi-te-ndare-per-vitin-e-ri\/","og_locale":"en_US","og_type":"article","og_title":"Mc Kresha dhe Rozi t\u00eb ndar\u00eb p\u00ebr Vitin e Ri - Lajme nga Ulqini","og_description":"\u00c7ifti i njohur mediatik, Rozana Radi dhe MC Kresha prej disa koh\u00ebsh jetojn\u00eb s\u00eb bashku n\u00eb nj\u00eb apartament n\u00eb Prishtin\u00eb q\u00eb reperi Kreshnik Fazliu e ka bler\u00eb","og_url":"https:\/\/www.visit-ulcinj.com\/blog\/2011\/12\/31\/mc-kresha-dhe-rozi-te-ndare-per-vitin-e-ri\/","og_site_name":"Lajme nga Ulqini","article_published_time":"2011-12-30T23:30:27+00:00","article_modified_time":"2011-12-31T09:56:43+00:00","twitter_misc":{"Written by":"ulqini","Est. reading time":"1 minute"},"schema":{"@context":"https:\/\/schema.org","@graph":[{"@type":"WebSite","@id":"https:\/\/www.visit-ulcinj.com\/blog\/#website","url":"https:\/\/www.visit-ulcinj.com\/blog\/","name":"Lajme nga Ulqini","description":"Lajme,Vijesti,Ulqini,Ulqin,Crna Gora,Mali i Zi","potentialAction":[{"@type":"SearchAction","target":{"@type":"EntryPoint","urlTemplate":"https:\/\/www.visit-ulcinj.com\/blog\/?s={search_term_string}"},"query-input":"required name=search_term_string"}],"inLanguage":"en-US"},{"@type":"WebPage","@id":"https:\/\/www.visit-ulcinj.com\/blog\/2011\/12\/31\/mc-kresha-dhe-rozi-te-ndare-per-vitin-e-ri\/#webpage","url":"https:\/\/www.visit-ulcinj.com\/blog\/2011\/12\/31\/mc-kresha-dhe-rozi-te-ndare-per-vitin-e-ri\/","name":"Mc Kresha dhe Rozi t\u00eb ndar\u00eb p\u00ebr Vitin e Ri - Lajme nga Ulqini","isPartOf":{"@id":"https:\/\/www.visit-ulcinj.com\/blog\/#website"},"datePublished":"2011-12-30T23:30:27+00:00","dateModified":"2011-12-31T09:56:43+00:00","author":{"@id":"https:\/\/www.visit-ulcinj.com\/blog\/#\/schema\/person\/dcab619c614d3038751c63bc2aadc06d"},"description":"\u00c7ifti i njohur mediatik, Rozana Radi dhe MC Kresha prej disa koh\u00ebsh jetojn\u00eb s\u00eb bashku n\u00eb nj\u00eb apartament n\u00eb Prishtin\u00eb q\u00eb reperi Kreshnik Fazliu e ka bler\u00eb","breadcrumb":{"@id":"https:\/\/www.visit-ulcinj.com\/blog\/2011\/12\/31\/mc-kresha-dhe-rozi-te-ndare-per-vitin-e-ri\/#breadcrumb"},"inLanguage":"en-US","potentialAction":[{"@type":"ReadAction","target":["https:\/\/www.visit-ulcinj.com\/blog\/2011\/12\/31\/mc-kresha-dhe-rozi-te-ndare-per-vitin-e-ri\/"]}]},{"@type":"BreadcrumbList","@id":"https:\/\/www.visit-ulcinj.com\/blog\/2011\/12\/31\/mc-kresha-dhe-rozi-te-ndare-per-vitin-e-ri\/#breadcrumb","itemListElement":[{"@type":"ListItem","position":1,"name":"Mc Kresha dhe Rozi t\u00eb ndar\u00eb p\u00ebr Vitin e Ri"}]},{"@type":"Person","@id":"https:\/\/www.visit-ulcinj.com\/blog\/#\/schema\/person\/dcab619c614d3038751c63bc2aadc06d","name":"ulqini","sameAs":["http:\/\/www.visit-ulcinj.com"],"url":"https:\/\/www.visit-ulcinj.com\/blog\/author\/admin\/"}]}},"jetpack_featured_media_url":"","jetpack_sharing_enabled":true,"jetpack_shortlink":"https:\/\/wp.me\/pe6lTn-eo5","_links":{"self":[{"href":"https:\/\/www.visit-ulcinj.com\/blog\/wp-json\/wp\/v2\/posts\/55309"}],"collection":[{"href":"https:\/\/www.visit-ulcinj.com\/blog\/wp-json\/wp\/v2\/posts"}],"about":[{"href":"https:\/\/www.visit-ulcinj.com\/blog\/wp-json\/wp\/v2\/types\/post"}],"author":[{"embeddable":true,"href":"https:\/\/www.visit-ulcinj.com\/blog\/wp-json\/wp\/v2\/users\/1"}],"replies":[{"embeddable":true,"href":"https:\/\/www.visit-ulcinj.com\/blog\/wp-json\/wp\/v2\/comments?post=55309"}],"version-history":[{"count":4,"href":"https:\/\/www.visit-ulcinj.com\/blog\/wp-json\/wp\/v2\/posts\/55309\/revisions"}],"predecessor-version":[{"id":55312,"href":"https:\/\/www.visit-ulcinj.com\/blog\/wp-json\/wp\/v2\/posts\/55309\/revisions\/55312"}],"wp:attachment":[{"href":"https:\/\/www.visit-ulcinj.com\/blog\/wp-json\/wp\/v2\/media?parent=55309"}],"wp:term":[{"taxonomy":"category","embeddable":true,"href":"https:\/\/www.visit-ulcinj.com\/blog\/wp-json\/wp\/v2\/categories?post=55309"},{"taxonomy":"post_tag","embeddable":true,"href":"https:\/\/www.visit-ulcinj.com\/blog\/wp-json\/wp\/v2\/tags?post=55309"}],"curies":[{"name":"wp","href":"https:\/\/api.w.org\/{rel}","templated":true}]}}