{"id":55314,"date":"2011-12-31T00:44:03","date_gmt":"2011-12-30T23:44:03","guid":{"rendered":"http:\/\/www.visit-ulcinj.com\/blog\/?p=55314"},"modified":"2011-12-31T00:44:03","modified_gmt":"2011-12-30T23:44:03","slug":"familja-fejzullahu-uron-vitin-e-ri-2012","status":"publish","type":"post","link":"https:\/\/www.visit-ulcinj.com\/blog\/2011\/12\/31\/familja-fejzullahu-uron-vitin-e-ri-2012\/","title":{"rendered":"Familja Fejzullahu uron vitin e ri 2012"},"content":{"rendered":"<p><strong><a href=\"http:\/\/www.visit-ulcinj.com\/blog\/wp-content\/uploads\/2011\/12\/Familja-Fejzullahu-uron-vitin-e-ri-2012.jpg\"><img loading=\"lazy\" class=\"alignleft  wp-image-55315\" title=\"Familja Fejzullahu uron vitin e ri 2012\" src=\"http:\/\/www.visit-ulcinj.com\/blog\/wp-content\/uploads\/2011\/12\/Familja-Fejzullahu-uron-vitin-e-ri-2012.jpg\" alt=\"\" width=\"340\" height=\"440\" \/><\/a>K\u00ebt\u00eb fundvit ata ja beh\u00ebn papritur n\u00eb kopertin\u00ebn e revist\u00ebs \u201cKosovarja\u201d p\u00ebr t\u00eb treguar se jan\u00eb t\u00eb bashkuar e t\u00eb lumtur.<\/strong><\/p>\n<p>B\u00ebhet fjal\u00eb p\u00ebr familjen Fejzullahu, e cila ka qen\u00eb protagoniste gjithmon\u00eb si nj\u00eb prej familjeve m\u00eb t\u00eb njohura t\u00eb artist\u00ebve dhe kan\u00eb zgjedhur t\u00eb urojn\u00eb shqiptar\u00ebt familjarisht vitin 2012.<\/p>\n<p>P\u00ebr her\u00eb t\u00eb par\u00eb shfaqet edhe bashk\u00ebshortja e Sabri Fejzullahut, e cila duket e mbajtur mir\u00eb, me nj\u00eb pamje t\u00eb fresk\u00ebt, nd\u00ebrsa bashk\u00ebshorti i saj gjithmon\u00eb i qeshur. Bashk\u00eb me ta \u00ebsht\u00eb Ermali me bashk\u00ebshorten Arian\u00ebn, e n\u00ebse vini re detajet ata kan\u00eb tokur gotat s\u00eb bashku p\u00ebr te uruar.<\/p>\n<p>Familja Fejzullahu konsiderohet nj\u00eb nga m\u00eb t\u00eb pasurat, pasi ka n\u00eb pron\u00ebsi disa vila luksoze, pa folur p\u00ebr t\u00eb ardhurat e tyre vjetore t\u00eb cilat fal\u00eb koncerteve arrijn\u00eb n\u00eb disa mij\u00ebra euro.<\/p>\n<p><strong>Vipat.info<br \/>\n<!--YouTube Error: bad URL entered--><br \/>\n<\/strong><\/p>\n","protected":false},"excerpt":{"rendered":"<p>K\u00ebt\u00eb fundvit ata ja beh\u00ebn papritur n\u00eb kopertin\u00ebn e revist\u00ebs \u201cKosovarja\u201d p\u00ebr t\u00eb treguar se jan\u00eb t\u00eb bashkuar e t\u00eb lumtur. B\u00ebhet fjal\u00eb p\u00ebr familjen Fejzullahu, e cila ka qen\u00eb protagoniste gjithmon\u00eb si nj\u00eb prej familjeve m\u00eb t\u00eb njohura t\u00eb artist\u00ebve dhe kan\u00eb zgjedhur t\u00eb urojn\u00eb shqiptar\u00ebt familjarisht vitin 2012. P\u00ebr her\u00eb t\u00eb par\u00eb shfaqet [&hellip;]<\/p>\n","protected":false},"author":1,"featured_media":0,"comment_status":"open","ping_status":"closed","sticky":false,"template":"","format":"standard","meta":{"spay_email":"","jetpack_publicize_message":"","jetpack_is_tweetstorm":false,"jetpack_publicize_feature_enabled":true},"categories":[1],"tags":[19764,7452],"jetpack_publicize_connections":[],"yoast_head":"<!-- This site is optimized with the Yoast SEO plugin v19.1 - https:\/\/yoast.com\/wordpress\/plugins\/seo\/ -->\n<title>Familja Fejzullahu uron vitin e ri 2012 - Lajme nga Ulqini<\/title>\n<meta name=\"description\" content=\"K\u00ebt\u00eb fundvit ata ja beh\u00ebn papritur n\u00eb kopertin\u00ebn e revist\u00ebs \u201cKosovarja\u201d p\u00ebr t\u00eb treguar se jan\u00eb t\u00eb bashkuar e t\u00eb lumtur. B\u00ebhet fjal\u00eb p\u00ebr familjen\" \/>\n<meta name=\"robots\" content=\"index, follow, max-snippet:-1, max-image-preview:large, max-video-preview:-1\" \/>\n<link rel=\"canonical\" href=\"https:\/\/www.visit-ulcinj.com\/blog\/2011\/12\/31\/familja-fejzullahu-uron-vitin-e-ri-2012\/\" \/>\n<meta property=\"og:locale\" content=\"en_US\" \/>\n<meta property=\"og:type\" content=\"article\" \/>\n<meta property=\"og:title\" content=\"Familja Fejzullahu uron vitin e ri 2012 - Lajme nga Ulqini\" \/>\n<meta property=\"og:description\" content=\"K\u00ebt\u00eb fundvit ata ja beh\u00ebn papritur n\u00eb kopertin\u00ebn e revist\u00ebs \u201cKosovarja\u201d p\u00ebr t\u00eb treguar se jan\u00eb t\u00eb bashkuar e t\u00eb lumtur. B\u00ebhet fjal\u00eb p\u00ebr familjen\" \/>\n<meta property=\"og:url\" content=\"https:\/\/www.visit-ulcinj.com\/blog\/2011\/12\/31\/familja-fejzullahu-uron-vitin-e-ri-2012\/\" \/>\n<meta property=\"og:site_name\" content=\"Lajme nga Ulqini\" \/>\n<meta property=\"article:published_time\" content=\"2011-12-30T23:44:03+00:00\" \/>\n<meta property=\"og:image\" content=\"http:\/\/www.visit-ulcinj.com\/blog\/wp-content\/uploads\/2011\/12\/Familja-Fejzullahu-uron-vitin-e-ri-2012.jpg\" \/>\n<meta name=\"twitter:label1\" content=\"Written by\" \/>\n\t<meta name=\"twitter:data1\" content=\"ulqini\" \/>\n\t<meta name=\"twitter:label2\" content=\"Est. reading time\" \/>\n\t<meta name=\"twitter:data2\" content=\"1 minute\" \/>\n<script type=\"application\/ld+json\" class=\"yoast-schema-graph\">{\"@context\":\"https:\/\/schema.org\",\"@graph\":[{\"@type\":\"WebSite\",\"@id\":\"https:\/\/www.visit-ulcinj.com\/blog\/#website\",\"url\":\"https:\/\/www.visit-ulcinj.com\/blog\/\",\"name\":\"Lajme nga Ulqini\",\"description\":\"Lajme,Vijesti,Ulqini,Ulqin,Crna Gora,Mali i Zi\",\"potentialAction\":[{\"@type\":\"SearchAction\",\"target\":{\"@type\":\"EntryPoint\",\"urlTemplate\":\"https:\/\/www.visit-ulcinj.com\/blog\/?s={search_term_string}\"},\"query-input\":\"required name=search_term_string\"}],\"inLanguage\":\"en-US\"},{\"@type\":\"ImageObject\",\"inLanguage\":\"en-US\",\"@id\":\"https:\/\/www.visit-ulcinj.com\/blog\/2011\/12\/31\/familja-fejzullahu-uron-vitin-e-ri-2012\/#primaryimage\",\"url\":\"http:\/\/www.visit-ulcinj.com\/blog\/wp-content\/uploads\/2011\/12\/Familja-Fejzullahu-uron-vitin-e-ri-2012.jpg\",\"contentUrl\":\"http:\/\/www.visit-ulcinj.com\/blog\/wp-content\/uploads\/2011\/12\/Familja-Fejzullahu-uron-vitin-e-ri-2012.jpg\"},{\"@type\":\"WebPage\",\"@id\":\"https:\/\/www.visit-ulcinj.com\/blog\/2011\/12\/31\/familja-fejzullahu-uron-vitin-e-ri-2012\/#webpage\",\"url\":\"https:\/\/www.visit-ulcinj.com\/blog\/2011\/12\/31\/familja-fejzullahu-uron-vitin-e-ri-2012\/\",\"name\":\"Familja Fejzullahu uron vitin e ri 2012 - Lajme nga Ulqini\",\"isPartOf\":{\"@id\":\"https:\/\/www.visit-ulcinj.com\/blog\/#website\"},\"primaryImageOfPage\":{\"@id\":\"https:\/\/www.visit-ulcinj.com\/blog\/2011\/12\/31\/familja-fejzullahu-uron-vitin-e-ri-2012\/#primaryimage\"},\"datePublished\":\"2011-12-30T23:44:03+00:00\",\"dateModified\":\"2011-12-30T23:44:03+00:00\",\"author\":{\"@id\":\"https:\/\/www.visit-ulcinj.com\/blog\/#\/schema\/person\/dcab619c614d3038751c63bc2aadc06d\"},\"description\":\"K\u00ebt\u00eb fundvit ata ja beh\u00ebn papritur n\u00eb kopertin\u00ebn e revist\u00ebs \u201cKosovarja\u201d p\u00ebr t\u00eb treguar se jan\u00eb t\u00eb bashkuar e t\u00eb lumtur. B\u00ebhet fjal\u00eb p\u00ebr familjen\",\"breadcrumb\":{\"@id\":\"https:\/\/www.visit-ulcinj.com\/blog\/2011\/12\/31\/familja-fejzullahu-uron-vitin-e-ri-2012\/#breadcrumb\"},\"inLanguage\":\"en-US\",\"potentialAction\":[{\"@type\":\"ReadAction\",\"target\":[\"https:\/\/www.visit-ulcinj.com\/blog\/2011\/12\/31\/familja-fejzullahu-uron-vitin-e-ri-2012\/\"]}]},{\"@type\":\"BreadcrumbList\",\"@id\":\"https:\/\/www.visit-ulcinj.com\/blog\/2011\/12\/31\/familja-fejzullahu-uron-vitin-e-ri-2012\/#breadcrumb\",\"itemListElement\":[{\"@type\":\"ListItem\",\"position\":1,\"name\":\"Familja Fejzullahu uron vitin e ri 2012\"}]},{\"@type\":\"Person\",\"@id\":\"https:\/\/www.visit-ulcinj.com\/blog\/#\/schema\/person\/dcab619c614d3038751c63bc2aadc06d\",\"name\":\"ulqini\",\"sameAs\":[\"http:\/\/www.visit-ulcinj.com\"],\"url\":\"https:\/\/www.visit-ulcinj.com\/blog\/author\/admin\/\"}]}<\/script>\n<!-- \/ Yoast SEO plugin. -->","yoast_head_json":{"title":"Familja Fejzullahu uron vitin e ri 2012 - Lajme nga Ulqini","description":"K\u00ebt\u00eb fundvit ata ja beh\u00ebn papritur n\u00eb kopertin\u00ebn e revist\u00ebs \u201cKosovarja\u201d p\u00ebr t\u00eb treguar se jan\u00eb t\u00eb bashkuar e t\u00eb lumtur. B\u00ebhet fjal\u00eb p\u00ebr familjen","robots":{"index":"index","follow":"follow","max-snippet":"max-snippet:-1","max-image-preview":"max-image-preview:large","max-video-preview":"max-video-preview:-1"},"canonical":"https:\/\/www.visit-ulcinj.com\/blog\/2011\/12\/31\/familja-fejzullahu-uron-vitin-e-ri-2012\/","og_locale":"en_US","og_type":"article","og_title":"Familja Fejzullahu uron vitin e ri 2012 - Lajme nga Ulqini","og_description":"K\u00ebt\u00eb fundvit ata ja beh\u00ebn papritur n\u00eb kopertin\u00ebn e revist\u00ebs \u201cKosovarja\u201d p\u00ebr t\u00eb treguar se jan\u00eb t\u00eb bashkuar e t\u00eb lumtur. B\u00ebhet fjal\u00eb p\u00ebr familjen","og_url":"https:\/\/www.visit-ulcinj.com\/blog\/2011\/12\/31\/familja-fejzullahu-uron-vitin-e-ri-2012\/","og_site_name":"Lajme nga Ulqini","article_published_time":"2011-12-30T23:44:03+00:00","og_image":[{"url":"http:\/\/www.visit-ulcinj.com\/blog\/wp-content\/uploads\/2011\/12\/Familja-Fejzullahu-uron-vitin-e-ri-2012.jpg"}],"twitter_misc":{"Written by":"ulqini","Est. reading time":"1 minute"},"schema":{"@context":"https:\/\/schema.org","@graph":[{"@type":"WebSite","@id":"https:\/\/www.visit-ulcinj.com\/blog\/#website","url":"https:\/\/www.visit-ulcinj.com\/blog\/","name":"Lajme nga Ulqini","description":"Lajme,Vijesti,Ulqini,Ulqin,Crna Gora,Mali i Zi","potentialAction":[{"@type":"SearchAction","target":{"@type":"EntryPoint","urlTemplate":"https:\/\/www.visit-ulcinj.com\/blog\/?s={search_term_string}"},"query-input":"required name=search_term_string"}],"inLanguage":"en-US"},{"@type":"ImageObject","inLanguage":"en-US","@id":"https:\/\/www.visit-ulcinj.com\/blog\/2011\/12\/31\/familja-fejzullahu-uron-vitin-e-ri-2012\/#primaryimage","url":"http:\/\/www.visit-ulcinj.com\/blog\/wp-content\/uploads\/2011\/12\/Familja-Fejzullahu-uron-vitin-e-ri-2012.jpg","contentUrl":"http:\/\/www.visit-ulcinj.com\/blog\/wp-content\/uploads\/2011\/12\/Familja-Fejzullahu-uron-vitin-e-ri-2012.jpg"},{"@type":"WebPage","@id":"https:\/\/www.visit-ulcinj.com\/blog\/2011\/12\/31\/familja-fejzullahu-uron-vitin-e-ri-2012\/#webpage","url":"https:\/\/www.visit-ulcinj.com\/blog\/2011\/12\/31\/familja-fejzullahu-uron-vitin-e-ri-2012\/","name":"Familja Fejzullahu uron vitin e ri 2012 - Lajme nga Ulqini","isPartOf":{"@id":"https:\/\/www.visit-ulcinj.com\/blog\/#website"},"primaryImageOfPage":{"@id":"https:\/\/www.visit-ulcinj.com\/blog\/2011\/12\/31\/familja-fejzullahu-uron-vitin-e-ri-2012\/#primaryimage"},"datePublished":"2011-12-30T23:44:03+00:00","dateModified":"2011-12-30T23:44:03+00:00","author":{"@id":"https:\/\/www.visit-ulcinj.com\/blog\/#\/schema\/person\/dcab619c614d3038751c63bc2aadc06d"},"description":"K\u00ebt\u00eb fundvit ata ja beh\u00ebn papritur n\u00eb kopertin\u00ebn e revist\u00ebs \u201cKosovarja\u201d p\u00ebr t\u00eb treguar se jan\u00eb t\u00eb bashkuar e t\u00eb lumtur. B\u00ebhet fjal\u00eb p\u00ebr familjen","breadcrumb":{"@id":"https:\/\/www.visit-ulcinj.com\/blog\/2011\/12\/31\/familja-fejzullahu-uron-vitin-e-ri-2012\/#breadcrumb"},"inLanguage":"en-US","potentialAction":[{"@type":"ReadAction","target":["https:\/\/www.visit-ulcinj.com\/blog\/2011\/12\/31\/familja-fejzullahu-uron-vitin-e-ri-2012\/"]}]},{"@type":"BreadcrumbList","@id":"https:\/\/www.visit-ulcinj.com\/blog\/2011\/12\/31\/familja-fejzullahu-uron-vitin-e-ri-2012\/#breadcrumb","itemListElement":[{"@type":"ListItem","position":1,"name":"Familja Fejzullahu uron vitin e ri 2012"}]},{"@type":"Person","@id":"https:\/\/www.visit-ulcinj.com\/blog\/#\/schema\/person\/dcab619c614d3038751c63bc2aadc06d","name":"ulqini","sameAs":["http:\/\/www.visit-ulcinj.com"],"url":"https:\/\/www.visit-ulcinj.com\/blog\/author\/admin\/"}]}},"jetpack_featured_media_url":"","jetpack_sharing_enabled":true,"jetpack_shortlink":"https:\/\/wp.me\/pe6lTn-eoa","_links":{"self":[{"href":"https:\/\/www.visit-ulcinj.com\/blog\/wp-json\/wp\/v2\/posts\/55314"}],"collection":[{"href":"https:\/\/www.visit-ulcinj.com\/blog\/wp-json\/wp\/v2\/posts"}],"about":[{"href":"https:\/\/www.visit-ulcinj.com\/blog\/wp-json\/wp\/v2\/types\/post"}],"author":[{"embeddable":true,"href":"https:\/\/www.visit-ulcinj.com\/blog\/wp-json\/wp\/v2\/users\/1"}],"replies":[{"embeddable":true,"href":"https:\/\/www.visit-ulcinj.com\/blog\/wp-json\/wp\/v2\/comments?post=55314"}],"version-history":[{"count":1,"href":"https:\/\/www.visit-ulcinj.com\/blog\/wp-json\/wp\/v2\/posts\/55314\/revisions"}],"predecessor-version":[{"id":55316,"href":"https:\/\/www.visit-ulcinj.com\/blog\/wp-json\/wp\/v2\/posts\/55314\/revisions\/55316"}],"wp:attachment":[{"href":"https:\/\/www.visit-ulcinj.com\/blog\/wp-json\/wp\/v2\/media?parent=55314"}],"wp:term":[{"taxonomy":"category","embeddable":true,"href":"https:\/\/www.visit-ulcinj.com\/blog\/wp-json\/wp\/v2\/categories?post=55314"},{"taxonomy":"post_tag","embeddable":true,"href":"https:\/\/www.visit-ulcinj.com\/blog\/wp-json\/wp\/v2\/tags?post=55314"}],"curies":[{"name":"wp","href":"https:\/\/api.w.org\/{rel}","templated":true}]}}