{"id":55317,"date":"2011-12-31T00:58:05","date_gmt":"2011-12-30T23:58:05","guid":{"rendered":"http:\/\/www.visit-ulcinj.com\/blog\/?p=55317"},"modified":"2011-12-31T00:58:05","modified_gmt":"2011-12-30T23:58:05","slug":"sapo-realizojne-kengen-tuna-dhe-noizy-nderpresin-romancen-e-tyre","status":"publish","type":"post","link":"https:\/\/www.visit-ulcinj.com\/blog\/2011\/12\/31\/sapo-realizojne-kengen-tuna-dhe-noizy-nderpresin-romancen-e-tyre\/","title":{"rendered":"Sapo realizojne kengen, Tuna dhe Noizy nderpresin romancen e tyre"},"content":{"rendered":"<p><a href=\"http:\/\/www.visit-ulcinj.com\/blog\/wp-content\/uploads\/2011\/12\/Tuna-dhe-Noizy-nderpresin-romancen-e-tyre.jpg\"><img loading=\"lazy\" class=\"alignleft  wp-image-55318\" title=\"Tuna dhe Noizy nderpresin romancen e tyre\" src=\"http:\/\/www.visit-ulcinj.com\/blog\/wp-content\/uploads\/2011\/12\/Tuna-dhe-Noizy-nderpresin-romancen-e-tyre.jpg\" alt=\"\" width=\"508\" height=\"347\" \/><\/a>Si\u00e7 b\u00ebhet e ditur nga shtypi roz\u00eb, vet\u00ebm disa dit\u00eb pasi ka dal\u00eb n\u00eb treg k\u00ebnga e realizuar nga Tuna dhe Noizy \u201cBebi i vitit t\u00eb ri\u201d, k\u00ebta t\u00eb fundit kan\u00eb nd\u00ebrprer\u00eb romanc\u00ebn e tyre. E th\u00ebn\u00eb ndryshe, duket se lidhja e tyre ishte parashikuar t\u00eb zgjaste deri n\u00eb publikimin e k\u00ebng\u00ebs dhe p\u00ebr sa koh\u00eb k\u00ebnga e tyre t\u00eb p\u00ebrhapej. \u00c7ka e b\u00ebn m\u00eb interesant thashethemin \u00ebsht\u00eb fakti se ky lajm \u00ebsht\u00eb aprovuar edhe nga disa miq t\u00eb p\u00ebrbashk\u00ebt t\u00eb k\u00ebng\u00ebtar\u00ebve. Dhe n\u00ebse ky lajm do t\u00eb ishte i v\u00ebrtet\u00eb, at\u00ebher\u00eb do t\u00eb duhej t\u00eb ngush\u00ebllonim Tun\u00ebn, pasi Noizy ka vepruar me t\u00eb si me t\u00eb gjitha koleget e tjera.<\/p>\n<!--YouTube Error: bad URL entered-->\n","protected":false},"excerpt":{"rendered":"<p>Si\u00e7 b\u00ebhet e ditur nga shtypi roz\u00eb, vet\u00ebm disa dit\u00eb pasi ka dal\u00eb n\u00eb treg k\u00ebnga e realizuar nga Tuna dhe Noizy \u201cBebi i vitit t\u00eb ri\u201d, k\u00ebta t\u00eb fundit kan\u00eb nd\u00ebrprer\u00eb romanc\u00ebn e tyre. E th\u00ebn\u00eb ndryshe, duket se lidhja e tyre ishte parashikuar t\u00eb zgjaste deri n\u00eb publikimin e k\u00ebng\u00ebs dhe p\u00ebr sa [&hellip;]<\/p>\n","protected":false},"author":1,"featured_media":0,"comment_status":"open","ping_status":"closed","sticky":false,"template":"","format":"standard","meta":{"spay_email":"","jetpack_publicize_message":"","jetpack_is_tweetstorm":false,"jetpack_publicize_feature_enabled":true},"categories":[1],"tags":[12963,17191],"jetpack_publicize_connections":[],"yoast_head":"<!-- This site is optimized with the Yoast SEO plugin v19.1 - https:\/\/yoast.com\/wordpress\/plugins\/seo\/ -->\n<title>Sapo realizojne kengen, Tuna dhe Noizy nderpresin romancen e tyre - Lajme nga Ulqini<\/title>\n<meta name=\"description\" content=\"Si\u00e7 b\u00ebhet e ditur nga shtypi roz\u00eb, vet\u00ebm disa dit\u00eb pasi ka dal\u00eb n\u00eb treg k\u00ebnga e realizuar nga Tuna dhe Noizy \u201cBebi i vitit t\u00eb ri\u201d, k\u00ebta t\u00eb fundit kan\u00eb\" \/>\n<meta name=\"robots\" content=\"index, follow, max-snippet:-1, max-image-preview:large, max-video-preview:-1\" \/>\n<link rel=\"canonical\" href=\"https:\/\/www.visit-ulcinj.com\/blog\/2011\/12\/31\/sapo-realizojne-kengen-tuna-dhe-noizy-nderpresin-romancen-e-tyre\/\" \/>\n<meta property=\"og:locale\" content=\"en_US\" \/>\n<meta property=\"og:type\" content=\"article\" \/>\n<meta property=\"og:title\" content=\"Sapo realizojne kengen, Tuna dhe Noizy nderpresin romancen e tyre - Lajme nga Ulqini\" \/>\n<meta property=\"og:description\" content=\"Si\u00e7 b\u00ebhet e ditur nga shtypi roz\u00eb, vet\u00ebm disa dit\u00eb pasi ka dal\u00eb n\u00eb treg k\u00ebnga e realizuar nga Tuna dhe Noizy \u201cBebi i vitit t\u00eb ri\u201d, k\u00ebta t\u00eb fundit kan\u00eb\" \/>\n<meta property=\"og:url\" content=\"https:\/\/www.visit-ulcinj.com\/blog\/2011\/12\/31\/sapo-realizojne-kengen-tuna-dhe-noizy-nderpresin-romancen-e-tyre\/\" \/>\n<meta property=\"og:site_name\" content=\"Lajme nga Ulqini\" \/>\n<meta property=\"article:published_time\" content=\"2011-12-30T23:58:05+00:00\" \/>\n<meta property=\"og:image\" content=\"http:\/\/www.visit-ulcinj.com\/blog\/wp-content\/uploads\/2011\/12\/Tuna-dhe-Noizy-nderpresin-romancen-e-tyre.jpg\" \/>\n<meta name=\"twitter:label1\" content=\"Written by\" \/>\n\t<meta name=\"twitter:data1\" content=\"ulqini\" \/>\n\t<meta name=\"twitter:label2\" content=\"Est. reading time\" \/>\n\t<meta name=\"twitter:data2\" content=\"1 minute\" \/>\n<script type=\"application\/ld+json\" class=\"yoast-schema-graph\">{\"@context\":\"https:\/\/schema.org\",\"@graph\":[{\"@type\":\"WebSite\",\"@id\":\"https:\/\/www.visit-ulcinj.com\/blog\/#website\",\"url\":\"https:\/\/www.visit-ulcinj.com\/blog\/\",\"name\":\"Lajme nga Ulqini\",\"description\":\"Lajme,Vijesti,Ulqini,Ulqin,Crna Gora,Mali i Zi\",\"potentialAction\":[{\"@type\":\"SearchAction\",\"target\":{\"@type\":\"EntryPoint\",\"urlTemplate\":\"https:\/\/www.visit-ulcinj.com\/blog\/?s={search_term_string}\"},\"query-input\":\"required name=search_term_string\"}],\"inLanguage\":\"en-US\"},{\"@type\":\"ImageObject\",\"inLanguage\":\"en-US\",\"@id\":\"https:\/\/www.visit-ulcinj.com\/blog\/2011\/12\/31\/sapo-realizojne-kengen-tuna-dhe-noizy-nderpresin-romancen-e-tyre\/#primaryimage\",\"url\":\"http:\/\/www.visit-ulcinj.com\/blog\/wp-content\/uploads\/2011\/12\/Tuna-dhe-Noizy-nderpresin-romancen-e-tyre.jpg\",\"contentUrl\":\"http:\/\/www.visit-ulcinj.com\/blog\/wp-content\/uploads\/2011\/12\/Tuna-dhe-Noizy-nderpresin-romancen-e-tyre.jpg\"},{\"@type\":\"WebPage\",\"@id\":\"https:\/\/www.visit-ulcinj.com\/blog\/2011\/12\/31\/sapo-realizojne-kengen-tuna-dhe-noizy-nderpresin-romancen-e-tyre\/#webpage\",\"url\":\"https:\/\/www.visit-ulcinj.com\/blog\/2011\/12\/31\/sapo-realizojne-kengen-tuna-dhe-noizy-nderpresin-romancen-e-tyre\/\",\"name\":\"Sapo realizojne kengen, Tuna dhe Noizy nderpresin romancen e tyre - Lajme nga Ulqini\",\"isPartOf\":{\"@id\":\"https:\/\/www.visit-ulcinj.com\/blog\/#website\"},\"primaryImageOfPage\":{\"@id\":\"https:\/\/www.visit-ulcinj.com\/blog\/2011\/12\/31\/sapo-realizojne-kengen-tuna-dhe-noizy-nderpresin-romancen-e-tyre\/#primaryimage\"},\"datePublished\":\"2011-12-30T23:58:05+00:00\",\"dateModified\":\"2011-12-30T23:58:05+00:00\",\"author\":{\"@id\":\"https:\/\/www.visit-ulcinj.com\/blog\/#\/schema\/person\/dcab619c614d3038751c63bc2aadc06d\"},\"description\":\"Si\u00e7 b\u00ebhet e ditur nga shtypi roz\u00eb, vet\u00ebm disa dit\u00eb pasi ka dal\u00eb n\u00eb treg k\u00ebnga e realizuar nga Tuna dhe Noizy \u201cBebi i vitit t\u00eb ri\u201d, k\u00ebta t\u00eb fundit kan\u00eb\",\"breadcrumb\":{\"@id\":\"https:\/\/www.visit-ulcinj.com\/blog\/2011\/12\/31\/sapo-realizojne-kengen-tuna-dhe-noizy-nderpresin-romancen-e-tyre\/#breadcrumb\"},\"inLanguage\":\"en-US\",\"potentialAction\":[{\"@type\":\"ReadAction\",\"target\":[\"https:\/\/www.visit-ulcinj.com\/blog\/2011\/12\/31\/sapo-realizojne-kengen-tuna-dhe-noizy-nderpresin-romancen-e-tyre\/\"]}]},{\"@type\":\"BreadcrumbList\",\"@id\":\"https:\/\/www.visit-ulcinj.com\/blog\/2011\/12\/31\/sapo-realizojne-kengen-tuna-dhe-noizy-nderpresin-romancen-e-tyre\/#breadcrumb\",\"itemListElement\":[{\"@type\":\"ListItem\",\"position\":1,\"name\":\"Sapo realizojne kengen, Tuna dhe Noizy nderpresin romancen e tyre\"}]},{\"@type\":\"Person\",\"@id\":\"https:\/\/www.visit-ulcinj.com\/blog\/#\/schema\/person\/dcab619c614d3038751c63bc2aadc06d\",\"name\":\"ulqini\",\"sameAs\":[\"http:\/\/www.visit-ulcinj.com\"],\"url\":\"https:\/\/www.visit-ulcinj.com\/blog\/author\/admin\/\"}]}<\/script>\n<!-- \/ Yoast SEO plugin. -->","yoast_head_json":{"title":"Sapo realizojne kengen, Tuna dhe Noizy nderpresin romancen e tyre - Lajme nga Ulqini","description":"Si\u00e7 b\u00ebhet e ditur nga shtypi roz\u00eb, vet\u00ebm disa dit\u00eb pasi ka dal\u00eb n\u00eb treg k\u00ebnga e realizuar nga Tuna dhe Noizy \u201cBebi i vitit t\u00eb ri\u201d, k\u00ebta t\u00eb fundit kan\u00eb","robots":{"index":"index","follow":"follow","max-snippet":"max-snippet:-1","max-image-preview":"max-image-preview:large","max-video-preview":"max-video-preview:-1"},"canonical":"https:\/\/www.visit-ulcinj.com\/blog\/2011\/12\/31\/sapo-realizojne-kengen-tuna-dhe-noizy-nderpresin-romancen-e-tyre\/","og_locale":"en_US","og_type":"article","og_title":"Sapo realizojne kengen, Tuna dhe Noizy nderpresin romancen e tyre - Lajme nga Ulqini","og_description":"Si\u00e7 b\u00ebhet e ditur nga shtypi roz\u00eb, vet\u00ebm disa dit\u00eb pasi ka dal\u00eb n\u00eb treg k\u00ebnga e realizuar nga Tuna dhe Noizy \u201cBebi i vitit t\u00eb ri\u201d, k\u00ebta t\u00eb fundit kan\u00eb","og_url":"https:\/\/www.visit-ulcinj.com\/blog\/2011\/12\/31\/sapo-realizojne-kengen-tuna-dhe-noizy-nderpresin-romancen-e-tyre\/","og_site_name":"Lajme nga Ulqini","article_published_time":"2011-12-30T23:58:05+00:00","og_image":[{"url":"http:\/\/www.visit-ulcinj.com\/blog\/wp-content\/uploads\/2011\/12\/Tuna-dhe-Noizy-nderpresin-romancen-e-tyre.jpg"}],"twitter_misc":{"Written by":"ulqini","Est. reading time":"1 minute"},"schema":{"@context":"https:\/\/schema.org","@graph":[{"@type":"WebSite","@id":"https:\/\/www.visit-ulcinj.com\/blog\/#website","url":"https:\/\/www.visit-ulcinj.com\/blog\/","name":"Lajme nga Ulqini","description":"Lajme,Vijesti,Ulqini,Ulqin,Crna Gora,Mali i Zi","potentialAction":[{"@type":"SearchAction","target":{"@type":"EntryPoint","urlTemplate":"https:\/\/www.visit-ulcinj.com\/blog\/?s={search_term_string}"},"query-input":"required name=search_term_string"}],"inLanguage":"en-US"},{"@type":"ImageObject","inLanguage":"en-US","@id":"https:\/\/www.visit-ulcinj.com\/blog\/2011\/12\/31\/sapo-realizojne-kengen-tuna-dhe-noizy-nderpresin-romancen-e-tyre\/#primaryimage","url":"http:\/\/www.visit-ulcinj.com\/blog\/wp-content\/uploads\/2011\/12\/Tuna-dhe-Noizy-nderpresin-romancen-e-tyre.jpg","contentUrl":"http:\/\/www.visit-ulcinj.com\/blog\/wp-content\/uploads\/2011\/12\/Tuna-dhe-Noizy-nderpresin-romancen-e-tyre.jpg"},{"@type":"WebPage","@id":"https:\/\/www.visit-ulcinj.com\/blog\/2011\/12\/31\/sapo-realizojne-kengen-tuna-dhe-noizy-nderpresin-romancen-e-tyre\/#webpage","url":"https:\/\/www.visit-ulcinj.com\/blog\/2011\/12\/31\/sapo-realizojne-kengen-tuna-dhe-noizy-nderpresin-romancen-e-tyre\/","name":"Sapo realizojne kengen, Tuna dhe Noizy nderpresin romancen e tyre - Lajme nga Ulqini","isPartOf":{"@id":"https:\/\/www.visit-ulcinj.com\/blog\/#website"},"primaryImageOfPage":{"@id":"https:\/\/www.visit-ulcinj.com\/blog\/2011\/12\/31\/sapo-realizojne-kengen-tuna-dhe-noizy-nderpresin-romancen-e-tyre\/#primaryimage"},"datePublished":"2011-12-30T23:58:05+00:00","dateModified":"2011-12-30T23:58:05+00:00","author":{"@id":"https:\/\/www.visit-ulcinj.com\/blog\/#\/schema\/person\/dcab619c614d3038751c63bc2aadc06d"},"description":"Si\u00e7 b\u00ebhet e ditur nga shtypi roz\u00eb, vet\u00ebm disa dit\u00eb pasi ka dal\u00eb n\u00eb treg k\u00ebnga e realizuar nga Tuna dhe Noizy \u201cBebi i vitit t\u00eb ri\u201d, k\u00ebta t\u00eb fundit kan\u00eb","breadcrumb":{"@id":"https:\/\/www.visit-ulcinj.com\/blog\/2011\/12\/31\/sapo-realizojne-kengen-tuna-dhe-noizy-nderpresin-romancen-e-tyre\/#breadcrumb"},"inLanguage":"en-US","potentialAction":[{"@type":"ReadAction","target":["https:\/\/www.visit-ulcinj.com\/blog\/2011\/12\/31\/sapo-realizojne-kengen-tuna-dhe-noizy-nderpresin-romancen-e-tyre\/"]}]},{"@type":"BreadcrumbList","@id":"https:\/\/www.visit-ulcinj.com\/blog\/2011\/12\/31\/sapo-realizojne-kengen-tuna-dhe-noizy-nderpresin-romancen-e-tyre\/#breadcrumb","itemListElement":[{"@type":"ListItem","position":1,"name":"Sapo realizojne kengen, Tuna dhe Noizy nderpresin romancen e tyre"}]},{"@type":"Person","@id":"https:\/\/www.visit-ulcinj.com\/blog\/#\/schema\/person\/dcab619c614d3038751c63bc2aadc06d","name":"ulqini","sameAs":["http:\/\/www.visit-ulcinj.com"],"url":"https:\/\/www.visit-ulcinj.com\/blog\/author\/admin\/"}]}},"jetpack_featured_media_url":"","jetpack_sharing_enabled":true,"jetpack_shortlink":"https:\/\/wp.me\/pe6lTn-eod","_links":{"self":[{"href":"https:\/\/www.visit-ulcinj.com\/blog\/wp-json\/wp\/v2\/posts\/55317"}],"collection":[{"href":"https:\/\/www.visit-ulcinj.com\/blog\/wp-json\/wp\/v2\/posts"}],"about":[{"href":"https:\/\/www.visit-ulcinj.com\/blog\/wp-json\/wp\/v2\/types\/post"}],"author":[{"embeddable":true,"href":"https:\/\/www.visit-ulcinj.com\/blog\/wp-json\/wp\/v2\/users\/1"}],"replies":[{"embeddable":true,"href":"https:\/\/www.visit-ulcinj.com\/blog\/wp-json\/wp\/v2\/comments?post=55317"}],"version-history":[{"count":1,"href":"https:\/\/www.visit-ulcinj.com\/blog\/wp-json\/wp\/v2\/posts\/55317\/revisions"}],"predecessor-version":[{"id":55319,"href":"https:\/\/www.visit-ulcinj.com\/blog\/wp-json\/wp\/v2\/posts\/55317\/revisions\/55319"}],"wp:attachment":[{"href":"https:\/\/www.visit-ulcinj.com\/blog\/wp-json\/wp\/v2\/media?parent=55317"}],"wp:term":[{"taxonomy":"category","embeddable":true,"href":"https:\/\/www.visit-ulcinj.com\/blog\/wp-json\/wp\/v2\/categories?post=55317"},{"taxonomy":"post_tag","embeddable":true,"href":"https:\/\/www.visit-ulcinj.com\/blog\/wp-json\/wp\/v2\/tags?post=55317"}],"curies":[{"name":"wp","href":"https:\/\/api.w.org\/{rel}","templated":true}]}}