{"id":55324,"date":"2011-12-31T02:41:01","date_gmt":"2011-12-31T01:41:01","guid":{"rendered":"http:\/\/www.visit-ulcinj.com\/blog\/?p=55324"},"modified":"2011-12-31T16:33:59","modified_gmt":"2011-12-31T15:33:59","slug":"unioni-demokratik-i-shqiptareve-gezuar-vitin-e-ri-2012","status":"publish","type":"post","link":"https:\/\/www.visit-ulcinj.com\/blog\/2011\/12\/31\/unioni-demokratik-i-shqiptareve-gezuar-vitin-e-ri-2012\/","title":{"rendered":"Unioni  Demokratik i Shqiptar\u00ebve: G\u00ebzuar Vitin e Ri 2012"},"content":{"rendered":"<p><strong><a href=\"http:\/\/www.visit-ulcinj.com\/blog\/wp-content\/uploads\/2011\/12\/gezuar-vitin-e-ri-20121.jpg\"><img loading=\"lazy\" class=\"alignleft  wp-image-55330\" title=\"gezuar vitin e ri 2012\" src=\"http:\/\/www.visit-ulcinj.com\/blog\/wp-content\/uploads\/2011\/12\/gezuar-vitin-e-ri-20121.jpg\" alt=\"\" width=\"508\" height=\"608\" \/><\/a>UNIONI\u00a0 DEMOKRATIK I SHQIPTAR\u00cbVE\u00a0\u00a0<\/strong><\/p>\n<p>Ulqin,m\u00eb 31.12.2011<strong>\u00a0\u00a0\u00a0\u00a0\u00a0\u00a0\u00a0\u00a0\u00a0\u00a0\u00a0\u00a0\u00a0\u00a0\u00a0\u00a0\u00a0 <\/strong><\/p>\n<p>&nbsp;<\/p>\n<p>Me rastin e fundvitit 2011 dhe fillimit t\u00eb <strong>Vitit t\u00eb Ri 2012<\/strong>, kryetari i Unionit Demokratik t\u00eb Shqiptar\u00ebve, z.Mehmet Zenka, n\u00eb em\u00ebr t\u00eb partis\u00eb dhe n\u00eb emrin e tij personal i p\u00ebrg\u00ebzon\u00a0 t\u00eb gjith\u00eb shqiptar\u00ebt, duke iu uruar sh\u00ebndet t\u00eb mir\u00eb, g\u00ebzime familjare dhe lumturi n\u00eb jet\u00eb.<\/p>\n<p>N\u00eb k\u00ebto \u00e7aste g\u00ebzimi , ne presim Vitin e Ri 2012 me krenari dhe me mir\u00ebnjohjen m\u00eb t\u00eb thell\u00eb p\u00ebr nj\u00ebri tjetrin, p\u00ebr p\u00ebrpjekjet, sakrificat dhe arritjet tona.<\/p>\n<p>Le t\u00eb jet\u00eb ky vit i ri nj\u00eb vit i bekuar q\u00eb sjell sh\u00ebndet, paqe e dashuri n\u00eb jet\u00ebn tuaj dhe t\u00eb familjes suaj.<\/p>\n<p>Uroj shum\u00eb g\u00ebzime, mbar\u00ebsi, shpres\u00eb dhe lumturi p\u00ebr t\u00eb gjith\u00eb shqiptar\u00ebt kudo q\u00eb jan\u00eb.<\/p>\n<p><strong>\u00a0<\/strong><\/p>\n<p><strong>\u00a0Sh\u00ebrbimi informativ t\u00eb UDSH-s\u00eb<\/strong><\/p>\n<!--YouTube Error: bad URL entered-->\n","protected":false},"excerpt":{"rendered":"<p>UNIONI\u00a0 DEMOKRATIK I SHQIPTAR\u00cbVE\u00a0\u00a0 Ulqin,m\u00eb 31.12.2011\u00a0\u00a0\u00a0\u00a0\u00a0\u00a0\u00a0\u00a0\u00a0\u00a0\u00a0\u00a0\u00a0\u00a0\u00a0\u00a0\u00a0 &nbsp; Me rastin e fundvitit 2011 dhe fillimit t\u00eb Vitit t\u00eb Ri 2012, kryetari i Unionit Demokratik t\u00eb Shqiptar\u00ebve, z.Mehmet Zenka, n\u00eb em\u00ebr t\u00eb partis\u00eb dhe n\u00eb emrin e tij personal i p\u00ebrg\u00ebzon\u00a0 t\u00eb gjith\u00eb shqiptar\u00ebt, duke iu uruar sh\u00ebndet t\u00eb mir\u00eb, g\u00ebzime familjare dhe lumturi n\u00eb jet\u00eb. N\u00eb [&hellip;]<\/p>\n","protected":false},"author":1,"featured_media":0,"comment_status":"open","ping_status":"closed","sticky":false,"template":"","format":"standard","meta":{"spay_email":"","jetpack_publicize_message":"","jetpack_is_tweetstorm":false,"jetpack_publicize_feature_enabled":true},"categories":[11],"tags":[19754,200,18,2445],"jetpack_publicize_connections":[],"yoast_head":"<!-- This site is optimized with the Yoast SEO plugin v19.1 - https:\/\/yoast.com\/wordpress\/plugins\/seo\/ -->\n<title>Unioni Demokratik i Shqiptar\u00ebve: G\u00ebzuar Vitin e Ri 2012 - Lajme nga Ulqini<\/title>\n<meta name=\"description\" content=\"UNIONI\u00a0 DEMOKRATIK I SHQIPTAR\u00cbVE\u00a0\u00a0 Ulqin,m\u00eb 31.12.2011\u00a0\u00a0\u00a0\u00a0\u00a0\u00a0\u00a0\u00a0\u00a0\u00a0\u00a0\u00a0\u00a0\u00a0\u00a0\u00a0\u00a0 &nbsp; Me rastin e fundvitit 2011 dhe fillimit t\u00eb Vitit t\u00eb Ri 2012, kryetari i\" \/>\n<meta name=\"robots\" content=\"index, follow, max-snippet:-1, max-image-preview:large, max-video-preview:-1\" \/>\n<link rel=\"canonical\" href=\"https:\/\/www.visit-ulcinj.com\/blog\/2011\/12\/31\/unioni-demokratik-i-shqiptareve-gezuar-vitin-e-ri-2012\/\" \/>\n<meta property=\"og:locale\" content=\"en_US\" \/>\n<meta property=\"og:type\" content=\"article\" \/>\n<meta property=\"og:title\" content=\"Unioni Demokratik i Shqiptar\u00ebve: G\u00ebzuar Vitin e Ri 2012 - Lajme nga Ulqini\" \/>\n<meta property=\"og:description\" content=\"UNIONI\u00a0 DEMOKRATIK I SHQIPTAR\u00cbVE\u00a0\u00a0 Ulqin,m\u00eb 31.12.2011\u00a0\u00a0\u00a0\u00a0\u00a0\u00a0\u00a0\u00a0\u00a0\u00a0\u00a0\u00a0\u00a0\u00a0\u00a0\u00a0\u00a0 &nbsp; Me rastin e fundvitit 2011 dhe fillimit t\u00eb Vitit t\u00eb Ri 2012, kryetari i\" \/>\n<meta property=\"og:url\" content=\"https:\/\/www.visit-ulcinj.com\/blog\/2011\/12\/31\/unioni-demokratik-i-shqiptareve-gezuar-vitin-e-ri-2012\/\" \/>\n<meta property=\"og:site_name\" content=\"Lajme nga Ulqini\" \/>\n<meta property=\"article:published_time\" content=\"2011-12-31T01:41:01+00:00\" \/>\n<meta property=\"article:modified_time\" content=\"2011-12-31T15:33:59+00:00\" \/>\n<meta property=\"og:image\" content=\"http:\/\/www.visit-ulcinj.com\/blog\/wp-content\/uploads\/2011\/12\/gezuar-vitin-e-ri-20121.jpg\" \/>\n<meta name=\"twitter:label1\" content=\"Written by\" \/>\n\t<meta name=\"twitter:data1\" content=\"ulqini\" \/>\n\t<meta name=\"twitter:label2\" content=\"Est. reading time\" \/>\n\t<meta name=\"twitter:data2\" content=\"1 minute\" \/>\n<script type=\"application\/ld+json\" class=\"yoast-schema-graph\">{\"@context\":\"https:\/\/schema.org\",\"@graph\":[{\"@type\":\"WebSite\",\"@id\":\"https:\/\/www.visit-ulcinj.com\/blog\/#website\",\"url\":\"https:\/\/www.visit-ulcinj.com\/blog\/\",\"name\":\"Lajme nga Ulqini\",\"description\":\"Lajme,Vijesti,Ulqini,Ulqin,Crna Gora,Mali i Zi\",\"potentialAction\":[{\"@type\":\"SearchAction\",\"target\":{\"@type\":\"EntryPoint\",\"urlTemplate\":\"https:\/\/www.visit-ulcinj.com\/blog\/?s={search_term_string}\"},\"query-input\":\"required name=search_term_string\"}],\"inLanguage\":\"en-US\"},{\"@type\":\"ImageObject\",\"inLanguage\":\"en-US\",\"@id\":\"https:\/\/www.visit-ulcinj.com\/blog\/2011\/12\/31\/unioni-demokratik-i-shqiptareve-gezuar-vitin-e-ri-2012\/#primaryimage\",\"url\":\"http:\/\/www.visit-ulcinj.com\/blog\/wp-content\/uploads\/2011\/12\/gezuar-vitin-e-ri-20121.jpg\",\"contentUrl\":\"http:\/\/www.visit-ulcinj.com\/blog\/wp-content\/uploads\/2011\/12\/gezuar-vitin-e-ri-20121.jpg\"},{\"@type\":\"WebPage\",\"@id\":\"https:\/\/www.visit-ulcinj.com\/blog\/2011\/12\/31\/unioni-demokratik-i-shqiptareve-gezuar-vitin-e-ri-2012\/#webpage\",\"url\":\"https:\/\/www.visit-ulcinj.com\/blog\/2011\/12\/31\/unioni-demokratik-i-shqiptareve-gezuar-vitin-e-ri-2012\/\",\"name\":\"Unioni Demokratik i Shqiptar\u00ebve: G\u00ebzuar Vitin e Ri 2012 - Lajme nga Ulqini\",\"isPartOf\":{\"@id\":\"https:\/\/www.visit-ulcinj.com\/blog\/#website\"},\"primaryImageOfPage\":{\"@id\":\"https:\/\/www.visit-ulcinj.com\/blog\/2011\/12\/31\/unioni-demokratik-i-shqiptareve-gezuar-vitin-e-ri-2012\/#primaryimage\"},\"datePublished\":\"2011-12-31T01:41:01+00:00\",\"dateModified\":\"2011-12-31T15:33:59+00:00\",\"author\":{\"@id\":\"https:\/\/www.visit-ulcinj.com\/blog\/#\/schema\/person\/dcab619c614d3038751c63bc2aadc06d\"},\"description\":\"UNIONI\u00a0 DEMOKRATIK I SHQIPTAR\u00cbVE\u00a0\u00a0 Ulqin,m\u00eb 31.12.2011\u00a0\u00a0\u00a0\u00a0\u00a0\u00a0\u00a0\u00a0\u00a0\u00a0\u00a0\u00a0\u00a0\u00a0\u00a0\u00a0\u00a0 &nbsp; Me rastin e fundvitit 2011 dhe fillimit t\u00eb Vitit t\u00eb Ri 2012, kryetari i\",\"breadcrumb\":{\"@id\":\"https:\/\/www.visit-ulcinj.com\/blog\/2011\/12\/31\/unioni-demokratik-i-shqiptareve-gezuar-vitin-e-ri-2012\/#breadcrumb\"},\"inLanguage\":\"en-US\",\"potentialAction\":[{\"@type\":\"ReadAction\",\"target\":[\"https:\/\/www.visit-ulcinj.com\/blog\/2011\/12\/31\/unioni-demokratik-i-shqiptareve-gezuar-vitin-e-ri-2012\/\"]}]},{\"@type\":\"BreadcrumbList\",\"@id\":\"https:\/\/www.visit-ulcinj.com\/blog\/2011\/12\/31\/unioni-demokratik-i-shqiptareve-gezuar-vitin-e-ri-2012\/#breadcrumb\",\"itemListElement\":[{\"@type\":\"ListItem\",\"position\":1,\"name\":\"Unioni Demokratik i Shqiptar\u00ebve: G\u00ebzuar Vitin e Ri 2012\"}]},{\"@type\":\"Person\",\"@id\":\"https:\/\/www.visit-ulcinj.com\/blog\/#\/schema\/person\/dcab619c614d3038751c63bc2aadc06d\",\"name\":\"ulqini\",\"sameAs\":[\"http:\/\/www.visit-ulcinj.com\"],\"url\":\"https:\/\/www.visit-ulcinj.com\/blog\/author\/admin\/\"}]}<\/script>\n<!-- \/ Yoast SEO plugin. -->","yoast_head_json":{"title":"Unioni Demokratik i Shqiptar\u00ebve: G\u00ebzuar Vitin e Ri 2012 - Lajme nga Ulqini","description":"UNIONI\u00a0 DEMOKRATIK I SHQIPTAR\u00cbVE\u00a0\u00a0 Ulqin,m\u00eb 31.12.2011\u00a0\u00a0\u00a0\u00a0\u00a0\u00a0\u00a0\u00a0\u00a0\u00a0\u00a0\u00a0\u00a0\u00a0\u00a0\u00a0\u00a0 &nbsp; Me rastin e fundvitit 2011 dhe fillimit t\u00eb Vitit t\u00eb Ri 2012, kryetari i","robots":{"index":"index","follow":"follow","max-snippet":"max-snippet:-1","max-image-preview":"max-image-preview:large","max-video-preview":"max-video-preview:-1"},"canonical":"https:\/\/www.visit-ulcinj.com\/blog\/2011\/12\/31\/unioni-demokratik-i-shqiptareve-gezuar-vitin-e-ri-2012\/","og_locale":"en_US","og_type":"article","og_title":"Unioni Demokratik i Shqiptar\u00ebve: G\u00ebzuar Vitin e Ri 2012 - Lajme nga Ulqini","og_description":"UNIONI\u00a0 DEMOKRATIK I SHQIPTAR\u00cbVE\u00a0\u00a0 Ulqin,m\u00eb 31.12.2011\u00a0\u00a0\u00a0\u00a0\u00a0\u00a0\u00a0\u00a0\u00a0\u00a0\u00a0\u00a0\u00a0\u00a0\u00a0\u00a0\u00a0 &nbsp; Me rastin e fundvitit 2011 dhe fillimit t\u00eb Vitit t\u00eb Ri 2012, kryetari i","og_url":"https:\/\/www.visit-ulcinj.com\/blog\/2011\/12\/31\/unioni-demokratik-i-shqiptareve-gezuar-vitin-e-ri-2012\/","og_site_name":"Lajme nga Ulqini","article_published_time":"2011-12-31T01:41:01+00:00","article_modified_time":"2011-12-31T15:33:59+00:00","og_image":[{"url":"http:\/\/www.visit-ulcinj.com\/blog\/wp-content\/uploads\/2011\/12\/gezuar-vitin-e-ri-20121.jpg"}],"twitter_misc":{"Written by":"ulqini","Est. reading time":"1 minute"},"schema":{"@context":"https:\/\/schema.org","@graph":[{"@type":"WebSite","@id":"https:\/\/www.visit-ulcinj.com\/blog\/#website","url":"https:\/\/www.visit-ulcinj.com\/blog\/","name":"Lajme nga Ulqini","description":"Lajme,Vijesti,Ulqini,Ulqin,Crna Gora,Mali i Zi","potentialAction":[{"@type":"SearchAction","target":{"@type":"EntryPoint","urlTemplate":"https:\/\/www.visit-ulcinj.com\/blog\/?s={search_term_string}"},"query-input":"required name=search_term_string"}],"inLanguage":"en-US"},{"@type":"ImageObject","inLanguage":"en-US","@id":"https:\/\/www.visit-ulcinj.com\/blog\/2011\/12\/31\/unioni-demokratik-i-shqiptareve-gezuar-vitin-e-ri-2012\/#primaryimage","url":"http:\/\/www.visit-ulcinj.com\/blog\/wp-content\/uploads\/2011\/12\/gezuar-vitin-e-ri-20121.jpg","contentUrl":"http:\/\/www.visit-ulcinj.com\/blog\/wp-content\/uploads\/2011\/12\/gezuar-vitin-e-ri-20121.jpg"},{"@type":"WebPage","@id":"https:\/\/www.visit-ulcinj.com\/blog\/2011\/12\/31\/unioni-demokratik-i-shqiptareve-gezuar-vitin-e-ri-2012\/#webpage","url":"https:\/\/www.visit-ulcinj.com\/blog\/2011\/12\/31\/unioni-demokratik-i-shqiptareve-gezuar-vitin-e-ri-2012\/","name":"Unioni Demokratik i Shqiptar\u00ebve: G\u00ebzuar Vitin e Ri 2012 - Lajme nga Ulqini","isPartOf":{"@id":"https:\/\/www.visit-ulcinj.com\/blog\/#website"},"primaryImageOfPage":{"@id":"https:\/\/www.visit-ulcinj.com\/blog\/2011\/12\/31\/unioni-demokratik-i-shqiptareve-gezuar-vitin-e-ri-2012\/#primaryimage"},"datePublished":"2011-12-31T01:41:01+00:00","dateModified":"2011-12-31T15:33:59+00:00","author":{"@id":"https:\/\/www.visit-ulcinj.com\/blog\/#\/schema\/person\/dcab619c614d3038751c63bc2aadc06d"},"description":"UNIONI\u00a0 DEMOKRATIK I SHQIPTAR\u00cbVE\u00a0\u00a0 Ulqin,m\u00eb 31.12.2011\u00a0\u00a0\u00a0\u00a0\u00a0\u00a0\u00a0\u00a0\u00a0\u00a0\u00a0\u00a0\u00a0\u00a0\u00a0\u00a0\u00a0 &nbsp; Me rastin e fundvitit 2011 dhe fillimit t\u00eb Vitit t\u00eb Ri 2012, kryetari i","breadcrumb":{"@id":"https:\/\/www.visit-ulcinj.com\/blog\/2011\/12\/31\/unioni-demokratik-i-shqiptareve-gezuar-vitin-e-ri-2012\/#breadcrumb"},"inLanguage":"en-US","potentialAction":[{"@type":"ReadAction","target":["https:\/\/www.visit-ulcinj.com\/blog\/2011\/12\/31\/unioni-demokratik-i-shqiptareve-gezuar-vitin-e-ri-2012\/"]}]},{"@type":"BreadcrumbList","@id":"https:\/\/www.visit-ulcinj.com\/blog\/2011\/12\/31\/unioni-demokratik-i-shqiptareve-gezuar-vitin-e-ri-2012\/#breadcrumb","itemListElement":[{"@type":"ListItem","position":1,"name":"Unioni Demokratik i Shqiptar\u00ebve: G\u00ebzuar Vitin e Ri 2012"}]},{"@type":"Person","@id":"https:\/\/www.visit-ulcinj.com\/blog\/#\/schema\/person\/dcab619c614d3038751c63bc2aadc06d","name":"ulqini","sameAs":["http:\/\/www.visit-ulcinj.com"],"url":"https:\/\/www.visit-ulcinj.com\/blog\/author\/admin\/"}]}},"jetpack_featured_media_url":"","jetpack_sharing_enabled":true,"jetpack_shortlink":"https:\/\/wp.me\/pe6lTn-eok","_links":{"self":[{"href":"https:\/\/www.visit-ulcinj.com\/blog\/wp-json\/wp\/v2\/posts\/55324"}],"collection":[{"href":"https:\/\/www.visit-ulcinj.com\/blog\/wp-json\/wp\/v2\/posts"}],"about":[{"href":"https:\/\/www.visit-ulcinj.com\/blog\/wp-json\/wp\/v2\/types\/post"}],"author":[{"embeddable":true,"href":"https:\/\/www.visit-ulcinj.com\/blog\/wp-json\/wp\/v2\/users\/1"}],"replies":[{"embeddable":true,"href":"https:\/\/www.visit-ulcinj.com\/blog\/wp-json\/wp\/v2\/comments?post=55324"}],"version-history":[{"count":5,"href":"https:\/\/www.visit-ulcinj.com\/blog\/wp-json\/wp\/v2\/posts\/55324\/revisions"}],"predecessor-version":[{"id":55354,"href":"https:\/\/www.visit-ulcinj.com\/blog\/wp-json\/wp\/v2\/posts\/55324\/revisions\/55354"}],"wp:attachment":[{"href":"https:\/\/www.visit-ulcinj.com\/blog\/wp-json\/wp\/v2\/media?parent=55324"}],"wp:term":[{"taxonomy":"category","embeddable":true,"href":"https:\/\/www.visit-ulcinj.com\/blog\/wp-json\/wp\/v2\/categories?post=55324"},{"taxonomy":"post_tag","embeddable":true,"href":"https:\/\/www.visit-ulcinj.com\/blog\/wp-json\/wp\/v2\/tags?post=55324"}],"curies":[{"name":"wp","href":"https:\/\/api.w.org\/{rel}","templated":true}]}}