{"id":5533,"date":"2008-11-06T17:58:36","date_gmt":"2008-11-06T22:58:36","guid":{"rendered":"http:\/\/www.visit-ulcinj.com\/blog\/?p=5533"},"modified":"2008-11-06T17:58:36","modified_gmt":"2008-11-06T22:58:36","slug":"gjukanoviqballkani-po-tensionohet","status":"publish","type":"post","link":"https:\/\/www.visit-ulcinj.com\/blog\/2008\/11\/06\/gjukanoviqballkani-po-tensionohet\/","title":{"rendered":"Gjukanoviq:Ballkani po tensionohet"},"content":{"rendered":"<p><a href=\"http:\/\/www.gom.cg.yu\/img\/1090259251.jpg\"><img loading=\"lazy\" class=\"alignleft\" title=\" Milo Djukanovic&amp; Sheffer\" src=\"http:\/\/www.gom.cg.yu\/img\/1090259251.jpg\" alt=\"\" width=\"321\" height=\"195\" \/><\/a>Mali i Zi i ka k\u00ebrkuar\u00a0vendeve an\u00ebtare t\u00eb NATO-s\u00a0q\u00eb t\u00eb shpejtojn\u00eb me\u00a0an\u00ebtar\u00ebsimin e vendeve t\u00eb Ballkanit\u00a0Per\u00ebndimor n\u00eb aleanc\u00eb,\u00a0p\u00ebr shkak se sipas tij, tensionet\u00a0po e k\u00ebrc\u00ebnojn\u00eb stabilitetin e\u00a0vendosur n\u00eb rajon nga trupat\u00a0per\u00ebndimore pas luft\u00ebrave t\u00eb\u00a0viteve t\u00eb \u201890-ta.<br \/>\n\u201cPozicioni yn\u00eb\u00a0i pal\u00ebkundur \u00ebsht\u00eb se stabiliteti\u00a0mbetet \u00e7\u00ebshtja kryesore n\u00eb rajon\u201d,\u00a0tha kryeministri Millo\u00a0Gjukanoviq.<br \/>\nAi ka th\u00ebn\u00eb se\u00a0zgjidhja p\u00ebr k\u00ebt\u00eb problem \u00ebsht\u00eb\u00a0n\u00eb an\u00ebtar\u00ebsimin e vendeve t\u00eb\u00a0rajonit. Gjukanoviq ka b\u00ebr\u00eb k\u00ebto\u00a0komente pas takimit me sekretarin\u00a0e p\u00ebrgjithsh\u00ebm t\u00eb NATO-s\u00a0Jaap de Hoop Scheffer n\u00eb Bruksel\u00a0.<br \/>\n<strong>Burimi \/ infopress<\/strong><\/p>\n","protected":false},"excerpt":{"rendered":"<p>Mali i Zi i ka k\u00ebrkuar\u00a0vendeve an\u00ebtare t\u00eb NATO-s\u00a0q\u00eb t\u00eb shpejtojn\u00eb me\u00a0an\u00ebtar\u00ebsimin e vendeve t\u00eb Ballkanit\u00a0Per\u00ebndimor n\u00eb aleanc\u00eb,\u00a0p\u00ebr shkak se sipas tij, tensionet\u00a0po e k\u00ebrc\u00ebnojn\u00eb stabilitetin e\u00a0vendosur n\u00eb rajon nga trupat\u00a0per\u00ebndimore pas luft\u00ebrave t\u00eb\u00a0viteve t\u00eb \u201890-ta. \u201cPozicioni yn\u00eb\u00a0i pal\u00ebkundur \u00ebsht\u00eb se stabiliteti\u00a0mbetet \u00e7\u00ebshtja kryesore n\u00eb rajon\u201d,\u00a0tha kryeministri Millo\u00a0Gjukanoviq. Ai ka th\u00ebn\u00eb se\u00a0zgjidhja p\u00ebr k\u00ebt\u00eb problem [&hellip;]<\/p>\n","protected":false},"author":1,"featured_media":0,"comment_status":"open","ping_status":"closed","sticky":false,"template":"","format":"standard","meta":{"spay_email":"","jetpack_publicize_message":"","jetpack_is_tweetstorm":false,"jetpack_publicize_feature_enabled":true},"categories":[12],"tags":[95,2806],"jetpack_publicize_connections":[],"yoast_head":"<!-- This site is optimized with the Yoast SEO plugin v19.1 - https:\/\/yoast.com\/wordpress\/plugins\/seo\/ -->\n<title>Gjukanoviq:Ballkani po tensionohet - Lajme nga Ulqini<\/title>\n<meta name=\"description\" content=\"Mali i Zi i ka k\u00ebrkuar\u00a0vendeve an\u00ebtare t\u00eb NATO-s\u00a0q\u00eb t\u00eb shpejtojn\u00eb me\u00a0an\u00ebtar\u00ebsimin e vendeve t\u00eb Ballkanit\u00a0Per\u00ebndimor n\u00eb aleanc\u00eb,\u00a0p\u00ebr shkak se sipas tij,\" \/>\n<meta name=\"robots\" content=\"index, follow, max-snippet:-1, max-image-preview:large, max-video-preview:-1\" \/>\n<link rel=\"canonical\" href=\"https:\/\/www.visit-ulcinj.com\/blog\/2008\/11\/06\/gjukanoviqballkani-po-tensionohet\/\" \/>\n<meta property=\"og:locale\" content=\"en_US\" \/>\n<meta property=\"og:type\" content=\"article\" \/>\n<meta property=\"og:title\" content=\"Gjukanoviq:Ballkani po tensionohet - Lajme nga Ulqini\" \/>\n<meta property=\"og:description\" content=\"Mali i Zi i ka k\u00ebrkuar\u00a0vendeve an\u00ebtare t\u00eb NATO-s\u00a0q\u00eb t\u00eb shpejtojn\u00eb me\u00a0an\u00ebtar\u00ebsimin e vendeve t\u00eb Ballkanit\u00a0Per\u00ebndimor n\u00eb aleanc\u00eb,\u00a0p\u00ebr shkak se sipas tij,\" \/>\n<meta property=\"og:url\" content=\"https:\/\/www.visit-ulcinj.com\/blog\/2008\/11\/06\/gjukanoviqballkani-po-tensionohet\/\" \/>\n<meta property=\"og:site_name\" content=\"Lajme nga Ulqini\" \/>\n<meta property=\"article:published_time\" content=\"2008-11-06T22:58:36+00:00\" \/>\n<meta property=\"og:image\" content=\"http:\/\/www.gom.cg.yu\/img\/1090259251.jpg\" \/>\n<meta name=\"twitter:label1\" content=\"Written by\" \/>\n\t<meta name=\"twitter:data1\" content=\"ulqini\" \/>\n\t<meta name=\"twitter:label2\" content=\"Est. reading time\" \/>\n\t<meta name=\"twitter:data2\" content=\"1 minute\" \/>\n<script type=\"application\/ld+json\" class=\"yoast-schema-graph\">{\"@context\":\"https:\/\/schema.org\",\"@graph\":[{\"@type\":\"WebSite\",\"@id\":\"https:\/\/www.visit-ulcinj.com\/blog\/#website\",\"url\":\"https:\/\/www.visit-ulcinj.com\/blog\/\",\"name\":\"Lajme nga Ulqini\",\"description\":\"Lajme,Vijesti,Ulqini,Ulqin,Crna Gora,Mali i Zi\",\"potentialAction\":[{\"@type\":\"SearchAction\",\"target\":{\"@type\":\"EntryPoint\",\"urlTemplate\":\"https:\/\/www.visit-ulcinj.com\/blog\/?s={search_term_string}\"},\"query-input\":\"required name=search_term_string\"}],\"inLanguage\":\"en-US\"},{\"@type\":\"ImageObject\",\"inLanguage\":\"en-US\",\"@id\":\"https:\/\/www.visit-ulcinj.com\/blog\/2008\/11\/06\/gjukanoviqballkani-po-tensionohet\/#primaryimage\",\"url\":\"http:\/\/www.gom.cg.yu\/img\/1090259251.jpg\",\"contentUrl\":\"http:\/\/www.gom.cg.yu\/img\/1090259251.jpg\"},{\"@type\":\"WebPage\",\"@id\":\"https:\/\/www.visit-ulcinj.com\/blog\/2008\/11\/06\/gjukanoviqballkani-po-tensionohet\/#webpage\",\"url\":\"https:\/\/www.visit-ulcinj.com\/blog\/2008\/11\/06\/gjukanoviqballkani-po-tensionohet\/\",\"name\":\"Gjukanoviq:Ballkani po tensionohet - Lajme nga Ulqini\",\"isPartOf\":{\"@id\":\"https:\/\/www.visit-ulcinj.com\/blog\/#website\"},\"primaryImageOfPage\":{\"@id\":\"https:\/\/www.visit-ulcinj.com\/blog\/2008\/11\/06\/gjukanoviqballkani-po-tensionohet\/#primaryimage\"},\"datePublished\":\"2008-11-06T22:58:36+00:00\",\"dateModified\":\"2008-11-06T22:58:36+00:00\",\"author\":{\"@id\":\"https:\/\/www.visit-ulcinj.com\/blog\/#\/schema\/person\/dcab619c614d3038751c63bc2aadc06d\"},\"description\":\"Mali i Zi i ka k\u00ebrkuar\u00a0vendeve an\u00ebtare t\u00eb NATO-s\u00a0q\u00eb t\u00eb shpejtojn\u00eb me\u00a0an\u00ebtar\u00ebsimin e vendeve t\u00eb Ballkanit\u00a0Per\u00ebndimor n\u00eb aleanc\u00eb,\u00a0p\u00ebr shkak se sipas tij,\",\"breadcrumb\":{\"@id\":\"https:\/\/www.visit-ulcinj.com\/blog\/2008\/11\/06\/gjukanoviqballkani-po-tensionohet\/#breadcrumb\"},\"inLanguage\":\"en-US\",\"potentialAction\":[{\"@type\":\"ReadAction\",\"target\":[\"https:\/\/www.visit-ulcinj.com\/blog\/2008\/11\/06\/gjukanoviqballkani-po-tensionohet\/\"]}]},{\"@type\":\"BreadcrumbList\",\"@id\":\"https:\/\/www.visit-ulcinj.com\/blog\/2008\/11\/06\/gjukanoviqballkani-po-tensionohet\/#breadcrumb\",\"itemListElement\":[{\"@type\":\"ListItem\",\"position\":1,\"name\":\"Gjukanoviq:Ballkani po tensionohet\"}]},{\"@type\":\"Person\",\"@id\":\"https:\/\/www.visit-ulcinj.com\/blog\/#\/schema\/person\/dcab619c614d3038751c63bc2aadc06d\",\"name\":\"ulqini\",\"sameAs\":[\"http:\/\/www.visit-ulcinj.com\"],\"url\":\"https:\/\/www.visit-ulcinj.com\/blog\/author\/admin\/\"}]}<\/script>\n<!-- \/ Yoast SEO plugin. -->","yoast_head_json":{"title":"Gjukanoviq:Ballkani po tensionohet - Lajme nga Ulqini","description":"Mali i Zi i ka k\u00ebrkuar\u00a0vendeve an\u00ebtare t\u00eb NATO-s\u00a0q\u00eb t\u00eb shpejtojn\u00eb me\u00a0an\u00ebtar\u00ebsimin e vendeve t\u00eb Ballkanit\u00a0Per\u00ebndimor n\u00eb aleanc\u00eb,\u00a0p\u00ebr shkak se sipas tij,","robots":{"index":"index","follow":"follow","max-snippet":"max-snippet:-1","max-image-preview":"max-image-preview:large","max-video-preview":"max-video-preview:-1"},"canonical":"https:\/\/www.visit-ulcinj.com\/blog\/2008\/11\/06\/gjukanoviqballkani-po-tensionohet\/","og_locale":"en_US","og_type":"article","og_title":"Gjukanoviq:Ballkani po tensionohet - Lajme nga Ulqini","og_description":"Mali i Zi i ka k\u00ebrkuar\u00a0vendeve an\u00ebtare t\u00eb NATO-s\u00a0q\u00eb t\u00eb shpejtojn\u00eb me\u00a0an\u00ebtar\u00ebsimin e vendeve t\u00eb Ballkanit\u00a0Per\u00ebndimor n\u00eb aleanc\u00eb,\u00a0p\u00ebr shkak se sipas tij,","og_url":"https:\/\/www.visit-ulcinj.com\/blog\/2008\/11\/06\/gjukanoviqballkani-po-tensionohet\/","og_site_name":"Lajme nga Ulqini","article_published_time":"2008-11-06T22:58:36+00:00","og_image":[{"url":"http:\/\/www.gom.cg.yu\/img\/1090259251.jpg"}],"twitter_misc":{"Written by":"ulqini","Est. reading time":"1 minute"},"schema":{"@context":"https:\/\/schema.org","@graph":[{"@type":"WebSite","@id":"https:\/\/www.visit-ulcinj.com\/blog\/#website","url":"https:\/\/www.visit-ulcinj.com\/blog\/","name":"Lajme nga Ulqini","description":"Lajme,Vijesti,Ulqini,Ulqin,Crna Gora,Mali i Zi","potentialAction":[{"@type":"SearchAction","target":{"@type":"EntryPoint","urlTemplate":"https:\/\/www.visit-ulcinj.com\/blog\/?s={search_term_string}"},"query-input":"required name=search_term_string"}],"inLanguage":"en-US"},{"@type":"ImageObject","inLanguage":"en-US","@id":"https:\/\/www.visit-ulcinj.com\/blog\/2008\/11\/06\/gjukanoviqballkani-po-tensionohet\/#primaryimage","url":"http:\/\/www.gom.cg.yu\/img\/1090259251.jpg","contentUrl":"http:\/\/www.gom.cg.yu\/img\/1090259251.jpg"},{"@type":"WebPage","@id":"https:\/\/www.visit-ulcinj.com\/blog\/2008\/11\/06\/gjukanoviqballkani-po-tensionohet\/#webpage","url":"https:\/\/www.visit-ulcinj.com\/blog\/2008\/11\/06\/gjukanoviqballkani-po-tensionohet\/","name":"Gjukanoviq:Ballkani po tensionohet - Lajme nga Ulqini","isPartOf":{"@id":"https:\/\/www.visit-ulcinj.com\/blog\/#website"},"primaryImageOfPage":{"@id":"https:\/\/www.visit-ulcinj.com\/blog\/2008\/11\/06\/gjukanoviqballkani-po-tensionohet\/#primaryimage"},"datePublished":"2008-11-06T22:58:36+00:00","dateModified":"2008-11-06T22:58:36+00:00","author":{"@id":"https:\/\/www.visit-ulcinj.com\/blog\/#\/schema\/person\/dcab619c614d3038751c63bc2aadc06d"},"description":"Mali i Zi i ka k\u00ebrkuar\u00a0vendeve an\u00ebtare t\u00eb NATO-s\u00a0q\u00eb t\u00eb shpejtojn\u00eb me\u00a0an\u00ebtar\u00ebsimin e vendeve t\u00eb Ballkanit\u00a0Per\u00ebndimor n\u00eb aleanc\u00eb,\u00a0p\u00ebr shkak se sipas tij,","breadcrumb":{"@id":"https:\/\/www.visit-ulcinj.com\/blog\/2008\/11\/06\/gjukanoviqballkani-po-tensionohet\/#breadcrumb"},"inLanguage":"en-US","potentialAction":[{"@type":"ReadAction","target":["https:\/\/www.visit-ulcinj.com\/blog\/2008\/11\/06\/gjukanoviqballkani-po-tensionohet\/"]}]},{"@type":"BreadcrumbList","@id":"https:\/\/www.visit-ulcinj.com\/blog\/2008\/11\/06\/gjukanoviqballkani-po-tensionohet\/#breadcrumb","itemListElement":[{"@type":"ListItem","position":1,"name":"Gjukanoviq:Ballkani po tensionohet"}]},{"@type":"Person","@id":"https:\/\/www.visit-ulcinj.com\/blog\/#\/schema\/person\/dcab619c614d3038751c63bc2aadc06d","name":"ulqini","sameAs":["http:\/\/www.visit-ulcinj.com"],"url":"https:\/\/www.visit-ulcinj.com\/blog\/author\/admin\/"}]}},"jetpack_featured_media_url":"","jetpack_sharing_enabled":true,"jetpack_shortlink":"https:\/\/wp.me\/pe6lTn-1rf","_links":{"self":[{"href":"https:\/\/www.visit-ulcinj.com\/blog\/wp-json\/wp\/v2\/posts\/5533"}],"collection":[{"href":"https:\/\/www.visit-ulcinj.com\/blog\/wp-json\/wp\/v2\/posts"}],"about":[{"href":"https:\/\/www.visit-ulcinj.com\/blog\/wp-json\/wp\/v2\/types\/post"}],"author":[{"embeddable":true,"href":"https:\/\/www.visit-ulcinj.com\/blog\/wp-json\/wp\/v2\/users\/1"}],"replies":[{"embeddable":true,"href":"https:\/\/www.visit-ulcinj.com\/blog\/wp-json\/wp\/v2\/comments?post=5533"}],"version-history":[{"count":0,"href":"https:\/\/www.visit-ulcinj.com\/blog\/wp-json\/wp\/v2\/posts\/5533\/revisions"}],"wp:attachment":[{"href":"https:\/\/www.visit-ulcinj.com\/blog\/wp-json\/wp\/v2\/media?parent=5533"}],"wp:term":[{"taxonomy":"category","embeddable":true,"href":"https:\/\/www.visit-ulcinj.com\/blog\/wp-json\/wp\/v2\/categories?post=5533"},{"taxonomy":"post_tag","embeddable":true,"href":"https:\/\/www.visit-ulcinj.com\/blog\/wp-json\/wp\/v2\/tags?post=5533"}],"curies":[{"name":"wp","href":"https:\/\/api.w.org\/{rel}","templated":true}]}}