{"id":55337,"date":"2011-12-31T12:31:59","date_gmt":"2011-12-31T11:31:59","guid":{"rendered":"http:\/\/www.visit-ulcinj.com\/blog\/?p=55337"},"modified":"2012-01-03T20:27:22","modified_gmt":"2012-01-03T19:27:22","slug":"gezuar-vitin-e-ri-nga-femijet-e-anes-se-malit","status":"publish","type":"post","link":"https:\/\/www.visit-ulcinj.com\/blog\/2011\/12\/31\/gezuar-vitin-e-ri-nga-femijet-e-anes-se-malit\/","title":{"rendered":"G\u00ebzuar vitin e ri nga f\u00ebmijet e An\u00ebs s\u00eb Malit!!!"},"content":{"rendered":"<p><a href=\"http:\/\/www.visit-ulcinj.com\/blog\/wp-content\/uploads\/2011\/12\/G\u00ebzuar-vitin-e-ri-2012-nga-f\u00ebmijet-e-An\u00ebs-s\u00eb-Malit.jpg\"><img loading=\"lazy\" class=\"alignleft  wp-image-55338\" title=\"G\u00ebzuar vitin e ri 2012 nga f\u00ebmijet e An\u00ebs s\u00eb Malit\" src=\"http:\/\/www.visit-ulcinj.com\/blog\/wp-content\/uploads\/2011\/12\/G\u00ebzuar-vitin-e-ri-2012-nga-f\u00ebmijet-e-An\u00ebs-s\u00eb-Malit.jpg\" alt=\"\" width=\"490\" height=\"400\" \/><\/a>Sot pran\u00eb zyrave t\u00eb L\u00ebvizjes Perspektiva, u krijua nj\u00eb atmosfer\u00eb e ngroht\u00eb me f\u00ebmijet e veshur me rrobat e baba dimrit.F\u00ebmij\u00ebt festuan nj\u00ebri me tjetrin, uruan dhe vall\u00ebzuan me shpresen se Viti i Ri, do t\u00eb jet\u00eb nj\u00eb vit q\u00eb do t&#8217;u plot\u00ebsoj\u00eb d\u00ebshirat e tyre.Me shpresen se ndokush do t\u00eb v\u00ebrej\u00eb shikimet e tyre t\u00eb ngrohta dhe buz\u00ebqeshjet e tyre t\u00eb sinqerta, uroj q\u00eb pamja e k\u00ebtyre f\u00ebmijve t\u00eb fshatit t&#8217;u dal\u00eb p\u00ebrher\u00eb p\u00ebrpara dhe gjithmon\u00eb t\u00eb gjeni koh\u00eb e t\u00eb mendoni p\u00ebr nj\u00eb ardhm\u00ebri m\u00eb t\u00eb ndritur p\u00ebr ta.G\u00ebzuar nga f\u00ebmijet e An\u00ebs s\u00eb Malit!!!<\/p>\n<div id=\"fbPhotoSnowboxAuthorName\"><a href=\"https:\/\/www.facebook.com\/media\/set\/?set=a.213437762019689.64212.100000604003955&amp;type=1\" target=\"_blank\"><strong>Flower Avdiu<\/strong><strong>\u00a0Facebook<\/strong><\/a><\/div>\n<div>\n\n\t\t<style type=\"text\/css\">\n\t\t\t#gallery-1 {\n\t\t\t\tmargin: auto;\n\t\t\t}\n\t\t\t#gallery-1 .gallery-item {\n\t\t\t\tfloat: left;\n\t\t\t\tmargin-top: 10px;\n\t\t\t\ttext-align: center;\n\t\t\t\twidth: 33%;\n\t\t\t}\n\t\t\t#gallery-1 img {\n\t\t\t\tborder: 2px solid #cfcfcf;\n\t\t\t}\n\t\t\t#gallery-1 .gallery-caption {\n\t\t\t\tmargin-left: 0;\n\t\t\t}\n\t\t\t\/* see gallery_shortcode() in wp-includes\/media.php *\/\n\t\t<\/style>\n\t\t<div id='gallery-1' class='gallery galleryid-55337 gallery-columns-3 gallery-size-thumbnail'><dl class='gallery-item'>\n\t\t\t<dt class='gallery-icon landscape'>\n\t\t\t\t<a href='https:\/\/www.visit-ulcinj.com\/blog\/wp-content\/uploads\/2011\/12\/G\u00ebzuar-vitin-e-ri-2012-nga-f\u00ebmijet-e-An\u00ebs-s\u00eb-Malit.jpg'><img width=\"150\" height=\"150\" src=\"https:\/\/www.visit-ulcinj.com\/blog\/wp-content\/uploads\/2011\/12\/G\u00ebzuar-vitin-e-ri-2012-nga-f\u00ebmijet-e-An\u00ebs-s\u00eb-Malit-150x150.jpg\" class=\"attachment-thumbnail size-thumbnail\" alt=\"\" loading=\"lazy\" srcset=\"https:\/\/www.visit-ulcinj.com\/blog\/wp-content\/uploads\/2011\/12\/G\u00ebzuar-vitin-e-ri-2012-nga-f\u00ebmijet-e-An\u00ebs-s\u00eb-Malit-150x150.jpg 150w, https:\/\/www.visit-ulcinj.com\/blog\/wp-content\/uploads\/2011\/12\/G\u00ebzuar-vitin-e-ri-2012-nga-f\u00ebmijet-e-An\u00ebs-s\u00eb-Malit-300x297.jpg 300w, https:\/\/www.visit-ulcinj.com\/blog\/wp-content\/uploads\/2011\/12\/G\u00ebzuar-vitin-e-ri-2012-nga-f\u00ebmijet-e-An\u00ebs-s\u00eb-Malit.jpg 463w\" sizes=\"(max-width: 150px) 100vw, 150px\" \/><\/a>\n\t\t\t<\/dt><\/dl><dl class='gallery-item'>\n\t\t\t<dt class='gallery-icon landscape'>\n\t\t\t\t<a href='https:\/\/www.visit-ulcinj.com\/blog\/wp-content\/uploads\/2011\/12\/G\u00ebzuar-vitin-e-ri-2012-nga-f\u00ebmijet-e-An\u00ebs-s\u00eb-Malit.1.jpg'><img width=\"150\" height=\"150\" src=\"https:\/\/www.visit-ulcinj.com\/blog\/wp-content\/uploads\/2011\/12\/G\u00ebzuar-vitin-e-ri-2012-nga-f\u00ebmijet-e-An\u00ebs-s\u00eb-Malit.1-150x150.jpg\" class=\"attachment-thumbnail size-thumbnail\" alt=\"\" loading=\"lazy\" \/><\/a>\n\t\t\t<\/dt><\/dl><dl class='gallery-item'>\n\t\t\t<dt class='gallery-icon landscape'>\n\t\t\t\t<a href='https:\/\/www.visit-ulcinj.com\/blog\/wp-content\/uploads\/2011\/12\/G\u00ebzuar-vitin-e-ri-2012-nga-f\u00ebmijet-e-An\u00ebs-s\u00eb-Malit.2.jpg'><img width=\"150\" height=\"150\" src=\"https:\/\/www.visit-ulcinj.com\/blog\/wp-content\/uploads\/2011\/12\/G\u00ebzuar-vitin-e-ri-2012-nga-f\u00ebmijet-e-An\u00ebs-s\u00eb-Malit.2-150x150.jpg\" class=\"attachment-thumbnail size-thumbnail\" alt=\"\" loading=\"lazy\" \/><\/a>\n\t\t\t<\/dt><\/dl><br style=\"clear: both\" \/><dl class='gallery-item'>\n\t\t\t<dt class='gallery-icon landscape'>\n\t\t\t\t<a href='https:\/\/www.visit-ulcinj.com\/blog\/wp-content\/uploads\/2011\/12\/G\u00ebzuar-vitin-e-ri-2012-nga-f\u00ebmijet-e-An\u00ebs-s\u00eb-Malit.3.jpg'><img width=\"150\" height=\"150\" src=\"https:\/\/www.visit-ulcinj.com\/blog\/wp-content\/uploads\/2011\/12\/G\u00ebzuar-vitin-e-ri-2012-nga-f\u00ebmijet-e-An\u00ebs-s\u00eb-Malit.3-150x150.jpg\" class=\"attachment-thumbnail size-thumbnail\" alt=\"\" loading=\"lazy\" \/><\/a>\n\t\t\t<\/dt><\/dl><dl class='gallery-item'>\n\t\t\t<dt class='gallery-icon landscape'>\n\t\t\t\t<a href='https:\/\/www.visit-ulcinj.com\/blog\/wp-content\/uploads\/2011\/12\/G\u00ebzuar-vitin-e-ri-2012-nga-f\u00ebmijet-e-An\u00ebs-s\u00eb-Malit.4.jpg'><img width=\"150\" height=\"150\" src=\"https:\/\/www.visit-ulcinj.com\/blog\/wp-content\/uploads\/2011\/12\/G\u00ebzuar-vitin-e-ri-2012-nga-f\u00ebmijet-e-An\u00ebs-s\u00eb-Malit.4-150x150.jpg\" class=\"attachment-thumbnail size-thumbnail\" alt=\"\" loading=\"lazy\" \/><\/a>\n\t\t\t<\/dt><\/dl><dl class='gallery-item'>\n\t\t\t<dt class='gallery-icon landscape'>\n\t\t\t\t<a href='https:\/\/www.visit-ulcinj.com\/blog\/wp-content\/uploads\/2011\/12\/G\u00ebzuar-vitin-e-ri-2012-nga-f\u00ebmijet-e-An\u00ebs-s\u00eb-Malit.6.jpg'><img width=\"150\" height=\"150\" src=\"https:\/\/www.visit-ulcinj.com\/blog\/wp-content\/uploads\/2011\/12\/G\u00ebzuar-vitin-e-ri-2012-nga-f\u00ebmijet-e-An\u00ebs-s\u00eb-Malit.6-150x150.jpg\" class=\"attachment-thumbnail size-thumbnail\" alt=\"\" loading=\"lazy\" \/><\/a>\n\t\t\t<\/dt><\/dl><br style=\"clear: both\" \/><dl class='gallery-item'>\n\t\t\t<dt class='gallery-icon landscape'>\n\t\t\t\t<a href='https:\/\/www.visit-ulcinj.com\/blog\/wp-content\/uploads\/2011\/12\/G\u00ebzuar-vitin-e-ri-2012-nga-f\u00ebmijet-e-An\u00ebs-s\u00eb-Malit.7.jpg'><img width=\"150\" height=\"150\" src=\"https:\/\/www.visit-ulcinj.com\/blog\/wp-content\/uploads\/2011\/12\/G\u00ebzuar-vitin-e-ri-2012-nga-f\u00ebmijet-e-An\u00ebs-s\u00eb-Malit.7-150x150.jpg\" class=\"attachment-thumbnail size-thumbnail\" alt=\"\" loading=\"lazy\" \/><\/a>\n\t\t\t<\/dt><\/dl><dl class='gallery-item'>\n\t\t\t<dt class='gallery-icon landscape'>\n\t\t\t\t<a href='https:\/\/www.visit-ulcinj.com\/blog\/wp-content\/uploads\/2011\/12\/G\u00ebzuar-vitin-e-ri-2012-nga-f\u00ebmijet-e-An\u00ebs-s\u00eb-Malit.8.jpg'><img width=\"150\" height=\"150\" src=\"https:\/\/www.visit-ulcinj.com\/blog\/wp-content\/uploads\/2011\/12\/G\u00ebzuar-vitin-e-ri-2012-nga-f\u00ebmijet-e-An\u00ebs-s\u00eb-Malit.8-150x150.jpg\" class=\"attachment-thumbnail size-thumbnail\" alt=\"\" loading=\"lazy\" \/><\/a>\n\t\t\t<\/dt><\/dl><dl class='gallery-item'>\n\t\t\t<dt class='gallery-icon landscape'>\n\t\t\t\t<a href='https:\/\/www.visit-ulcinj.com\/blog\/wp-content\/uploads\/2011\/12\/G\u00ebzuar-vitin-e-ri-2012-nga-f\u00ebmijet-e-An\u00ebs-s\u00eb-Malit.9.jpg'><img width=\"150\" height=\"150\" src=\"https:\/\/www.visit-ulcinj.com\/blog\/wp-content\/uploads\/2011\/12\/G\u00ebzuar-vitin-e-ri-2012-nga-f\u00ebmijet-e-An\u00ebs-s\u00eb-Malit.9-150x150.jpg\" class=\"attachment-thumbnail size-thumbnail\" alt=\"\" loading=\"lazy\" \/><\/a>\n\t\t\t<\/dt><\/dl><br style=\"clear: both\" \/><dl class='gallery-item'>\n\t\t\t<dt class='gallery-icon landscape'>\n\t\t\t\t<a href='https:\/\/www.visit-ulcinj.com\/blog\/wp-content\/uploads\/2011\/12\/G\u00ebzuar-vitin-e-ri-2012-nga-f\u00ebmijet-e-An\u00ebs-s\u00eb-Malit.10.jpg'><img width=\"150\" height=\"150\" src=\"https:\/\/www.visit-ulcinj.com\/blog\/wp-content\/uploads\/2011\/12\/G\u00ebzuar-vitin-e-ri-2012-nga-f\u00ebmijet-e-An\u00ebs-s\u00eb-Malit.10-150x150.jpg\" class=\"attachment-thumbnail size-thumbnail\" alt=\"\" loading=\"lazy\" \/><\/a>\n\t\t\t<\/dt><\/dl><dl class='gallery-item'>\n\t\t\t<dt class='gallery-icon landscape'>\n\t\t\t\t<a href='https:\/\/www.visit-ulcinj.com\/blog\/wp-content\/uploads\/2011\/12\/G\u00ebzuar-vitin-e-ri-2012-nga-f\u00ebmijet-e-An\u00ebs-s\u00eb-Malit.11.jpg'><img width=\"150\" height=\"150\" src=\"https:\/\/www.visit-ulcinj.com\/blog\/wp-content\/uploads\/2011\/12\/G\u00ebzuar-vitin-e-ri-2012-nga-f\u00ebmijet-e-An\u00ebs-s\u00eb-Malit.11-150x150.jpg\" class=\"attachment-thumbnail size-thumbnail\" alt=\"\" loading=\"lazy\" \/><\/a>\n\t\t\t<\/dt><\/dl><dl class='gallery-item'>\n\t\t\t<dt class='gallery-icon landscape'>\n\t\t\t\t<a href='https:\/\/www.visit-ulcinj.com\/blog\/wp-content\/uploads\/2011\/12\/G\u00ebzuar-vitin-e-ri-2012-nga-f\u00ebmijet-e-An\u00ebs-s\u00eb-Malit.5.jpg'><img width=\"150\" height=\"150\" src=\"https:\/\/www.visit-ulcinj.com\/blog\/wp-content\/uploads\/2011\/12\/G\u00ebzuar-vitin-e-ri-2012-nga-f\u00ebmijet-e-An\u00ebs-s\u00eb-Malit.5-150x150.jpg\" class=\"attachment-thumbnail size-thumbnail\" alt=\"\" loading=\"lazy\" \/><\/a>\n\t\t\t<\/dt><\/dl><br style=\"clear: both\" \/>\n\t\t<\/div>\n\n<\/div>\n","protected":false},"excerpt":{"rendered":"<p>Sot pran\u00eb zyrave t\u00eb L\u00ebvizjes Perspektiva, u krijua nj\u00eb atmosfer\u00eb e ngroht\u00eb me f\u00ebmijet e veshur me rrobat e baba dimrit.F\u00ebmij\u00ebt festuan nj\u00ebri me tjetrin, uruan dhe vall\u00ebzuan me shpresen se Viti i Ri, do t\u00eb jet\u00eb nj\u00eb vit q\u00eb do t&#8217;u plot\u00ebsoj\u00eb d\u00ebshirat e tyre.Me shpresen se ndokush do t\u00eb v\u00ebrej\u00eb shikimet e tyre [&hellip;]<\/p>\n","protected":false},"author":1,"featured_media":0,"comment_status":"open","ping_status":"closed","sticky":false,"template":"","format":"standard","meta":{"spay_email":"","jetpack_publicize_message":"","jetpack_is_tweetstorm":false,"jetpack_publicize_feature_enabled":true},"categories":[6950,13],"tags":[14351,19655,19654,17828,17834,18370,17811,14352,17831,18362,15136,14353,17808,17401,14354,12340,14355,17840,17839,18363,17835,17814,17810,17816,14356,17071,17807,3516,14652,3511,15139,17837,13701,10529,17827,10203,14358,222,19754,17802,17812,17803,17820,17825,17817,17805,22011,305,17823,17832,14359,3506,17818,3499,214,17680,14360,14361,16210,17402,14362,19541,14363,18371,19501,3507,49,17800,498,3717,3500,1762,4625,115,14364,22008,19544,17799,3327,15140,17841,17826,15213,18236,13230,3512,17806,11648,18289,17838,19653,95,3945,17813,17804,14365,15141,17836,14366,79,17073,18294,118,18368,18369,19652,19650,1653,1909,14367,4857,16984,2354,17801,18360,19543,17822,14368,14369,19542,17824,14370,18291,10472,2083,3231,14371,41,3617,3946,15143,14372,14373,14374,17844,17821,18372,17830,17077,2800,18295,14375,17833,17829,899,5882,200,18,561,17819,17809,4265,14376],"jetpack_publicize_connections":[],"yoast_head":"<!-- This site is optimized with the Yoast SEO plugin v19.1 - https:\/\/yoast.com\/wordpress\/plugins\/seo\/ -->\n<title>G\u00ebzuar vitin e ri nga f\u00ebmijet e An\u00ebs s\u00eb Malit!!! - Lajme nga Ulqini<\/title>\n<meta name=\"description\" content=\"Sot pran\u00eb zyrave t\u00eb L\u00ebvizjes Perspektiva, u krijua nj\u00eb atmosfer\u00eb e ngroht\u00eb me f\u00ebmijet e veshur me rrobat e baba dimrit.F\u00ebmij\u00ebt festuan nj\u00ebri me tjetrin,\" \/>\n<meta name=\"robots\" content=\"index, follow, max-snippet:-1, max-image-preview:large, max-video-preview:-1\" \/>\n<link rel=\"canonical\" href=\"https:\/\/www.visit-ulcinj.com\/blog\/2011\/12\/31\/gezuar-vitin-e-ri-nga-femijet-e-anes-se-malit\/\" \/>\n<meta property=\"og:locale\" content=\"en_US\" \/>\n<meta property=\"og:type\" content=\"article\" \/>\n<meta property=\"og:title\" content=\"G\u00ebzuar vitin e ri nga f\u00ebmijet e An\u00ebs s\u00eb Malit!!! - Lajme nga Ulqini\" \/>\n<meta property=\"og:description\" content=\"Sot pran\u00eb zyrave t\u00eb L\u00ebvizjes Perspektiva, u krijua nj\u00eb atmosfer\u00eb e ngroht\u00eb me f\u00ebmijet e veshur me rrobat e baba dimrit.F\u00ebmij\u00ebt festuan nj\u00ebri me tjetrin,\" \/>\n<meta property=\"og:url\" content=\"https:\/\/www.visit-ulcinj.com\/blog\/2011\/12\/31\/gezuar-vitin-e-ri-nga-femijet-e-anes-se-malit\/\" \/>\n<meta property=\"og:site_name\" content=\"Lajme nga Ulqini\" \/>\n<meta property=\"article:published_time\" content=\"2011-12-31T11:31:59+00:00\" \/>\n<meta property=\"article:modified_time\" content=\"2012-01-03T19:27:22+00:00\" \/>\n<meta property=\"og:image\" content=\"https:\/\/www.visit-ulcinj.com\/blog\/wp-content\/uploads\/2011\/12\/G\u00ebzuar-vitin-e-ri-2012-nga-f\u00ebmijet-e-An\u00ebs-s\u00eb-Malit-150x150.jpg\" \/>\n<meta name=\"twitter:label1\" content=\"Written by\" \/>\n\t<meta name=\"twitter:data1\" content=\"ulqini\" \/>\n\t<meta name=\"twitter:label2\" content=\"Est. reading time\" \/>\n\t<meta name=\"twitter:data2\" content=\"1 minute\" \/>\n<script type=\"application\/ld+json\" class=\"yoast-schema-graph\">{\"@context\":\"https:\/\/schema.org\",\"@graph\":[{\"@type\":\"WebSite\",\"@id\":\"https:\/\/www.visit-ulcinj.com\/blog\/#website\",\"url\":\"https:\/\/www.visit-ulcinj.com\/blog\/\",\"name\":\"Lajme nga Ulqini\",\"description\":\"Lajme,Vijesti,Ulqini,Ulqin,Crna Gora,Mali i Zi\",\"potentialAction\":[{\"@type\":\"SearchAction\",\"target\":{\"@type\":\"EntryPoint\",\"urlTemplate\":\"https:\/\/www.visit-ulcinj.com\/blog\/?s={search_term_string}\"},\"query-input\":\"required name=search_term_string\"}],\"inLanguage\":\"en-US\"},{\"@type\":\"WebPage\",\"@id\":\"https:\/\/www.visit-ulcinj.com\/blog\/2011\/12\/31\/gezuar-vitin-e-ri-nga-femijet-e-anes-se-malit\/#webpage\",\"url\":\"https:\/\/www.visit-ulcinj.com\/blog\/2011\/12\/31\/gezuar-vitin-e-ri-nga-femijet-e-anes-se-malit\/\",\"name\":\"G\u00ebzuar vitin e ri nga f\u00ebmijet e An\u00ebs s\u00eb Malit!!! - Lajme nga Ulqini\",\"isPartOf\":{\"@id\":\"https:\/\/www.visit-ulcinj.com\/blog\/#website\"},\"datePublished\":\"2011-12-31T11:31:59+00:00\",\"dateModified\":\"2012-01-03T19:27:22+00:00\",\"author\":{\"@id\":\"https:\/\/www.visit-ulcinj.com\/blog\/#\/schema\/person\/dcab619c614d3038751c63bc2aadc06d\"},\"description\":\"Sot pran\u00eb zyrave t\u00eb L\u00ebvizjes Perspektiva, u krijua nj\u00eb atmosfer\u00eb e ngroht\u00eb me f\u00ebmijet e veshur me rrobat e baba dimrit.F\u00ebmij\u00ebt festuan nj\u00ebri me tjetrin,\",\"breadcrumb\":{\"@id\":\"https:\/\/www.visit-ulcinj.com\/blog\/2011\/12\/31\/gezuar-vitin-e-ri-nga-femijet-e-anes-se-malit\/#breadcrumb\"},\"inLanguage\":\"en-US\",\"potentialAction\":[{\"@type\":\"ReadAction\",\"target\":[\"https:\/\/www.visit-ulcinj.com\/blog\/2011\/12\/31\/gezuar-vitin-e-ri-nga-femijet-e-anes-se-malit\/\"]}]},{\"@type\":\"BreadcrumbList\",\"@id\":\"https:\/\/www.visit-ulcinj.com\/blog\/2011\/12\/31\/gezuar-vitin-e-ri-nga-femijet-e-anes-se-malit\/#breadcrumb\",\"itemListElement\":[{\"@type\":\"ListItem\",\"position\":1,\"name\":\"G\u00ebzuar vitin e ri nga f\u00ebmijet e An\u00ebs s\u00eb Malit!!!\"}]},{\"@type\":\"Person\",\"@id\":\"https:\/\/www.visit-ulcinj.com\/blog\/#\/schema\/person\/dcab619c614d3038751c63bc2aadc06d\",\"name\":\"ulqini\",\"sameAs\":[\"http:\/\/www.visit-ulcinj.com\"],\"url\":\"https:\/\/www.visit-ulcinj.com\/blog\/author\/admin\/\"}]}<\/script>\n<!-- \/ Yoast SEO plugin. -->","yoast_head_json":{"title":"G\u00ebzuar vitin e ri nga f\u00ebmijet e An\u00ebs s\u00eb Malit!!! - Lajme nga Ulqini","description":"Sot pran\u00eb zyrave t\u00eb L\u00ebvizjes Perspektiva, u krijua nj\u00eb atmosfer\u00eb e ngroht\u00eb me f\u00ebmijet e veshur me rrobat e baba dimrit.F\u00ebmij\u00ebt festuan nj\u00ebri me tjetrin,","robots":{"index":"index","follow":"follow","max-snippet":"max-snippet:-1","max-image-preview":"max-image-preview:large","max-video-preview":"max-video-preview:-1"},"canonical":"https:\/\/www.visit-ulcinj.com\/blog\/2011\/12\/31\/gezuar-vitin-e-ri-nga-femijet-e-anes-se-malit\/","og_locale":"en_US","og_type":"article","og_title":"G\u00ebzuar vitin e ri nga f\u00ebmijet e An\u00ebs s\u00eb Malit!!! - Lajme nga Ulqini","og_description":"Sot pran\u00eb zyrave t\u00eb L\u00ebvizjes Perspektiva, u krijua nj\u00eb atmosfer\u00eb e ngroht\u00eb me f\u00ebmijet e veshur me rrobat e baba dimrit.F\u00ebmij\u00ebt festuan nj\u00ebri me tjetrin,","og_url":"https:\/\/www.visit-ulcinj.com\/blog\/2011\/12\/31\/gezuar-vitin-e-ri-nga-femijet-e-anes-se-malit\/","og_site_name":"Lajme nga Ulqini","article_published_time":"2011-12-31T11:31:59+00:00","article_modified_time":"2012-01-03T19:27:22+00:00","og_image":[{"url":"https:\/\/www.visit-ulcinj.com\/blog\/wp-content\/uploads\/2011\/12\/G\u00ebzuar-vitin-e-ri-2012-nga-f\u00ebmijet-e-An\u00ebs-s\u00eb-Malit-150x150.jpg"}],"twitter_misc":{"Written by":"ulqini","Est. reading time":"1 minute"},"schema":{"@context":"https:\/\/schema.org","@graph":[{"@type":"WebSite","@id":"https:\/\/www.visit-ulcinj.com\/blog\/#website","url":"https:\/\/www.visit-ulcinj.com\/blog\/","name":"Lajme nga Ulqini","description":"Lajme,Vijesti,Ulqini,Ulqin,Crna Gora,Mali i Zi","potentialAction":[{"@type":"SearchAction","target":{"@type":"EntryPoint","urlTemplate":"https:\/\/www.visit-ulcinj.com\/blog\/?s={search_term_string}"},"query-input":"required name=search_term_string"}],"inLanguage":"en-US"},{"@type":"WebPage","@id":"https:\/\/www.visit-ulcinj.com\/blog\/2011\/12\/31\/gezuar-vitin-e-ri-nga-femijet-e-anes-se-malit\/#webpage","url":"https:\/\/www.visit-ulcinj.com\/blog\/2011\/12\/31\/gezuar-vitin-e-ri-nga-femijet-e-anes-se-malit\/","name":"G\u00ebzuar vitin e ri nga f\u00ebmijet e An\u00ebs s\u00eb Malit!!! - Lajme nga Ulqini","isPartOf":{"@id":"https:\/\/www.visit-ulcinj.com\/blog\/#website"},"datePublished":"2011-12-31T11:31:59+00:00","dateModified":"2012-01-03T19:27:22+00:00","author":{"@id":"https:\/\/www.visit-ulcinj.com\/blog\/#\/schema\/person\/dcab619c614d3038751c63bc2aadc06d"},"description":"Sot pran\u00eb zyrave t\u00eb L\u00ebvizjes Perspektiva, u krijua nj\u00eb atmosfer\u00eb e ngroht\u00eb me f\u00ebmijet e veshur me rrobat e baba dimrit.F\u00ebmij\u00ebt festuan nj\u00ebri me tjetrin,","breadcrumb":{"@id":"https:\/\/www.visit-ulcinj.com\/blog\/2011\/12\/31\/gezuar-vitin-e-ri-nga-femijet-e-anes-se-malit\/#breadcrumb"},"inLanguage":"en-US","potentialAction":[{"@type":"ReadAction","target":["https:\/\/www.visit-ulcinj.com\/blog\/2011\/12\/31\/gezuar-vitin-e-ri-nga-femijet-e-anes-se-malit\/"]}]},{"@type":"BreadcrumbList","@id":"https:\/\/www.visit-ulcinj.com\/blog\/2011\/12\/31\/gezuar-vitin-e-ri-nga-femijet-e-anes-se-malit\/#breadcrumb","itemListElement":[{"@type":"ListItem","position":1,"name":"G\u00ebzuar vitin e ri nga f\u00ebmijet e An\u00ebs s\u00eb Malit!!!"}]},{"@type":"Person","@id":"https:\/\/www.visit-ulcinj.com\/blog\/#\/schema\/person\/dcab619c614d3038751c63bc2aadc06d","name":"ulqini","sameAs":["http:\/\/www.visit-ulcinj.com"],"url":"https:\/\/www.visit-ulcinj.com\/blog\/author\/admin\/"}]}},"jetpack_featured_media_url":"","jetpack_sharing_enabled":true,"jetpack_shortlink":"https:\/\/wp.me\/pe6lTn-eox","_links":{"self":[{"href":"https:\/\/www.visit-ulcinj.com\/blog\/wp-json\/wp\/v2\/posts\/55337"}],"collection":[{"href":"https:\/\/www.visit-ulcinj.com\/blog\/wp-json\/wp\/v2\/posts"}],"about":[{"href":"https:\/\/www.visit-ulcinj.com\/blog\/wp-json\/wp\/v2\/types\/post"}],"author":[{"embeddable":true,"href":"https:\/\/www.visit-ulcinj.com\/blog\/wp-json\/wp\/v2\/users\/1"}],"replies":[{"embeddable":true,"href":"https:\/\/www.visit-ulcinj.com\/blog\/wp-json\/wp\/v2\/comments?post=55337"}],"version-history":[{"count":3,"href":"https:\/\/www.visit-ulcinj.com\/blog\/wp-json\/wp\/v2\/posts\/55337\/revisions"}],"predecessor-version":[{"id":55351,"href":"https:\/\/www.visit-ulcinj.com\/blog\/wp-json\/wp\/v2\/posts\/55337\/revisions\/55351"}],"wp:attachment":[{"href":"https:\/\/www.visit-ulcinj.com\/blog\/wp-json\/wp\/v2\/media?parent=55337"}],"wp:term":[{"taxonomy":"category","embeddable":true,"href":"https:\/\/www.visit-ulcinj.com\/blog\/wp-json\/wp\/v2\/categories?post=55337"},{"taxonomy":"post_tag","embeddable":true,"href":"https:\/\/www.visit-ulcinj.com\/blog\/wp-json\/wp\/v2\/tags?post=55337"}],"curies":[{"name":"wp","href":"https:\/\/api.w.org\/{rel}","templated":true}]}}