{"id":55370,"date":"2012-01-01T09:19:08","date_gmt":"2012-01-01T08:19:08","guid":{"rendered":"http:\/\/www.visit-ulcinj.com\/blog\/?p=55370"},"modified":"2012-01-01T09:19:08","modified_gmt":"2012-01-01T08:19:08","slug":"vellezerit-mziu-knaqu-sotspoti-u-realiua-ne-ulqin","status":"publish","type":"post","link":"https:\/\/www.visit-ulcinj.com\/blog\/2012\/01\/01\/vellezerit-mziu-knaqu-sotspoti-u-realiua-ne-ulqin\/","title":{"rendered":"Vellezerit Mziu &#8211; Knaqu Sot,spoti u realiua n\u00eb Ulqin"},"content":{"rendered":"<p><a href=\"http:\/\/www.visit-ulcinj.com\/blog\/wp-content\/uploads\/2012\/01\/Vellezerit-Mziu-Knaqu-Sotspoti-u-realiua-n\u00eb-Ulqin.jpg\"><img loading=\"lazy\" class=\"alignleft  wp-image-55371\" title=\"Vellezerit Mziu - Knaqu Sot,spoti u realiua n\u00eb Ulqin\" src=\"http:\/\/www.visit-ulcinj.com\/blog\/wp-content\/uploads\/2012\/01\/Vellezerit-Mziu-Knaqu-Sotspoti-u-realiua-n\u00eb-Ulqin.jpg\" alt=\"\" width=\"508\" height=\"349\" \/><\/a>Ashtu edhe si\u00e7 ishte paralajm\u00ebruar, Vellezerit Mziu &#8211; Knaqu sot me videon e publikuar \u2013 klipin t\u00eb p\u00ebrbashk\u00ebt t\u00eb tyre t\u00eb k\u00ebng\u00ebs \u201cKnaqu Sot\u201d ishte b\u00eb hiti i ver\u00ebs 2011.<br \/>\nVideo e k\u00ebsaj k\u00ebng\u00eb t\u00eb mrekullueshme u realizua n\u00eb Plazhin e vog\u00ebl t\u00eb Ulqinit, nga kompania lider n\u00eb trojet shqiptare Musical TVAL.<br \/>\nE gjith\u00eb video-ja \u00ebsht\u00eb xhiruar brenda nj\u00eb ambienti, t\u00eb nj\u00eb anijes detare e quajtur Suka dhe n\u00eb molon e Ulqinit. Kjo k\u00ebng\u00eb u b\u00eb edhe hiti i veres 2011, e gjith\u00eb kjo sipas fansave t\u00eb deritashme t\u00eb krijuesve t\u00eb saj, transmetojn mediat.<br \/>\nNj\u00eb fakt \u00ebsht\u00eb mbi k\u00ebng\u00ebn \u201cKnaqu Sot\u201de cila ka afro 304 256 klikime n\u00eb You Tube. Por k\u00ebnga nuk mund t\u00eb hyj\u00eb n\u00eb list\u00ebn e videove m\u00eb t\u00eb klikuara p\u00ebr k\u00ebt\u00eb vit, pasi \u00ebsht\u00eb publikuar n\u00eb gusht\u00eb t\u00eb vitit t\u00eb kaluar..<\/p>\n<!--YouTube Error: bad URL entered-->\n","protected":false},"excerpt":{"rendered":"<p>Ashtu edhe si\u00e7 ishte paralajm\u00ebruar, Vellezerit Mziu &#8211; Knaqu sot me videon e publikuar \u2013 klipin t\u00eb p\u00ebrbashk\u00ebt t\u00eb tyre t\u00eb k\u00ebng\u00ebs \u201cKnaqu Sot\u201d ishte b\u00eb hiti i ver\u00ebs 2011. Video e k\u00ebsaj k\u00ebng\u00eb t\u00eb mrekullueshme u realizua n\u00eb Plazhin e vog\u00ebl t\u00eb Ulqinit, nga kompania lider n\u00eb trojet shqiptare Musical TVAL. E gjith\u00eb video-ja [&hellip;]<\/p>\n","protected":false},"author":1,"featured_media":0,"comment_status":"open","ping_status":"closed","sticky":false,"template":"","format":"standard","meta":{"spay_email":"","jetpack_publicize_message":"","jetpack_is_tweetstorm":false,"jetpack_publicize_feature_enabled":true},"categories":[1],"tags":[19767,19766],"jetpack_publicize_connections":[],"yoast_head":"<!-- This site is optimized with the Yoast SEO plugin v19.1 - https:\/\/yoast.com\/wordpress\/plugins\/seo\/ -->\n<title>Vellezerit Mziu - Knaqu Sot,spoti u realiua n\u00eb Ulqin - Lajme nga Ulqini<\/title>\n<meta name=\"description\" content=\"Ashtu edhe si\u00e7 ishte paralajm\u00ebruar, Vellezerit Mziu - Knaqu sot me videon e publikuar \u2013 klipin t\u00eb p\u00ebrbashk\u00ebt t\u00eb tyre t\u00eb k\u00ebng\u00ebs \u201cKnaqu Sot\u201d ishte b\u00eb hiti i\" \/>\n<meta name=\"robots\" content=\"index, follow, max-snippet:-1, max-image-preview:large, max-video-preview:-1\" \/>\n<link rel=\"canonical\" href=\"https:\/\/www.visit-ulcinj.com\/blog\/2012\/01\/01\/vellezerit-mziu-knaqu-sotspoti-u-realiua-ne-ulqin\/\" \/>\n<meta property=\"og:locale\" content=\"en_US\" \/>\n<meta property=\"og:type\" content=\"article\" \/>\n<meta property=\"og:title\" content=\"Vellezerit Mziu - Knaqu Sot,spoti u realiua n\u00eb Ulqin - Lajme nga Ulqini\" \/>\n<meta property=\"og:description\" content=\"Ashtu edhe si\u00e7 ishte paralajm\u00ebruar, Vellezerit Mziu - Knaqu sot me videon e publikuar \u2013 klipin t\u00eb p\u00ebrbashk\u00ebt t\u00eb tyre t\u00eb k\u00ebng\u00ebs \u201cKnaqu Sot\u201d ishte b\u00eb hiti i\" \/>\n<meta property=\"og:url\" content=\"https:\/\/www.visit-ulcinj.com\/blog\/2012\/01\/01\/vellezerit-mziu-knaqu-sotspoti-u-realiua-ne-ulqin\/\" \/>\n<meta property=\"og:site_name\" content=\"Lajme nga Ulqini\" \/>\n<meta property=\"article:published_time\" content=\"2012-01-01T08:19:08+00:00\" \/>\n<meta name=\"twitter:label1\" content=\"Written by\" \/>\n\t<meta name=\"twitter:data1\" content=\"ulqini\" \/>\n\t<meta name=\"twitter:label2\" content=\"Est. reading time\" \/>\n\t<meta name=\"twitter:data2\" content=\"1 minute\" \/>\n<script type=\"application\/ld+json\" class=\"yoast-schema-graph\">{\"@context\":\"https:\/\/schema.org\",\"@graph\":[{\"@type\":\"WebSite\",\"@id\":\"https:\/\/www.visit-ulcinj.com\/blog\/#website\",\"url\":\"https:\/\/www.visit-ulcinj.com\/blog\/\",\"name\":\"Lajme nga Ulqini\",\"description\":\"Lajme,Vijesti,Ulqini,Ulqin,Crna Gora,Mali i Zi\",\"potentialAction\":[{\"@type\":\"SearchAction\",\"target\":{\"@type\":\"EntryPoint\",\"urlTemplate\":\"https:\/\/www.visit-ulcinj.com\/blog\/?s={search_term_string}\"},\"query-input\":\"required name=search_term_string\"}],\"inLanguage\":\"en-US\"},{\"@type\":\"WebPage\",\"@id\":\"https:\/\/www.visit-ulcinj.com\/blog\/2012\/01\/01\/vellezerit-mziu-knaqu-sotspoti-u-realiua-ne-ulqin\/#webpage\",\"url\":\"https:\/\/www.visit-ulcinj.com\/blog\/2012\/01\/01\/vellezerit-mziu-knaqu-sotspoti-u-realiua-ne-ulqin\/\",\"name\":\"Vellezerit Mziu - Knaqu Sot,spoti u realiua n\u00eb Ulqin - Lajme nga Ulqini\",\"isPartOf\":{\"@id\":\"https:\/\/www.visit-ulcinj.com\/blog\/#website\"},\"datePublished\":\"2012-01-01T08:19:08+00:00\",\"dateModified\":\"2012-01-01T08:19:08+00:00\",\"author\":{\"@id\":\"https:\/\/www.visit-ulcinj.com\/blog\/#\/schema\/person\/dcab619c614d3038751c63bc2aadc06d\"},\"description\":\"Ashtu edhe si\u00e7 ishte paralajm\u00ebruar, Vellezerit Mziu - Knaqu sot me videon e publikuar \u2013 klipin t\u00eb p\u00ebrbashk\u00ebt t\u00eb tyre t\u00eb k\u00ebng\u00ebs \u201cKnaqu Sot\u201d ishte b\u00eb hiti i\",\"breadcrumb\":{\"@id\":\"https:\/\/www.visit-ulcinj.com\/blog\/2012\/01\/01\/vellezerit-mziu-knaqu-sotspoti-u-realiua-ne-ulqin\/#breadcrumb\"},\"inLanguage\":\"en-US\",\"potentialAction\":[{\"@type\":\"ReadAction\",\"target\":[\"https:\/\/www.visit-ulcinj.com\/blog\/2012\/01\/01\/vellezerit-mziu-knaqu-sotspoti-u-realiua-ne-ulqin\/\"]}]},{\"@type\":\"BreadcrumbList\",\"@id\":\"https:\/\/www.visit-ulcinj.com\/blog\/2012\/01\/01\/vellezerit-mziu-knaqu-sotspoti-u-realiua-ne-ulqin\/#breadcrumb\",\"itemListElement\":[{\"@type\":\"ListItem\",\"position\":1,\"name\":\"Vellezerit Mziu &#8211; Knaqu Sot,spoti u realiua n\u00eb Ulqin\"}]},{\"@type\":\"Person\",\"@id\":\"https:\/\/www.visit-ulcinj.com\/blog\/#\/schema\/person\/dcab619c614d3038751c63bc2aadc06d\",\"name\":\"ulqini\",\"sameAs\":[\"http:\/\/www.visit-ulcinj.com\"],\"url\":\"https:\/\/www.visit-ulcinj.com\/blog\/author\/admin\/\"}]}<\/script>\n<!-- \/ Yoast SEO plugin. -->","yoast_head_json":{"title":"Vellezerit Mziu - Knaqu Sot,spoti u realiua n\u00eb Ulqin - Lajme nga Ulqini","description":"Ashtu edhe si\u00e7 ishte paralajm\u00ebruar, Vellezerit Mziu - Knaqu sot me videon e publikuar \u2013 klipin t\u00eb p\u00ebrbashk\u00ebt t\u00eb tyre t\u00eb k\u00ebng\u00ebs \u201cKnaqu Sot\u201d ishte b\u00eb hiti i","robots":{"index":"index","follow":"follow","max-snippet":"max-snippet:-1","max-image-preview":"max-image-preview:large","max-video-preview":"max-video-preview:-1"},"canonical":"https:\/\/www.visit-ulcinj.com\/blog\/2012\/01\/01\/vellezerit-mziu-knaqu-sotspoti-u-realiua-ne-ulqin\/","og_locale":"en_US","og_type":"article","og_title":"Vellezerit Mziu - Knaqu Sot,spoti u realiua n\u00eb Ulqin - Lajme nga Ulqini","og_description":"Ashtu edhe si\u00e7 ishte paralajm\u00ebruar, Vellezerit Mziu - Knaqu sot me videon e publikuar \u2013 klipin t\u00eb p\u00ebrbashk\u00ebt t\u00eb tyre t\u00eb k\u00ebng\u00ebs \u201cKnaqu Sot\u201d ishte b\u00eb hiti i","og_url":"https:\/\/www.visit-ulcinj.com\/blog\/2012\/01\/01\/vellezerit-mziu-knaqu-sotspoti-u-realiua-ne-ulqin\/","og_site_name":"Lajme nga Ulqini","article_published_time":"2012-01-01T08:19:08+00:00","twitter_misc":{"Written by":"ulqini","Est. reading time":"1 minute"},"schema":{"@context":"https:\/\/schema.org","@graph":[{"@type":"WebSite","@id":"https:\/\/www.visit-ulcinj.com\/blog\/#website","url":"https:\/\/www.visit-ulcinj.com\/blog\/","name":"Lajme nga Ulqini","description":"Lajme,Vijesti,Ulqini,Ulqin,Crna Gora,Mali i Zi","potentialAction":[{"@type":"SearchAction","target":{"@type":"EntryPoint","urlTemplate":"https:\/\/www.visit-ulcinj.com\/blog\/?s={search_term_string}"},"query-input":"required name=search_term_string"}],"inLanguage":"en-US"},{"@type":"WebPage","@id":"https:\/\/www.visit-ulcinj.com\/blog\/2012\/01\/01\/vellezerit-mziu-knaqu-sotspoti-u-realiua-ne-ulqin\/#webpage","url":"https:\/\/www.visit-ulcinj.com\/blog\/2012\/01\/01\/vellezerit-mziu-knaqu-sotspoti-u-realiua-ne-ulqin\/","name":"Vellezerit Mziu - Knaqu Sot,spoti u realiua n\u00eb Ulqin - Lajme nga Ulqini","isPartOf":{"@id":"https:\/\/www.visit-ulcinj.com\/blog\/#website"},"datePublished":"2012-01-01T08:19:08+00:00","dateModified":"2012-01-01T08:19:08+00:00","author":{"@id":"https:\/\/www.visit-ulcinj.com\/blog\/#\/schema\/person\/dcab619c614d3038751c63bc2aadc06d"},"description":"Ashtu edhe si\u00e7 ishte paralajm\u00ebruar, Vellezerit Mziu - Knaqu sot me videon e publikuar \u2013 klipin t\u00eb p\u00ebrbashk\u00ebt t\u00eb tyre t\u00eb k\u00ebng\u00ebs \u201cKnaqu Sot\u201d ishte b\u00eb hiti i","breadcrumb":{"@id":"https:\/\/www.visit-ulcinj.com\/blog\/2012\/01\/01\/vellezerit-mziu-knaqu-sotspoti-u-realiua-ne-ulqin\/#breadcrumb"},"inLanguage":"en-US","potentialAction":[{"@type":"ReadAction","target":["https:\/\/www.visit-ulcinj.com\/blog\/2012\/01\/01\/vellezerit-mziu-knaqu-sotspoti-u-realiua-ne-ulqin\/"]}]},{"@type":"BreadcrumbList","@id":"https:\/\/www.visit-ulcinj.com\/blog\/2012\/01\/01\/vellezerit-mziu-knaqu-sotspoti-u-realiua-ne-ulqin\/#breadcrumb","itemListElement":[{"@type":"ListItem","position":1,"name":"Vellezerit Mziu &#8211; Knaqu Sot,spoti u realiua n\u00eb Ulqin"}]},{"@type":"Person","@id":"https:\/\/www.visit-ulcinj.com\/blog\/#\/schema\/person\/dcab619c614d3038751c63bc2aadc06d","name":"ulqini","sameAs":["http:\/\/www.visit-ulcinj.com"],"url":"https:\/\/www.visit-ulcinj.com\/blog\/author\/admin\/"}]}},"jetpack_featured_media_url":"","jetpack_sharing_enabled":true,"jetpack_shortlink":"https:\/\/wp.me\/pe6lTn-ep4","_links":{"self":[{"href":"https:\/\/www.visit-ulcinj.com\/blog\/wp-json\/wp\/v2\/posts\/55370"}],"collection":[{"href":"https:\/\/www.visit-ulcinj.com\/blog\/wp-json\/wp\/v2\/posts"}],"about":[{"href":"https:\/\/www.visit-ulcinj.com\/blog\/wp-json\/wp\/v2\/types\/post"}],"author":[{"embeddable":true,"href":"https:\/\/www.visit-ulcinj.com\/blog\/wp-json\/wp\/v2\/users\/1"}],"replies":[{"embeddable":true,"href":"https:\/\/www.visit-ulcinj.com\/blog\/wp-json\/wp\/v2\/comments?post=55370"}],"version-history":[{"count":1,"href":"https:\/\/www.visit-ulcinj.com\/blog\/wp-json\/wp\/v2\/posts\/55370\/revisions"}],"predecessor-version":[{"id":55372,"href":"https:\/\/www.visit-ulcinj.com\/blog\/wp-json\/wp\/v2\/posts\/55370\/revisions\/55372"}],"wp:attachment":[{"href":"https:\/\/www.visit-ulcinj.com\/blog\/wp-json\/wp\/v2\/media?parent=55370"}],"wp:term":[{"taxonomy":"category","embeddable":true,"href":"https:\/\/www.visit-ulcinj.com\/blog\/wp-json\/wp\/v2\/categories?post=55370"},{"taxonomy":"post_tag","embeddable":true,"href":"https:\/\/www.visit-ulcinj.com\/blog\/wp-json\/wp\/v2\/tags?post=55370"}],"curies":[{"name":"wp","href":"https:\/\/api.w.org\/{rel}","templated":true}]}}