{"id":55373,"date":"2012-01-01T10:15:26","date_gmt":"2012-01-01T09:15:26","guid":{"rendered":"http:\/\/www.visit-ulcinj.com\/blog\/?p=55373"},"modified":"2012-01-01T10:16:16","modified_gmt":"2012-01-01T09:16:16","slug":"rryma-shtrenjtohet-per-613-per-qind-ne-mal-te-zi","status":"publish","type":"post","link":"https:\/\/www.visit-ulcinj.com\/blog\/2012\/01\/01\/rryma-shtrenjtohet-per-613-per-qind-ne-mal-te-zi\/","title":{"rendered":"Rryma shtrenjtohet p\u00ebr 6,13 p\u00ebr qind n\u00eb Mal t\u00eb Zi"},"content":{"rendered":"<p><a href=\"http:\/\/www.visit-ulcinj.com\/blog\/wp-content\/uploads\/2012\/01\/Rryma-shtrenjtohet-p\u00ebr-613-p\u00ebr-qind-n\u00eb-Mal-t\u00eb-Zi.jpg\"><img loading=\"lazy\" class=\"alignleft  wp-image-55374\" title=\"Rryma shtrenjtohet p\u00ebr 6,13 p\u00ebr qind n\u00eb Mal t\u00eb Zi\" src=\"http:\/\/www.visit-ulcinj.com\/blog\/wp-content\/uploads\/2012\/01\/Rryma-shtrenjtohet-p\u00ebr-613-p\u00ebr-qind-n\u00eb-Mal-t\u00eb-Zi.jpg\" alt=\"\" width=\"508\" height=\"316\" \/><\/a>Prej 1 janarit qytetar\u00ebt do t\u00eb paguajn\u00eb energjin\u00eb elektrike p\u00ebr 6,13 \u00a0p\u00ebr qind\u00a0 m\u00eb shtrenjt\u00eb. K\u00ebshtu vendosi sot Komisioni Rregullator p\u00ebr energjetik\u00eb, vendim i cili \u00ebsht\u00eb ndryshe nga ai i dit\u00ebs s\u00eb h\u00ebn\u00eb kur u vendos q\u00eb \u00e7mimi i energjis\u00eb elektrike t\u00eb sh\u00ebnoj\u00eb rritje prej 6.8%. Sipas komisionit rregullator p\u00ebr energjetik\u00eb n\u00eb k\u00ebt\u00eb rritje t\u00eb \u00e7mimit jan\u00eb marr\u00eb n\u00eb shqyrtim t\u00eb gjitha shpenzimet e \u00a0kompanive energjetike n\u00eb \u00a0Mal t\u00eb Zi p\u00ebr t\u00eb cilat ky komision edhe e ka rritur \u00e7mimin e energjis\u00eb elektrike. Me \u00e7mimin e ri t\u00eb energjis\u00eb elektrike, 1 kilovat or\u00eb energji elektrike do t\u00eb kushtoj\u00eb n\u00eb linj\u00ebn nj\u00eb tarifore\u00a0 7,93 cent\u00eb kurse ajo dy linjore, 1 kilovat or\u00eb energji elektrike do t\u00eb kushtoj\u00eb 7,68 cent\u00eb,transmeton Portal Analitika.<\/p>\n<p><strong>Lajme nga Ulqini<\/strong><\/p>\n","protected":false},"excerpt":{"rendered":"<p>Prej 1 janarit qytetar\u00ebt do t\u00eb paguajn\u00eb energjin\u00eb elektrike p\u00ebr 6,13 \u00a0p\u00ebr qind\u00a0 m\u00eb shtrenjt\u00eb. K\u00ebshtu vendosi sot Komisioni Rregullator p\u00ebr energjetik\u00eb, vendim i cili \u00ebsht\u00eb ndryshe nga ai i dit\u00ebs s\u00eb h\u00ebn\u00eb kur u vendos q\u00eb \u00e7mimi i energjis\u00eb elektrike t\u00eb sh\u00ebnoj\u00eb rritje prej 6.8%. Sipas komisionit rregullator p\u00ebr energjetik\u00eb n\u00eb k\u00ebt\u00eb rritje t\u00eb [&hellip;]<\/p>\n","protected":false},"author":1,"featured_media":0,"comment_status":"open","ping_status":"closed","sticky":false,"template":"","format":"standard","meta":{"spay_email":"","jetpack_publicize_message":"","jetpack_is_tweetstorm":false,"jetpack_publicize_feature_enabled":true},"categories":[10],"tags":[19768],"jetpack_publicize_connections":[],"yoast_head":"<!-- This site is optimized with the Yoast SEO plugin v19.1 - https:\/\/yoast.com\/wordpress\/plugins\/seo\/ -->\n<title>Rryma shtrenjtohet p\u00ebr 6,13 p\u00ebr qind n\u00eb Mal t\u00eb Zi - Lajme nga Ulqini<\/title>\n<meta name=\"description\" content=\"Prej 1 janarit qytetar\u00ebt do t\u00eb paguajn\u00eb energjin\u00eb elektrike p\u00ebr 6,13 \u00a0p\u00ebr qind\u00a0 m\u00eb shtrenjt\u00eb. K\u00ebshtu vendosi sot Komisioni Rregullator p\u00ebr energjetik\u00eb,\" \/>\n<meta name=\"robots\" content=\"index, follow, max-snippet:-1, max-image-preview:large, max-video-preview:-1\" \/>\n<link rel=\"canonical\" href=\"https:\/\/www.visit-ulcinj.com\/blog\/2012\/01\/01\/rryma-shtrenjtohet-per-613-per-qind-ne-mal-te-zi\/\" \/>\n<meta property=\"og:locale\" content=\"en_US\" \/>\n<meta property=\"og:type\" content=\"article\" \/>\n<meta property=\"og:title\" content=\"Rryma shtrenjtohet p\u00ebr 6,13 p\u00ebr qind n\u00eb Mal t\u00eb Zi - Lajme nga Ulqini\" \/>\n<meta property=\"og:description\" content=\"Prej 1 janarit qytetar\u00ebt do t\u00eb paguajn\u00eb energjin\u00eb elektrike p\u00ebr 6,13 \u00a0p\u00ebr qind\u00a0 m\u00eb shtrenjt\u00eb. K\u00ebshtu vendosi sot Komisioni Rregullator p\u00ebr energjetik\u00eb,\" \/>\n<meta property=\"og:url\" content=\"https:\/\/www.visit-ulcinj.com\/blog\/2012\/01\/01\/rryma-shtrenjtohet-per-613-per-qind-ne-mal-te-zi\/\" \/>\n<meta property=\"og:site_name\" content=\"Lajme nga Ulqini\" \/>\n<meta property=\"article:published_time\" content=\"2012-01-01T09:15:26+00:00\" \/>\n<meta property=\"article:modified_time\" content=\"2012-01-01T09:16:16+00:00\" \/>\n<meta name=\"twitter:label1\" content=\"Written by\" \/>\n\t<meta name=\"twitter:data1\" content=\"ulqini\" \/>\n\t<meta name=\"twitter:label2\" content=\"Est. reading time\" \/>\n\t<meta name=\"twitter:data2\" content=\"1 minute\" \/>\n<script type=\"application\/ld+json\" class=\"yoast-schema-graph\">{\"@context\":\"https:\/\/schema.org\",\"@graph\":[{\"@type\":\"WebSite\",\"@id\":\"https:\/\/www.visit-ulcinj.com\/blog\/#website\",\"url\":\"https:\/\/www.visit-ulcinj.com\/blog\/\",\"name\":\"Lajme nga Ulqini\",\"description\":\"Lajme,Vijesti,Ulqini,Ulqin,Crna Gora,Mali i Zi\",\"potentialAction\":[{\"@type\":\"SearchAction\",\"target\":{\"@type\":\"EntryPoint\",\"urlTemplate\":\"https:\/\/www.visit-ulcinj.com\/blog\/?s={search_term_string}\"},\"query-input\":\"required name=search_term_string\"}],\"inLanguage\":\"en-US\"},{\"@type\":\"WebPage\",\"@id\":\"https:\/\/www.visit-ulcinj.com\/blog\/2012\/01\/01\/rryma-shtrenjtohet-per-613-per-qind-ne-mal-te-zi\/#webpage\",\"url\":\"https:\/\/www.visit-ulcinj.com\/blog\/2012\/01\/01\/rryma-shtrenjtohet-per-613-per-qind-ne-mal-te-zi\/\",\"name\":\"Rryma shtrenjtohet p\u00ebr 6,13 p\u00ebr qind n\u00eb Mal t\u00eb Zi - Lajme nga Ulqini\",\"isPartOf\":{\"@id\":\"https:\/\/www.visit-ulcinj.com\/blog\/#website\"},\"datePublished\":\"2012-01-01T09:15:26+00:00\",\"dateModified\":\"2012-01-01T09:16:16+00:00\",\"author\":{\"@id\":\"https:\/\/www.visit-ulcinj.com\/blog\/#\/schema\/person\/dcab619c614d3038751c63bc2aadc06d\"},\"description\":\"Prej 1 janarit qytetar\u00ebt do t\u00eb paguajn\u00eb energjin\u00eb elektrike p\u00ebr 6,13 \u00a0p\u00ebr qind\u00a0 m\u00eb shtrenjt\u00eb. K\u00ebshtu vendosi sot Komisioni Rregullator p\u00ebr energjetik\u00eb,\",\"breadcrumb\":{\"@id\":\"https:\/\/www.visit-ulcinj.com\/blog\/2012\/01\/01\/rryma-shtrenjtohet-per-613-per-qind-ne-mal-te-zi\/#breadcrumb\"},\"inLanguage\":\"en-US\",\"potentialAction\":[{\"@type\":\"ReadAction\",\"target\":[\"https:\/\/www.visit-ulcinj.com\/blog\/2012\/01\/01\/rryma-shtrenjtohet-per-613-per-qind-ne-mal-te-zi\/\"]}]},{\"@type\":\"BreadcrumbList\",\"@id\":\"https:\/\/www.visit-ulcinj.com\/blog\/2012\/01\/01\/rryma-shtrenjtohet-per-613-per-qind-ne-mal-te-zi\/#breadcrumb\",\"itemListElement\":[{\"@type\":\"ListItem\",\"position\":1,\"name\":\"Rryma shtrenjtohet p\u00ebr 6,13 p\u00ebr qind n\u00eb Mal t\u00eb Zi\"}]},{\"@type\":\"Person\",\"@id\":\"https:\/\/www.visit-ulcinj.com\/blog\/#\/schema\/person\/dcab619c614d3038751c63bc2aadc06d\",\"name\":\"ulqini\",\"sameAs\":[\"http:\/\/www.visit-ulcinj.com\"],\"url\":\"https:\/\/www.visit-ulcinj.com\/blog\/author\/admin\/\"}]}<\/script>\n<!-- \/ Yoast SEO plugin. -->","yoast_head_json":{"title":"Rryma shtrenjtohet p\u00ebr 6,13 p\u00ebr qind n\u00eb Mal t\u00eb Zi - Lajme nga Ulqini","description":"Prej 1 janarit qytetar\u00ebt do t\u00eb paguajn\u00eb energjin\u00eb elektrike p\u00ebr 6,13 \u00a0p\u00ebr qind\u00a0 m\u00eb shtrenjt\u00eb. K\u00ebshtu vendosi sot Komisioni Rregullator p\u00ebr energjetik\u00eb,","robots":{"index":"index","follow":"follow","max-snippet":"max-snippet:-1","max-image-preview":"max-image-preview:large","max-video-preview":"max-video-preview:-1"},"canonical":"https:\/\/www.visit-ulcinj.com\/blog\/2012\/01\/01\/rryma-shtrenjtohet-per-613-per-qind-ne-mal-te-zi\/","og_locale":"en_US","og_type":"article","og_title":"Rryma shtrenjtohet p\u00ebr 6,13 p\u00ebr qind n\u00eb Mal t\u00eb Zi - Lajme nga Ulqini","og_description":"Prej 1 janarit qytetar\u00ebt do t\u00eb paguajn\u00eb energjin\u00eb elektrike p\u00ebr 6,13 \u00a0p\u00ebr qind\u00a0 m\u00eb shtrenjt\u00eb. K\u00ebshtu vendosi sot Komisioni Rregullator p\u00ebr energjetik\u00eb,","og_url":"https:\/\/www.visit-ulcinj.com\/blog\/2012\/01\/01\/rryma-shtrenjtohet-per-613-per-qind-ne-mal-te-zi\/","og_site_name":"Lajme nga Ulqini","article_published_time":"2012-01-01T09:15:26+00:00","article_modified_time":"2012-01-01T09:16:16+00:00","twitter_misc":{"Written by":"ulqini","Est. reading time":"1 minute"},"schema":{"@context":"https:\/\/schema.org","@graph":[{"@type":"WebSite","@id":"https:\/\/www.visit-ulcinj.com\/blog\/#website","url":"https:\/\/www.visit-ulcinj.com\/blog\/","name":"Lajme nga Ulqini","description":"Lajme,Vijesti,Ulqini,Ulqin,Crna Gora,Mali i Zi","potentialAction":[{"@type":"SearchAction","target":{"@type":"EntryPoint","urlTemplate":"https:\/\/www.visit-ulcinj.com\/blog\/?s={search_term_string}"},"query-input":"required name=search_term_string"}],"inLanguage":"en-US"},{"@type":"WebPage","@id":"https:\/\/www.visit-ulcinj.com\/blog\/2012\/01\/01\/rryma-shtrenjtohet-per-613-per-qind-ne-mal-te-zi\/#webpage","url":"https:\/\/www.visit-ulcinj.com\/blog\/2012\/01\/01\/rryma-shtrenjtohet-per-613-per-qind-ne-mal-te-zi\/","name":"Rryma shtrenjtohet p\u00ebr 6,13 p\u00ebr qind n\u00eb Mal t\u00eb Zi - Lajme nga Ulqini","isPartOf":{"@id":"https:\/\/www.visit-ulcinj.com\/blog\/#website"},"datePublished":"2012-01-01T09:15:26+00:00","dateModified":"2012-01-01T09:16:16+00:00","author":{"@id":"https:\/\/www.visit-ulcinj.com\/blog\/#\/schema\/person\/dcab619c614d3038751c63bc2aadc06d"},"description":"Prej 1 janarit qytetar\u00ebt do t\u00eb paguajn\u00eb energjin\u00eb elektrike p\u00ebr 6,13 \u00a0p\u00ebr qind\u00a0 m\u00eb shtrenjt\u00eb. K\u00ebshtu vendosi sot Komisioni Rregullator p\u00ebr energjetik\u00eb,","breadcrumb":{"@id":"https:\/\/www.visit-ulcinj.com\/blog\/2012\/01\/01\/rryma-shtrenjtohet-per-613-per-qind-ne-mal-te-zi\/#breadcrumb"},"inLanguage":"en-US","potentialAction":[{"@type":"ReadAction","target":["https:\/\/www.visit-ulcinj.com\/blog\/2012\/01\/01\/rryma-shtrenjtohet-per-613-per-qind-ne-mal-te-zi\/"]}]},{"@type":"BreadcrumbList","@id":"https:\/\/www.visit-ulcinj.com\/blog\/2012\/01\/01\/rryma-shtrenjtohet-per-613-per-qind-ne-mal-te-zi\/#breadcrumb","itemListElement":[{"@type":"ListItem","position":1,"name":"Rryma shtrenjtohet p\u00ebr 6,13 p\u00ebr qind n\u00eb Mal t\u00eb Zi"}]},{"@type":"Person","@id":"https:\/\/www.visit-ulcinj.com\/blog\/#\/schema\/person\/dcab619c614d3038751c63bc2aadc06d","name":"ulqini","sameAs":["http:\/\/www.visit-ulcinj.com"],"url":"https:\/\/www.visit-ulcinj.com\/blog\/author\/admin\/"}]}},"jetpack_featured_media_url":"","jetpack_sharing_enabled":true,"jetpack_shortlink":"https:\/\/wp.me\/pe6lTn-ep7","_links":{"self":[{"href":"https:\/\/www.visit-ulcinj.com\/blog\/wp-json\/wp\/v2\/posts\/55373"}],"collection":[{"href":"https:\/\/www.visit-ulcinj.com\/blog\/wp-json\/wp\/v2\/posts"}],"about":[{"href":"https:\/\/www.visit-ulcinj.com\/blog\/wp-json\/wp\/v2\/types\/post"}],"author":[{"embeddable":true,"href":"https:\/\/www.visit-ulcinj.com\/blog\/wp-json\/wp\/v2\/users\/1"}],"replies":[{"embeddable":true,"href":"https:\/\/www.visit-ulcinj.com\/blog\/wp-json\/wp\/v2\/comments?post=55373"}],"version-history":[{"count":2,"href":"https:\/\/www.visit-ulcinj.com\/blog\/wp-json\/wp\/v2\/posts\/55373\/revisions"}],"predecessor-version":[{"id":55376,"href":"https:\/\/www.visit-ulcinj.com\/blog\/wp-json\/wp\/v2\/posts\/55373\/revisions\/55376"}],"wp:attachment":[{"href":"https:\/\/www.visit-ulcinj.com\/blog\/wp-json\/wp\/v2\/media?parent=55373"}],"wp:term":[{"taxonomy":"category","embeddable":true,"href":"https:\/\/www.visit-ulcinj.com\/blog\/wp-json\/wp\/v2\/categories?post=55373"},{"taxonomy":"post_tag","embeddable":true,"href":"https:\/\/www.visit-ulcinj.com\/blog\/wp-json\/wp\/v2\/tags?post=55373"}],"curies":[{"name":"wp","href":"https:\/\/api.w.org\/{rel}","templated":true}]}}